{"id":29099,"date":"2023-11-21T13:14:36","date_gmt":"2023-11-21T13:14:36","guid":{"rendered":"https:\/\/www.aguarda.es\/?p=29099"},"modified":"2023-12-15T13:18:19","modified_gmt":"2023-12-15T13:18:19","slug":"programa-de-activades-do-concello-da-guarda-con-motivo-do-dia-internacional-da-eliminacion-da-violencia-contra-a-muller","status":"publish","type":"post","link":"https:\/\/www.aguarda.es\/en\/programa-de-activades-do-concello-da-guarda-con-motivo-do-dia-internacional-da-eliminacion-da-violencia-contra-a-muller\/","title":{"rendered":"Programa de activades do Concello da Guarda con motivo do D\u00eda Internacional da eliminaci\u00f3n da Violencia contra a Muller"},"content":{"rendered":"<p>O D\u00eda 25 de novembro ter\u00e1 lugar \u00e1s 12:00h, na Casa dos Alonso un acto conmemorativo\u00a0 onde as e os portavoces dos diferentes\u00a0 partidos pol\u00edticos ter\u00e1n a oportunidade de\u00a0 manifestar a s\u00faa repulsa contra todas as manifestaci\u00f3ns da violencia machista e o seu compromiso coa igualdade. Este acto estar\u00e1 acompa\u00f1ado\u00a0 dunha actuaci\u00f3n a cargo do Grupo Dans\u00e1<\/p>\n<p>&nbsp;<\/p>\n<p>O mesmo 25, ter\u00e1 lugar no Centro Cultural \u00e1s 20:30h, a representaci\u00f3n de\u201c Iphixenia na porta do s\u00faper\u201d, un mon\u00f3logo actual que fala das consecuencias dos recortes sociais a trav\u00e9s da vida da s\u00faa protagonista, unha moza de barrio que pasa os d\u00edas nun bucle de alcohol e apat\u00eda rondando as r\u00faas da s\u00faa vila. Interpretada maxistralmente por Alba Caneda, a s\u00faa personalidade magn\u00e9tica e directa amosa sen filtros e con humor aos dilemas da protagonista na s\u00faa particular historia de amor\/desamor, nas decisi\u00f3ns que lle seguen e as consecuencias finais as que se ve abocada polos recortes sociais.<\/p>\n<p>&nbsp;<\/p>\n<p>A protagonista do noso espect\u00e1culo ch\u00e1mase Iphixenia, &#8220;Ifi&#8221;, como adoita a grafitear nas paredes e paradas do seu barrio. \u00c9 unha rapaza de vinte e poucos anos, que non estuda nin traballa. Unha moza de clase baixa que vive coa s\u00faa avoa e que pasa o d\u00eda na r\u00faa intentando pasar o tempo nun bucle de resacas. \u00c9 esa persoa que atopas na porta do supermercado agardando conseguir unha moeda pero que non queremos ver. En certo modo, a pesar de cruzarnos con ela t\u00f3dolos d\u00edas, resulta invisible aos nosos ollos, non queremos saber nada da s\u00faa vida. E a vida de Ifi garda moitas sorpresas.<\/p>\n<p>Actividade financiada con cargo aos cr\u00e9ditos do Fondo do Pacto de Estado contra a Violencia de X\u00e9nero do Ministerio de Igualdade, Secretar\u00eda do Estado de Igualdade e\u00a0 contra a Violencia de X\u00e9nero.<\/p>\n<p>&nbsp;<\/p>\n<p>Continuando coa programaci\u00f3n, o 28 de Novembro desde as 9:30h a 13:30h levarase a cabo na Praza do Rel\u00f3 do Concello da Guarda, a Campa\u00f1a \u2018AGRESI\u00d3N OFF, EU DIGO NON \u00c1 VIOLENCIA SEXUAL\u2019, impulsada pola Secretar\u00eda Xeral de Igualdade, dependente da Conseller\u00eda de Promoci\u00f3n do Emprego e Igualdade, ten como finalidade informar a\u0301 cidadani\u0301a sobre a violencia sexual en particular e sobre a a violencia de xe\u0301nero en xeral: como previla, como detectala e como combatela, ofrecendo pautas claras de actuaci\u00f3n.<\/p>\n<p>Igualmente tra\u0301tase de sensibilizar e concienciar sobre a importancia de rachar coas condutas violentas e non igualitarias, tanto nas relacio\u0301ns sociais como de parella, principalmente entre a xente moza, facendo fincape\u0301 na identificacio\u0301n das mu\u0301ltiples formas de micromachismos e violencias cotia\u0301s que sofren as mulleres, e promovendo modelos de relacio\u0301n afectivo-sexual baseados no respecto e a tolerancia.<\/p>\n","protected":false},"excerpt":{"rendered":"<p>O D\u00eda 25 de novembro ter\u00e1 lugar \u00e1s 12:00h, na Casa dos Alonso un acto conmemorativo\u00a0 onde as e os portavoces dos diferentes\u00a0 partidos pol\u00edticos ter\u00e1n a oportunidade de\u00a0 manifestar a s\u00faa repulsa contra todas as manifestaci\u00f3ns da violencia machista &hellip; <\/p>\n","protected":false},"author":2,"featured_media":29155,"comment_status":"closed","ping_status":"open","sticky":false,"template":"","format":"standard","meta":[],"categories":[41],"tags":[706,226,1238,634,666],"yoast_head":"<!-- This site is optimized with the Yoast SEO plugin v21.1 - https:\/\/yoast.com\/wordpress\/plugins\/seo\/ -->\n<title>Programa de activades do Concello da Guarda con motivo do D\u00eda Internacional da eliminaci\u00f3n da Violencia contra a Muller - Concello da Guarda<\/title>\n<meta name=\"description\" content=\"O D\u00eda 25 de novembro ter\u00e1 lugar \u00e1s 12:00h, na Casa dos Alonso un acto conmemorativo\u00a0 onde as e os portavoces dos diferentes\u00a0 partidos pol\u00edticos ter\u00e1n a oportunidade de\u00a0 manifestar a s\u00faa repulsa contra todas as manifestaci\u00f3ns da violencia machista e o seu compromiso coa igualdade. Este acto estar\u00e1 acompa\u00f1ado\u00a0 dunha actuaci\u00f3n a cargo do Grupo Dans\u00e1\" \/>\n<meta name=\"robots\" content=\"index, follow, max-snippet:-1, max-image-preview:large, max-video-preview:-1\" \/>\n<link rel=\"canonical\" href=\"https:\/\/www.aguarda.es\/en\/programa-de-activades-do-concello-da-guarda-con-motivo-do-dia-internacional-da-eliminacion-da-violencia-contra-a-muller\/\" \/>\n<meta property=\"og:locale\" content=\"en_US\" \/>\n<meta property=\"og:type\" content=\"article\" \/>\n<meta property=\"og:title\" content=\"Programa de activades do Concello da Guarda con motivo do D\u00eda Internacional da eliminaci\u00f3n da Violencia contra a Muller - Concello da Guarda\" \/>\n<meta property=\"og:description\" content=\"O D\u00eda 25 de novembro ter\u00e1 lugar \u00e1s 12:00h, na Casa dos Alonso un acto conmemorativo\u00a0 onde as e os portavoces dos diferentes\u00a0 partidos pol\u00edticos ter\u00e1n a oportunidade de\u00a0 manifestar a s\u00faa repulsa contra todas as manifestaci\u00f3ns da violencia machista e o seu compromiso coa igualdade. Este acto estar\u00e1 acompa\u00f1ado\u00a0 dunha actuaci\u00f3n a cargo do Grupo Dans\u00e1\" \/>\n<meta property=\"og:url\" content=\"https:\/\/www.aguarda.es\/en\/programa-de-activades-do-concello-da-guarda-con-motivo-do-dia-internacional-da-eliminacion-da-violencia-contra-a-muller\/\" \/>\n<meta property=\"og:site_name\" content=\"Concello da Guarda\" \/>\n<meta property=\"article:publisher\" content=\"https:\/\/www.facebook.com\/ConcellodaGuarda\" \/>\n<meta property=\"article:published_time\" content=\"2023-11-21T13:14:36+00:00\" \/>\n<meta property=\"article:modified_time\" content=\"2023-12-15T13:18:19+00:00\" \/>\n<meta property=\"og:image\" content=\"https:\/\/www.aguarda.es\/wp-content\/uploads\/2023\/11\/25-N-2.jpg?_t=1702646301\" \/>\n\t<meta property=\"og:image:width\" content=\"800\" \/>\n\t<meta property=\"og:image:height\" content=\"1132\" \/>\n\t<meta property=\"og:image:type\" content=\"image\/jpeg\" \/>\n<meta name=\"author\" content=\"prensa\" \/>\n<meta name=\"twitter:card\" content=\"summary_large_image\" \/>\n<meta name=\"twitter:creator\" content=\"@AGuarda_es\" \/>\n<meta name=\"twitter:site\" content=\"@AGuarda_es\" \/>\n<meta name=\"twitter:label1\" content=\"Written by\" \/>\n\t<meta name=\"twitter:data1\" content=\"prensa\" \/>\n\t<meta name=\"twitter:label2\" content=\"Est. reading time\" \/>\n\t<meta name=\"twitter:data2\" content=\"3 minutes\" \/>\n<script type=\"application\/ld+json\" class=\"yoast-schema-graph\">{\"@context\":\"https:\/\/schema.org\",\"@graph\":[{\"@type\":\"WebPage\",\"@id\":\"https:\/\/www.aguarda.es\/en\/programa-de-activades-do-concello-da-guarda-con-motivo-do-dia-internacional-da-eliminacion-da-violencia-contra-a-muller\/\",\"url\":\"https:\/\/www.aguarda.es\/en\/programa-de-activades-do-concello-da-guarda-con-motivo-do-dia-internacional-da-eliminacion-da-violencia-contra-a-muller\/\",\"name\":\"Programa de activades do Concello da Guarda con motivo do D\u00eda Internacional da eliminaci\u00f3n da Violencia contra a Muller - Concello da Guarda\",\"isPartOf\":{\"@id\":\"https:\/\/www.aguarda.es\/en\/#website\"},\"datePublished\":\"2023-11-21T13:14:36+00:00\",\"dateModified\":\"2023-12-15T13:18:19+00:00\",\"author\":{\"@id\":\"https:\/\/www.aguarda.es\/en\/#\/schema\/person\/c463ca3006858ffb349d11179d044f21\"},\"description\":\"O D\u00eda 25 de novembro ter\u00e1 lugar \u00e1s 12:00h, na Casa dos Alonso un acto conmemorativo\u00a0 onde as e os portavoces dos diferentes\u00a0 partidos pol\u00edticos ter\u00e1n a oportunidade de\u00a0 manifestar a s\u00faa repulsa contra todas as manifestaci\u00f3ns da violencia machista e o seu compromiso coa igualdade. Este acto estar\u00e1 acompa\u00f1ado\u00a0 dunha actuaci\u00f3n a cargo do Grupo Dans\u00e1\",\"breadcrumb\":{\"@id\":\"https:\/\/www.aguarda.es\/en\/programa-de-activades-do-concello-da-guarda-con-motivo-do-dia-internacional-da-eliminacion-da-violencia-contra-a-muller\/#breadcrumb\"},\"inLanguage\":\"en-US\",\"potentialAction\":[{\"@type\":\"ReadAction\",\"target\":[\"https:\/\/www.aguarda.es\/en\/programa-de-activades-do-concello-da-guarda-con-motivo-do-dia-internacional-da-eliminacion-da-violencia-contra-a-muller\/\"]}]},{\"@type\":\"BreadcrumbList\",\"@id\":\"https:\/\/www.aguarda.es\/en\/programa-de-activades-do-concello-da-guarda-con-motivo-do-dia-internacional-da-eliminacion-da-violencia-contra-a-muller\/#breadcrumb\",\"itemListElement\":[{\"@type\":\"ListItem\",\"position\":1,\"name\":\"Portada\",\"item\":\"https:\/\/www.aguarda.es\/en\/\"},{\"@type\":\"ListItem\",\"position\":2,\"name\":\"Programa de activades do Concello da Guarda con motivo do D\u00eda Internacional da eliminaci\u00f3n da Violencia contra a Muller\"}]},{\"@type\":\"WebSite\",\"@id\":\"https:\/\/www.aguarda.es\/en\/#website\",\"url\":\"https:\/\/www.aguarda.es\/en\/\",\"name\":\"Concello da Guarda\",\"description\":\"P\u00e1xina web do concello da Guarda\",\"potentialAction\":[{\"@type\":\"SearchAction\",\"target\":{\"@type\":\"EntryPoint\",\"urlTemplate\":\"https:\/\/www.aguarda.es\/en\/?s={search_term_string}\"},\"query-input\":\"required name=search_term_string\"}],\"inLanguage\":\"en-US\"},{\"@type\":\"Person\",\"@id\":\"https:\/\/www.aguarda.es\/en\/#\/schema\/person\/c463ca3006858ffb349d11179d044f21\",\"name\":\"prensa\",\"image\":{\"@type\":\"ImageObject\",\"inLanguage\":\"en-US\",\"@id\":\"https:\/\/www.aguarda.es\/en\/#\/schema\/person\/image\/\",\"url\":\"https:\/\/secure.gravatar.com\/avatar\/5f90ef536b0f98306edf5c7a1135ffa1?s=96&d=mm&r=g\",\"contentUrl\":\"https:\/\/secure.gravatar.com\/avatar\/5f90ef536b0f98306edf5c7a1135ffa1?s=96&d=mm&r=g\",\"caption\":\"prensa\"},\"url\":\"https:\/\/www.aguarda.es\/en\/author\/prensa\/\"}]}<\/script>\n<!-- \/ Yoast SEO plugin. -->","yoast_head_json":{"title":"Programa de activades do Concello da Guarda con motivo do D\u00eda Internacional da eliminaci\u00f3n da Violencia contra a Muller - Concello da Guarda","description":"O D\u00eda 25 de novembro ter\u00e1 lugar \u00e1s 12:00h, na Casa dos Alonso un acto conmemorativo\u00a0 onde as e os portavoces dos diferentes\u00a0 partidos pol\u00edticos ter\u00e1n a oportunidade de\u00a0 manifestar a s\u00faa repulsa contra todas as manifestaci\u00f3ns da violencia machista e o seu compromiso coa igualdade. Este acto estar\u00e1 acompa\u00f1ado\u00a0 dunha actuaci\u00f3n a cargo do Grupo Dans\u00e1","robots":{"index":"index","follow":"follow","max-snippet":"max-snippet:-1","max-image-preview":"max-image-preview:large","max-video-preview":"max-video-preview:-1"},"canonical":"https:\/\/www.aguarda.es\/en\/programa-de-activades-do-concello-da-guarda-con-motivo-do-dia-internacional-da-eliminacion-da-violencia-contra-a-muller\/","og_locale":"en_US","og_type":"article","og_title":"Programa de activades do Concello da Guarda con motivo do D\u00eda Internacional da eliminaci\u00f3n da Violencia contra a Muller - Concello da Guarda","og_description":"O D\u00eda 25 de novembro ter\u00e1 lugar \u00e1s 12:00h, na Casa dos Alonso un acto conmemorativo\u00a0 onde as e os portavoces dos diferentes\u00a0 partidos pol\u00edticos ter\u00e1n a oportunidade de\u00a0 manifestar a s\u00faa repulsa contra todas as manifestaci\u00f3ns da violencia machista e o seu compromiso coa igualdade. Este acto estar\u00e1 acompa\u00f1ado\u00a0 dunha actuaci\u00f3n a cargo do Grupo Dans\u00e1","og_url":"https:\/\/www.aguarda.es\/en\/programa-de-activades-do-concello-da-guarda-con-motivo-do-dia-internacional-da-eliminacion-da-violencia-contra-a-muller\/","og_site_name":"Concello da Guarda","article_publisher":"https:\/\/www.facebook.com\/ConcellodaGuarda","article_published_time":"2023-11-21T13:14:36+00:00","article_modified_time":"2023-12-15T13:18:19+00:00","og_image":[{"width":800,"height":1132,"url":"https:\/\/www.aguarda.es\/wp-content\/uploads\/2023\/11\/25-N-2.jpg?_t=1702646301","type":"image\/jpeg"}],"author":"prensa","twitter_card":"summary_large_image","twitter_creator":"@AGuarda_es","twitter_site":"@AGuarda_es","twitter_misc":{"Written by":"prensa","Est. reading time":"3 minutes"},"schema":{"@context":"https:\/\/schema.org","@graph":[{"@type":"WebPage","@id":"https:\/\/www.aguarda.es\/en\/programa-de-activades-do-concello-da-guarda-con-motivo-do-dia-internacional-da-eliminacion-da-violencia-contra-a-muller\/","url":"https:\/\/www.aguarda.es\/en\/programa-de-activades-do-concello-da-guarda-con-motivo-do-dia-internacional-da-eliminacion-da-violencia-contra-a-muller\/","name":"Programa de activades do Concello da Guarda con motivo do D\u00eda Internacional da eliminaci\u00f3n da Violencia contra a Muller - Concello da Guarda","isPartOf":{"@id":"https:\/\/www.aguarda.es\/en\/#website"},"datePublished":"2023-11-21T13:14:36+00:00","dateModified":"2023-12-15T13:18:19+00:00","author":{"@id":"https:\/\/www.aguarda.es\/en\/#\/schema\/person\/c463ca3006858ffb349d11179d044f21"},"description":"O D\u00eda 25 de novembro ter\u00e1 lugar \u00e1s 12:00h, na Casa dos Alonso un acto conmemorativo\u00a0 onde as e os portavoces dos diferentes\u00a0 partidos pol\u00edticos ter\u00e1n a oportunidade de\u00a0 manifestar a s\u00faa repulsa contra todas as manifestaci\u00f3ns da violencia machista e o seu compromiso coa igualdade. Este acto estar\u00e1 acompa\u00f1ado\u00a0 dunha actuaci\u00f3n a cargo do Grupo Dans\u00e1","breadcrumb":{"@id":"https:\/\/www.aguarda.es\/en\/programa-de-activades-do-concello-da-guarda-con-motivo-do-dia-internacional-da-eliminacion-da-violencia-contra-a-muller\/#breadcrumb"},"inLanguage":"en-US","potentialAction":[{"@type":"ReadAction","target":["https:\/\/www.aguarda.es\/en\/programa-de-activades-do-concello-da-guarda-con-motivo-do-dia-internacional-da-eliminacion-da-violencia-contra-a-muller\/"]}]},{"@type":"BreadcrumbList","@id":"https:\/\/www.aguarda.es\/en\/programa-de-activades-do-concello-da-guarda-con-motivo-do-dia-internacional-da-eliminacion-da-violencia-contra-a-muller\/#breadcrumb","itemListElement":[{"@type":"ListItem","position":1,"name":"Portada","item":"https:\/\/www.aguarda.es\/en\/"},{"@type":"ListItem","position":2,"name":"Programa de activades do Concello da Guarda con motivo do D\u00eda Internacional da eliminaci\u00f3n da Violencia contra a Muller"}]},{"@type":"WebSite","@id":"https:\/\/www.aguarda.es\/en\/#website","url":"https:\/\/www.aguarda.es\/en\/","name":"Concello da Guarda","description":"P\u00e1xina web do concello da Guarda","potentialAction":[{"@type":"SearchAction","target":{"@type":"EntryPoint","urlTemplate":"https:\/\/www.aguarda.es\/en\/?s={search_term_string}"},"query-input":"required name=search_term_string"}],"inLanguage":"en-US"},{"@type":"Person","@id":"https:\/\/www.aguarda.es\/en\/#\/schema\/person\/c463ca3006858ffb349d11179d044f21","name":"prensa","image":{"@type":"ImageObject","inLanguage":"en-US","@id":"https:\/\/www.aguarda.es\/en\/#\/schema\/person\/image\/","url":"https:\/\/secure.gravatar.com\/avatar\/5f90ef536b0f98306edf5c7a1135ffa1?s=96&d=mm&r=g","contentUrl":"https:\/\/secure.gravatar.com\/avatar\/5f90ef536b0f98306edf5c7a1135ffa1?s=96&d=mm&r=g","caption":"prensa"},"url":"https:\/\/www.aguarda.es\/en\/author\/prensa\/"}]}},"_links":{"self":[{"href":"https:\/\/www.aguarda.es\/en\/wp-json\/wp\/v2\/posts\/29099"}],"collection":[{"href":"https:\/\/www.aguarda.es\/en\/wp-json\/wp\/v2\/posts"}],"about":[{"href":"https:\/\/www.aguarda.es\/en\/wp-json\/wp\/v2\/types\/post"}],"author":[{"embeddable":true,"href":"https:\/\/www.aguarda.es\/en\/wp-json\/wp\/v2\/users\/2"}],"replies":[{"embeddable":true,"href":"https:\/\/www.aguarda.es\/en\/wp-json\/wp\/v2\/comments?post=29099"}],"version-history":[{"count":1,"href":"https:\/\/www.aguarda.es\/en\/wp-json\/wp\/v2\/posts\/29099\/revisions"}],"predecessor-version":[{"id":29102,"href":"https:\/\/www.aguarda.es\/en\/wp-json\/wp\/v2\/posts\/29099\/revisions\/29102"}],"wp:featuredmedia":[{"embeddable":true,"href":"https:\/\/www.aguarda.es\/en\/wp-json\/wp\/v2\/media\/29155"}],"wp:attachment":[{"href":"https:\/\/www.aguarda.es\/en\/wp-json\/wp\/v2\/media?parent=29099"}],"wp:term":[{"taxonomy":"category","embeddable":true,"href":"https:\/\/www.aguarda.es\/en\/wp-json\/wp\/v2\/categories?post=29099"},{"taxonomy":"post_tag","embeddable":true,"href":"https:\/\/www.aguarda.es\/en\/wp-json\/wp\/v2\/tags?post=29099"}],"curies":[{"name":"wp","href":"https:\/\/api.w.org\/{rel}","templated":true}]}}