{"id":29172,"date":"2023-11-29T11:45:09","date_gmt":"2023-11-29T11:45:09","guid":{"rendered":"https:\/\/www.aguarda.es\/?p=29172"},"modified":"2023-12-15T13:18:10","modified_gmt":"2023-12-15T13:18:10","slug":"visita-a-guarda-na-ponte-da-constitucion-nova-campana-para-dar-a-conecer-a-nosa-vila","status":"publish","type":"post","link":"https:\/\/www.aguarda.es\/en\/visita-a-guarda-na-ponte-da-constitucion-nova-campana-para-dar-a-conecer-a-nosa-vila\/","title":{"rendered":"\u201cVisita A Guarda na Ponte da Constituci\u00f3n\u201d nova campa\u00f1a para dar a co\u00f1ecer a nosa vila"},"content":{"rendered":"<p>Os visitantes e turistas, que escollen A Guarda, percorren o noso territorio grazas \u00e1s rutas, gozan da nosa natureza no Esteiro do Mi\u00f1o, visitan o Monte Santa Trega, descobren a vida mari\u00f1eira no porto e no Museo do Mar e degustan a nosa gastronom\u00eda e produtos locais.<\/p>\n<p>&nbsp;<\/p>\n<p>Para completar a visita a estes recursos e para que veci\u00f1os e visitantes co\u00f1ezan en detalle o noso patrimonio e historia ofreceranse visitas guiadas de balde coincidindo co d\u00edas principais da Ponte da Constituci\u00f3n.<\/p>\n<p>&nbsp;<\/p>\n<p>Para esta campa\u00f1a especial as visitas guiadas centrase nos dous grandes referentes da Guarda: o Monte Santa Trega e o porto pesqueiro xunto co casco antigo.<\/p>\n<p><strong>\u00a0<\/strong><\/p>\n<p><strong>Visita guiada ao Castro Santa Trega<\/strong><\/p>\n<p>O Monte Santa Trega \u00e9 un dos recursos m\u00e1is destacados de Galicia e un dos exemplos mellor conservados da Cultura castrexa.<\/p>\n<p>Esta visita guiada comeza \u00e1s 12:00h e conta cunha duraci\u00f3n m\u00e1xima dunha hora e centrase no valor arqueol\u00f3xico da zona escavada do Castro de Santa Trega.<\/p>\n<p>O punto de encontro \u00e9 a Casa Forestal que se atopa despois de cruzar o castro, al\u00ed p\u00f3dese aparcar o veh\u00edculo.<\/p>\n<p>A ruta, de menos dun quil\u00f3metro, percorre o Barrio Mergelina e remata nas vivendas reconstru\u00eddas o que permitir\u00e1 co\u00f1ecer en detalle a Cultura Castrexa e como viv\u00edan estes castrexos no Trega xa hai m\u00e1is de 2.000 anos.<\/p>\n<p>O prezo por acceso ao monte en veh\u00edculo non est\u00e1 inclu\u00eddo nesta actividade.<\/p>\n<p>&nbsp;<\/p>\n<p><strong>Recorre o casco antigo e porto pesqueiro<\/strong><\/p>\n<p>A Guarda \u00e9 unha vila mari\u00f1eira que creceu en torno \u00e1 pesca e, polo tanto, o seu porto. A novidade para esta ponte \u00e9 a oferta desta visita guiada que trasladar\u00e1 aos visitantes ao pasado medieval da vila.<\/p>\n<p>Esta visita comeza \u00e1s 17:00h na Praza do Rel\u00f3, xunto a Oficina Municipal de Turismo, e grazas a explicaci\u00f3n desta praza poderase co\u00f1ecer unha parte importante da historia da Guarda. O percorrido incl\u00fae os edificios relixiosos do casco antigo como a Igrexa Parroquial e o Convento de San Benito, os puntos m\u00e1is antigos como r\u00faa Col\u00f3n ou Malteses, e amosarase a importancia na historia deste porto pesqueiro.<\/p>\n<p>&nbsp;<\/p>\n<p>&nbsp;<\/p>\n<p>Estas visitas guiadas realizaranse os d\u00edas m\u00e9rcores 6, xoves 7, venres 8 e s\u00e1bado 9 de decembro e non precisan inscrici\u00f3n previa. Os interesados tan s\u00f3 ter\u00e1n que presentarse minutos antes do comezo da visita.<\/p>\n<p>&nbsp;<\/p>\n<p>Ademais con motivo da Ponte da Constituci\u00f3n a Rede de Museos da Guarda conta cunha apertura ampliada:<\/p>\n<ul>\n<li>MASAT (Museo Arqueol\u00f3xico). Do martes ao domingo: 10:00 a 19:00h<\/li>\n<li>Museo do Mar. De m\u00e9rcores a domingo (excepto xoves 7\/12): 11:00 \u2013 14:00 \/ 16:00 -19:00h<\/li>\n<li>Castelo de Santa Cruz: Espazo p\u00fablico aberto todos os d\u00edas: 10:00-18:00h.<\/li>\n<\/ul>\n<p>&nbsp;<\/p>\n<p>Por \u00faltimo, recordar que a Oficina Municipal de Turismo contar\u00e1 tam\u00e9n cun horario especial e estar\u00e1 aberta de martes a s\u00e1bado de 10:00 a 14:00 e de 16:30 a 18:30h. Tam\u00e9n p\u00f3dese consultar no mail a turismo@aguarda.es ou no tel. 986 61 45 46.<\/p>\n","protected":false},"excerpt":{"rendered":"<p>Os visitantes e turistas, que escollen A Guarda, percorren o noso territorio grazas \u00e1s rutas, gozan da nosa natureza no Esteiro do Mi\u00f1o, visitan o Monte Santa Trega, descobren a vida mari\u00f1eira no porto e no Museo do Mar e &hellip; <\/p>\n","protected":false},"author":2,"featured_media":29173,"comment_status":"closed","ping_status":"open","sticky":false,"template":"","format":"standard","meta":[],"categories":[56],"tags":[226,3154,275,232],"yoast_head":"<!-- This site is optimized with the Yoast SEO plugin v21.1 - https:\/\/yoast.com\/wordpress\/plugins\/seo\/ -->\n<title>\u201cVisita A Guarda na Ponte da Constituci\u00f3n\u201d nova campa\u00f1a para dar a co\u00f1ecer a nosa vila - Concello da Guarda<\/title>\n<meta name=\"description\" content=\"Para esta campa\u00f1a especial as visitas guiadas centrase nos dous grandes referentes da Guarda: o Monte Santa Trega e o porto pesqueiro xunto co casco antigo.\" \/>\n<meta name=\"robots\" content=\"index, follow, max-snippet:-1, max-image-preview:large, max-video-preview:-1\" \/>\n<link rel=\"canonical\" href=\"https:\/\/www.aguarda.es\/en\/visita-a-guarda-na-ponte-da-constitucion-nova-campana-para-dar-a-conecer-a-nosa-vila\/\" \/>\n<meta property=\"og:locale\" content=\"en_US\" \/>\n<meta property=\"og:type\" content=\"article\" \/>\n<meta property=\"og:title\" content=\"\u201cVisita A Guarda na Ponte da Constituci\u00f3n\u201d nova campa\u00f1a para dar a co\u00f1ecer a nosa vila - Concello da Guarda\" \/>\n<meta property=\"og:description\" content=\"Para esta campa\u00f1a especial as visitas guiadas centrase nos dous grandes referentes da Guarda: o Monte Santa Trega e o porto pesqueiro xunto co casco antigo.\" \/>\n<meta property=\"og:url\" content=\"https:\/\/www.aguarda.es\/en\/visita-a-guarda-na-ponte-da-constitucion-nova-campana-para-dar-a-conecer-a-nosa-vila\/\" \/>\n<meta property=\"og:site_name\" content=\"Concello da Guarda\" \/>\n<meta property=\"article:publisher\" content=\"https:\/\/www.facebook.com\/ConcellodaGuarda\" \/>\n<meta property=\"article:published_time\" content=\"2023-11-29T11:45:09+00:00\" \/>\n<meta property=\"article:modified_time\" content=\"2023-12-15T13:18:10+00:00\" \/>\n<meta property=\"og:image\" content=\"https:\/\/www.aguarda.es\/wp-content\/uploads\/2023\/11\/visita-completa-al-monte-santa-Trega.jpg?_t=1702646291\" \/>\n\t<meta property=\"og:image:width\" content=\"800\" \/>\n\t<meta property=\"og:image:height\" content=\"450\" \/>\n\t<meta property=\"og:image:type\" content=\"image\/jpeg\" \/>\n<meta name=\"author\" content=\"prensa\" \/>\n<meta name=\"twitter:card\" content=\"summary_large_image\" \/>\n<meta name=\"twitter:creator\" content=\"@AGuarda_es\" \/>\n<meta name=\"twitter:site\" content=\"@AGuarda_es\" \/>\n<meta name=\"twitter:label1\" content=\"Written by\" \/>\n\t<meta name=\"twitter:data1\" content=\"prensa\" \/>\n\t<meta name=\"twitter:label2\" content=\"Est. reading time\" \/>\n\t<meta name=\"twitter:data2\" content=\"3 minutes\" \/>\n<script type=\"application\/ld+json\" class=\"yoast-schema-graph\">{\"@context\":\"https:\/\/schema.org\",\"@graph\":[{\"@type\":\"WebPage\",\"@id\":\"https:\/\/www.aguarda.es\/en\/visita-a-guarda-na-ponte-da-constitucion-nova-campana-para-dar-a-conecer-a-nosa-vila\/\",\"url\":\"https:\/\/www.aguarda.es\/en\/visita-a-guarda-na-ponte-da-constitucion-nova-campana-para-dar-a-conecer-a-nosa-vila\/\",\"name\":\"\u201cVisita A Guarda na Ponte da Constituci\u00f3n\u201d nova campa\u00f1a para dar a co\u00f1ecer a nosa vila - Concello da Guarda\",\"isPartOf\":{\"@id\":\"https:\/\/www.aguarda.es\/en\/#website\"},\"datePublished\":\"2023-11-29T11:45:09+00:00\",\"dateModified\":\"2023-12-15T13:18:10+00:00\",\"author\":{\"@id\":\"https:\/\/www.aguarda.es\/en\/#\/schema\/person\/c463ca3006858ffb349d11179d044f21\"},\"description\":\"Para esta campa\u00f1a especial as visitas guiadas centrase nos dous grandes referentes da Guarda: o Monte Santa Trega e o porto pesqueiro xunto co casco antigo.\",\"breadcrumb\":{\"@id\":\"https:\/\/www.aguarda.es\/en\/visita-a-guarda-na-ponte-da-constitucion-nova-campana-para-dar-a-conecer-a-nosa-vila\/#breadcrumb\"},\"inLanguage\":\"en-US\",\"potentialAction\":[{\"@type\":\"ReadAction\",\"target\":[\"https:\/\/www.aguarda.es\/en\/visita-a-guarda-na-ponte-da-constitucion-nova-campana-para-dar-a-conecer-a-nosa-vila\/\"]}]},{\"@type\":\"BreadcrumbList\",\"@id\":\"https:\/\/www.aguarda.es\/en\/visita-a-guarda-na-ponte-da-constitucion-nova-campana-para-dar-a-conecer-a-nosa-vila\/#breadcrumb\",\"itemListElement\":[{\"@type\":\"ListItem\",\"position\":1,\"name\":\"Portada\",\"item\":\"https:\/\/www.aguarda.es\/en\/\"},{\"@type\":\"ListItem\",\"position\":2,\"name\":\"\u201cVisita A Guarda na Ponte da Constituci\u00f3n\u201d nova campa\u00f1a para dar a co\u00f1ecer a nosa vila\"}]},{\"@type\":\"WebSite\",\"@id\":\"https:\/\/www.aguarda.es\/en\/#website\",\"url\":\"https:\/\/www.aguarda.es\/en\/\",\"name\":\"Concello da Guarda\",\"description\":\"P\u00e1xina web do concello da Guarda\",\"potentialAction\":[{\"@type\":\"SearchAction\",\"target\":{\"@type\":\"EntryPoint\",\"urlTemplate\":\"https:\/\/www.aguarda.es\/en\/?s={search_term_string}\"},\"query-input\":\"required name=search_term_string\"}],\"inLanguage\":\"en-US\"},{\"@type\":\"Person\",\"@id\":\"https:\/\/www.aguarda.es\/en\/#\/schema\/person\/c463ca3006858ffb349d11179d044f21\",\"name\":\"prensa\",\"image\":{\"@type\":\"ImageObject\",\"inLanguage\":\"en-US\",\"@id\":\"https:\/\/www.aguarda.es\/en\/#\/schema\/person\/image\/\",\"url\":\"https:\/\/secure.gravatar.com\/avatar\/5f90ef536b0f98306edf5c7a1135ffa1?s=96&d=mm&r=g\",\"contentUrl\":\"https:\/\/secure.gravatar.com\/avatar\/5f90ef536b0f98306edf5c7a1135ffa1?s=96&d=mm&r=g\",\"caption\":\"prensa\"},\"url\":\"https:\/\/www.aguarda.es\/en\/author\/prensa\/\"}]}<\/script>\n<!-- \/ Yoast SEO plugin. -->","yoast_head_json":{"title":"\u201cVisita A Guarda na Ponte da Constituci\u00f3n\u201d nova campa\u00f1a para dar a co\u00f1ecer a nosa vila - Concello da Guarda","description":"Para esta campa\u00f1a especial as visitas guiadas centrase nos dous grandes referentes da Guarda: o Monte Santa Trega e o porto pesqueiro xunto co casco antigo.","robots":{"index":"index","follow":"follow","max-snippet":"max-snippet:-1","max-image-preview":"max-image-preview:large","max-video-preview":"max-video-preview:-1"},"canonical":"https:\/\/www.aguarda.es\/en\/visita-a-guarda-na-ponte-da-constitucion-nova-campana-para-dar-a-conecer-a-nosa-vila\/","og_locale":"en_US","og_type":"article","og_title":"\u201cVisita A Guarda na Ponte da Constituci\u00f3n\u201d nova campa\u00f1a para dar a co\u00f1ecer a nosa vila - Concello da Guarda","og_description":"Para esta campa\u00f1a especial as visitas guiadas centrase nos dous grandes referentes da Guarda: o Monte Santa Trega e o porto pesqueiro xunto co casco antigo.","og_url":"https:\/\/www.aguarda.es\/en\/visita-a-guarda-na-ponte-da-constitucion-nova-campana-para-dar-a-conecer-a-nosa-vila\/","og_site_name":"Concello da Guarda","article_publisher":"https:\/\/www.facebook.com\/ConcellodaGuarda","article_published_time":"2023-11-29T11:45:09+00:00","article_modified_time":"2023-12-15T13:18:10+00:00","og_image":[{"width":800,"height":450,"url":"https:\/\/www.aguarda.es\/wp-content\/uploads\/2023\/11\/visita-completa-al-monte-santa-Trega.jpg?_t=1702646291","type":"image\/jpeg"}],"author":"prensa","twitter_card":"summary_large_image","twitter_creator":"@AGuarda_es","twitter_site":"@AGuarda_es","twitter_misc":{"Written by":"prensa","Est. reading time":"3 minutes"},"schema":{"@context":"https:\/\/schema.org","@graph":[{"@type":"WebPage","@id":"https:\/\/www.aguarda.es\/en\/visita-a-guarda-na-ponte-da-constitucion-nova-campana-para-dar-a-conecer-a-nosa-vila\/","url":"https:\/\/www.aguarda.es\/en\/visita-a-guarda-na-ponte-da-constitucion-nova-campana-para-dar-a-conecer-a-nosa-vila\/","name":"\u201cVisita A Guarda na Ponte da Constituci\u00f3n\u201d nova campa\u00f1a para dar a co\u00f1ecer a nosa vila - Concello da Guarda","isPartOf":{"@id":"https:\/\/www.aguarda.es\/en\/#website"},"datePublished":"2023-11-29T11:45:09+00:00","dateModified":"2023-12-15T13:18:10+00:00","author":{"@id":"https:\/\/www.aguarda.es\/en\/#\/schema\/person\/c463ca3006858ffb349d11179d044f21"},"description":"Para esta campa\u00f1a especial as visitas guiadas centrase nos dous grandes referentes da Guarda: o Monte Santa Trega e o porto pesqueiro xunto co casco antigo.","breadcrumb":{"@id":"https:\/\/www.aguarda.es\/en\/visita-a-guarda-na-ponte-da-constitucion-nova-campana-para-dar-a-conecer-a-nosa-vila\/#breadcrumb"},"inLanguage":"en-US","potentialAction":[{"@type":"ReadAction","target":["https:\/\/www.aguarda.es\/en\/visita-a-guarda-na-ponte-da-constitucion-nova-campana-para-dar-a-conecer-a-nosa-vila\/"]}]},{"@type":"BreadcrumbList","@id":"https:\/\/www.aguarda.es\/en\/visita-a-guarda-na-ponte-da-constitucion-nova-campana-para-dar-a-conecer-a-nosa-vila\/#breadcrumb","itemListElement":[{"@type":"ListItem","position":1,"name":"Portada","item":"https:\/\/www.aguarda.es\/en\/"},{"@type":"ListItem","position":2,"name":"\u201cVisita A Guarda na Ponte da Constituci\u00f3n\u201d nova campa\u00f1a para dar a co\u00f1ecer a nosa vila"}]},{"@type":"WebSite","@id":"https:\/\/www.aguarda.es\/en\/#website","url":"https:\/\/www.aguarda.es\/en\/","name":"Concello da Guarda","description":"P\u00e1xina web do concello da Guarda","potentialAction":[{"@type":"SearchAction","target":{"@type":"EntryPoint","urlTemplate":"https:\/\/www.aguarda.es\/en\/?s={search_term_string}"},"query-input":"required name=search_term_string"}],"inLanguage":"en-US"},{"@type":"Person","@id":"https:\/\/www.aguarda.es\/en\/#\/schema\/person\/c463ca3006858ffb349d11179d044f21","name":"prensa","image":{"@type":"ImageObject","inLanguage":"en-US","@id":"https:\/\/www.aguarda.es\/en\/#\/schema\/person\/image\/","url":"https:\/\/secure.gravatar.com\/avatar\/5f90ef536b0f98306edf5c7a1135ffa1?s=96&d=mm&r=g","contentUrl":"https:\/\/secure.gravatar.com\/avatar\/5f90ef536b0f98306edf5c7a1135ffa1?s=96&d=mm&r=g","caption":"prensa"},"url":"https:\/\/www.aguarda.es\/en\/author\/prensa\/"}]}},"_links":{"self":[{"href":"https:\/\/www.aguarda.es\/en\/wp-json\/wp\/v2\/posts\/29172"}],"collection":[{"href":"https:\/\/www.aguarda.es\/en\/wp-json\/wp\/v2\/posts"}],"about":[{"href":"https:\/\/www.aguarda.es\/en\/wp-json\/wp\/v2\/types\/post"}],"author":[{"embeddable":true,"href":"https:\/\/www.aguarda.es\/en\/wp-json\/wp\/v2\/users\/2"}],"replies":[{"embeddable":true,"href":"https:\/\/www.aguarda.es\/en\/wp-json\/wp\/v2\/comments?post=29172"}],"version-history":[{"count":1,"href":"https:\/\/www.aguarda.es\/en\/wp-json\/wp\/v2\/posts\/29172\/revisions"}],"predecessor-version":[{"id":29175,"href":"https:\/\/www.aguarda.es\/en\/wp-json\/wp\/v2\/posts\/29172\/revisions\/29175"}],"wp:featuredmedia":[{"embeddable":true,"href":"https:\/\/www.aguarda.es\/en\/wp-json\/wp\/v2\/media\/29173"}],"wp:attachment":[{"href":"https:\/\/www.aguarda.es\/en\/wp-json\/wp\/v2\/media?parent=29172"}],"wp:term":[{"taxonomy":"category","embeddable":true,"href":"https:\/\/www.aguarda.es\/en\/wp-json\/wp\/v2\/categories?post=29172"},{"taxonomy":"post_tag","embeddable":true,"href":"https:\/\/www.aguarda.es\/en\/wp-json\/wp\/v2\/tags?post=29172"}],"curies":[{"name":"wp","href":"https:\/\/api.w.org\/{rel}","templated":true}]}}