{"id":29400,"date":"2023-12-22T10:39:16","date_gmt":"2023-12-22T10:39:16","guid":{"rendered":"https:\/\/www.aguarda.es\/?p=29400"},"modified":"2023-12-22T10:39:16","modified_gmt":"2023-12-22T10:39:16","slug":"o-concello-da-guarda-recibiu-neste-2023-unha-subvencion-da-deputacion-de-pontevedra-para-a-contratacion-de-persoal","status":"publish","type":"post","link":"https:\/\/www.aguarda.es\/en\/o-concello-da-guarda-recibiu-neste-2023-unha-subvencion-da-deputacion-de-pontevedra-para-a-contratacion-de-persoal\/","title":{"rendered":"O Concello da Guarda recibiu neste 2023 unha subvenci\u00f3n da Deputaci\u00f3n de Pontevedra para a contrataci\u00f3n de persoal"},"content":{"rendered":"<p>O Concello da Guarda reforzou a s\u00faa plantilla de persoal durante este 2023 gracias \u00e1 subvenci\u00f3n do Plan Concellos para o Programa de activaci\u00f3n do emprego do Plan Concellos 2023.<\/p>\n<p>Este programa ten como finalidade a contrataci\u00f3n de desempregados para reforzar os diferentes servizos municipais e recibiu unha cuant\u00eda total de 157.817,92\u20ac. Contrat\u00e1ronse en total 14 traballadores desempregados\u00a0 para os seguintes servizos:<\/p>\n<p>2 axudantes cami\u00f3n lixo, 8 meses<\/p>\n<p>10 pe\u00f3sn limpadores, 7 meses<\/p>\n<p>1 conserxe, 6 meses<\/p>\n<p>1 auxiliar de cultura, 6 meses<\/p>\n<p><img decoding=\"async\" loading=\"lazy\" class=\"wp-image-29406 size-medium alignright\" src=\"https:\/\/www.aguarda.es\/wp-content\/uploads\/2023\/12\/IMG-20220404-WA0003-225x300.jpg?_t=1703241439\" alt=\"\" width=\"225\" height=\"300\" srcset=\"https:\/\/www.aguarda.es\/wp-content\/uploads\/2023\/12\/IMG-20220404-WA0003-225x300.jpg 225w, https:\/\/www.aguarda.es\/wp-content\/uploads\/2023\/12\/IMG-20220404-WA0003-768x1024.jpg 768w, https:\/\/www.aguarda.es\/wp-content\/uploads\/2023\/12\/IMG-20220404-WA0003-1152x1536.jpg 1152w, https:\/\/www.aguarda.es\/wp-content\/uploads\/2023\/12\/IMG-20220404-WA0003.jpg 1200w\" sizes=\"(max-width: 225px) 100vw, 225px\" \/><img decoding=\"async\" loading=\"lazy\" class=\"wp-image-29404 size-medium alignleft\" src=\"https:\/\/www.aguarda.es\/wp-content\/uploads\/2023\/12\/Peon-sin-cara-225x300.jpg?_t=1703241439\" alt=\"\" width=\"225\" height=\"300\" srcset=\"https:\/\/www.aguarda.es\/wp-content\/uploads\/2023\/12\/Peon-sin-cara-225x300.jpg 225w, https:\/\/www.aguarda.es\/wp-content\/uploads\/2023\/12\/Peon-sin-cara-768x1024.jpg 768w, https:\/\/www.aguarda.es\/wp-content\/uploads\/2023\/12\/Peon-sin-cara-1152x1536.jpg 1152w, https:\/\/www.aguarda.es\/wp-content\/uploads\/2023\/12\/Peon-sin-cara.jpg 1200w\" sizes=\"(max-width: 225px) 100vw, 225px\" \/><\/p>\n","protected":false},"excerpt":{"rendered":"<p>O Concello da Guarda reforzou a s\u00faa plantilla de persoal durante este 2023 gracias \u00e1 subvenci\u00f3n do Plan Concellos para o Programa de activaci\u00f3n do emprego do Plan Concellos 2023. Este programa ten como finalidade a contrataci\u00f3n de desempregados para &hellip; <\/p>\n","protected":false},"author":7,"featured_media":29412,"comment_status":"closed","ping_status":"open","sticky":false,"template":"","format":"standard","meta":[],"categories":[36,1,184],"tags":[],"yoast_head":"<!-- This site is optimized with the Yoast SEO plugin v21.1 - https:\/\/yoast.com\/wordpress\/plugins\/seo\/ -->\n<title>O Concello da Guarda recibiu neste 2023 unha subvenci\u00f3n da Deputaci\u00f3n de Pontevedra para a contrataci\u00f3n de persoal - Concello da Guarda<\/title>\n<meta name=\"robots\" content=\"index, follow, max-snippet:-1, max-image-preview:large, max-video-preview:-1\" \/>\n<link rel=\"canonical\" href=\"https:\/\/www.aguarda.es\/en\/o-concello-da-guarda-recibiu-neste-2023-unha-subvencion-da-deputacion-de-pontevedra-para-a-contratacion-de-persoal\/\" \/>\n<meta property=\"og:locale\" content=\"en_US\" \/>\n<meta property=\"og:type\" content=\"article\" \/>\n<meta property=\"og:title\" content=\"O Concello da Guarda recibiu neste 2023 unha subvenci\u00f3n da Deputaci\u00f3n de Pontevedra para a contrataci\u00f3n de persoal - Concello da Guarda\" \/>\n<meta property=\"og:description\" content=\"O Concello da Guarda reforzou a s\u00faa plantilla de persoal durante este 2023 gracias \u00e1 subvenci\u00f3n do Plan Concellos para o Programa de activaci\u00f3n do emprego do Plan Concellos 2023. Este programa ten como finalidade a contrataci\u00f3n de desempregados para &hellip;\" \/>\n<meta property=\"og:url\" content=\"https:\/\/www.aguarda.es\/en\/o-concello-da-guarda-recibiu-neste-2023-unha-subvencion-da-deputacion-de-pontevedra-para-a-contratacion-de-persoal\/\" \/>\n<meta property=\"og:site_name\" content=\"Concello da Guarda\" \/>\n<meta property=\"article:publisher\" content=\"https:\/\/www.facebook.com\/ConcellodaGuarda\" \/>\n<meta property=\"article:published_time\" content=\"2023-12-22T10:39:16+00:00\" \/>\n<meta property=\"og:image\" content=\"https:\/\/www.aguarda.es\/wp-content\/uploads\/2023\/12\/LOGO23_negativo_horizontal.png?_t=1703241557\" \/>\n\t<meta property=\"og:image:width\" content=\"3699\" \/>\n\t<meta property=\"og:image:height\" content=\"1152\" \/>\n\t<meta property=\"og:image:type\" content=\"image\/png\" \/>\n<meta name=\"author\" content=\"Cultura A Guarda\" \/>\n<meta name=\"twitter:card\" content=\"summary_large_image\" \/>\n<meta name=\"twitter:creator\" content=\"@AGuarda_es\" \/>\n<meta name=\"twitter:site\" content=\"@AGuarda_es\" \/>\n<meta name=\"twitter:label1\" content=\"Written by\" \/>\n\t<meta name=\"twitter:data1\" content=\"Cultura A Guarda\" \/>\n\t<meta name=\"twitter:label2\" content=\"Est. reading time\" \/>\n\t<meta name=\"twitter:data2\" content=\"1 minute\" \/>\n<script type=\"application\/ld+json\" class=\"yoast-schema-graph\">{\"@context\":\"https:\/\/schema.org\",\"@graph\":[{\"@type\":\"WebPage\",\"@id\":\"https:\/\/www.aguarda.es\/en\/o-concello-da-guarda-recibiu-neste-2023-unha-subvencion-da-deputacion-de-pontevedra-para-a-contratacion-de-persoal\/\",\"url\":\"https:\/\/www.aguarda.es\/en\/o-concello-da-guarda-recibiu-neste-2023-unha-subvencion-da-deputacion-de-pontevedra-para-a-contratacion-de-persoal\/\",\"name\":\"O Concello da Guarda recibiu neste 2023 unha subvenci\u00f3n da Deputaci\u00f3n de Pontevedra para a contrataci\u00f3n de persoal - Concello da Guarda\",\"isPartOf\":{\"@id\":\"https:\/\/www.aguarda.es\/en\/#website\"},\"datePublished\":\"2023-12-22T10:39:16+00:00\",\"dateModified\":\"2023-12-22T10:39:16+00:00\",\"author\":{\"@id\":\"https:\/\/www.aguarda.es\/en\/#\/schema\/person\/6ca603c6e74b3571a9b9ad94da117402\"},\"breadcrumb\":{\"@id\":\"https:\/\/www.aguarda.es\/en\/o-concello-da-guarda-recibiu-neste-2023-unha-subvencion-da-deputacion-de-pontevedra-para-a-contratacion-de-persoal\/#breadcrumb\"},\"inLanguage\":\"en-US\",\"potentialAction\":[{\"@type\":\"ReadAction\",\"target\":[\"https:\/\/www.aguarda.es\/en\/o-concello-da-guarda-recibiu-neste-2023-unha-subvencion-da-deputacion-de-pontevedra-para-a-contratacion-de-persoal\/\"]}]},{\"@type\":\"BreadcrumbList\",\"@id\":\"https:\/\/www.aguarda.es\/en\/o-concello-da-guarda-recibiu-neste-2023-unha-subvencion-da-deputacion-de-pontevedra-para-a-contratacion-de-persoal\/#breadcrumb\",\"itemListElement\":[{\"@type\":\"ListItem\",\"position\":1,\"name\":\"Portada\",\"item\":\"https:\/\/www.aguarda.es\/en\/\"},{\"@type\":\"ListItem\",\"position\":2,\"name\":\"O Concello da Guarda recibiu neste 2023 unha subvenci\u00f3n da Deputaci\u00f3n de Pontevedra para a contrataci\u00f3n de persoal\"}]},{\"@type\":\"WebSite\",\"@id\":\"https:\/\/www.aguarda.es\/en\/#website\",\"url\":\"https:\/\/www.aguarda.es\/en\/\",\"name\":\"Concello da Guarda\",\"description\":\"P\u00e1xina web do concello da Guarda\",\"potentialAction\":[{\"@type\":\"SearchAction\",\"target\":{\"@type\":\"EntryPoint\",\"urlTemplate\":\"https:\/\/www.aguarda.es\/en\/?s={search_term_string}\"},\"query-input\":\"required name=search_term_string\"}],\"inLanguage\":\"en-US\"},{\"@type\":\"Person\",\"@id\":\"https:\/\/www.aguarda.es\/en\/#\/schema\/person\/6ca603c6e74b3571a9b9ad94da117402\",\"name\":\"Cultura A Guarda\",\"image\":{\"@type\":\"ImageObject\",\"inLanguage\":\"en-US\",\"@id\":\"https:\/\/www.aguarda.es\/en\/#\/schema\/person\/image\/\",\"url\":\"https:\/\/secure.gravatar.com\/avatar\/bf02938ce661e33e9fa343dda69f1c9d?s=96&d=mm&r=g\",\"contentUrl\":\"https:\/\/secure.gravatar.com\/avatar\/bf02938ce661e33e9fa343dda69f1c9d?s=96&d=mm&r=g\",\"caption\":\"Cultura A Guarda\"},\"url\":\"https:\/\/www.aguarda.es\/en\/author\/cultura\/\"}]}<\/script>\n<!-- \/ Yoast SEO plugin. -->","yoast_head_json":{"title":"O Concello da Guarda recibiu neste 2023 unha subvenci\u00f3n da Deputaci\u00f3n de Pontevedra para a contrataci\u00f3n de persoal - Concello da Guarda","robots":{"index":"index","follow":"follow","max-snippet":"max-snippet:-1","max-image-preview":"max-image-preview:large","max-video-preview":"max-video-preview:-1"},"canonical":"https:\/\/www.aguarda.es\/en\/o-concello-da-guarda-recibiu-neste-2023-unha-subvencion-da-deputacion-de-pontevedra-para-a-contratacion-de-persoal\/","og_locale":"en_US","og_type":"article","og_title":"O Concello da Guarda recibiu neste 2023 unha subvenci\u00f3n da Deputaci\u00f3n de Pontevedra para a contrataci\u00f3n de persoal - Concello da Guarda","og_description":"O Concello da Guarda reforzou a s\u00faa plantilla de persoal durante este 2023 gracias \u00e1 subvenci\u00f3n do Plan Concellos para o Programa de activaci\u00f3n do emprego do Plan Concellos 2023. Este programa ten como finalidade a contrataci\u00f3n de desempregados para &hellip;","og_url":"https:\/\/www.aguarda.es\/en\/o-concello-da-guarda-recibiu-neste-2023-unha-subvencion-da-deputacion-de-pontevedra-para-a-contratacion-de-persoal\/","og_site_name":"Concello da Guarda","article_publisher":"https:\/\/www.facebook.com\/ConcellodaGuarda","article_published_time":"2023-12-22T10:39:16+00:00","og_image":[{"width":3699,"height":1152,"url":"https:\/\/www.aguarda.es\/wp-content\/uploads\/2023\/12\/LOGO23_negativo_horizontal.png?_t=1703241557","type":"image\/png"}],"author":"Cultura A Guarda","twitter_card":"summary_large_image","twitter_creator":"@AGuarda_es","twitter_site":"@AGuarda_es","twitter_misc":{"Written by":"Cultura A Guarda","Est. reading time":"1 minute"},"schema":{"@context":"https:\/\/schema.org","@graph":[{"@type":"WebPage","@id":"https:\/\/www.aguarda.es\/en\/o-concello-da-guarda-recibiu-neste-2023-unha-subvencion-da-deputacion-de-pontevedra-para-a-contratacion-de-persoal\/","url":"https:\/\/www.aguarda.es\/en\/o-concello-da-guarda-recibiu-neste-2023-unha-subvencion-da-deputacion-de-pontevedra-para-a-contratacion-de-persoal\/","name":"O Concello da Guarda recibiu neste 2023 unha subvenci\u00f3n da Deputaci\u00f3n de Pontevedra para a contrataci\u00f3n de persoal - Concello da Guarda","isPartOf":{"@id":"https:\/\/www.aguarda.es\/en\/#website"},"datePublished":"2023-12-22T10:39:16+00:00","dateModified":"2023-12-22T10:39:16+00:00","author":{"@id":"https:\/\/www.aguarda.es\/en\/#\/schema\/person\/6ca603c6e74b3571a9b9ad94da117402"},"breadcrumb":{"@id":"https:\/\/www.aguarda.es\/en\/o-concello-da-guarda-recibiu-neste-2023-unha-subvencion-da-deputacion-de-pontevedra-para-a-contratacion-de-persoal\/#breadcrumb"},"inLanguage":"en-US","potentialAction":[{"@type":"ReadAction","target":["https:\/\/www.aguarda.es\/en\/o-concello-da-guarda-recibiu-neste-2023-unha-subvencion-da-deputacion-de-pontevedra-para-a-contratacion-de-persoal\/"]}]},{"@type":"BreadcrumbList","@id":"https:\/\/www.aguarda.es\/en\/o-concello-da-guarda-recibiu-neste-2023-unha-subvencion-da-deputacion-de-pontevedra-para-a-contratacion-de-persoal\/#breadcrumb","itemListElement":[{"@type":"ListItem","position":1,"name":"Portada","item":"https:\/\/www.aguarda.es\/en\/"},{"@type":"ListItem","position":2,"name":"O Concello da Guarda recibiu neste 2023 unha subvenci\u00f3n da Deputaci\u00f3n de Pontevedra para a contrataci\u00f3n de persoal"}]},{"@type":"WebSite","@id":"https:\/\/www.aguarda.es\/en\/#website","url":"https:\/\/www.aguarda.es\/en\/","name":"Concello da Guarda","description":"P\u00e1xina web do concello da Guarda","potentialAction":[{"@type":"SearchAction","target":{"@type":"EntryPoint","urlTemplate":"https:\/\/www.aguarda.es\/en\/?s={search_term_string}"},"query-input":"required name=search_term_string"}],"inLanguage":"en-US"},{"@type":"Person","@id":"https:\/\/www.aguarda.es\/en\/#\/schema\/person\/6ca603c6e74b3571a9b9ad94da117402","name":"Cultura A Guarda","image":{"@type":"ImageObject","inLanguage":"en-US","@id":"https:\/\/www.aguarda.es\/en\/#\/schema\/person\/image\/","url":"https:\/\/secure.gravatar.com\/avatar\/bf02938ce661e33e9fa343dda69f1c9d?s=96&d=mm&r=g","contentUrl":"https:\/\/secure.gravatar.com\/avatar\/bf02938ce661e33e9fa343dda69f1c9d?s=96&d=mm&r=g","caption":"Cultura A Guarda"},"url":"https:\/\/www.aguarda.es\/en\/author\/cultura\/"}]}},"_links":{"self":[{"href":"https:\/\/www.aguarda.es\/en\/wp-json\/wp\/v2\/posts\/29400"}],"collection":[{"href":"https:\/\/www.aguarda.es\/en\/wp-json\/wp\/v2\/posts"}],"about":[{"href":"https:\/\/www.aguarda.es\/en\/wp-json\/wp\/v2\/types\/post"}],"author":[{"embeddable":true,"href":"https:\/\/www.aguarda.es\/en\/wp-json\/wp\/v2\/users\/7"}],"replies":[{"embeddable":true,"href":"https:\/\/www.aguarda.es\/en\/wp-json\/wp\/v2\/comments?post=29400"}],"version-history":[{"count":2,"href":"https:\/\/www.aguarda.es\/en\/wp-json\/wp\/v2\/posts\/29400\/revisions"}],"predecessor-version":[{"id":29414,"href":"https:\/\/www.aguarda.es\/en\/wp-json\/wp\/v2\/posts\/29400\/revisions\/29414"}],"wp:featuredmedia":[{"embeddable":true,"href":"https:\/\/www.aguarda.es\/en\/wp-json\/wp\/v2\/media\/29412"}],"wp:attachment":[{"href":"https:\/\/www.aguarda.es\/en\/wp-json\/wp\/v2\/media?parent=29400"}],"wp:term":[{"taxonomy":"category","embeddable":true,"href":"https:\/\/www.aguarda.es\/en\/wp-json\/wp\/v2\/categories?post=29400"},{"taxonomy":"post_tag","embeddable":true,"href":"https:\/\/www.aguarda.es\/en\/wp-json\/wp\/v2\/tags?post=29400"}],"curies":[{"name":"wp","href":"https:\/\/api.w.org\/{rel}","templated":true}]}}