{"id":29564,"date":"2024-01-15T09:56:43","date_gmt":"2024-01-15T09:56:43","guid":{"rendered":"https:\/\/www.aguarda.es\/?p=29564"},"modified":"2024-01-15T09:56:43","modified_gmt":"2024-01-15T09:56:43","slug":"axudas-ao-alugamento-de-vivenda-na-comunidade-autonoma-de-galicia","status":"publish","type":"post","link":"https:\/\/www.aguarda.es\/en\/axudas-ao-alugamento-de-vivenda-na-comunidade-autonoma-de-galicia\/","title":{"rendered":"Axudas ao Alugamento de Vivenda na Comunidade Aut\u00f3noma de Galicia"},"content":{"rendered":"<p>[vc_row][vc_column][vc_column_text]No Diario Oficial de Galicia (DOG) do 11 de xaneiro de 2024, publicouse a Resoluci\u00f3n do 18 de decembro de 2023, emitida polo Instituto Galego da Vivenda e Solo, pola cal se establecen as bases reguladoras das subvenci\u00f3ns do Programa de Axuda ao Alugamento de Vivenda na Comunidade Aut\u00f3noma de Galicia e procede \u00e1 s\u00faa convocatoria, con financiamento plurianual, para o ano 2024 (c\u00f3digos de procedemento VI483C).<\/p>\n<p><strong>Obxecto e R\u00e9xime de Concesi\u00f3n das Axudas:<\/strong><br \/>\nA resoluci\u00f3n ten como obxectivo aprobar as bases reguladoras que rexer\u00e1n a concesi\u00f3n inicial (c\u00f3digo de procedemento VI483C) das subvenci\u00f3ns do Programa de Axudas ao Alugamento de Vivenda na Comunidade Aut\u00f3noma de Galicia. Isto real\u00edzase para facilitar o desfrute dunha vivenda en r\u00e9xime de alugamento a sectores da poboaci\u00f3n con escasos recursos econ\u00f3micos, mediante a concesi\u00f3n de axudas directas \u00e1s persoas arrendatarias.<\/p>\n<p><strong>Prazo de Presentaci\u00f3n de Solicitudes:<\/strong><br \/>\nO prazo de presentaci\u00f3n de solicitudes para a concesi\u00f3n inicial da axuda comezar\u00e1 o 15 de xaneiro de 2024 e rematar\u00e1 o 29 de febreiro de 2024, ou ata o esgotamento das partidas orzamentarias asignadas.<\/p>\n<p><strong>Requisitos para a Obtenci\u00f3n da Axuda:<\/strong><br \/>\nPoder\u00e1n ser beneficiarias das axudas as persoas f\u00edsicas maiores de idade que cumpran cos seguintes requisitos: a) Posu\u00edr a nacionalidade espa\u00f1ola ou a de alg\u00fan Estado membro da Uni\u00f3n Europea ou do Espazo Econ\u00f3mico Europeo, Su\u00edza, ou o parentesco determinado pola normativa aplicable. b) Ser titular, en calidade de persoa arrendataria, dun contrato de alugamento de vivenda, formalizado nos termos da Lei 29\/1994, do 24 de novembro, de arrendamentos urbanos, cunha duraci\u00f3n m\u00ednima dun ano e menci\u00f3n expresa \u00e1 referencia catastral da vivenda arrendada. c) Ter a s\u00faa residencia habitual e permanente na vivenda arrendada, o que deber\u00e1 acreditarse mediante certificado ou volante de empadroamento, onde consten, na data da solicitude, as persoas que te\u00f1en o seu domicilio habitual na vivenda obxecto do contrato de alugamento. d) Que os ingresos m\u00ednimos da s\u00faa unidade de convivencia non sexan inferiores a 0,5 veces o IPREM. e) Atoparse ao d\u00eda nas s\u00faas obrigas tributarias estatais e auton\u00f3micas, as\u00ed como coa Seguridade Social, e non ter pendente ningunha outra d\u00e9beda, por ning\u00fan outro concepto, coa Administraci\u00f3n p\u00fablica da Comunidade Aut\u00f3noma. Ademais dos requisitos anteriores, deber\u00e1n cumprirse os seguintes: a) Que a renda mensual da vivenda non supere os importes establecidos no oitavo par\u00e1grafo destas bases reguladoras. b) Que a suma total das rendas anuais das persoas que formen parte da s\u00faa unidade de convivencia, consten ou non como titulares do contrato de alugamento, sexan iguais ou inferiores a 3 veces o IPREM.<\/p>\n<p><strong>Renda da Vivenda:<\/strong><br \/>\nA renda mensual da vivenda obxecto do contrato de alugamento non poder\u00e1 superar os seguintes importes, dependendo do concello no que estea situada.<br \/>\nPara obter m\u00e1is informaci\u00f3n e presentar solicitudes, recom\u00e9ndase aos interesados que consulten as bases completas publicadas no Diario Oficial de Galicia.[\/vc_column_text][\/vc_column][\/vc_row]<\/p>\n","protected":false},"excerpt":{"rendered":"<p>[vc_row][vc_column][vc_column_text]No Diario Oficial de Galicia (DOG) do 11 de xaneiro de 2024, publicouse a Resoluci\u00f3n do 18 de decembro de 2023, emitida polo Instituto Galego da Vivenda e Solo, pola cal se establecen as bases reguladoras das subvenci\u00f3ns do Programa &hellip; <\/p>\n","protected":false},"author":5,"featured_media":29562,"comment_status":"closed","ping_status":"closed","sticky":false,"template":"","format":"standard","meta":[],"categories":[33,363],"tags":[],"yoast_head":"<!-- This site is optimized with the Yoast SEO plugin v21.1 - https:\/\/yoast.com\/wordpress\/plugins\/seo\/ -->\n<title>Axudas ao Alugamento de Vivenda na Comunidade Aut\u00f3noma de Galicia - Concello da Guarda<\/title>\n<meta name=\"robots\" content=\"index, follow, max-snippet:-1, max-image-preview:large, max-video-preview:-1\" \/>\n<link rel=\"canonical\" href=\"https:\/\/www.aguarda.es\/en\/axudas-ao-alugamento-de-vivenda-na-comunidade-autonoma-de-galicia\/\" \/>\n<meta property=\"og:locale\" content=\"en_US\" \/>\n<meta property=\"og:type\" content=\"article\" \/>\n<meta property=\"og:title\" content=\"Axudas ao Alugamento de Vivenda na Comunidade Aut\u00f3noma de Galicia - Concello da Guarda\" \/>\n<meta property=\"og:description\" content=\"[vc_row][vc_column][vc_column_text]No Diario Oficial de Galicia (DOG) do 11 de xaneiro de 2024, publicouse a Resoluci\u00f3n do 18 de decembro de 2023, emitida polo Instituto Galego da Vivenda e Solo, pola cal se establecen as bases reguladoras das subvenci\u00f3ns do Programa &hellip;\" \/>\n<meta property=\"og:url\" content=\"https:\/\/www.aguarda.es\/en\/axudas-ao-alugamento-de-vivenda-na-comunidade-autonoma-de-galicia\/\" \/>\n<meta property=\"og:site_name\" content=\"Concello da Guarda\" \/>\n<meta property=\"article:publisher\" content=\"https:\/\/www.facebook.com\/ConcellodaGuarda\" \/>\n<meta property=\"article:published_time\" content=\"2024-01-15T09:56:43+00:00\" \/>\n<meta property=\"og:image\" content=\"https:\/\/www.aguarda.es\/wp-content\/uploads\/2024\/01\/600_vivienda_dinero.jpg?_t=1705312604\" \/>\n\t<meta property=\"og:image:width\" content=\"500\" \/>\n\t<meta property=\"og:image:height\" content=\"281\" \/>\n\t<meta property=\"og:image:type\" content=\"image\/jpeg\" \/>\n<meta name=\"author\" content=\"Inform\u00e1tica A Guarda\" \/>\n<meta name=\"twitter:card\" content=\"summary_large_image\" \/>\n<meta name=\"twitter:creator\" content=\"@AGuarda_es\" \/>\n<meta name=\"twitter:site\" content=\"@AGuarda_es\" \/>\n<meta name=\"twitter:label1\" content=\"Written by\" \/>\n\t<meta name=\"twitter:data1\" content=\"Inform\u00e1tica A Guarda\" \/>\n\t<meta name=\"twitter:label2\" content=\"Est. reading time\" \/>\n\t<meta name=\"twitter:data2\" content=\"3 minutes\" \/>\n<script type=\"application\/ld+json\" class=\"yoast-schema-graph\">{\"@context\":\"https:\/\/schema.org\",\"@graph\":[{\"@type\":\"WebPage\",\"@id\":\"https:\/\/www.aguarda.es\/en\/axudas-ao-alugamento-de-vivenda-na-comunidade-autonoma-de-galicia\/\",\"url\":\"https:\/\/www.aguarda.es\/en\/axudas-ao-alugamento-de-vivenda-na-comunidade-autonoma-de-galicia\/\",\"name\":\"Axudas ao Alugamento de Vivenda na Comunidade Aut\u00f3noma de Galicia - Concello da Guarda\",\"isPartOf\":{\"@id\":\"https:\/\/www.aguarda.es\/en\/#website\"},\"datePublished\":\"2024-01-15T09:56:43+00:00\",\"dateModified\":\"2024-01-15T09:56:43+00:00\",\"author\":{\"@id\":\"https:\/\/www.aguarda.es\/en\/#\/schema\/person\/fc0127f6134b3aa4416af28d63444227\"},\"breadcrumb\":{\"@id\":\"https:\/\/www.aguarda.es\/en\/axudas-ao-alugamento-de-vivenda-na-comunidade-autonoma-de-galicia\/#breadcrumb\"},\"inLanguage\":\"en-US\",\"potentialAction\":[{\"@type\":\"ReadAction\",\"target\":[\"https:\/\/www.aguarda.es\/en\/axudas-ao-alugamento-de-vivenda-na-comunidade-autonoma-de-galicia\/\"]}]},{\"@type\":\"BreadcrumbList\",\"@id\":\"https:\/\/www.aguarda.es\/en\/axudas-ao-alugamento-de-vivenda-na-comunidade-autonoma-de-galicia\/#breadcrumb\",\"itemListElement\":[{\"@type\":\"ListItem\",\"position\":1,\"name\":\"Portada\",\"item\":\"https:\/\/www.aguarda.es\/en\/\"},{\"@type\":\"ListItem\",\"position\":2,\"name\":\"Axudas ao Alugamento de Vivenda na Comunidade Aut\u00f3noma de Galicia\"}]},{\"@type\":\"WebSite\",\"@id\":\"https:\/\/www.aguarda.es\/en\/#website\",\"url\":\"https:\/\/www.aguarda.es\/en\/\",\"name\":\"Concello da Guarda\",\"description\":\"P\u00e1xina web do concello da Guarda\",\"potentialAction\":[{\"@type\":\"SearchAction\",\"target\":{\"@type\":\"EntryPoint\",\"urlTemplate\":\"https:\/\/www.aguarda.es\/en\/?s={search_term_string}\"},\"query-input\":\"required name=search_term_string\"}],\"inLanguage\":\"en-US\"},{\"@type\":\"Person\",\"@id\":\"https:\/\/www.aguarda.es\/en\/#\/schema\/person\/fc0127f6134b3aa4416af28d63444227\",\"name\":\"Inform\u00e1tica A Guarda\",\"image\":{\"@type\":\"ImageObject\",\"inLanguage\":\"en-US\",\"@id\":\"https:\/\/www.aguarda.es\/en\/#\/schema\/person\/image\/\",\"url\":\"https:\/\/secure.gravatar.com\/avatar\/d0af8912f3592737532834a5f391f084?s=96&d=mm&r=g\",\"contentUrl\":\"https:\/\/secure.gravatar.com\/avatar\/d0af8912f3592737532834a5f391f084?s=96&d=mm&r=g\",\"caption\":\"Inform\u00e1tica A Guarda\"},\"url\":\"https:\/\/www.aguarda.es\/en\/author\/informatica\/\"}]}<\/script>\n<!-- \/ Yoast SEO plugin. -->","yoast_head_json":{"title":"Axudas ao Alugamento de Vivenda na Comunidade Aut\u00f3noma de Galicia - Concello da Guarda","robots":{"index":"index","follow":"follow","max-snippet":"max-snippet:-1","max-image-preview":"max-image-preview:large","max-video-preview":"max-video-preview:-1"},"canonical":"https:\/\/www.aguarda.es\/en\/axudas-ao-alugamento-de-vivenda-na-comunidade-autonoma-de-galicia\/","og_locale":"en_US","og_type":"article","og_title":"Axudas ao Alugamento de Vivenda na Comunidade Aut\u00f3noma de Galicia - Concello da Guarda","og_description":"[vc_row][vc_column][vc_column_text]No Diario Oficial de Galicia (DOG) do 11 de xaneiro de 2024, publicouse a Resoluci\u00f3n do 18 de decembro de 2023, emitida polo Instituto Galego da Vivenda e Solo, pola cal se establecen as bases reguladoras das subvenci\u00f3ns do Programa &hellip;","og_url":"https:\/\/www.aguarda.es\/en\/axudas-ao-alugamento-de-vivenda-na-comunidade-autonoma-de-galicia\/","og_site_name":"Concello da Guarda","article_publisher":"https:\/\/www.facebook.com\/ConcellodaGuarda","article_published_time":"2024-01-15T09:56:43+00:00","og_image":[{"width":500,"height":281,"url":"https:\/\/www.aguarda.es\/wp-content\/uploads\/2024\/01\/600_vivienda_dinero.jpg?_t=1705312604","type":"image\/jpeg"}],"author":"Inform\u00e1tica A Guarda","twitter_card":"summary_large_image","twitter_creator":"@AGuarda_es","twitter_site":"@AGuarda_es","twitter_misc":{"Written by":"Inform\u00e1tica A Guarda","Est. reading time":"3 minutes"},"schema":{"@context":"https:\/\/schema.org","@graph":[{"@type":"WebPage","@id":"https:\/\/www.aguarda.es\/en\/axudas-ao-alugamento-de-vivenda-na-comunidade-autonoma-de-galicia\/","url":"https:\/\/www.aguarda.es\/en\/axudas-ao-alugamento-de-vivenda-na-comunidade-autonoma-de-galicia\/","name":"Axudas ao Alugamento de Vivenda na Comunidade Aut\u00f3noma de Galicia - Concello da Guarda","isPartOf":{"@id":"https:\/\/www.aguarda.es\/en\/#website"},"datePublished":"2024-01-15T09:56:43+00:00","dateModified":"2024-01-15T09:56:43+00:00","author":{"@id":"https:\/\/www.aguarda.es\/en\/#\/schema\/person\/fc0127f6134b3aa4416af28d63444227"},"breadcrumb":{"@id":"https:\/\/www.aguarda.es\/en\/axudas-ao-alugamento-de-vivenda-na-comunidade-autonoma-de-galicia\/#breadcrumb"},"inLanguage":"en-US","potentialAction":[{"@type":"ReadAction","target":["https:\/\/www.aguarda.es\/en\/axudas-ao-alugamento-de-vivenda-na-comunidade-autonoma-de-galicia\/"]}]},{"@type":"BreadcrumbList","@id":"https:\/\/www.aguarda.es\/en\/axudas-ao-alugamento-de-vivenda-na-comunidade-autonoma-de-galicia\/#breadcrumb","itemListElement":[{"@type":"ListItem","position":1,"name":"Portada","item":"https:\/\/www.aguarda.es\/en\/"},{"@type":"ListItem","position":2,"name":"Axudas ao Alugamento de Vivenda na Comunidade Aut\u00f3noma de Galicia"}]},{"@type":"WebSite","@id":"https:\/\/www.aguarda.es\/en\/#website","url":"https:\/\/www.aguarda.es\/en\/","name":"Concello da Guarda","description":"P\u00e1xina web do concello da Guarda","potentialAction":[{"@type":"SearchAction","target":{"@type":"EntryPoint","urlTemplate":"https:\/\/www.aguarda.es\/en\/?s={search_term_string}"},"query-input":"required name=search_term_string"}],"inLanguage":"en-US"},{"@type":"Person","@id":"https:\/\/www.aguarda.es\/en\/#\/schema\/person\/fc0127f6134b3aa4416af28d63444227","name":"Inform\u00e1tica A Guarda","image":{"@type":"ImageObject","inLanguage":"en-US","@id":"https:\/\/www.aguarda.es\/en\/#\/schema\/person\/image\/","url":"https:\/\/secure.gravatar.com\/avatar\/d0af8912f3592737532834a5f391f084?s=96&d=mm&r=g","contentUrl":"https:\/\/secure.gravatar.com\/avatar\/d0af8912f3592737532834a5f391f084?s=96&d=mm&r=g","caption":"Inform\u00e1tica A Guarda"},"url":"https:\/\/www.aguarda.es\/en\/author\/informatica\/"}]}},"_links":{"self":[{"href":"https:\/\/www.aguarda.es\/en\/wp-json\/wp\/v2\/posts\/29564"}],"collection":[{"href":"https:\/\/www.aguarda.es\/en\/wp-json\/wp\/v2\/posts"}],"about":[{"href":"https:\/\/www.aguarda.es\/en\/wp-json\/wp\/v2\/types\/post"}],"author":[{"embeddable":true,"href":"https:\/\/www.aguarda.es\/en\/wp-json\/wp\/v2\/users\/5"}],"replies":[{"embeddable":true,"href":"https:\/\/www.aguarda.es\/en\/wp-json\/wp\/v2\/comments?post=29564"}],"version-history":[{"count":1,"href":"https:\/\/www.aguarda.es\/en\/wp-json\/wp\/v2\/posts\/29564\/revisions"}],"predecessor-version":[{"id":29565,"href":"https:\/\/www.aguarda.es\/en\/wp-json\/wp\/v2\/posts\/29564\/revisions\/29565"}],"wp:featuredmedia":[{"embeddable":true,"href":"https:\/\/www.aguarda.es\/en\/wp-json\/wp\/v2\/media\/29562"}],"wp:attachment":[{"href":"https:\/\/www.aguarda.es\/en\/wp-json\/wp\/v2\/media?parent=29564"}],"wp:term":[{"taxonomy":"category","embeddable":true,"href":"https:\/\/www.aguarda.es\/en\/wp-json\/wp\/v2\/categories?post=29564"},{"taxonomy":"post_tag","embeddable":true,"href":"https:\/\/www.aguarda.es\/en\/wp-json\/wp\/v2\/tags?post=29564"}],"curies":[{"name":"wp","href":"https:\/\/api.w.org\/{rel}","templated":true}]}}