{"id":29576,"date":"2024-01-18T14:15:11","date_gmt":"2024-01-18T14:15:11","guid":{"rendered":"https:\/\/www.aguarda.es\/?p=29576"},"modified":"2024-01-18T14:15:11","modified_gmt":"2024-01-18T14:15:11","slug":"curso-de-monitor-a-de-tiempo-libre-organizado-pola-omix-do-concello-da-guarda","status":"publish","type":"post","link":"https:\/\/www.aguarda.es\/en\/curso-de-monitor-a-de-tiempo-libre-organizado-pola-omix-do-concello-da-guarda\/","title":{"rendered":"Curso de monitor\/a de tiempo libre organizado pola OMIX do Concello da Guarda"},"content":{"rendered":"<p class=\"western\" align=\"justify\">A OMIX do Concello da Guarda informa da apertura do prazo para solicitar a inscrici\u00f3n no curso de Monitor\/a de Tempo libre que se organiza a trav\u00e9s de este departamento.<\/p>\n<p class=\"western\" align=\"justify\">O curso ofrece a posibilidade de obter un t\u00edtulo oficial que permitir\u00e1 as persoas que est\u00e9n interesadas, traballar no \u00e1mbito do tempo de lecer.<\/p>\n<p class=\"western\" align=\"justify\">A formaci\u00f3n consta dun total de 350 horas das que 200 horas pertencen \u00e1 fase te\u00f3rica e 150 \u00e1 fase pr\u00e1ctica.<\/p>\n<p class=\"western\" align=\"justify\">Os requisitos para poder realizar o curso son: ter cumpridos 18 anos e posuir o t\u00edtulo de educaci\u00f3n secundaria.<\/p>\n<p class=\"western\" align=\"justify\">O prezo total do curso \u00e9 de 250\u20ac ou 235\u20ac coa Oferta amizade ( situaci\u00f3n desemprego, familia numerosa, carn\u00e9 xove ou no caso de inscribirse conxuntamente cunha amiga ou amigo) que poder\u00e1 fraccionarse en dous pagos.<\/p>\n<p class=\"western\" align=\"justify\">O curso levarase a cabo dende o 2 de marzo e ata o 2 de xu\u00f1o no seguinte horario: s\u00e1bados de 9:00 a 14 horas e de 15:30 a 20:30 e domingos de 9:00 a 14:00 horas.<\/p>\n<p class=\"western\" align=\"justify\">A inscrici\u00f3n realizarase a trav\u00e9s do correo electr\u00f3nico <span style=\"color: #000080;\"><span lang=\"zxx\"><u><a href=\"mailto:informacion@aguarda.es\">informacion@aguarda.es<\/a><\/u><\/span><\/span> deixando nome completo, data nacemento, mail, tel\u00e9fono de contacto e enderezo postal. Deberase achegar a copia do DNI e da titulaci\u00f3n requirida para poder realizar o curso.<\/p>\n<p class=\"western\" align=\"justify\">O prazo para poder inscribirse estar\u00e1 aberto atao 23 de febreiro de 2024<\/p>\n","protected":false},"excerpt":{"rendered":"<p>A OMIX do Concello da Guarda informa da apertura do prazo para solicitar a inscrici\u00f3n no curso de Monitor\/a de Tempo libre que se organiza a trav\u00e9s de este departamento. O curso ofrece a posibilidade de obter un t\u00edtulo oficial &hellip; <\/p>\n","protected":false},"author":7,"featured_media":29574,"comment_status":"closed","ping_status":"closed","sticky":false,"template":"","format":"standard","meta":[],"categories":[37,48],"tags":[],"yoast_head":"<!-- This site is optimized with the Yoast SEO plugin v21.1 - https:\/\/yoast.com\/wordpress\/plugins\/seo\/ -->\n<title>Curso de monitor\/a de tiempo libre organizado pola OMIX do Concello da Guarda - Concello da Guarda<\/title>\n<meta name=\"robots\" content=\"index, follow, max-snippet:-1, max-image-preview:large, max-video-preview:-1\" \/>\n<link rel=\"canonical\" href=\"https:\/\/www.aguarda.es\/en\/curso-de-monitor-a-de-tiempo-libre-organizado-pola-omix-do-concello-da-guarda\/\" \/>\n<meta property=\"og:locale\" content=\"en_US\" \/>\n<meta property=\"og:type\" content=\"article\" \/>\n<meta property=\"og:title\" content=\"Curso de monitor\/a de tiempo libre organizado pola OMIX do Concello da Guarda - Concello da Guarda\" \/>\n<meta property=\"og:description\" content=\"A OMIX do Concello da Guarda informa da apertura do prazo para solicitar a inscrici\u00f3n no curso de Monitor\/a de Tempo libre que se organiza a trav\u00e9s de este departamento. O curso ofrece a posibilidade de obter un t\u00edtulo oficial &hellip;\" \/>\n<meta property=\"og:url\" content=\"https:\/\/www.aguarda.es\/en\/curso-de-monitor-a-de-tiempo-libre-organizado-pola-omix-do-concello-da-guarda\/\" \/>\n<meta property=\"og:site_name\" content=\"Concello da Guarda\" \/>\n<meta property=\"article:publisher\" content=\"https:\/\/www.facebook.com\/ConcellodaGuarda\" \/>\n<meta property=\"article:published_time\" content=\"2024-01-18T14:15:11+00:00\" \/>\n<meta property=\"og:image\" content=\"https:\/\/www.aguarda.es\/wp-content\/uploads\/2024\/01\/CURSO-DE-MONITOR-DE-OCIO-Y-TIEMPO-LIBRE-1.png?_t=1705587312\" \/>\n\t<meta property=\"og:image:width\" content=\"1587\" \/>\n\t<meta property=\"og:image:height\" content=\"2245\" \/>\n\t<meta property=\"og:image:type\" content=\"image\/png\" \/>\n<meta name=\"author\" content=\"Cultura A Guarda\" \/>\n<meta name=\"twitter:card\" content=\"summary_large_image\" \/>\n<meta name=\"twitter:creator\" content=\"@AGuarda_es\" \/>\n<meta name=\"twitter:site\" content=\"@AGuarda_es\" \/>\n<meta name=\"twitter:label1\" content=\"Written by\" \/>\n\t<meta name=\"twitter:data1\" content=\"Cultura A Guarda\" \/>\n\t<meta name=\"twitter:label2\" content=\"Est. reading time\" \/>\n\t<meta name=\"twitter:data2\" content=\"2 minutes\" \/>\n<script type=\"application\/ld+json\" class=\"yoast-schema-graph\">{\"@context\":\"https:\/\/schema.org\",\"@graph\":[{\"@type\":\"WebPage\",\"@id\":\"https:\/\/www.aguarda.es\/en\/curso-de-monitor-a-de-tiempo-libre-organizado-pola-omix-do-concello-da-guarda\/\",\"url\":\"https:\/\/www.aguarda.es\/en\/curso-de-monitor-a-de-tiempo-libre-organizado-pola-omix-do-concello-da-guarda\/\",\"name\":\"Curso de monitor\/a de tiempo libre organizado pola OMIX do Concello da Guarda - Concello da Guarda\",\"isPartOf\":{\"@id\":\"https:\/\/www.aguarda.es\/en\/#website\"},\"datePublished\":\"2024-01-18T14:15:11+00:00\",\"dateModified\":\"2024-01-18T14:15:11+00:00\",\"author\":{\"@id\":\"https:\/\/www.aguarda.es\/en\/#\/schema\/person\/6ca603c6e74b3571a9b9ad94da117402\"},\"breadcrumb\":{\"@id\":\"https:\/\/www.aguarda.es\/en\/curso-de-monitor-a-de-tiempo-libre-organizado-pola-omix-do-concello-da-guarda\/#breadcrumb\"},\"inLanguage\":\"en-US\",\"potentialAction\":[{\"@type\":\"ReadAction\",\"target\":[\"https:\/\/www.aguarda.es\/en\/curso-de-monitor-a-de-tiempo-libre-organizado-pola-omix-do-concello-da-guarda\/\"]}]},{\"@type\":\"BreadcrumbList\",\"@id\":\"https:\/\/www.aguarda.es\/en\/curso-de-monitor-a-de-tiempo-libre-organizado-pola-omix-do-concello-da-guarda\/#breadcrumb\",\"itemListElement\":[{\"@type\":\"ListItem\",\"position\":1,\"name\":\"Portada\",\"item\":\"https:\/\/www.aguarda.es\/en\/\"},{\"@type\":\"ListItem\",\"position\":2,\"name\":\"Curso de monitor\/a de tiempo libre organizado pola OMIX do Concello da Guarda\"}]},{\"@type\":\"WebSite\",\"@id\":\"https:\/\/www.aguarda.es\/en\/#website\",\"url\":\"https:\/\/www.aguarda.es\/en\/\",\"name\":\"Concello da Guarda\",\"description\":\"P\u00e1xina web do concello da Guarda\",\"potentialAction\":[{\"@type\":\"SearchAction\",\"target\":{\"@type\":\"EntryPoint\",\"urlTemplate\":\"https:\/\/www.aguarda.es\/en\/?s={search_term_string}\"},\"query-input\":\"required name=search_term_string\"}],\"inLanguage\":\"en-US\"},{\"@type\":\"Person\",\"@id\":\"https:\/\/www.aguarda.es\/en\/#\/schema\/person\/6ca603c6e74b3571a9b9ad94da117402\",\"name\":\"Cultura A Guarda\",\"image\":{\"@type\":\"ImageObject\",\"inLanguage\":\"en-US\",\"@id\":\"https:\/\/www.aguarda.es\/en\/#\/schema\/person\/image\/\",\"url\":\"https:\/\/secure.gravatar.com\/avatar\/bf02938ce661e33e9fa343dda69f1c9d?s=96&d=mm&r=g\",\"contentUrl\":\"https:\/\/secure.gravatar.com\/avatar\/bf02938ce661e33e9fa343dda69f1c9d?s=96&d=mm&r=g\",\"caption\":\"Cultura A Guarda\"},\"url\":\"https:\/\/www.aguarda.es\/en\/author\/cultura\/\"}]}<\/script>\n<!-- \/ Yoast SEO plugin. -->","yoast_head_json":{"title":"Curso de monitor\/a de tiempo libre organizado pola OMIX do Concello da Guarda - Concello da Guarda","robots":{"index":"index","follow":"follow","max-snippet":"max-snippet:-1","max-image-preview":"max-image-preview:large","max-video-preview":"max-video-preview:-1"},"canonical":"https:\/\/www.aguarda.es\/en\/curso-de-monitor-a-de-tiempo-libre-organizado-pola-omix-do-concello-da-guarda\/","og_locale":"en_US","og_type":"article","og_title":"Curso de monitor\/a de tiempo libre organizado pola OMIX do Concello da Guarda - Concello da Guarda","og_description":"A OMIX do Concello da Guarda informa da apertura do prazo para solicitar a inscrici\u00f3n no curso de Monitor\/a de Tempo libre que se organiza a trav\u00e9s de este departamento. O curso ofrece a posibilidade de obter un t\u00edtulo oficial &hellip;","og_url":"https:\/\/www.aguarda.es\/en\/curso-de-monitor-a-de-tiempo-libre-organizado-pola-omix-do-concello-da-guarda\/","og_site_name":"Concello da Guarda","article_publisher":"https:\/\/www.facebook.com\/ConcellodaGuarda","article_published_time":"2024-01-18T14:15:11+00:00","og_image":[{"width":1587,"height":2245,"url":"https:\/\/www.aguarda.es\/wp-content\/uploads\/2024\/01\/CURSO-DE-MONITOR-DE-OCIO-Y-TIEMPO-LIBRE-1.png?_t=1705587312","type":"image\/png"}],"author":"Cultura A Guarda","twitter_card":"summary_large_image","twitter_creator":"@AGuarda_es","twitter_site":"@AGuarda_es","twitter_misc":{"Written by":"Cultura A Guarda","Est. reading time":"2 minutes"},"schema":{"@context":"https:\/\/schema.org","@graph":[{"@type":"WebPage","@id":"https:\/\/www.aguarda.es\/en\/curso-de-monitor-a-de-tiempo-libre-organizado-pola-omix-do-concello-da-guarda\/","url":"https:\/\/www.aguarda.es\/en\/curso-de-monitor-a-de-tiempo-libre-organizado-pola-omix-do-concello-da-guarda\/","name":"Curso de monitor\/a de tiempo libre organizado pola OMIX do Concello da Guarda - Concello da Guarda","isPartOf":{"@id":"https:\/\/www.aguarda.es\/en\/#website"},"datePublished":"2024-01-18T14:15:11+00:00","dateModified":"2024-01-18T14:15:11+00:00","author":{"@id":"https:\/\/www.aguarda.es\/en\/#\/schema\/person\/6ca603c6e74b3571a9b9ad94da117402"},"breadcrumb":{"@id":"https:\/\/www.aguarda.es\/en\/curso-de-monitor-a-de-tiempo-libre-organizado-pola-omix-do-concello-da-guarda\/#breadcrumb"},"inLanguage":"en-US","potentialAction":[{"@type":"ReadAction","target":["https:\/\/www.aguarda.es\/en\/curso-de-monitor-a-de-tiempo-libre-organizado-pola-omix-do-concello-da-guarda\/"]}]},{"@type":"BreadcrumbList","@id":"https:\/\/www.aguarda.es\/en\/curso-de-monitor-a-de-tiempo-libre-organizado-pola-omix-do-concello-da-guarda\/#breadcrumb","itemListElement":[{"@type":"ListItem","position":1,"name":"Portada","item":"https:\/\/www.aguarda.es\/en\/"},{"@type":"ListItem","position":2,"name":"Curso de monitor\/a de tiempo libre organizado pola OMIX do Concello da Guarda"}]},{"@type":"WebSite","@id":"https:\/\/www.aguarda.es\/en\/#website","url":"https:\/\/www.aguarda.es\/en\/","name":"Concello da Guarda","description":"P\u00e1xina web do concello da Guarda","potentialAction":[{"@type":"SearchAction","target":{"@type":"EntryPoint","urlTemplate":"https:\/\/www.aguarda.es\/en\/?s={search_term_string}"},"query-input":"required name=search_term_string"}],"inLanguage":"en-US"},{"@type":"Person","@id":"https:\/\/www.aguarda.es\/en\/#\/schema\/person\/6ca603c6e74b3571a9b9ad94da117402","name":"Cultura A Guarda","image":{"@type":"ImageObject","inLanguage":"en-US","@id":"https:\/\/www.aguarda.es\/en\/#\/schema\/person\/image\/","url":"https:\/\/secure.gravatar.com\/avatar\/bf02938ce661e33e9fa343dda69f1c9d?s=96&d=mm&r=g","contentUrl":"https:\/\/secure.gravatar.com\/avatar\/bf02938ce661e33e9fa343dda69f1c9d?s=96&d=mm&r=g","caption":"Cultura A Guarda"},"url":"https:\/\/www.aguarda.es\/en\/author\/cultura\/"}]}},"_links":{"self":[{"href":"https:\/\/www.aguarda.es\/en\/wp-json\/wp\/v2\/posts\/29576"}],"collection":[{"href":"https:\/\/www.aguarda.es\/en\/wp-json\/wp\/v2\/posts"}],"about":[{"href":"https:\/\/www.aguarda.es\/en\/wp-json\/wp\/v2\/types\/post"}],"author":[{"embeddable":true,"href":"https:\/\/www.aguarda.es\/en\/wp-json\/wp\/v2\/users\/7"}],"replies":[{"embeddable":true,"href":"https:\/\/www.aguarda.es\/en\/wp-json\/wp\/v2\/comments?post=29576"}],"version-history":[{"count":1,"href":"https:\/\/www.aguarda.es\/en\/wp-json\/wp\/v2\/posts\/29576\/revisions"}],"predecessor-version":[{"id":29577,"href":"https:\/\/www.aguarda.es\/en\/wp-json\/wp\/v2\/posts\/29576\/revisions\/29577"}],"wp:featuredmedia":[{"embeddable":true,"href":"https:\/\/www.aguarda.es\/en\/wp-json\/wp\/v2\/media\/29574"}],"wp:attachment":[{"href":"https:\/\/www.aguarda.es\/en\/wp-json\/wp\/v2\/media?parent=29576"}],"wp:term":[{"taxonomy":"category","embeddable":true,"href":"https:\/\/www.aguarda.es\/en\/wp-json\/wp\/v2\/categories?post=29576"},{"taxonomy":"post_tag","embeddable":true,"href":"https:\/\/www.aguarda.es\/en\/wp-json\/wp\/v2\/tags?post=29576"}],"curies":[{"name":"wp","href":"https:\/\/api.w.org\/{rel}","templated":true}]}}