{"id":29702,"date":"2024-03-01T12:14:22","date_gmt":"2024-03-01T12:14:22","guid":{"rendered":"https:\/\/www.aguarda.es\/?p=29702"},"modified":"2024-03-01T12:14:22","modified_gmt":"2024-03-01T12:14:22","slug":"programa-semente-de-igualdade-2024","status":"publish","type":"post","link":"https:\/\/www.aguarda.es\/en\/programa-semente-de-igualdade-2024\/","title":{"rendered":"PROGRAMA SEMENTE DE IGUALDADE 2024"},"content":{"rendered":"<p align=\"justify\"><span style=\"color: #666666;\"><span style=\"font-family: Arial, sans-serif;\"><span style=\"font-size: medium;\">O Concello da Guarda aposta durante todo o ano pola Promoci\u00f3n da Igualdade entre mulleres e homes en todas as esferas da vida e pola visibilizaci\u00f3n d<\/span><\/span><\/span><span style=\"color: #666666;\"><span style=\"font-family: Arial, sans-serif;\"><span style=\"font-size: medium;\">a<\/span><\/span><\/span> <span style=\"color: #666666;\"><span style=\"font-family: Arial, sans-serif;\"><span style=\"font-size: medium;\">M<\/span><\/span><\/span><span style=\"color: #666666;\"><span style=\"font-family: Arial, sans-serif;\"><span style=\"font-size: medium;\">uller , por esa raz\u00f3n, se busca darlle continuidade ao programa<\/span><\/span><\/span><span style=\"color: #666666;\"><span style=\"font-family: Arial, sans-serif;\"><span style=\"font-size: medium;\"><em>\u201c<\/em><\/span><\/span><\/span><span style=\"color: #666666;\"><span style=\"font-family: Arial, sans-serif;\"><span style=\"font-size: medium;\"><b><em>Semente de Igualdade\u201d<\/em><\/b><\/span><\/span><\/span><span style=\"color: #666666;\"><span style=\"font-family: Arial, sans-serif;\"><span style=\"font-size: medium;\">, unha campa\u00f1a na que se incl\u00faen as acci\u00f3ns polo <\/span><\/span><\/span><span style=\"color: #666666;\"><span style=\"font-family: Arial, sans-serif;\"><span style=\"font-size: medium;\">propio<\/span><\/span><\/span><span style=\"color: #666666;\"><span style=\"font-family: Arial, sans-serif;\"><span style=\"font-size: medium;\"> D\u00eda Internacional da Muller con actuaci\u00f3ns musicais <\/span><\/span><\/span><span style=\"color: #666666;\"><span style=\"font-family: Arial, sans-serif;\"><span style=\"font-size: medium;\">as\u00ed como <\/span><\/span><\/span><span style=\"color: #666666;\"><span style=\"font-family: Arial, sans-serif;\"><span style=\"font-size: medium;\"> obradoiros dirixidos \u00e1s crianzas e a mulleres.<\/span><\/span><\/span><\/p>\n<p align=\"justify\"><span style=\"color: #666666;\"><span style=\"font-family: Arial, sans-serif;\"><span style=\"font-size: medium;\">As actividades arrancan o d\u00eda 8 de marzo \u00e1s 12:30h na Praza do Rel\u00f3, onde ter\u00e1 lugar unha concentraci\u00f3n e lectura de manifestos acompa\u00f1ados dunha actuaci\u00f3n musical a cargo da artista <b>Najla Shami<\/b>.<\/span><\/span><\/span><\/p>\n<p align=\"justify\"><span style=\"font-family: Arial, sans-serif;\"><span style=\"font-size: medium;\"><span style=\"color: #262626;\">Vocalista e compositora, nada en Santiago de Compostela, filla de d\u00faas culturas: palestina e galega.<\/span> <span style=\"color: #262626;\">Interesada pola m\u00fasica desde a infancia, comeza a estudar no Conservatorio de M\u00fasica de Ourense e cantar con 9 anos, formando parte de diversos coros polif\u00f3nicos e formaci\u00f3ns de m\u00fasica tradicional galega.<\/span><\/span><\/span><\/p>\n<p align=\"justify\"><span style=\"color: #262626;\"><span style=\"font-family: Arial, sans-serif;\"><span style=\"font-size: medium;\">O seu primeiro traballo en solitario publ\u00edcase en 2013, o disco-libro \u201cNa lingua que eu falo\u201d, unha elegante e profunda mirada sobre os poemas da poetisa galega Rosal\u00eda de Castro.<\/span><\/span><\/span><\/p>\n<p align=\"justify\"><span style=\"color: #262626;\"><span style=\"font-family: Arial, sans-serif;\"><span style=\"font-size: medium;\">En 2019 publica o seu \u00faltimo traballo con Galaxia, \u201d Ela Sabe a Sol\u201d, polo que recibe o Premio Mart\u00edn C\u00f3dax ao mellor \u00e1lbum de m\u00fasicas do mundo de Galicia. Un \u00e1lbum cheo de luz e feminidade no que a autora equilibra oriente e occidente ao longo de 13 canci\u00f3ns orixinais. O traballo nace como consecuencia da s\u00faa \u00faltima estancia en Xordania e Palestina onde a compositora conforma m\u00fasica e letra desta nova obra buscando unha converxencia dos m\u00faltiples elementos sangu\u00edneos e musicais que a caracterizan. <\/span><\/span><\/span><\/p>\n<p align=\"justify\"><span style=\"color: #666666;\"><span style=\"font-family: Arial, sans-serif;\"><span style=\"font-size: medium;\">A fachada da Casa do Concello ser\u00e1 iluminada de cor morada e lucir\u00e1 unha pancarta conmemorativa polo D\u00eda Internacional da Muller.<\/span><\/span><\/span><\/p>\n<p align=\"justify\"><span style=\"color: #666666;\"><span style=\"font-family: Arial, sans-serif;\"><span style=\"font-size: medium;\">Durante o mes de <\/span><\/span><\/span><span style=\"color: #666666;\"><span style=\"font-family: Arial, sans-serif;\"><span style=\"font-size: medium;\">abril<\/span><\/span><\/span><span style=\"color: #666666;\"><span style=\"font-family: Arial, sans-serif;\"><span style=\"font-size: medium;\"> se levar\u00e1n a cabo obradoiros sobre prevenci\u00f3n de violencias machistas, baixo o t\u00edtulo <\/span><\/span><\/span><span style=\"color: #666666;\"><span style=\"font-family: Arial, sans-serif;\"><span style=\"font-size: medium;\"><b>Eu.Ti. N\u00f3s en Igualdade<\/b><\/span><\/span><\/span><span style=\"color: #666666;\"><span style=\"font-family: Arial, sans-serif;\"><span style=\"font-size: medium;\"><b><strong>, <\/strong><\/b><\/span><\/span><\/span><span style=\"color: #666666;\"><span style=\"font-family: Arial, sans-serif;\"><span style=\"font-size: medium;\">dirixido ao alumnado de <\/span><\/span><\/span><span style=\"color: #666666;\"><span style=\"font-family: Arial, sans-serif;\"><span style=\"font-size: medium;\">1<\/span><\/span><\/span><span style=\"color: #666666;\"><span style=\"font-family: Arial, sans-serif;\"><span style=\"font-size: medium;\">\u00ba <\/span><\/span><\/span><span style=\"color: #666666;\"><span style=\"font-family: Arial, sans-serif;\"><span style=\"font-size: medium;\">a 6\u00ba <\/span><\/span><\/span><span style=\"color: #666666;\"><span style=\"font-family: Arial, sans-serif;\"><span style=\"font-size: medium;\">de Primaria dos centros educativos da Guarda.<\/span><\/span><\/span><\/p>\n<p align=\"justify\"><span style=\"color: #666666;\"><span style=\"font-family: Arial, sans-serif;\"><span style=\"font-size: medium;\">Esta actividades dirixida \u00e1 poboaci\u00f3n m\u00e1is nova, <\/span><\/span><\/span><span style=\"color: #666666;\"><span style=\"font-family: Arial, sans-serif;\"><span style=\"font-size: medium;\">\u00e9 o<\/span><\/span><\/span><span style=\"color: #666666;\"><span style=\"font-family: Arial, sans-serif;\"><span style=\"font-size: medium;\"> eixo principal do programa<\/span><\/span><\/span><span style=\"color: #666666;\"><span style=\"font-family: Arial, sans-serif;\"><span style=\"font-size: medium;\"><em>\u201c Semente de Igualdade\u201d,<\/em><\/span><\/span><\/span><span style=\"color: #666666;\"><span style=\"font-family: Arial, sans-serif;\"><span style=\"font-size: medium;\">porque a Promoci\u00f3n da Igualdade e a prevenci\u00f3n de comportamentos machistas en idades temper\u00e1s, son a chave para conseguir rachar coa Violencia Machista na nosa sociedade<\/span><\/span><\/span><\/p>\n<p align=\"justify\"><span style=\"color: #666666;\"><span style=\"font-family: Arial, sans-serif;\"><span style=\"font-size: medium;\">O Concello da Guarda, a trav\u00e9s do Centro de Informaci\u00f3n \u00e1 Muller, aposta por darlle continuaidade as actividades m\u00e1is demandadas, por iso v\u00e9n de lanzar a <b>terceira <\/b><b> edici\u00f3n <\/b>dos obradoiros de autocoidado para mulleres \u201c<b>Q<\/b><b>u\u00e9rome, c\u00f3idome<\/b>\u201d e o obradoiro de Canto, \u201c <b>Con voz propia<\/b>\u201d.<\/span><\/span><\/span><\/p>\n<p align=\"justify\"><span style=\"color: #666666;\"><span style=\"font-family: Arial, sans-serif;\"><span style=\"font-size: medium;\">Para m\u00e1is informaci\u00f3n e inscrici\u00f3ns poden dirixirse ao CIM ( centro de Informaci\u00f3n \u00e1 Muller) do Concello da Guarda, ou no 986614648 ou no correo muller@aguarda.es<\/span><\/span><\/span><\/p>\n","protected":false},"excerpt":{"rendered":"<p>O Concello da Guarda aposta durante todo o ano pola Promoci\u00f3n da Igualdade entre mulleres e homes en todas as esferas da vida e pola visibilizaci\u00f3n da Muller , por esa raz\u00f3n, se busca darlle continuidade ao programa\u201cSemente de Igualdade\u201d, &hellip; <\/p>\n","protected":false},"author":5,"featured_media":29700,"comment_status":"closed","ping_status":"closed","sticky":false,"template":"","format":"standard","meta":[],"categories":[41,363],"tags":[],"yoast_head":"<!-- This site is optimized with the Yoast SEO plugin v21.1 - https:\/\/yoast.com\/wordpress\/plugins\/seo\/ -->\n<title>PROGRAMA SEMENTE DE IGUALDADE 2024 - Concello da Guarda<\/title>\n<meta name=\"robots\" content=\"index, follow, max-snippet:-1, max-image-preview:large, max-video-preview:-1\" \/>\n<link rel=\"canonical\" href=\"https:\/\/www.aguarda.es\/en\/programa-semente-de-igualdade-2024\/\" \/>\n<meta property=\"og:locale\" content=\"en_US\" \/>\n<meta property=\"og:type\" content=\"article\" \/>\n<meta property=\"og:title\" content=\"PROGRAMA SEMENTE DE IGUALDADE 2024 - Concello da Guarda\" \/>\n<meta property=\"og:description\" content=\"O Concello da Guarda aposta durante todo o ano pola Promoci\u00f3n da Igualdade entre mulleres e homes en todas as esferas da vida e pola visibilizaci\u00f3n da Muller , por esa raz\u00f3n, se busca darlle continuidade ao programa\u201cSemente de Igualdade\u201d, &hellip;\" \/>\n<meta property=\"og:url\" content=\"https:\/\/www.aguarda.es\/en\/programa-semente-de-igualdade-2024\/\" \/>\n<meta property=\"og:site_name\" content=\"Concello da Guarda\" \/>\n<meta property=\"article:publisher\" content=\"https:\/\/www.facebook.com\/ConcellodaGuarda\" \/>\n<meta property=\"article:published_time\" content=\"2024-03-01T12:14:22+00:00\" \/>\n<meta property=\"og:image\" content=\"https:\/\/www.aguarda.es\/wp-content\/uploads\/2024\/03\/600_CARTEL-A3-8M-2024.jpg?_t=1709295263\" \/>\n\t<meta property=\"og:image:width\" content=\"566\" \/>\n\t<meta property=\"og:image:height\" content=\"800\" \/>\n\t<meta property=\"og:image:type\" content=\"image\/jpeg\" \/>\n<meta name=\"author\" content=\"Inform\u00e1tica A Guarda\" \/>\n<meta name=\"twitter:card\" content=\"summary_large_image\" \/>\n<meta name=\"twitter:creator\" content=\"@AGuarda_es\" \/>\n<meta name=\"twitter:site\" content=\"@AGuarda_es\" \/>\n<meta name=\"twitter:label1\" content=\"Written by\" \/>\n\t<meta name=\"twitter:data1\" content=\"Inform\u00e1tica A Guarda\" \/>\n\t<meta name=\"twitter:label2\" content=\"Est. reading time\" \/>\n\t<meta name=\"twitter:data2\" content=\"3 minutes\" \/>\n<script type=\"application\/ld+json\" class=\"yoast-schema-graph\">{\"@context\":\"https:\/\/schema.org\",\"@graph\":[{\"@type\":\"WebPage\",\"@id\":\"https:\/\/www.aguarda.es\/en\/programa-semente-de-igualdade-2024\/\",\"url\":\"https:\/\/www.aguarda.es\/en\/programa-semente-de-igualdade-2024\/\",\"name\":\"PROGRAMA SEMENTE DE IGUALDADE 2024 - Concello da Guarda\",\"isPartOf\":{\"@id\":\"https:\/\/www.aguarda.es\/en\/#website\"},\"datePublished\":\"2024-03-01T12:14:22+00:00\",\"dateModified\":\"2024-03-01T12:14:22+00:00\",\"author\":{\"@id\":\"https:\/\/www.aguarda.es\/en\/#\/schema\/person\/fc0127f6134b3aa4416af28d63444227\"},\"breadcrumb\":{\"@id\":\"https:\/\/www.aguarda.es\/en\/programa-semente-de-igualdade-2024\/#breadcrumb\"},\"inLanguage\":\"en-US\",\"potentialAction\":[{\"@type\":\"ReadAction\",\"target\":[\"https:\/\/www.aguarda.es\/en\/programa-semente-de-igualdade-2024\/\"]}]},{\"@type\":\"BreadcrumbList\",\"@id\":\"https:\/\/www.aguarda.es\/en\/programa-semente-de-igualdade-2024\/#breadcrumb\",\"itemListElement\":[{\"@type\":\"ListItem\",\"position\":1,\"name\":\"Portada\",\"item\":\"https:\/\/www.aguarda.es\/en\/\"},{\"@type\":\"ListItem\",\"position\":2,\"name\":\"PROGRAMA SEMENTE DE IGUALDADE 2024\"}]},{\"@type\":\"WebSite\",\"@id\":\"https:\/\/www.aguarda.es\/en\/#website\",\"url\":\"https:\/\/www.aguarda.es\/en\/\",\"name\":\"Concello da Guarda\",\"description\":\"P\u00e1xina web do concello da Guarda\",\"potentialAction\":[{\"@type\":\"SearchAction\",\"target\":{\"@type\":\"EntryPoint\",\"urlTemplate\":\"https:\/\/www.aguarda.es\/en\/?s={search_term_string}\"},\"query-input\":\"required name=search_term_string\"}],\"inLanguage\":\"en-US\"},{\"@type\":\"Person\",\"@id\":\"https:\/\/www.aguarda.es\/en\/#\/schema\/person\/fc0127f6134b3aa4416af28d63444227\",\"name\":\"Inform\u00e1tica A Guarda\",\"image\":{\"@type\":\"ImageObject\",\"inLanguage\":\"en-US\",\"@id\":\"https:\/\/www.aguarda.es\/en\/#\/schema\/person\/image\/\",\"url\":\"https:\/\/secure.gravatar.com\/avatar\/d0af8912f3592737532834a5f391f084?s=96&d=mm&r=g\",\"contentUrl\":\"https:\/\/secure.gravatar.com\/avatar\/d0af8912f3592737532834a5f391f084?s=96&d=mm&r=g\",\"caption\":\"Inform\u00e1tica A Guarda\"},\"url\":\"https:\/\/www.aguarda.es\/en\/author\/informatica\/\"}]}<\/script>\n<!-- \/ Yoast SEO plugin. -->","yoast_head_json":{"title":"PROGRAMA SEMENTE DE IGUALDADE 2024 - Concello da Guarda","robots":{"index":"index","follow":"follow","max-snippet":"max-snippet:-1","max-image-preview":"max-image-preview:large","max-video-preview":"max-video-preview:-1"},"canonical":"https:\/\/www.aguarda.es\/en\/programa-semente-de-igualdade-2024\/","og_locale":"en_US","og_type":"article","og_title":"PROGRAMA SEMENTE DE IGUALDADE 2024 - Concello da Guarda","og_description":"O Concello da Guarda aposta durante todo o ano pola Promoci\u00f3n da Igualdade entre mulleres e homes en todas as esferas da vida e pola visibilizaci\u00f3n da Muller , por esa raz\u00f3n, se busca darlle continuidade ao programa\u201cSemente de Igualdade\u201d, &hellip;","og_url":"https:\/\/www.aguarda.es\/en\/programa-semente-de-igualdade-2024\/","og_site_name":"Concello da Guarda","article_publisher":"https:\/\/www.facebook.com\/ConcellodaGuarda","article_published_time":"2024-03-01T12:14:22+00:00","og_image":[{"width":566,"height":800,"url":"https:\/\/www.aguarda.es\/wp-content\/uploads\/2024\/03\/600_CARTEL-A3-8M-2024.jpg?_t=1709295263","type":"image\/jpeg"}],"author":"Inform\u00e1tica A Guarda","twitter_card":"summary_large_image","twitter_creator":"@AGuarda_es","twitter_site":"@AGuarda_es","twitter_misc":{"Written by":"Inform\u00e1tica A Guarda","Est. reading time":"3 minutes"},"schema":{"@context":"https:\/\/schema.org","@graph":[{"@type":"WebPage","@id":"https:\/\/www.aguarda.es\/en\/programa-semente-de-igualdade-2024\/","url":"https:\/\/www.aguarda.es\/en\/programa-semente-de-igualdade-2024\/","name":"PROGRAMA SEMENTE DE IGUALDADE 2024 - Concello da Guarda","isPartOf":{"@id":"https:\/\/www.aguarda.es\/en\/#website"},"datePublished":"2024-03-01T12:14:22+00:00","dateModified":"2024-03-01T12:14:22+00:00","author":{"@id":"https:\/\/www.aguarda.es\/en\/#\/schema\/person\/fc0127f6134b3aa4416af28d63444227"},"breadcrumb":{"@id":"https:\/\/www.aguarda.es\/en\/programa-semente-de-igualdade-2024\/#breadcrumb"},"inLanguage":"en-US","potentialAction":[{"@type":"ReadAction","target":["https:\/\/www.aguarda.es\/en\/programa-semente-de-igualdade-2024\/"]}]},{"@type":"BreadcrumbList","@id":"https:\/\/www.aguarda.es\/en\/programa-semente-de-igualdade-2024\/#breadcrumb","itemListElement":[{"@type":"ListItem","position":1,"name":"Portada","item":"https:\/\/www.aguarda.es\/en\/"},{"@type":"ListItem","position":2,"name":"PROGRAMA SEMENTE DE IGUALDADE 2024"}]},{"@type":"WebSite","@id":"https:\/\/www.aguarda.es\/en\/#website","url":"https:\/\/www.aguarda.es\/en\/","name":"Concello da Guarda","description":"P\u00e1xina web do concello da Guarda","potentialAction":[{"@type":"SearchAction","target":{"@type":"EntryPoint","urlTemplate":"https:\/\/www.aguarda.es\/en\/?s={search_term_string}"},"query-input":"required name=search_term_string"}],"inLanguage":"en-US"},{"@type":"Person","@id":"https:\/\/www.aguarda.es\/en\/#\/schema\/person\/fc0127f6134b3aa4416af28d63444227","name":"Inform\u00e1tica A Guarda","image":{"@type":"ImageObject","inLanguage":"en-US","@id":"https:\/\/www.aguarda.es\/en\/#\/schema\/person\/image\/","url":"https:\/\/secure.gravatar.com\/avatar\/d0af8912f3592737532834a5f391f084?s=96&d=mm&r=g","contentUrl":"https:\/\/secure.gravatar.com\/avatar\/d0af8912f3592737532834a5f391f084?s=96&d=mm&r=g","caption":"Inform\u00e1tica A Guarda"},"url":"https:\/\/www.aguarda.es\/en\/author\/informatica\/"}]}},"_links":{"self":[{"href":"https:\/\/www.aguarda.es\/en\/wp-json\/wp\/v2\/posts\/29702"}],"collection":[{"href":"https:\/\/www.aguarda.es\/en\/wp-json\/wp\/v2\/posts"}],"about":[{"href":"https:\/\/www.aguarda.es\/en\/wp-json\/wp\/v2\/types\/post"}],"author":[{"embeddable":true,"href":"https:\/\/www.aguarda.es\/en\/wp-json\/wp\/v2\/users\/5"}],"replies":[{"embeddable":true,"href":"https:\/\/www.aguarda.es\/en\/wp-json\/wp\/v2\/comments?post=29702"}],"version-history":[{"count":1,"href":"https:\/\/www.aguarda.es\/en\/wp-json\/wp\/v2\/posts\/29702\/revisions"}],"predecessor-version":[{"id":29703,"href":"https:\/\/www.aguarda.es\/en\/wp-json\/wp\/v2\/posts\/29702\/revisions\/29703"}],"wp:featuredmedia":[{"embeddable":true,"href":"https:\/\/www.aguarda.es\/en\/wp-json\/wp\/v2\/media\/29700"}],"wp:attachment":[{"href":"https:\/\/www.aguarda.es\/en\/wp-json\/wp\/v2\/media?parent=29702"}],"wp:term":[{"taxonomy":"category","embeddable":true,"href":"https:\/\/www.aguarda.es\/en\/wp-json\/wp\/v2\/categories?post=29702"},{"taxonomy":"post_tag","embeddable":true,"href":"https:\/\/www.aguarda.es\/en\/wp-json\/wp\/v2\/tags?post=29702"}],"curies":[{"name":"wp","href":"https:\/\/api.w.org\/{rel}","templated":true}]}}