{"id":29791,"date":"2024-03-19T10:18:55","date_gmt":"2024-03-19T10:18:55","guid":{"rendered":"https:\/\/www.aguarda.es\/?p=29791"},"modified":"2024-03-25T15:59:48","modified_gmt":"2024-03-25T15:59:48","slug":"semana-santa-concilia-apertura-prazo-extraordinario-para-cubrir-as-prazas-vacantes","status":"publish","type":"post","link":"https:\/\/www.aguarda.es\/en\/semana-santa-concilia-apertura-prazo-extraordinario-para-cubrir-as-prazas-vacantes\/","title":{"rendered":"Semana Santa Concilia: apertura do prazo extraordinario para cubrir as prazas vacantes"},"content":{"rendered":"<p>Rematado o prazo de inscrici\u00f3n o d\u00eda 11 de marzo e unha vez revisadas e publicada a listaxe de persoas admitidas, abrimos un prazo extraordinario para todas aquelas familias que necesiten solicitar unha praza na actividade Concilia Semana santa.<\/p>\n<p>DATAS, HORARIO E LUGAR DE REALIZACI\u00d3N DOS OBRADOIROS: Os obradoiros ter\u00e1n lugar os d\u00edas 25, 26,27 de marzo e 1 de abril en horario de 9 a 14 horas. No caso de necesidade das familias, poder\u00e1 facerse un horario de 8:30 a 14:30 (ter\u00e1 que especificarse na solicitude).<\/p>\n<p>PARTICIPANTES: Para este procedemento as prazas ofertadas son 7. Recordamos que as crianzas deben contar con idades comprendidas entre os 3* e os 10 anos, empadroadas no concello da Guarda**<\/p>\n<p>*As crianzas de 3 anos te\u00f1en que estar escolarizadas (4\u00ba de Educaci\u00f3n Infantil)<br \/>\n**No caso de quedar prazas vacantes poder\u00e1n participar crianzas doutros concellos.<\/p>\n<p>No caso de adquirir praza e ter unha discapacidade ou patolox\u00eda, presentarase informe do EVO e\/ou informes complementarios da necesidade de apoio necesaria.<\/p>\n<p>INSCRICI\u00d3NS: Presencialmente no Rexistro do Concello da Guarda ou na sede electr\u00f3nica (<a href=\"https:\/\/aguarda.sedelectronica.gal\" target=\"_blank\" rel=\"noopener\">https:\/\/aguarda.sedelectronica.gal<\/a>) durante os d\u00edas 19 e 20 de marzo. No caso de presentaci\u00f3n electr\u00f3nica ser\u00e1 preciso cubrir unha instancia xeral e achegar cuberta a ficha de inscrici\u00f3n que se pode atopar na web www.aguarda.es.<\/p>\n<p>Tendo en conta a premura deste procemento polo comezo inmediato da actividade terase en conta a orde de entrada no rexistro para a obtenci\u00f3n da praza.<\/p>\n<p>O resultado ser\u00e1 comunicado polo persoal da OMIX \u00e1s familias, elaborando tam\u00e9n unha listaxe de reserva.<\/p>\n<p>M\u00e1is informaci\u00f3n na OMIX do Concello da Guarda.<\/p>\n<p><img decoding=\"async\" loading=\"lazy\" class=\"alignnone size-full wp-image-29794\" src=\"https:\/\/www.aguarda.es\/wp-content\/uploads\/2024\/03\/ficha-inscricion-concilia-semana-santa_page-0001.jpg\" alt=\"\" width=\"1241\" height=\"1754\" srcset=\"https:\/\/www.aguarda.es\/wp-content\/uploads\/2024\/03\/ficha-inscricion-concilia-semana-santa_page-0001.jpg 1241w, https:\/\/www.aguarda.es\/wp-content\/uploads\/2024\/03\/ficha-inscricion-concilia-semana-santa_page-0001-212x300.jpg 212w, https:\/\/www.aguarda.es\/wp-content\/uploads\/2024\/03\/ficha-inscricion-concilia-semana-santa_page-0001-725x1024.jpg 725w, https:\/\/www.aguarda.es\/wp-content\/uploads\/2024\/03\/ficha-inscricion-concilia-semana-santa_page-0001-768x1085.jpg 768w, https:\/\/www.aguarda.es\/wp-content\/uploads\/2024\/03\/ficha-inscricion-concilia-semana-santa_page-0001-1087x1536.jpg 1087w\" sizes=\"(max-width: 1241px) 100vw, 1241px\" \/><\/p>\n","protected":false},"excerpt":{"rendered":"<p>Rematado o prazo de inscrici\u00f3n o d\u00eda 11 de marzo e unha vez revisadas e publicada a listaxe de persoas admitidas, abrimos un prazo extraordinario para todas aquelas familias que necesiten solicitar unha praza na actividade Concilia Semana santa. DATAS, &hellip; <\/p>\n","protected":false},"author":6,"featured_media":29792,"comment_status":"closed","ping_status":"closed","sticky":false,"template":"","format":"standard","meta":[],"categories":[33,48],"tags":[],"yoast_head":"<!-- This site is optimized with the Yoast SEO plugin v21.1 - https:\/\/yoast.com\/wordpress\/plugins\/seo\/ -->\n<title>Semana Santa Concilia: apertura do prazo extraordinario para cubrir as prazas vacantes - Concello da Guarda<\/title>\n<meta name=\"robots\" content=\"index, follow, max-snippet:-1, max-image-preview:large, max-video-preview:-1\" \/>\n<link rel=\"canonical\" href=\"https:\/\/www.aguarda.es\/en\/semana-santa-concilia-apertura-prazo-extraordinario-para-cubrir-as-prazas-vacantes\/\" \/>\n<meta property=\"og:locale\" content=\"en_US\" \/>\n<meta property=\"og:type\" content=\"article\" \/>\n<meta property=\"og:title\" content=\"Semana Santa Concilia: apertura do prazo extraordinario para cubrir as prazas vacantes - Concello da Guarda\" \/>\n<meta property=\"og:description\" content=\"Rematado o prazo de inscrici\u00f3n o d\u00eda 11 de marzo e unha vez revisadas e publicada a listaxe de persoas admitidas, abrimos un prazo extraordinario para todas aquelas familias que necesiten solicitar unha praza na actividade Concilia Semana santa. DATAS, &hellip;\" \/>\n<meta property=\"og:url\" content=\"https:\/\/www.aguarda.es\/en\/semana-santa-concilia-apertura-prazo-extraordinario-para-cubrir-as-prazas-vacantes\/\" \/>\n<meta property=\"og:site_name\" content=\"Concello da Guarda\" \/>\n<meta property=\"article:publisher\" content=\"https:\/\/www.facebook.com\/ConcellodaGuarda\" \/>\n<meta property=\"article:published_time\" content=\"2024-03-19T10:18:55+00:00\" \/>\n<meta property=\"article:modified_time\" content=\"2024-03-25T15:59:48+00:00\" \/>\n<meta property=\"og:image\" content=\"https:\/\/www.aguarda.es\/wp-content\/uploads\/2024\/03\/CONCILIA-SEMANA-SANTA-CARTAZ-1-1.png?_t=1711382389\" \/>\n\t<meta property=\"og:image:width\" content=\"1080\" \/>\n\t<meta property=\"og:image:height\" content=\"1080\" \/>\n\t<meta property=\"og:image:type\" content=\"image\/png\" \/>\n<meta name=\"author\" content=\"Turismo A Guarda\" \/>\n<meta name=\"twitter:card\" content=\"summary_large_image\" \/>\n<meta name=\"twitter:creator\" content=\"@AGuarda_es\" \/>\n<meta name=\"twitter:site\" content=\"@AGuarda_es\" \/>\n<meta name=\"twitter:label1\" content=\"Written by\" \/>\n\t<meta name=\"twitter:data1\" content=\"Turismo A Guarda\" \/>\n\t<meta name=\"twitter:label2\" content=\"Est. reading time\" \/>\n\t<meta name=\"twitter:data2\" content=\"2 minutes\" \/>\n<script type=\"application\/ld+json\" class=\"yoast-schema-graph\">{\"@context\":\"https:\/\/schema.org\",\"@graph\":[{\"@type\":\"WebPage\",\"@id\":\"https:\/\/www.aguarda.es\/en\/semana-santa-concilia-apertura-prazo-extraordinario-para-cubrir-as-prazas-vacantes\/\",\"url\":\"https:\/\/www.aguarda.es\/en\/semana-santa-concilia-apertura-prazo-extraordinario-para-cubrir-as-prazas-vacantes\/\",\"name\":\"Semana Santa Concilia: apertura do prazo extraordinario para cubrir as prazas vacantes - Concello da Guarda\",\"isPartOf\":{\"@id\":\"https:\/\/www.aguarda.es\/en\/#website\"},\"datePublished\":\"2024-03-19T10:18:55+00:00\",\"dateModified\":\"2024-03-25T15:59:48+00:00\",\"author\":{\"@id\":\"https:\/\/www.aguarda.es\/en\/#\/schema\/person\/a915f152ba12ad1aa9affa687f250fe0\"},\"breadcrumb\":{\"@id\":\"https:\/\/www.aguarda.es\/en\/semana-santa-concilia-apertura-prazo-extraordinario-para-cubrir-as-prazas-vacantes\/#breadcrumb\"},\"inLanguage\":\"en-US\",\"potentialAction\":[{\"@type\":\"ReadAction\",\"target\":[\"https:\/\/www.aguarda.es\/en\/semana-santa-concilia-apertura-prazo-extraordinario-para-cubrir-as-prazas-vacantes\/\"]}]},{\"@type\":\"BreadcrumbList\",\"@id\":\"https:\/\/www.aguarda.es\/en\/semana-santa-concilia-apertura-prazo-extraordinario-para-cubrir-as-prazas-vacantes\/#breadcrumb\",\"itemListElement\":[{\"@type\":\"ListItem\",\"position\":1,\"name\":\"Portada\",\"item\":\"https:\/\/www.aguarda.es\/en\/\"},{\"@type\":\"ListItem\",\"position\":2,\"name\":\"Semana Santa Concilia: apertura do prazo extraordinario para cubrir as prazas vacantes\"}]},{\"@type\":\"WebSite\",\"@id\":\"https:\/\/www.aguarda.es\/en\/#website\",\"url\":\"https:\/\/www.aguarda.es\/en\/\",\"name\":\"Concello da Guarda\",\"description\":\"P\u00e1xina web do concello da Guarda\",\"potentialAction\":[{\"@type\":\"SearchAction\",\"target\":{\"@type\":\"EntryPoint\",\"urlTemplate\":\"https:\/\/www.aguarda.es\/en\/?s={search_term_string}\"},\"query-input\":\"required name=search_term_string\"}],\"inLanguage\":\"en-US\"},{\"@type\":\"Person\",\"@id\":\"https:\/\/www.aguarda.es\/en\/#\/schema\/person\/a915f152ba12ad1aa9affa687f250fe0\",\"name\":\"Turismo A Guarda\",\"image\":{\"@type\":\"ImageObject\",\"inLanguage\":\"en-US\",\"@id\":\"https:\/\/www.aguarda.es\/en\/#\/schema\/person\/image\/\",\"url\":\"https:\/\/secure.gravatar.com\/avatar\/5b9298bc26b053e24e83f3c36ba0c385?s=96&d=mm&r=g\",\"contentUrl\":\"https:\/\/secure.gravatar.com\/avatar\/5b9298bc26b053e24e83f3c36ba0c385?s=96&d=mm&r=g\",\"caption\":\"Turismo A Guarda\"},\"sameAs\":[\"http:\/\/www.aguarda.es\"],\"url\":\"https:\/\/www.aguarda.es\/en\/author\/turismo\/\"}]}<\/script>\n<!-- \/ Yoast SEO plugin. -->","yoast_head_json":{"title":"Semana Santa Concilia: apertura do prazo extraordinario para cubrir as prazas vacantes - Concello da Guarda","robots":{"index":"index","follow":"follow","max-snippet":"max-snippet:-1","max-image-preview":"max-image-preview:large","max-video-preview":"max-video-preview:-1"},"canonical":"https:\/\/www.aguarda.es\/en\/semana-santa-concilia-apertura-prazo-extraordinario-para-cubrir-as-prazas-vacantes\/","og_locale":"en_US","og_type":"article","og_title":"Semana Santa Concilia: apertura do prazo extraordinario para cubrir as prazas vacantes - Concello da Guarda","og_description":"Rematado o prazo de inscrici\u00f3n o d\u00eda 11 de marzo e unha vez revisadas e publicada a listaxe de persoas admitidas, abrimos un prazo extraordinario para todas aquelas familias que necesiten solicitar unha praza na actividade Concilia Semana santa. DATAS, &hellip;","og_url":"https:\/\/www.aguarda.es\/en\/semana-santa-concilia-apertura-prazo-extraordinario-para-cubrir-as-prazas-vacantes\/","og_site_name":"Concello da Guarda","article_publisher":"https:\/\/www.facebook.com\/ConcellodaGuarda","article_published_time":"2024-03-19T10:18:55+00:00","article_modified_time":"2024-03-25T15:59:48+00:00","og_image":[{"width":1080,"height":1080,"url":"https:\/\/www.aguarda.es\/wp-content\/uploads\/2024\/03\/CONCILIA-SEMANA-SANTA-CARTAZ-1-1.png?_t=1711382389","type":"image\/png"}],"author":"Turismo A Guarda","twitter_card":"summary_large_image","twitter_creator":"@AGuarda_es","twitter_site":"@AGuarda_es","twitter_misc":{"Written by":"Turismo A Guarda","Est. reading time":"2 minutes"},"schema":{"@context":"https:\/\/schema.org","@graph":[{"@type":"WebPage","@id":"https:\/\/www.aguarda.es\/en\/semana-santa-concilia-apertura-prazo-extraordinario-para-cubrir-as-prazas-vacantes\/","url":"https:\/\/www.aguarda.es\/en\/semana-santa-concilia-apertura-prazo-extraordinario-para-cubrir-as-prazas-vacantes\/","name":"Semana Santa Concilia: apertura do prazo extraordinario para cubrir as prazas vacantes - Concello da Guarda","isPartOf":{"@id":"https:\/\/www.aguarda.es\/en\/#website"},"datePublished":"2024-03-19T10:18:55+00:00","dateModified":"2024-03-25T15:59:48+00:00","author":{"@id":"https:\/\/www.aguarda.es\/en\/#\/schema\/person\/a915f152ba12ad1aa9affa687f250fe0"},"breadcrumb":{"@id":"https:\/\/www.aguarda.es\/en\/semana-santa-concilia-apertura-prazo-extraordinario-para-cubrir-as-prazas-vacantes\/#breadcrumb"},"inLanguage":"en-US","potentialAction":[{"@type":"ReadAction","target":["https:\/\/www.aguarda.es\/en\/semana-santa-concilia-apertura-prazo-extraordinario-para-cubrir-as-prazas-vacantes\/"]}]},{"@type":"BreadcrumbList","@id":"https:\/\/www.aguarda.es\/en\/semana-santa-concilia-apertura-prazo-extraordinario-para-cubrir-as-prazas-vacantes\/#breadcrumb","itemListElement":[{"@type":"ListItem","position":1,"name":"Portada","item":"https:\/\/www.aguarda.es\/en\/"},{"@type":"ListItem","position":2,"name":"Semana Santa Concilia: apertura do prazo extraordinario para cubrir as prazas vacantes"}]},{"@type":"WebSite","@id":"https:\/\/www.aguarda.es\/en\/#website","url":"https:\/\/www.aguarda.es\/en\/","name":"Concello da Guarda","description":"P\u00e1xina web do concello da Guarda","potentialAction":[{"@type":"SearchAction","target":{"@type":"EntryPoint","urlTemplate":"https:\/\/www.aguarda.es\/en\/?s={search_term_string}"},"query-input":"required name=search_term_string"}],"inLanguage":"en-US"},{"@type":"Person","@id":"https:\/\/www.aguarda.es\/en\/#\/schema\/person\/a915f152ba12ad1aa9affa687f250fe0","name":"Turismo A Guarda","image":{"@type":"ImageObject","inLanguage":"en-US","@id":"https:\/\/www.aguarda.es\/en\/#\/schema\/person\/image\/","url":"https:\/\/secure.gravatar.com\/avatar\/5b9298bc26b053e24e83f3c36ba0c385?s=96&d=mm&r=g","contentUrl":"https:\/\/secure.gravatar.com\/avatar\/5b9298bc26b053e24e83f3c36ba0c385?s=96&d=mm&r=g","caption":"Turismo A Guarda"},"sameAs":["http:\/\/www.aguarda.es"],"url":"https:\/\/www.aguarda.es\/en\/author\/turismo\/"}]}},"_links":{"self":[{"href":"https:\/\/www.aguarda.es\/en\/wp-json\/wp\/v2\/posts\/29791"}],"collection":[{"href":"https:\/\/www.aguarda.es\/en\/wp-json\/wp\/v2\/posts"}],"about":[{"href":"https:\/\/www.aguarda.es\/en\/wp-json\/wp\/v2\/types\/post"}],"author":[{"embeddable":true,"href":"https:\/\/www.aguarda.es\/en\/wp-json\/wp\/v2\/users\/6"}],"replies":[{"embeddable":true,"href":"https:\/\/www.aguarda.es\/en\/wp-json\/wp\/v2\/comments?post=29791"}],"version-history":[{"count":2,"href":"https:\/\/www.aguarda.es\/en\/wp-json\/wp\/v2\/posts\/29791\/revisions"}],"predecessor-version":[{"id":29809,"href":"https:\/\/www.aguarda.es\/en\/wp-json\/wp\/v2\/posts\/29791\/revisions\/29809"}],"wp:featuredmedia":[{"embeddable":true,"href":"https:\/\/www.aguarda.es\/en\/wp-json\/wp\/v2\/media\/29792"}],"wp:attachment":[{"href":"https:\/\/www.aguarda.es\/en\/wp-json\/wp\/v2\/media?parent=29791"}],"wp:term":[{"taxonomy":"category","embeddable":true,"href":"https:\/\/www.aguarda.es\/en\/wp-json\/wp\/v2\/categories?post=29791"},{"taxonomy":"post_tag","embeddable":true,"href":"https:\/\/www.aguarda.es\/en\/wp-json\/wp\/v2\/tags?post=29791"}],"curies":[{"name":"wp","href":"https:\/\/api.w.org\/{rel}","templated":true}]}}