{"id":29964,"date":"2024-04-23T11:36:37","date_gmt":"2024-04-23T11:36:37","guid":{"rendered":"https:\/\/www.aguarda.es\/?p=29964"},"modified":"2024-04-23T11:41:19","modified_gmt":"2024-04-23T11:41:19","slug":"comezan-as-obras-de-pavimentacion-da-rua-enrique-maria-sesto","status":"publish","type":"post","link":"https:\/\/www.aguarda.es\/en\/comezan-as-obras-de-pavimentacion-da-rua-enrique-maria-sesto\/","title":{"rendered":"Comezan as obras de pavimentaci\u00f3n da r\u00faa Enrique Mar\u00eda Sesto"},"content":{"rendered":"<p>O m\u00e9rcores 24 de abril a r\u00faa Enrique Mar\u00eda Sesto permanecer\u00e1 cortada ao tr\u00e1fico durante todo o d\u00eda.<\/p>\n<p>Nese tramo renovarase o asfalto e mellorarase a seguridade.<\/p>\n<p>A actuaci\u00f3n enm\u00e1rcase no plan de mellora da seguridade viaria do concello.<\/p>\n<p>A Polic\u00eda Local ser\u00e1 a encargada de habilitar os desv\u00edos pertinentes e durante todo o d\u00eda estar\u00e1 atendendo o tr\u00e1fico rodado da zona para evitar a conxesti\u00f3n de tr\u00e1fico e garantir o bo desenvolvemento da actuaci\u00f3n.<\/p>\n","protected":false},"excerpt":{"rendered":"<p>O m\u00e9rcores 24 de abril a r\u00faa Enrique Mar\u00eda Sesto permanecer\u00e1 cortada ao tr\u00e1fico durante todo o d\u00eda. Nese tramo renovarase o asfalto e mellorarase a seguridade. A actuaci\u00f3n enm\u00e1rcase no plan de mellora da seguridade viaria do concello. A &hellip; <\/p>\n","protected":false},"author":5,"featured_media":29960,"comment_status":"closed","ping_status":"closed","sticky":false,"template":"","format":"standard","meta":[],"categories":[47,33,363],"tags":[],"yoast_head":"<!-- This site is optimized with the Yoast SEO plugin v21.1 - https:\/\/yoast.com\/wordpress\/plugins\/seo\/ -->\n<title>Comezan as obras de pavimentaci\u00f3n da r\u00faa Enrique Mar\u00eda Sesto - Concello da Guarda<\/title>\n<meta name=\"robots\" content=\"index, follow, max-snippet:-1, max-image-preview:large, max-video-preview:-1\" \/>\n<link rel=\"canonical\" href=\"https:\/\/www.aguarda.es\/en\/comezan-as-obras-de-pavimentacion-da-rua-enrique-maria-sesto\/\" \/>\n<meta property=\"og:locale\" content=\"en_US\" \/>\n<meta property=\"og:type\" content=\"article\" \/>\n<meta property=\"og:title\" content=\"Comezan as obras de pavimentaci\u00f3n da r\u00faa Enrique Mar\u00eda Sesto - Concello da Guarda\" \/>\n<meta property=\"og:description\" content=\"O m\u00e9rcores 24 de abril a r\u00faa Enrique Mar\u00eda Sesto permanecer\u00e1 cortada ao tr\u00e1fico durante todo o d\u00eda. Nese tramo renovarase o asfalto e mellorarase a seguridade. A actuaci\u00f3n enm\u00e1rcase no plan de mellora da seguridade viaria do concello. A &hellip;\" \/>\n<meta property=\"og:url\" content=\"https:\/\/www.aguarda.es\/en\/comezan-as-obras-de-pavimentacion-da-rua-enrique-maria-sesto\/\" \/>\n<meta property=\"og:site_name\" content=\"Concello da Guarda\" \/>\n<meta property=\"article:publisher\" content=\"https:\/\/www.facebook.com\/ConcellodaGuarda\" \/>\n<meta property=\"article:published_time\" content=\"2024-04-23T11:36:37+00:00\" \/>\n<meta property=\"article:modified_time\" content=\"2024-04-23T11:41:19+00:00\" \/>\n<meta property=\"og:image\" content=\"https:\/\/www.aguarda.es\/wp-content\/uploads\/2024\/04\/obras.jpg?_t=1713872479\" \/>\n\t<meta property=\"og:image:width\" content=\"550\" \/>\n\t<meta property=\"og:image:height\" content=\"408\" \/>\n\t<meta property=\"og:image:type\" content=\"image\/jpeg\" \/>\n<meta name=\"author\" content=\"Inform\u00e1tica A Guarda\" \/>\n<meta name=\"twitter:card\" content=\"summary_large_image\" \/>\n<meta name=\"twitter:creator\" content=\"@AGuarda_es\" \/>\n<meta name=\"twitter:site\" content=\"@AGuarda_es\" \/>\n<meta name=\"twitter:label1\" content=\"Written by\" \/>\n\t<meta name=\"twitter:data1\" content=\"Inform\u00e1tica A Guarda\" \/>\n\t<meta name=\"twitter:label2\" content=\"Est. reading time\" \/>\n\t<meta name=\"twitter:data2\" content=\"1 minute\" \/>\n<script type=\"application\/ld+json\" class=\"yoast-schema-graph\">{\"@context\":\"https:\/\/schema.org\",\"@graph\":[{\"@type\":\"WebPage\",\"@id\":\"https:\/\/www.aguarda.es\/en\/comezan-as-obras-de-pavimentacion-da-rua-enrique-maria-sesto\/\",\"url\":\"https:\/\/www.aguarda.es\/en\/comezan-as-obras-de-pavimentacion-da-rua-enrique-maria-sesto\/\",\"name\":\"Comezan as obras de pavimentaci\u00f3n da r\u00faa Enrique Mar\u00eda Sesto - Concello da Guarda\",\"isPartOf\":{\"@id\":\"https:\/\/www.aguarda.es\/en\/#website\"},\"datePublished\":\"2024-04-23T11:36:37+00:00\",\"dateModified\":\"2024-04-23T11:41:19+00:00\",\"author\":{\"@id\":\"https:\/\/www.aguarda.es\/en\/#\/schema\/person\/fc0127f6134b3aa4416af28d63444227\"},\"breadcrumb\":{\"@id\":\"https:\/\/www.aguarda.es\/en\/comezan-as-obras-de-pavimentacion-da-rua-enrique-maria-sesto\/#breadcrumb\"},\"inLanguage\":\"en-US\",\"potentialAction\":[{\"@type\":\"ReadAction\",\"target\":[\"https:\/\/www.aguarda.es\/en\/comezan-as-obras-de-pavimentacion-da-rua-enrique-maria-sesto\/\"]}]},{\"@type\":\"BreadcrumbList\",\"@id\":\"https:\/\/www.aguarda.es\/en\/comezan-as-obras-de-pavimentacion-da-rua-enrique-maria-sesto\/#breadcrumb\",\"itemListElement\":[{\"@type\":\"ListItem\",\"position\":1,\"name\":\"Portada\",\"item\":\"https:\/\/www.aguarda.es\/en\/\"},{\"@type\":\"ListItem\",\"position\":2,\"name\":\"Comezan as obras de pavimentaci\u00f3n da r\u00faa Enrique Mar\u00eda Sesto\"}]},{\"@type\":\"WebSite\",\"@id\":\"https:\/\/www.aguarda.es\/en\/#website\",\"url\":\"https:\/\/www.aguarda.es\/en\/\",\"name\":\"Concello da Guarda\",\"description\":\"P\u00e1xina web do concello da Guarda\",\"potentialAction\":[{\"@type\":\"SearchAction\",\"target\":{\"@type\":\"EntryPoint\",\"urlTemplate\":\"https:\/\/www.aguarda.es\/en\/?s={search_term_string}\"},\"query-input\":\"required name=search_term_string\"}],\"inLanguage\":\"en-US\"},{\"@type\":\"Person\",\"@id\":\"https:\/\/www.aguarda.es\/en\/#\/schema\/person\/fc0127f6134b3aa4416af28d63444227\",\"name\":\"Inform\u00e1tica A Guarda\",\"image\":{\"@type\":\"ImageObject\",\"inLanguage\":\"en-US\",\"@id\":\"https:\/\/www.aguarda.es\/en\/#\/schema\/person\/image\/\",\"url\":\"https:\/\/secure.gravatar.com\/avatar\/d0af8912f3592737532834a5f391f084?s=96&d=mm&r=g\",\"contentUrl\":\"https:\/\/secure.gravatar.com\/avatar\/d0af8912f3592737532834a5f391f084?s=96&d=mm&r=g\",\"caption\":\"Inform\u00e1tica A Guarda\"},\"url\":\"https:\/\/www.aguarda.es\/en\/author\/informatica\/\"}]}<\/script>\n<!-- \/ Yoast SEO plugin. -->","yoast_head_json":{"title":"Comezan as obras de pavimentaci\u00f3n da r\u00faa Enrique Mar\u00eda Sesto - Concello da Guarda","robots":{"index":"index","follow":"follow","max-snippet":"max-snippet:-1","max-image-preview":"max-image-preview:large","max-video-preview":"max-video-preview:-1"},"canonical":"https:\/\/www.aguarda.es\/en\/comezan-as-obras-de-pavimentacion-da-rua-enrique-maria-sesto\/","og_locale":"en_US","og_type":"article","og_title":"Comezan as obras de pavimentaci\u00f3n da r\u00faa Enrique Mar\u00eda Sesto - Concello da Guarda","og_description":"O m\u00e9rcores 24 de abril a r\u00faa Enrique Mar\u00eda Sesto permanecer\u00e1 cortada ao tr\u00e1fico durante todo o d\u00eda. Nese tramo renovarase o asfalto e mellorarase a seguridade. A actuaci\u00f3n enm\u00e1rcase no plan de mellora da seguridade viaria do concello. A &hellip;","og_url":"https:\/\/www.aguarda.es\/en\/comezan-as-obras-de-pavimentacion-da-rua-enrique-maria-sesto\/","og_site_name":"Concello da Guarda","article_publisher":"https:\/\/www.facebook.com\/ConcellodaGuarda","article_published_time":"2024-04-23T11:36:37+00:00","article_modified_time":"2024-04-23T11:41:19+00:00","og_image":[{"width":550,"height":408,"url":"https:\/\/www.aguarda.es\/wp-content\/uploads\/2024\/04\/obras.jpg?_t=1713872479","type":"image\/jpeg"}],"author":"Inform\u00e1tica A Guarda","twitter_card":"summary_large_image","twitter_creator":"@AGuarda_es","twitter_site":"@AGuarda_es","twitter_misc":{"Written by":"Inform\u00e1tica A Guarda","Est. reading time":"1 minute"},"schema":{"@context":"https:\/\/schema.org","@graph":[{"@type":"WebPage","@id":"https:\/\/www.aguarda.es\/en\/comezan-as-obras-de-pavimentacion-da-rua-enrique-maria-sesto\/","url":"https:\/\/www.aguarda.es\/en\/comezan-as-obras-de-pavimentacion-da-rua-enrique-maria-sesto\/","name":"Comezan as obras de pavimentaci\u00f3n da r\u00faa Enrique Mar\u00eda Sesto - Concello da Guarda","isPartOf":{"@id":"https:\/\/www.aguarda.es\/en\/#website"},"datePublished":"2024-04-23T11:36:37+00:00","dateModified":"2024-04-23T11:41:19+00:00","author":{"@id":"https:\/\/www.aguarda.es\/en\/#\/schema\/person\/fc0127f6134b3aa4416af28d63444227"},"breadcrumb":{"@id":"https:\/\/www.aguarda.es\/en\/comezan-as-obras-de-pavimentacion-da-rua-enrique-maria-sesto\/#breadcrumb"},"inLanguage":"en-US","potentialAction":[{"@type":"ReadAction","target":["https:\/\/www.aguarda.es\/en\/comezan-as-obras-de-pavimentacion-da-rua-enrique-maria-sesto\/"]}]},{"@type":"BreadcrumbList","@id":"https:\/\/www.aguarda.es\/en\/comezan-as-obras-de-pavimentacion-da-rua-enrique-maria-sesto\/#breadcrumb","itemListElement":[{"@type":"ListItem","position":1,"name":"Portada","item":"https:\/\/www.aguarda.es\/en\/"},{"@type":"ListItem","position":2,"name":"Comezan as obras de pavimentaci\u00f3n da r\u00faa Enrique Mar\u00eda Sesto"}]},{"@type":"WebSite","@id":"https:\/\/www.aguarda.es\/en\/#website","url":"https:\/\/www.aguarda.es\/en\/","name":"Concello da Guarda","description":"P\u00e1xina web do concello da Guarda","potentialAction":[{"@type":"SearchAction","target":{"@type":"EntryPoint","urlTemplate":"https:\/\/www.aguarda.es\/en\/?s={search_term_string}"},"query-input":"required name=search_term_string"}],"inLanguage":"en-US"},{"@type":"Person","@id":"https:\/\/www.aguarda.es\/en\/#\/schema\/person\/fc0127f6134b3aa4416af28d63444227","name":"Inform\u00e1tica A Guarda","image":{"@type":"ImageObject","inLanguage":"en-US","@id":"https:\/\/www.aguarda.es\/en\/#\/schema\/person\/image\/","url":"https:\/\/secure.gravatar.com\/avatar\/d0af8912f3592737532834a5f391f084?s=96&d=mm&r=g","contentUrl":"https:\/\/secure.gravatar.com\/avatar\/d0af8912f3592737532834a5f391f084?s=96&d=mm&r=g","caption":"Inform\u00e1tica A Guarda"},"url":"https:\/\/www.aguarda.es\/en\/author\/informatica\/"}]}},"_links":{"self":[{"href":"https:\/\/www.aguarda.es\/en\/wp-json\/wp\/v2\/posts\/29964"}],"collection":[{"href":"https:\/\/www.aguarda.es\/en\/wp-json\/wp\/v2\/posts"}],"about":[{"href":"https:\/\/www.aguarda.es\/en\/wp-json\/wp\/v2\/types\/post"}],"author":[{"embeddable":true,"href":"https:\/\/www.aguarda.es\/en\/wp-json\/wp\/v2\/users\/5"}],"replies":[{"embeddable":true,"href":"https:\/\/www.aguarda.es\/en\/wp-json\/wp\/v2\/comments?post=29964"}],"version-history":[{"count":4,"href":"https:\/\/www.aguarda.es\/en\/wp-json\/wp\/v2\/posts\/29964\/revisions"}],"predecessor-version":[{"id":29968,"href":"https:\/\/www.aguarda.es\/en\/wp-json\/wp\/v2\/posts\/29964\/revisions\/29968"}],"wp:featuredmedia":[{"embeddable":true,"href":"https:\/\/www.aguarda.es\/en\/wp-json\/wp\/v2\/media\/29960"}],"wp:attachment":[{"href":"https:\/\/www.aguarda.es\/en\/wp-json\/wp\/v2\/media?parent=29964"}],"wp:term":[{"taxonomy":"category","embeddable":true,"href":"https:\/\/www.aguarda.es\/en\/wp-json\/wp\/v2\/categories?post=29964"},{"taxonomy":"post_tag","embeddable":true,"href":"https:\/\/www.aguarda.es\/en\/wp-json\/wp\/v2\/tags?post=29964"}],"curies":[{"name":"wp","href":"https:\/\/api.w.org\/{rel}","templated":true}]}}