{"id":30090,"date":"2024-05-22T20:58:42","date_gmt":"2024-05-22T20:58:42","guid":{"rendered":"https:\/\/www.aguarda.es\/?p=30090"},"modified":"2024-05-22T20:58:42","modified_gmt":"2024-05-22T20:58:42","slug":"obradoiro-musical-en-familia-para-o-8-de-xuno-dirixido-as-persoas-mais-miudas-dos-fogares","status":"publish","type":"post","link":"https:\/\/www.aguarda.es\/en\/obradoiro-musical-en-familia-para-o-8-de-xuno-dirixido-as-persoas-mais-miudas-dos-fogares\/","title":{"rendered":"Obradoiro musical en familia para o 8 de xu\u00f1o dirixido as persoas mais mi\u00fadas dos fogares"},"content":{"rendered":"<p class=\"western\" align=\"justify\"><span style=\"color: #00000a;\"><span style=\"font-family: Calibri, serif;\"><span style=\"font-size: medium;\"><span lang=\"gl-ES\">A Conceller\u00eda de Cultura do Concello da Guarda oferta un obradoiro musical dirixido \u00e1 primeira infancia, aquelas crianzas entre 1 a 4 anos, que ser\u00e1 o s\u00e1bado 8 de xu\u00f1o en horario de ma\u00f1\u00e1. O obxectivo \u00e9 achegar a m\u00fasica mediante a estimulaci\u00f3n sensorial, tecendo e sementando o v\u00ednculo musical e afectivo nestas idades tempranas. E para elo conta co traballo da escola musical Lili, radicada na nosa vila dende fai dous anos. <\/span><\/span><\/span><\/span><\/p>\n<p class=\"western\" align=\"justify\"><span style=\"color: #00000a;\"><span style=\"font-family: Calibri, serif;\"><span style=\"font-size: medium;\"><span lang=\"gl-ES\">A actividade est\u00e1 pensada para ser desenvolta en familia, de xeito que cada neno debe vir acompa\u00f1ado dun adulto, preferentemente a nai ou pai que participar\u00e1 activamente no obradoiro. As familias cantar\u00e1n, tocar\u00e1n, educar\u00e1n o o\u00eddo, o sentido do ritmo, todo elo trav\u00e9s do xogo e da implicaci\u00f3n activa. <\/span><\/span><\/span><\/span><\/p>\n<p class=\"western\" align=\"justify\"><span style=\"color: #00000a;\"><span style=\"font-family: Calibri, serif;\"><span style=\"font-size: medium;\"><span lang=\"gl-ES\">Dado o car\u00e1cter participativo da proposta a participaci\u00f3n est\u00e1 limitada e segmentada por idades separando as sesi\u00f3ns en dous grupos: <\/span><\/span><\/span><\/span><\/p>\n<ul>\n<li>\n<p class=\"western\" align=\"justify\"><span style=\"color: #00000a;\"><span style=\"font-family: Calibri, serif;\"><span style=\"font-size: medium;\"><span lang=\"gl-ES\">As crianzas de 1 a 2 anos realizar\u00e1n o obradoiro nunha sesi\u00f3n \u00e1s 10,30h. <\/span><\/span><\/span><\/span><\/p>\n<\/li>\n<li>\n<p class=\"western\" align=\"justify\"><span style=\"color: #00000a;\"><span style=\"font-family: Calibri, serif;\"><span style=\"font-size: medium;\"><span lang=\"gl-ES\">As crianzas de 2 a 3 anos realizar\u00e1n o obradoiro nunha sesi\u00f3n \u00e1s 11,30h. <\/span><\/span><\/span><\/span><\/p>\n<\/li>\n<\/ul>\n<p class=\"western\" align=\"justify\"><span style=\"color: #00000a;\"><span style=\"font-family: Calibri, serif;\"><span style=\"font-size: medium;\"><span lang=\"gl-ES\">Aquelas familias interesadas deben inscribirse previamente escribindo a <\/span><\/span><\/span><\/span><span style=\"color: #000080;\"><span lang=\"zxx\"><u><a href=\"mailto:liliescuelademusica@gmail.com\">liliescuelademusica@gmail.com<\/a><\/u><\/span><\/span><span style=\"color: #00000a;\"><span style=\"font-family: Calibri, serif;\"><span style=\"font-size: medium;\"><span lang=\"gl-ES\"> ou chamando ao 698 197 305. A actividade \u00e9 de balde. <\/span><\/span><\/span><\/span><\/p>\n","protected":false},"excerpt":{"rendered":"<p>A Conceller\u00eda de Cultura do Concello da Guarda oferta un obradoiro musical dirixido \u00e1 primeira infancia, aquelas crianzas entre 1 a 4 anos, que ser\u00e1 o s\u00e1bado 8 de xu\u00f1o en horario de ma\u00f1\u00e1. O obxectivo \u00e9 achegar a m\u00fasica &hellip; <\/p>\n","protected":false},"author":7,"featured_media":30088,"comment_status":"closed","ping_status":"closed","sticky":false,"template":"","format":"standard","meta":[],"categories":[34,36],"tags":[],"yoast_head":"<!-- This site is optimized with the Yoast SEO plugin v21.1 - https:\/\/yoast.com\/wordpress\/plugins\/seo\/ -->\n<title>Obradoiro musical en familia para o 8 de xu\u00f1o dirixido as persoas mais mi\u00fadas dos fogares - Concello da Guarda<\/title>\n<meta name=\"robots\" content=\"index, follow, max-snippet:-1, max-image-preview:large, max-video-preview:-1\" \/>\n<link rel=\"canonical\" href=\"https:\/\/www.aguarda.es\/en\/obradoiro-musical-en-familia-para-o-8-de-xuno-dirixido-as-persoas-mais-miudas-dos-fogares\/\" \/>\n<meta property=\"og:locale\" content=\"en_US\" \/>\n<meta property=\"og:type\" content=\"article\" \/>\n<meta property=\"og:title\" content=\"Obradoiro musical en familia para o 8 de xu\u00f1o dirixido as persoas mais mi\u00fadas dos fogares - Concello da Guarda\" \/>\n<meta property=\"og:description\" content=\"A Conceller\u00eda de Cultura do Concello da Guarda oferta un obradoiro musical dirixido \u00e1 primeira infancia, aquelas crianzas entre 1 a 4 anos, que ser\u00e1 o s\u00e1bado 8 de xu\u00f1o en horario de ma\u00f1\u00e1. O obxectivo \u00e9 achegar a m\u00fasica &hellip;\" \/>\n<meta property=\"og:url\" content=\"https:\/\/www.aguarda.es\/en\/obradoiro-musical-en-familia-para-o-8-de-xuno-dirixido-as-persoas-mais-miudas-dos-fogares\/\" \/>\n<meta property=\"og:site_name\" content=\"Concello da Guarda\" \/>\n<meta property=\"article:publisher\" content=\"https:\/\/www.facebook.com\/ConcellodaGuarda\" \/>\n<meta property=\"article:published_time\" content=\"2024-05-22T20:58:42+00:00\" \/>\n<meta property=\"og:image\" content=\"https:\/\/www.aguarda.es\/wp-content\/uploads\/2024\/05\/tn_POSTCONCELLO.png?_t=1716411522\" \/>\n\t<meta property=\"og:image:width\" content=\"600\" \/>\n\t<meta property=\"og:image:height\" content=\"600\" \/>\n\t<meta property=\"og:image:type\" content=\"image\/png\" \/>\n<meta name=\"author\" content=\"Cultura A Guarda\" \/>\n<meta name=\"twitter:card\" content=\"summary_large_image\" \/>\n<meta name=\"twitter:creator\" content=\"@AGuarda_es\" \/>\n<meta name=\"twitter:site\" content=\"@AGuarda_es\" \/>\n<meta name=\"twitter:label1\" content=\"Written by\" \/>\n\t<meta name=\"twitter:data1\" content=\"Cultura A Guarda\" \/>\n\t<meta name=\"twitter:label2\" content=\"Est. reading time\" \/>\n\t<meta name=\"twitter:data2\" content=\"2 minutes\" \/>\n<script type=\"application\/ld+json\" class=\"yoast-schema-graph\">{\"@context\":\"https:\/\/schema.org\",\"@graph\":[{\"@type\":\"WebPage\",\"@id\":\"https:\/\/www.aguarda.es\/en\/obradoiro-musical-en-familia-para-o-8-de-xuno-dirixido-as-persoas-mais-miudas-dos-fogares\/\",\"url\":\"https:\/\/www.aguarda.es\/en\/obradoiro-musical-en-familia-para-o-8-de-xuno-dirixido-as-persoas-mais-miudas-dos-fogares\/\",\"name\":\"Obradoiro musical en familia para o 8 de xu\u00f1o dirixido as persoas mais mi\u00fadas dos fogares - Concello da Guarda\",\"isPartOf\":{\"@id\":\"https:\/\/www.aguarda.es\/en\/#website\"},\"datePublished\":\"2024-05-22T20:58:42+00:00\",\"dateModified\":\"2024-05-22T20:58:42+00:00\",\"author\":{\"@id\":\"https:\/\/www.aguarda.es\/en\/#\/schema\/person\/6ca603c6e74b3571a9b9ad94da117402\"},\"breadcrumb\":{\"@id\":\"https:\/\/www.aguarda.es\/en\/obradoiro-musical-en-familia-para-o-8-de-xuno-dirixido-as-persoas-mais-miudas-dos-fogares\/#breadcrumb\"},\"inLanguage\":\"en-US\",\"potentialAction\":[{\"@type\":\"ReadAction\",\"target\":[\"https:\/\/www.aguarda.es\/en\/obradoiro-musical-en-familia-para-o-8-de-xuno-dirixido-as-persoas-mais-miudas-dos-fogares\/\"]}]},{\"@type\":\"BreadcrumbList\",\"@id\":\"https:\/\/www.aguarda.es\/en\/obradoiro-musical-en-familia-para-o-8-de-xuno-dirixido-as-persoas-mais-miudas-dos-fogares\/#breadcrumb\",\"itemListElement\":[{\"@type\":\"ListItem\",\"position\":1,\"name\":\"Portada\",\"item\":\"https:\/\/www.aguarda.es\/en\/\"},{\"@type\":\"ListItem\",\"position\":2,\"name\":\"Obradoiro musical en familia para o 8 de xu\u00f1o dirixido as persoas mais mi\u00fadas dos fogares\"}]},{\"@type\":\"WebSite\",\"@id\":\"https:\/\/www.aguarda.es\/en\/#website\",\"url\":\"https:\/\/www.aguarda.es\/en\/\",\"name\":\"Concello da Guarda\",\"description\":\"P\u00e1xina web do concello da Guarda\",\"potentialAction\":[{\"@type\":\"SearchAction\",\"target\":{\"@type\":\"EntryPoint\",\"urlTemplate\":\"https:\/\/www.aguarda.es\/en\/?s={search_term_string}\"},\"query-input\":\"required name=search_term_string\"}],\"inLanguage\":\"en-US\"},{\"@type\":\"Person\",\"@id\":\"https:\/\/www.aguarda.es\/en\/#\/schema\/person\/6ca603c6e74b3571a9b9ad94da117402\",\"name\":\"Cultura A Guarda\",\"image\":{\"@type\":\"ImageObject\",\"inLanguage\":\"en-US\",\"@id\":\"https:\/\/www.aguarda.es\/en\/#\/schema\/person\/image\/\",\"url\":\"https:\/\/secure.gravatar.com\/avatar\/bf02938ce661e33e9fa343dda69f1c9d?s=96&d=mm&r=g\",\"contentUrl\":\"https:\/\/secure.gravatar.com\/avatar\/bf02938ce661e33e9fa343dda69f1c9d?s=96&d=mm&r=g\",\"caption\":\"Cultura A Guarda\"},\"url\":\"https:\/\/www.aguarda.es\/en\/author\/cultura\/\"}]}<\/script>\n<!-- \/ Yoast SEO plugin. -->","yoast_head_json":{"title":"Obradoiro musical en familia para o 8 de xu\u00f1o dirixido as persoas mais mi\u00fadas dos fogares - Concello da Guarda","robots":{"index":"index","follow":"follow","max-snippet":"max-snippet:-1","max-image-preview":"max-image-preview:large","max-video-preview":"max-video-preview:-1"},"canonical":"https:\/\/www.aguarda.es\/en\/obradoiro-musical-en-familia-para-o-8-de-xuno-dirixido-as-persoas-mais-miudas-dos-fogares\/","og_locale":"en_US","og_type":"article","og_title":"Obradoiro musical en familia para o 8 de xu\u00f1o dirixido as persoas mais mi\u00fadas dos fogares - Concello da Guarda","og_description":"A Conceller\u00eda de Cultura do Concello da Guarda oferta un obradoiro musical dirixido \u00e1 primeira infancia, aquelas crianzas entre 1 a 4 anos, que ser\u00e1 o s\u00e1bado 8 de xu\u00f1o en horario de ma\u00f1\u00e1. O obxectivo \u00e9 achegar a m\u00fasica &hellip;","og_url":"https:\/\/www.aguarda.es\/en\/obradoiro-musical-en-familia-para-o-8-de-xuno-dirixido-as-persoas-mais-miudas-dos-fogares\/","og_site_name":"Concello da Guarda","article_publisher":"https:\/\/www.facebook.com\/ConcellodaGuarda","article_published_time":"2024-05-22T20:58:42+00:00","og_image":[{"width":600,"height":600,"url":"https:\/\/www.aguarda.es\/wp-content\/uploads\/2024\/05\/tn_POSTCONCELLO.png?_t=1716411522","type":"image\/png"}],"author":"Cultura A Guarda","twitter_card":"summary_large_image","twitter_creator":"@AGuarda_es","twitter_site":"@AGuarda_es","twitter_misc":{"Written by":"Cultura A Guarda","Est. reading time":"2 minutes"},"schema":{"@context":"https:\/\/schema.org","@graph":[{"@type":"WebPage","@id":"https:\/\/www.aguarda.es\/en\/obradoiro-musical-en-familia-para-o-8-de-xuno-dirixido-as-persoas-mais-miudas-dos-fogares\/","url":"https:\/\/www.aguarda.es\/en\/obradoiro-musical-en-familia-para-o-8-de-xuno-dirixido-as-persoas-mais-miudas-dos-fogares\/","name":"Obradoiro musical en familia para o 8 de xu\u00f1o dirixido as persoas mais mi\u00fadas dos fogares - Concello da Guarda","isPartOf":{"@id":"https:\/\/www.aguarda.es\/en\/#website"},"datePublished":"2024-05-22T20:58:42+00:00","dateModified":"2024-05-22T20:58:42+00:00","author":{"@id":"https:\/\/www.aguarda.es\/en\/#\/schema\/person\/6ca603c6e74b3571a9b9ad94da117402"},"breadcrumb":{"@id":"https:\/\/www.aguarda.es\/en\/obradoiro-musical-en-familia-para-o-8-de-xuno-dirixido-as-persoas-mais-miudas-dos-fogares\/#breadcrumb"},"inLanguage":"en-US","potentialAction":[{"@type":"ReadAction","target":["https:\/\/www.aguarda.es\/en\/obradoiro-musical-en-familia-para-o-8-de-xuno-dirixido-as-persoas-mais-miudas-dos-fogares\/"]}]},{"@type":"BreadcrumbList","@id":"https:\/\/www.aguarda.es\/en\/obradoiro-musical-en-familia-para-o-8-de-xuno-dirixido-as-persoas-mais-miudas-dos-fogares\/#breadcrumb","itemListElement":[{"@type":"ListItem","position":1,"name":"Portada","item":"https:\/\/www.aguarda.es\/en\/"},{"@type":"ListItem","position":2,"name":"Obradoiro musical en familia para o 8 de xu\u00f1o dirixido as persoas mais mi\u00fadas dos fogares"}]},{"@type":"WebSite","@id":"https:\/\/www.aguarda.es\/en\/#website","url":"https:\/\/www.aguarda.es\/en\/","name":"Concello da Guarda","description":"P\u00e1xina web do concello da Guarda","potentialAction":[{"@type":"SearchAction","target":{"@type":"EntryPoint","urlTemplate":"https:\/\/www.aguarda.es\/en\/?s={search_term_string}"},"query-input":"required name=search_term_string"}],"inLanguage":"en-US"},{"@type":"Person","@id":"https:\/\/www.aguarda.es\/en\/#\/schema\/person\/6ca603c6e74b3571a9b9ad94da117402","name":"Cultura A Guarda","image":{"@type":"ImageObject","inLanguage":"en-US","@id":"https:\/\/www.aguarda.es\/en\/#\/schema\/person\/image\/","url":"https:\/\/secure.gravatar.com\/avatar\/bf02938ce661e33e9fa343dda69f1c9d?s=96&d=mm&r=g","contentUrl":"https:\/\/secure.gravatar.com\/avatar\/bf02938ce661e33e9fa343dda69f1c9d?s=96&d=mm&r=g","caption":"Cultura A Guarda"},"url":"https:\/\/www.aguarda.es\/en\/author\/cultura\/"}]}},"_links":{"self":[{"href":"https:\/\/www.aguarda.es\/en\/wp-json\/wp\/v2\/posts\/30090"}],"collection":[{"href":"https:\/\/www.aguarda.es\/en\/wp-json\/wp\/v2\/posts"}],"about":[{"href":"https:\/\/www.aguarda.es\/en\/wp-json\/wp\/v2\/types\/post"}],"author":[{"embeddable":true,"href":"https:\/\/www.aguarda.es\/en\/wp-json\/wp\/v2\/users\/7"}],"replies":[{"embeddable":true,"href":"https:\/\/www.aguarda.es\/en\/wp-json\/wp\/v2\/comments?post=30090"}],"version-history":[{"count":1,"href":"https:\/\/www.aguarda.es\/en\/wp-json\/wp\/v2\/posts\/30090\/revisions"}],"predecessor-version":[{"id":30091,"href":"https:\/\/www.aguarda.es\/en\/wp-json\/wp\/v2\/posts\/30090\/revisions\/30091"}],"wp:featuredmedia":[{"embeddable":true,"href":"https:\/\/www.aguarda.es\/en\/wp-json\/wp\/v2\/media\/30088"}],"wp:attachment":[{"href":"https:\/\/www.aguarda.es\/en\/wp-json\/wp\/v2\/media?parent=30090"}],"wp:term":[{"taxonomy":"category","embeddable":true,"href":"https:\/\/www.aguarda.es\/en\/wp-json\/wp\/v2\/categories?post=30090"},{"taxonomy":"post_tag","embeddable":true,"href":"https:\/\/www.aguarda.es\/en\/wp-json\/wp\/v2\/tags?post=30090"}],"curies":[{"name":"wp","href":"https:\/\/api.w.org\/{rel}","templated":true}]}}