{"id":30322,"date":"2024-07-01T10:37:31","date_gmt":"2024-07-01T10:37:31","guid":{"rendered":"https:\/\/www.aguarda.es\/?p=30322"},"modified":"2024-07-01T10:37:31","modified_gmt":"2024-07-01T10:37:31","slug":"fin-de-semana-de-actividades-das-guerreras-na-guarda","status":"publish","type":"post","link":"https:\/\/www.aguarda.es\/en\/fin-de-semana-de-actividades-das-guerreras-na-guarda\/","title":{"rendered":"Fin de semana de actividades das Guerreras na Guarda"},"content":{"rendered":"<p class=\"western\" align=\"left\"><span style=\"font-family: Arial, serif\"><span lang=\"gl-ES\">As Guerreras desfrutaron o venres 28 dunha visita no monte Santa Trega. As xogadoras quedaron asombradas coas vistas panor\u00e1micas e mostraron interese pola historia da Guarda.<img decoding=\"async\" loading=\"lazy\" class=\"alignleft wp-image-30318\" src=\"https:\/\/www.aguarda.es\/wp-content\/uploads\/2024\/07\/tn_Visita-Guerreras-5.jpeg\" alt=\"\" width=\"278\" height=\"157\" srcset=\"https:\/\/www.aguarda.es\/wp-content\/uploads\/2024\/07\/tn_Visita-Guerreras-5.jpeg 600w, https:\/\/www.aguarda.es\/wp-content\/uploads\/2024\/07\/tn_Visita-Guerreras-5-300x169.jpeg 300w\" sizes=\"(max-width: 278px) 100vw, 278px\" \/><\/span><\/span><\/p>\n<p class=\"western\" align=\"left\"><span style=\"font-family: Arial, serif\"><span lang=\"gl-ES\">Explic\u00e1ronlle a historia da Insua, do castro, das cet\u00e1reas e tam\u00e9n das festas e da Sociedade Pro-Monte. Algunhas das Guerreras tam\u00e9n comentaban coas s\u00faas compa\u00f1eiras algunhas curiosidades que elas mesmas viviran na s\u00faa etapa como xogadoras no Mecalia Atl\u00e9tico Guard\u00e9s. <\/span><\/span><span style=\"font-family: Arial, serif\"><span lang=\"gl-ES\">Ademais, agasallaron ao Concello cunha camiseta asinada por todas.<\/span><\/span><\/p>\n<p class=\"western\" align=\"left\"><span style=\"font-family: Arial, serif\">O s\u00e1bado 29, foi o turno das firmas e do adestramento a porta <\/span><span style=\"font-family: Arial, serif\">abertas. <\/span><span style=\"font-family: Arial, serif\"><span lang=\"gl-ES\">Moita afecci\u00f3n achegouse cedo para que as xogadoras lles asinaran camisetas, bal\u00f3ns e tam\u00e9n os cartaces que preparou o Concello para esta ocasi\u00f3n.<br \/>\n<\/span><\/span><\/p>\n<p class=\"western\" align=\"left\"><span style=\"font-family: Arial, serif\"><span lang=\"gl-ES\">Xentede todas as idades, alcalde e concelleiros e, ata as propias xogadoras quixeron gardar un recordo asinado por todas elas. Agardamos que o cari\u00f1o e forza desmotradas polo pobo guard\u00e9s lles sirva como enerx\u00eda para Par\u00eds. \u00c1nimo, Guerreras!<img decoding=\"async\" loading=\"lazy\" class=\"wp-image-30316 aligncenter\" src=\"https:\/\/www.aguarda.es\/wp-content\/uploads\/2024\/07\/tn_firmas-guerreras-2.jpeg\" alt=\"\" width=\"271\" height=\"271\" srcset=\"https:\/\/www.aguarda.es\/wp-content\/uploads\/2024\/07\/tn_firmas-guerreras-2.jpeg 600w, https:\/\/www.aguarda.es\/wp-content\/uploads\/2024\/07\/tn_firmas-guerreras-2-300x300.jpeg 300w, https:\/\/www.aguarda.es\/wp-content\/uploads\/2024\/07\/tn_firmas-guerreras-2-150x150.jpeg 150w, https:\/\/www.aguarda.es\/wp-content\/uploads\/2024\/07\/tn_firmas-guerreras-2-100x100.jpeg 100w\" sizes=\"(max-width: 271px) 100vw, 271px\" \/><\/span><\/span><\/p>\n<p>&nbsp;<\/p>\n","protected":false},"excerpt":{"rendered":"<p>As Guerreras desfrutaron o venres 28 dunha visita no monte Santa Trega. As xogadoras quedaron asombradas coas vistas panor\u00e1micas e mostraron interese pola historia da Guarda. Explic\u00e1ronlle a historia da Insua, do castro, das cet\u00e1reas e tam\u00e9n das festas e &hellip; <\/p>\n","protected":false},"author":2,"featured_media":30320,"comment_status":"closed","ping_status":"closed","sticky":false,"template":"","format":"standard","meta":[],"categories":[1,363],"tags":[],"yoast_head":"<!-- This site is optimized with the Yoast SEO plugin v21.1 - https:\/\/yoast.com\/wordpress\/plugins\/seo\/ -->\n<title>Fin de semana de actividades das Guerreras na Guarda - Concello da Guarda<\/title>\n<meta name=\"description\" content=\"As Guerreras desfrutaron o venres 28 dunha visita no monte Santa Trega. As xogadoras quedaron asombradas coas vistas panor\u00e1micas e mostraron\" \/>\n<meta name=\"robots\" content=\"index, follow, max-snippet:-1, max-image-preview:large, max-video-preview:-1\" \/>\n<link rel=\"canonical\" href=\"https:\/\/www.aguarda.es\/en\/fin-de-semana-de-actividades-das-guerreras-na-guarda\/\" \/>\n<meta property=\"og:locale\" content=\"en_US\" \/>\n<meta property=\"og:type\" content=\"article\" \/>\n<meta property=\"og:title\" content=\"Fin de semana de actividades das Guerreras na Guarda - Concello da Guarda\" \/>\n<meta property=\"og:description\" content=\"As Guerreras desfrutaron o venres 28 dunha visita no monte Santa Trega. As xogadoras quedaron asombradas coas vistas panor\u00e1micas e mostraron\" \/>\n<meta property=\"og:url\" content=\"https:\/\/www.aguarda.es\/en\/fin-de-semana-de-actividades-das-guerreras-na-guarda\/\" \/>\n<meta property=\"og:site_name\" content=\"Concello da Guarda\" \/>\n<meta property=\"article:publisher\" content=\"https:\/\/www.facebook.com\/ConcellodaGuarda\" \/>\n<meta property=\"article:published_time\" content=\"2024-07-01T10:37:31+00:00\" \/>\n<meta property=\"og:image\" content=\"https:\/\/www.aguarda.es\/wp-content\/uploads\/2024\/07\/tn_firmas-guerreras-1.jpeg?_t=1719830251\" \/>\n\t<meta property=\"og:image:width\" content=\"600\" \/>\n\t<meta property=\"og:image:height\" content=\"600\" \/>\n\t<meta property=\"og:image:type\" content=\"image\/jpeg\" \/>\n<meta name=\"author\" content=\"prensa\" \/>\n<meta name=\"twitter:card\" content=\"summary_large_image\" \/>\n<meta name=\"twitter:creator\" content=\"@AGuarda_es\" \/>\n<meta name=\"twitter:site\" content=\"@AGuarda_es\" \/>\n<meta name=\"twitter:label1\" content=\"Written by\" \/>\n\t<meta name=\"twitter:data1\" content=\"prensa\" \/>\n\t<meta name=\"twitter:label2\" content=\"Est. reading time\" \/>\n\t<meta name=\"twitter:data2\" content=\"2 minutes\" \/>\n<script type=\"application\/ld+json\" class=\"yoast-schema-graph\">{\"@context\":\"https:\/\/schema.org\",\"@graph\":[{\"@type\":\"WebPage\",\"@id\":\"https:\/\/www.aguarda.es\/en\/fin-de-semana-de-actividades-das-guerreras-na-guarda\/\",\"url\":\"https:\/\/www.aguarda.es\/en\/fin-de-semana-de-actividades-das-guerreras-na-guarda\/\",\"name\":\"Fin de semana de actividades das Guerreras na Guarda - Concello da Guarda\",\"isPartOf\":{\"@id\":\"https:\/\/www.aguarda.es\/en\/#website\"},\"datePublished\":\"2024-07-01T10:37:31+00:00\",\"dateModified\":\"2024-07-01T10:37:31+00:00\",\"author\":{\"@id\":\"https:\/\/www.aguarda.es\/en\/#\/schema\/person\/c463ca3006858ffb349d11179d044f21\"},\"description\":\"As Guerreras desfrutaron o venres 28 dunha visita no monte Santa Trega. As xogadoras quedaron asombradas coas vistas panor\u00e1micas e mostraron\",\"breadcrumb\":{\"@id\":\"https:\/\/www.aguarda.es\/en\/fin-de-semana-de-actividades-das-guerreras-na-guarda\/#breadcrumb\"},\"inLanguage\":\"en-US\",\"potentialAction\":[{\"@type\":\"ReadAction\",\"target\":[\"https:\/\/www.aguarda.es\/en\/fin-de-semana-de-actividades-das-guerreras-na-guarda\/\"]}]},{\"@type\":\"BreadcrumbList\",\"@id\":\"https:\/\/www.aguarda.es\/en\/fin-de-semana-de-actividades-das-guerreras-na-guarda\/#breadcrumb\",\"itemListElement\":[{\"@type\":\"ListItem\",\"position\":1,\"name\":\"Portada\",\"item\":\"https:\/\/www.aguarda.es\/en\/\"},{\"@type\":\"ListItem\",\"position\":2,\"name\":\"Fin de semana de actividades das Guerreras na Guarda\"}]},{\"@type\":\"WebSite\",\"@id\":\"https:\/\/www.aguarda.es\/en\/#website\",\"url\":\"https:\/\/www.aguarda.es\/en\/\",\"name\":\"Concello da Guarda\",\"description\":\"P\u00e1xina web do concello da Guarda\",\"potentialAction\":[{\"@type\":\"SearchAction\",\"target\":{\"@type\":\"EntryPoint\",\"urlTemplate\":\"https:\/\/www.aguarda.es\/en\/?s={search_term_string}\"},\"query-input\":\"required name=search_term_string\"}],\"inLanguage\":\"en-US\"},{\"@type\":\"Person\",\"@id\":\"https:\/\/www.aguarda.es\/en\/#\/schema\/person\/c463ca3006858ffb349d11179d044f21\",\"name\":\"prensa\",\"image\":{\"@type\":\"ImageObject\",\"inLanguage\":\"en-US\",\"@id\":\"https:\/\/www.aguarda.es\/en\/#\/schema\/person\/image\/\",\"url\":\"https:\/\/secure.gravatar.com\/avatar\/5f90ef536b0f98306edf5c7a1135ffa1?s=96&d=mm&r=g\",\"contentUrl\":\"https:\/\/secure.gravatar.com\/avatar\/5f90ef536b0f98306edf5c7a1135ffa1?s=96&d=mm&r=g\",\"caption\":\"prensa\"},\"url\":\"https:\/\/www.aguarda.es\/en\/author\/prensa\/\"}]}<\/script>\n<!-- \/ Yoast SEO plugin. -->","yoast_head_json":{"title":"Fin de semana de actividades das Guerreras na Guarda - Concello da Guarda","description":"As Guerreras desfrutaron o venres 28 dunha visita no monte Santa Trega. As xogadoras quedaron asombradas coas vistas panor\u00e1micas e mostraron","robots":{"index":"index","follow":"follow","max-snippet":"max-snippet:-1","max-image-preview":"max-image-preview:large","max-video-preview":"max-video-preview:-1"},"canonical":"https:\/\/www.aguarda.es\/en\/fin-de-semana-de-actividades-das-guerreras-na-guarda\/","og_locale":"en_US","og_type":"article","og_title":"Fin de semana de actividades das Guerreras na Guarda - Concello da Guarda","og_description":"As Guerreras desfrutaron o venres 28 dunha visita no monte Santa Trega. As xogadoras quedaron asombradas coas vistas panor\u00e1micas e mostraron","og_url":"https:\/\/www.aguarda.es\/en\/fin-de-semana-de-actividades-das-guerreras-na-guarda\/","og_site_name":"Concello da Guarda","article_publisher":"https:\/\/www.facebook.com\/ConcellodaGuarda","article_published_time":"2024-07-01T10:37:31+00:00","og_image":[{"width":600,"height":600,"url":"https:\/\/www.aguarda.es\/wp-content\/uploads\/2024\/07\/tn_firmas-guerreras-1.jpeg?_t=1719830251","type":"image\/jpeg"}],"author":"prensa","twitter_card":"summary_large_image","twitter_creator":"@AGuarda_es","twitter_site":"@AGuarda_es","twitter_misc":{"Written by":"prensa","Est. reading time":"2 minutes"},"schema":{"@context":"https:\/\/schema.org","@graph":[{"@type":"WebPage","@id":"https:\/\/www.aguarda.es\/en\/fin-de-semana-de-actividades-das-guerreras-na-guarda\/","url":"https:\/\/www.aguarda.es\/en\/fin-de-semana-de-actividades-das-guerreras-na-guarda\/","name":"Fin de semana de actividades das Guerreras na Guarda - Concello da Guarda","isPartOf":{"@id":"https:\/\/www.aguarda.es\/en\/#website"},"datePublished":"2024-07-01T10:37:31+00:00","dateModified":"2024-07-01T10:37:31+00:00","author":{"@id":"https:\/\/www.aguarda.es\/en\/#\/schema\/person\/c463ca3006858ffb349d11179d044f21"},"description":"As Guerreras desfrutaron o venres 28 dunha visita no monte Santa Trega. As xogadoras quedaron asombradas coas vistas panor\u00e1micas e mostraron","breadcrumb":{"@id":"https:\/\/www.aguarda.es\/en\/fin-de-semana-de-actividades-das-guerreras-na-guarda\/#breadcrumb"},"inLanguage":"en-US","potentialAction":[{"@type":"ReadAction","target":["https:\/\/www.aguarda.es\/en\/fin-de-semana-de-actividades-das-guerreras-na-guarda\/"]}]},{"@type":"BreadcrumbList","@id":"https:\/\/www.aguarda.es\/en\/fin-de-semana-de-actividades-das-guerreras-na-guarda\/#breadcrumb","itemListElement":[{"@type":"ListItem","position":1,"name":"Portada","item":"https:\/\/www.aguarda.es\/en\/"},{"@type":"ListItem","position":2,"name":"Fin de semana de actividades das Guerreras na Guarda"}]},{"@type":"WebSite","@id":"https:\/\/www.aguarda.es\/en\/#website","url":"https:\/\/www.aguarda.es\/en\/","name":"Concello da Guarda","description":"P\u00e1xina web do concello da Guarda","potentialAction":[{"@type":"SearchAction","target":{"@type":"EntryPoint","urlTemplate":"https:\/\/www.aguarda.es\/en\/?s={search_term_string}"},"query-input":"required name=search_term_string"}],"inLanguage":"en-US"},{"@type":"Person","@id":"https:\/\/www.aguarda.es\/en\/#\/schema\/person\/c463ca3006858ffb349d11179d044f21","name":"prensa","image":{"@type":"ImageObject","inLanguage":"en-US","@id":"https:\/\/www.aguarda.es\/en\/#\/schema\/person\/image\/","url":"https:\/\/secure.gravatar.com\/avatar\/5f90ef536b0f98306edf5c7a1135ffa1?s=96&d=mm&r=g","contentUrl":"https:\/\/secure.gravatar.com\/avatar\/5f90ef536b0f98306edf5c7a1135ffa1?s=96&d=mm&r=g","caption":"prensa"},"url":"https:\/\/www.aguarda.es\/en\/author\/prensa\/"}]}},"_links":{"self":[{"href":"https:\/\/www.aguarda.es\/en\/wp-json\/wp\/v2\/posts\/30322"}],"collection":[{"href":"https:\/\/www.aguarda.es\/en\/wp-json\/wp\/v2\/posts"}],"about":[{"href":"https:\/\/www.aguarda.es\/en\/wp-json\/wp\/v2\/types\/post"}],"author":[{"embeddable":true,"href":"https:\/\/www.aguarda.es\/en\/wp-json\/wp\/v2\/users\/2"}],"replies":[{"embeddable":true,"href":"https:\/\/www.aguarda.es\/en\/wp-json\/wp\/v2\/comments?post=30322"}],"version-history":[{"count":1,"href":"https:\/\/www.aguarda.es\/en\/wp-json\/wp\/v2\/posts\/30322\/revisions"}],"predecessor-version":[{"id":30323,"href":"https:\/\/www.aguarda.es\/en\/wp-json\/wp\/v2\/posts\/30322\/revisions\/30323"}],"wp:featuredmedia":[{"embeddable":true,"href":"https:\/\/www.aguarda.es\/en\/wp-json\/wp\/v2\/media\/30320"}],"wp:attachment":[{"href":"https:\/\/www.aguarda.es\/en\/wp-json\/wp\/v2\/media?parent=30322"}],"wp:term":[{"taxonomy":"category","embeddable":true,"href":"https:\/\/www.aguarda.es\/en\/wp-json\/wp\/v2\/categories?post=30322"},{"taxonomy":"post_tag","embeddable":true,"href":"https:\/\/www.aguarda.es\/en\/wp-json\/wp\/v2\/tags?post=30322"}],"curies":[{"name":"wp","href":"https:\/\/api.w.org\/{rel}","templated":true}]}}