{"id":30346,"date":"2024-07-02T10:49:06","date_gmt":"2024-07-02T10:49:06","guid":{"rendered":"https:\/\/www.aguarda.es\/?p=30346"},"modified":"2024-07-02T10:49:06","modified_gmt":"2024-07-02T10:49:06","slug":"a-guarda-celebra-este-domingo-o-dia-internacional-do-ioga-cunha-sesion-gratuita-ao-aire-libre","status":"publish","type":"post","link":"https:\/\/www.aguarda.es\/en\/a-guarda-celebra-este-domingo-o-dia-internacional-do-ioga-cunha-sesion-gratuita-ao-aire-libre\/","title":{"rendered":"A Guarda celebra este domingo o D\u00eda Internacional do Ioga cunha sesi\u00f3n gratu\u00edta ao aire libre"},"content":{"rendered":"<p class=\"western\" align=\"left\"><span style=\"font-family: Arial, serif\"><span lang=\"gl-ES\">Un ano m\u00e1is un\u00edmonos \u00e1s celebraci\u00f3ns do D\u00eda internacional do Ioga. Este domingo 7 de xullo \u00e1s 10:30 horas da ma\u00f1\u00e1 no dique norte, ao final do paseo mar\u00edtimo, o Centro Awen Yoga ofrecer\u00e1 una sesi\u00f3n de ioga gratu\u00edta ao aire libre en colaboraci\u00f3n co Concello. <\/span><\/span><\/p>\n<p class=\"western\" align=\"left\"><span style=\"font-family: Arial, serif\"><span lang=\"gl-ES\">Coincidindo coa Festa da Langosta nos trasladamos a unha nova contorna para estar preto do mar e cargarnos coa s\u00faa enerx\u00eda, ao mesmo tempo desfrutaremos dunhas marabillosas vistas do porto mentres facemos ioga.<\/span><\/span><\/p>\n<p class=\"western\" align=\"left\"><span style=\"font-family: Arial, serif\"><span lang=\"gl-ES\">O obxectivo desta actividade \u00e9 celebrar este d\u00eda e invitar a todas as personas a achegarse ao mundo do Ioga e que co\u00f1ezan os seus beneficios. <\/span><\/span><\/p>\n<p class=\"western\" align=\"left\"><span style=\"font-family: Arial, serif\"><span lang=\"gl-ES\">Esta actividade vai a estar dirixida polos profesionais da Escola de Yoga &#8211; Centro Awen. A primeira parte estar\u00e1 enfocada aos m\u00e1is pequenos para continuar cunha sesi\u00f3n de ioga para adultos, unha relaxaci\u00f3n e algunha sorpresa m\u00e1is. <\/span><\/span><\/p>\n<p class=\"western\" align=\"left\"><span style=\"font-family: Arial, serif\"><span lang=\"gl-ES\">Se podes respirar, podes practicar Ioga. An\u00edmate a co\u00f1ecelo a\u00ednda que nunca o practicases! <\/span><\/span><\/p>\n<p class=\"western\" align=\"left\"><span style=\"font-family: Arial, serif\"><span lang=\"gl-ES\">Recom\u00e9ndase aos participantes traer una esterilla ou toalla, roupa c\u00f3moda e unha manta ou cox\u00edn para a relaxaci\u00f3n.<\/span><\/span><\/p>\n<p class=\"western\" align=\"left\"><span style=\"font-family: Arial, serif\"><span lang=\"gl-ES\">Tel\u00e9fonos de informaci\u00f3n:<\/span><\/span><\/p>\n<ul>\n<li>\n<p align=\"left\"><span style=\"font-family: Arial Black, serif\"><span style=\"font-family: Arial, serif\">Awen Yoga:<\/span><span style=\"font-family: Arial, serif\"><b> 676 620 247 Elvira<\/b><\/span><span style=\"font-family: Arial, serif\"><b> \/ 617 660 531 Iria centroawenyoga@gmail.com<\/b><\/span><\/span><\/p>\n<\/li>\n<li>\n<p align=\"left\"><span style=\"font-family: Arial Black, serif\"><span style=\"font-family: Arial, serif\"><span lang=\"gl-ES\">Concello: <\/span><\/span><span style=\"font-family: Arial, serif\"><span lang=\"gl-ES\"><b>986 610 000<\/b><\/span><\/span><span style=\"font-family: Arial, serif\"><span lang=\"gl-ES\"> (ext. 4023)<\/span><\/span><\/span><\/p>\n<\/li>\n<\/ul>\n","protected":false},"excerpt":{"rendered":"<p>Un ano m\u00e1is un\u00edmonos \u00e1s celebraci\u00f3ns do D\u00eda internacional do Ioga. Este domingo 7 de xullo \u00e1s 10:30 horas da ma\u00f1\u00e1 no dique norte, ao final do paseo mar\u00edtimo, o Centro Awen Yoga ofrecer\u00e1 una sesi\u00f3n de ioga gratu\u00edta ao &hellip; <\/p>\n","protected":false},"author":2,"featured_media":30347,"comment_status":"closed","ping_status":"closed","sticky":false,"template":"","format":"standard","meta":[],"categories":[35,363],"tags":[],"yoast_head":"<!-- This site is optimized with the Yoast SEO plugin v21.1 - https:\/\/yoast.com\/wordpress\/plugins\/seo\/ -->\n<title>A Guarda celebra este domingo o D\u00eda Internacional do Ioga cunha sesi\u00f3n gratu\u00edta ao aire libre - Concello da Guarda<\/title>\n<meta name=\"description\" content=\"Un ano m\u00e1is un\u00edmonos \u00e1s celebraci\u00f3ns do D\u00eda internacional do Ioga. Este domingo 7 de xullo \u00e1s 10:30 horas da ma\u00f1\u00e1 no dique norte,\" \/>\n<meta name=\"robots\" content=\"index, follow, max-snippet:-1, max-image-preview:large, max-video-preview:-1\" \/>\n<link rel=\"canonical\" href=\"https:\/\/www.aguarda.es\/en\/a-guarda-celebra-este-domingo-o-dia-internacional-do-ioga-cunha-sesion-gratuita-ao-aire-libre\/\" \/>\n<meta property=\"og:locale\" content=\"en_US\" \/>\n<meta property=\"og:type\" content=\"article\" \/>\n<meta property=\"og:title\" content=\"A Guarda celebra este domingo o D\u00eda Internacional do Ioga cunha sesi\u00f3n gratu\u00edta ao aire libre - Concello da Guarda\" \/>\n<meta property=\"og:description\" content=\"Un ano m\u00e1is un\u00edmonos \u00e1s celebraci\u00f3ns do D\u00eda internacional do Ioga. Este domingo 7 de xullo \u00e1s 10:30 horas da ma\u00f1\u00e1 no dique norte,\" \/>\n<meta property=\"og:url\" content=\"https:\/\/www.aguarda.es\/en\/a-guarda-celebra-este-domingo-o-dia-internacional-do-ioga-cunha-sesion-gratuita-ao-aire-libre\/\" \/>\n<meta property=\"og:site_name\" content=\"Concello da Guarda\" \/>\n<meta property=\"article:publisher\" content=\"https:\/\/www.facebook.com\/ConcellodaGuarda\" \/>\n<meta property=\"article:published_time\" content=\"2024-07-02T10:49:06+00:00\" \/>\n<meta property=\"og:image\" content=\"https:\/\/www.aguarda.es\/wp-content\/uploads\/2024\/07\/tn_ioga.png?_t=1719917347\" \/>\n\t<meta property=\"og:image:width\" content=\"424\" \/>\n\t<meta property=\"og:image:height\" content=\"600\" \/>\n\t<meta property=\"og:image:type\" content=\"image\/png\" \/>\n<meta name=\"author\" content=\"prensa\" \/>\n<meta name=\"twitter:card\" content=\"summary_large_image\" \/>\n<meta name=\"twitter:creator\" content=\"@AGuarda_es\" \/>\n<meta name=\"twitter:site\" content=\"@AGuarda_es\" \/>\n<meta name=\"twitter:label1\" content=\"Written by\" \/>\n\t<meta name=\"twitter:data1\" content=\"prensa\" \/>\n\t<meta name=\"twitter:label2\" content=\"Est. reading time\" \/>\n\t<meta name=\"twitter:data2\" content=\"2 minutes\" \/>\n<script type=\"application\/ld+json\" class=\"yoast-schema-graph\">{\"@context\":\"https:\/\/schema.org\",\"@graph\":[{\"@type\":\"WebPage\",\"@id\":\"https:\/\/www.aguarda.es\/en\/a-guarda-celebra-este-domingo-o-dia-internacional-do-ioga-cunha-sesion-gratuita-ao-aire-libre\/\",\"url\":\"https:\/\/www.aguarda.es\/en\/a-guarda-celebra-este-domingo-o-dia-internacional-do-ioga-cunha-sesion-gratuita-ao-aire-libre\/\",\"name\":\"A Guarda celebra este domingo o D\u00eda Internacional do Ioga cunha sesi\u00f3n gratu\u00edta ao aire libre - Concello da Guarda\",\"isPartOf\":{\"@id\":\"https:\/\/www.aguarda.es\/en\/#website\"},\"datePublished\":\"2024-07-02T10:49:06+00:00\",\"dateModified\":\"2024-07-02T10:49:06+00:00\",\"author\":{\"@id\":\"https:\/\/www.aguarda.es\/en\/#\/schema\/person\/c463ca3006858ffb349d11179d044f21\"},\"description\":\"Un ano m\u00e1is un\u00edmonos \u00e1s celebraci\u00f3ns do D\u00eda internacional do Ioga. Este domingo 7 de xullo \u00e1s 10:30 horas da ma\u00f1\u00e1 no dique norte,\",\"breadcrumb\":{\"@id\":\"https:\/\/www.aguarda.es\/en\/a-guarda-celebra-este-domingo-o-dia-internacional-do-ioga-cunha-sesion-gratuita-ao-aire-libre\/#breadcrumb\"},\"inLanguage\":\"en-US\",\"potentialAction\":[{\"@type\":\"ReadAction\",\"target\":[\"https:\/\/www.aguarda.es\/en\/a-guarda-celebra-este-domingo-o-dia-internacional-do-ioga-cunha-sesion-gratuita-ao-aire-libre\/\"]}]},{\"@type\":\"BreadcrumbList\",\"@id\":\"https:\/\/www.aguarda.es\/en\/a-guarda-celebra-este-domingo-o-dia-internacional-do-ioga-cunha-sesion-gratuita-ao-aire-libre\/#breadcrumb\",\"itemListElement\":[{\"@type\":\"ListItem\",\"position\":1,\"name\":\"Portada\",\"item\":\"https:\/\/www.aguarda.es\/en\/\"},{\"@type\":\"ListItem\",\"position\":2,\"name\":\"A Guarda celebra este domingo o D\u00eda Internacional do Ioga cunha sesi\u00f3n gratu\u00edta ao aire libre\"}]},{\"@type\":\"WebSite\",\"@id\":\"https:\/\/www.aguarda.es\/en\/#website\",\"url\":\"https:\/\/www.aguarda.es\/en\/\",\"name\":\"Concello da Guarda\",\"description\":\"P\u00e1xina web do concello da Guarda\",\"potentialAction\":[{\"@type\":\"SearchAction\",\"target\":{\"@type\":\"EntryPoint\",\"urlTemplate\":\"https:\/\/www.aguarda.es\/en\/?s={search_term_string}\"},\"query-input\":\"required name=search_term_string\"}],\"inLanguage\":\"en-US\"},{\"@type\":\"Person\",\"@id\":\"https:\/\/www.aguarda.es\/en\/#\/schema\/person\/c463ca3006858ffb349d11179d044f21\",\"name\":\"prensa\",\"image\":{\"@type\":\"ImageObject\",\"inLanguage\":\"en-US\",\"@id\":\"https:\/\/www.aguarda.es\/en\/#\/schema\/person\/image\/\",\"url\":\"https:\/\/secure.gravatar.com\/avatar\/5f90ef536b0f98306edf5c7a1135ffa1?s=96&d=mm&r=g\",\"contentUrl\":\"https:\/\/secure.gravatar.com\/avatar\/5f90ef536b0f98306edf5c7a1135ffa1?s=96&d=mm&r=g\",\"caption\":\"prensa\"},\"url\":\"https:\/\/www.aguarda.es\/en\/author\/prensa\/\"}]}<\/script>\n<!-- \/ Yoast SEO plugin. -->","yoast_head_json":{"title":"A Guarda celebra este domingo o D\u00eda Internacional do Ioga cunha sesi\u00f3n gratu\u00edta ao aire libre - Concello da Guarda","description":"Un ano m\u00e1is un\u00edmonos \u00e1s celebraci\u00f3ns do D\u00eda internacional do Ioga. Este domingo 7 de xullo \u00e1s 10:30 horas da ma\u00f1\u00e1 no dique norte,","robots":{"index":"index","follow":"follow","max-snippet":"max-snippet:-1","max-image-preview":"max-image-preview:large","max-video-preview":"max-video-preview:-1"},"canonical":"https:\/\/www.aguarda.es\/en\/a-guarda-celebra-este-domingo-o-dia-internacional-do-ioga-cunha-sesion-gratuita-ao-aire-libre\/","og_locale":"en_US","og_type":"article","og_title":"A Guarda celebra este domingo o D\u00eda Internacional do Ioga cunha sesi\u00f3n gratu\u00edta ao aire libre - Concello da Guarda","og_description":"Un ano m\u00e1is un\u00edmonos \u00e1s celebraci\u00f3ns do D\u00eda internacional do Ioga. Este domingo 7 de xullo \u00e1s 10:30 horas da ma\u00f1\u00e1 no dique norte,","og_url":"https:\/\/www.aguarda.es\/en\/a-guarda-celebra-este-domingo-o-dia-internacional-do-ioga-cunha-sesion-gratuita-ao-aire-libre\/","og_site_name":"Concello da Guarda","article_publisher":"https:\/\/www.facebook.com\/ConcellodaGuarda","article_published_time":"2024-07-02T10:49:06+00:00","og_image":[{"width":424,"height":600,"url":"https:\/\/www.aguarda.es\/wp-content\/uploads\/2024\/07\/tn_ioga.png?_t=1719917347","type":"image\/png"}],"author":"prensa","twitter_card":"summary_large_image","twitter_creator":"@AGuarda_es","twitter_site":"@AGuarda_es","twitter_misc":{"Written by":"prensa","Est. reading time":"2 minutes"},"schema":{"@context":"https:\/\/schema.org","@graph":[{"@type":"WebPage","@id":"https:\/\/www.aguarda.es\/en\/a-guarda-celebra-este-domingo-o-dia-internacional-do-ioga-cunha-sesion-gratuita-ao-aire-libre\/","url":"https:\/\/www.aguarda.es\/en\/a-guarda-celebra-este-domingo-o-dia-internacional-do-ioga-cunha-sesion-gratuita-ao-aire-libre\/","name":"A Guarda celebra este domingo o D\u00eda Internacional do Ioga cunha sesi\u00f3n gratu\u00edta ao aire libre - Concello da Guarda","isPartOf":{"@id":"https:\/\/www.aguarda.es\/en\/#website"},"datePublished":"2024-07-02T10:49:06+00:00","dateModified":"2024-07-02T10:49:06+00:00","author":{"@id":"https:\/\/www.aguarda.es\/en\/#\/schema\/person\/c463ca3006858ffb349d11179d044f21"},"description":"Un ano m\u00e1is un\u00edmonos \u00e1s celebraci\u00f3ns do D\u00eda internacional do Ioga. Este domingo 7 de xullo \u00e1s 10:30 horas da ma\u00f1\u00e1 no dique norte,","breadcrumb":{"@id":"https:\/\/www.aguarda.es\/en\/a-guarda-celebra-este-domingo-o-dia-internacional-do-ioga-cunha-sesion-gratuita-ao-aire-libre\/#breadcrumb"},"inLanguage":"en-US","potentialAction":[{"@type":"ReadAction","target":["https:\/\/www.aguarda.es\/en\/a-guarda-celebra-este-domingo-o-dia-internacional-do-ioga-cunha-sesion-gratuita-ao-aire-libre\/"]}]},{"@type":"BreadcrumbList","@id":"https:\/\/www.aguarda.es\/en\/a-guarda-celebra-este-domingo-o-dia-internacional-do-ioga-cunha-sesion-gratuita-ao-aire-libre\/#breadcrumb","itemListElement":[{"@type":"ListItem","position":1,"name":"Portada","item":"https:\/\/www.aguarda.es\/en\/"},{"@type":"ListItem","position":2,"name":"A Guarda celebra este domingo o D\u00eda Internacional do Ioga cunha sesi\u00f3n gratu\u00edta ao aire libre"}]},{"@type":"WebSite","@id":"https:\/\/www.aguarda.es\/en\/#website","url":"https:\/\/www.aguarda.es\/en\/","name":"Concello da Guarda","description":"P\u00e1xina web do concello da Guarda","potentialAction":[{"@type":"SearchAction","target":{"@type":"EntryPoint","urlTemplate":"https:\/\/www.aguarda.es\/en\/?s={search_term_string}"},"query-input":"required name=search_term_string"}],"inLanguage":"en-US"},{"@type":"Person","@id":"https:\/\/www.aguarda.es\/en\/#\/schema\/person\/c463ca3006858ffb349d11179d044f21","name":"prensa","image":{"@type":"ImageObject","inLanguage":"en-US","@id":"https:\/\/www.aguarda.es\/en\/#\/schema\/person\/image\/","url":"https:\/\/secure.gravatar.com\/avatar\/5f90ef536b0f98306edf5c7a1135ffa1?s=96&d=mm&r=g","contentUrl":"https:\/\/secure.gravatar.com\/avatar\/5f90ef536b0f98306edf5c7a1135ffa1?s=96&d=mm&r=g","caption":"prensa"},"url":"https:\/\/www.aguarda.es\/en\/author\/prensa\/"}]}},"_links":{"self":[{"href":"https:\/\/www.aguarda.es\/en\/wp-json\/wp\/v2\/posts\/30346"}],"collection":[{"href":"https:\/\/www.aguarda.es\/en\/wp-json\/wp\/v2\/posts"}],"about":[{"href":"https:\/\/www.aguarda.es\/en\/wp-json\/wp\/v2\/types\/post"}],"author":[{"embeddable":true,"href":"https:\/\/www.aguarda.es\/en\/wp-json\/wp\/v2\/users\/2"}],"replies":[{"embeddable":true,"href":"https:\/\/www.aguarda.es\/en\/wp-json\/wp\/v2\/comments?post=30346"}],"version-history":[{"count":1,"href":"https:\/\/www.aguarda.es\/en\/wp-json\/wp\/v2\/posts\/30346\/revisions"}],"predecessor-version":[{"id":30349,"href":"https:\/\/www.aguarda.es\/en\/wp-json\/wp\/v2\/posts\/30346\/revisions\/30349"}],"wp:featuredmedia":[{"embeddable":true,"href":"https:\/\/www.aguarda.es\/en\/wp-json\/wp\/v2\/media\/30347"}],"wp:attachment":[{"href":"https:\/\/www.aguarda.es\/en\/wp-json\/wp\/v2\/media?parent=30346"}],"wp:term":[{"taxonomy":"category","embeddable":true,"href":"https:\/\/www.aguarda.es\/en\/wp-json\/wp\/v2\/categories?post=30346"},{"taxonomy":"post_tag","embeddable":true,"href":"https:\/\/www.aguarda.es\/en\/wp-json\/wp\/v2\/tags?post=30346"}],"curies":[{"name":"wp","href":"https:\/\/api.w.org\/{rel}","templated":true}]}}