{"id":30356,"date":"2024-07-03T08:37:33","date_gmt":"2024-07-03T08:37:33","guid":{"rendered":"https:\/\/www.aguarda.es\/?p=30356"},"modified":"2025-03-10T10:22:45","modified_gmt":"2025-03-10T10:22:45","slug":"mar-de-blues-convertera-a-guarda-no-epicentro-mundial-do-blues","status":"publish","type":"post","link":"https:\/\/www.aguarda.es\/en\/mar-de-blues-convertera-a-guarda-no-epicentro-mundial-do-blues\/","title":{"rendered":"\u2018Mar de blues\u2019 converter\u00e1 A Guarda no epicentro mundial do blues"},"content":{"rendered":"<p class=\"western\" align=\"left\">\u201c<span style=\"font-family: Arial, serif;\"><span lang=\"gl-ES\">Ma<\/span><\/span><span style=\"font-family: Arial, serif;\"><span lang=\"gl-ES\">r<\/span><\/span><span style=\"font-family: Arial, serif;\"><span lang=\"gl-ES\"> de blues\u201d celebra a s\u00faa cuarta edici\u00f3n con m\u00e1is artistas internacionais. O concello da Guarda xunto a Deputaci\u00f3n de Pontevedra en colaboraci\u00f3n con Mais que Blues-Onme e Cervezas Alhambra volver\u00e1n facer <\/span><\/span><span style=\"font-family: Arial, serif;\"><span lang=\"gl-ES\">d<\/span><\/span><span style=\"font-family: Arial, serif;\"><span lang=\"gl-ES\">a Guarda lugar de peregrinaxe e de encontro para todos os amantes da m\u00fasica.<\/span><\/span><\/p>\n<p class=\"western\" align=\"left\"><span style=\"font-family: Arial, serif;\"><span lang=\"gl-ES\">O festival cel\u00e9brase o 19 e 20 de xullo na Praza do Rel\u00f3. O venres 19 a m\u00fasica estar\u00e1 a cargo de David L.H. e da Minnemann Blues Band, a partir das 21:30 horas.<\/span><\/span><\/p>\n<p class=\"western\" align=\"left\"><span style=\"font-family: Arial, serif;\"><span lang=\"gl-ES\">O s\u00e1bado celebrarase unha sesi\u00f3n vermut \u00e1s 12:30 horas amenizada polos galegos The Blues Moonshiners &amp; friends. Eles tam\u00e9n actuar\u00e1n esa noite, na que tam\u00e9n veremos no escenario a Little Orange e Dorrey Lin Lyles &amp; Marcos Coll Band. Esta pequeno festival est\u00e1 financiado con cargo \u00e1 subvenci\u00f3n +Provincia da Deputaci\u00f3n de Pontevedra<\/span><\/span><\/p>\n<p class=\"western\" align=\"left\"><span style=\"font-family: Arial, serif;\"><span lang=\"gl-ES\">Deste xeito, Mar de Blues consol\u00eddase como un festival de referencia no mundo do Soul&amp;Blues.<\/span><\/span><\/p>\n<p class=\"western\" align=\"left\"><span style=\"font-family: Arial, serif;\"><span lang=\"gl-ES\"><b>S<\/b><\/span><\/span><span style=\"color: #000000;\"><span style=\"font-family: Arial, serif;\"><span style=\"font-size: medium;\"><span lang=\"gl-ES\"><b>OBRE OS ARTISTAS<\/b><\/span><\/span><\/span><\/span><\/p>\n<p class=\"western\" align=\"left\"><span style=\"color: #000000;\"><span style=\"font-family: Arial, serif;\"><span style=\"font-size: medium;\"><span lang=\"gl-ES\"><b>David L.H.<\/b><\/span><\/span><\/span><\/span><\/p>\n<p class=\"western\" align=\"left\"><span style=\"color: #000000;\"><span style=\"font-family: Arial, serif;\"><span style=\"font-size: medium;\"><span lang=\"gl-ES\">\u00c9 un xove m\u00fasico da Coru\u00f1a que sinte gran paix\u00f3n polo grandes solitarios do Blues. El e a s\u00faa guitarra deleitarannos na Guarda.<\/span><\/span><\/span><\/span><\/p>\n<p class=\"western\" align=\"left\"><span style=\"color: #000000;\"><span style=\"font-family: Arial, serif;\"><span style=\"font-size: medium;\"><span lang=\"gl-ES\"><b>Minnemann Blues Band<\/b><\/span><\/span><\/span><\/span><\/p>\n<p class=\"western\" align=\"left\"><span style=\"color: #000000;\"><span style=\"font-family: Arial, serif;\"><span style=\"font-size: medium;\"><span lang=\"gl-ES\">Este alem\u00e1n mudouse aos 18 anos a Portugal e tras unha estapa con Rui Veloso, pai do rock portugu\u00e9s, incl\u00ednase cara o blues, fundando a s\u00faa banda coa que leva m\u00e1is de 40 anos sendo un fos grandes pioneiros do x\u00e9nero no pa\u00eds veci\u00f1o.<\/span><\/span><\/span><\/span><\/p>\n<p class=\"western\" align=\"left\"><span style=\"color: #000000;\"><span style=\"font-family: Arial, serif;\"><span style=\"font-size: medium;\"><span lang=\"gl-ES\"><b>The Blues Moonshiners<\/b><\/span><\/span><\/span><\/span><\/p>\n<p class=\"western\" align=\"left\"><span style=\"color: #000000;\"><span style=\"font-family: Arial, serif;\"><span style=\"font-size: medium;\"><span lang=\"gl-ES\">Esta banda destaca pola s\u00faa mestura de Blues tradicional, folk e country blues. <\/span><\/span><\/span><\/span><\/p>\n<p class=\"western\" align=\"left\"><span style=\"color: #000000;\"><span style=\"font-family: Arial, serif;\"><span style=\"font-size: medium;\"><span lang=\"gl-ES\"><b>Little Orange<\/b><\/span><\/span><\/span><\/span><\/p>\n<p class=\"western\" align=\"left\"><span style=\"color: #000000;\"><span style=\"font-family: Arial, serif;\"><span style=\"font-size: medium;\"><span lang=\"gl-ES\">Sergio Laranjo escoitou blues dende neno e sentiuse hipnotizado por ela. O seu show \u00e9 unha viaxe entre o pasado e o presente, onde a memoria de grandes do Hill Country Blues. <\/span><\/span><\/span><\/span><\/p>\n<p class=\"western\" align=\"left\"><span style=\"color: #000000;\"><span style=\"font-family: Arial, serif;\"><span style=\"font-size: medium;\"><span lang=\"gl-ES\"><b>Dorrey Lin Lyles<\/b><\/span><\/span><\/span><\/span><\/p>\n<p class=\"western\" align=\"left\"><span style=\"color: #000000;\"><span style=\"font-family: Arial, serif;\"><span style=\"font-size: medium;\"><span lang=\"gl-ES\">En\u00e9rxica e carism\u00e1tica como poucas, Dorrey \u00e9 dende 2007 membro permanente dos \u201cThe Very Best of Black Gospel\u201d, aparte de colaborar con numerosos proxectos musicais. Na Guarda estar\u00e1 xunto a Marcos Coll Band. Xuntos combinan a perfecci\u00f3n todas a s\u00faas influencias musicais nunha mestura explosiva de jazz, gospel, blues&amp;soul.<\/span><\/span><\/span><\/span><\/p>\n","protected":false},"excerpt":{"rendered":"<p>\u201cMar de blues\u201d celebra a s\u00faa cuarta edici\u00f3n con m\u00e1is artistas internacionais. O concello da Guarda xunto a Deputaci\u00f3n de Pontevedra en colaboraci\u00f3n con Mais que Blues-Onme e Cervezas Alhambra volver\u00e1n facer da Guarda lugar de peregrinaxe e de encontro &hellip; <\/p>\n","protected":false},"author":2,"featured_media":30354,"comment_status":"closed","ping_status":"closed","sticky":false,"template":"","format":"standard","meta":[],"categories":[34,363],"tags":[],"yoast_head":"<!-- This site is optimized with the Yoast SEO plugin v21.1 - https:\/\/yoast.com\/wordpress\/plugins\/seo\/ -->\n<title>\u2018Mar de blues\u2019 converter\u00e1 A Guarda no epicentro mundial do blues - Concello da Guarda<\/title>\n<meta name=\"description\" content=\"\u201cMar de blues\u201d celebra a s\u00faa cuarta edici\u00f3n con m\u00e1is artistas internacionais. O concello da Guarda xunto a Deputaci\u00f3n de Pontecedra en\" \/>\n<meta name=\"robots\" content=\"index, follow, max-snippet:-1, max-image-preview:large, max-video-preview:-1\" \/>\n<link rel=\"canonical\" href=\"https:\/\/www.aguarda.es\/en\/mar-de-blues-convertera-a-guarda-no-epicentro-mundial-do-blues\/\" \/>\n<meta property=\"og:locale\" content=\"en_US\" \/>\n<meta property=\"og:type\" content=\"article\" \/>\n<meta property=\"og:title\" content=\"\u2018Mar de blues\u2019 converter\u00e1 A Guarda no epicentro mundial do blues - Concello da Guarda\" \/>\n<meta property=\"og:description\" content=\"\u201cMar de blues\u201d celebra a s\u00faa cuarta edici\u00f3n con m\u00e1is artistas internacionais. O concello da Guarda xunto a Deputaci\u00f3n de Pontecedra en\" \/>\n<meta property=\"og:url\" content=\"https:\/\/www.aguarda.es\/en\/mar-de-blues-convertera-a-guarda-no-epicentro-mundial-do-blues\/\" \/>\n<meta property=\"og:site_name\" content=\"Concello da Guarda\" \/>\n<meta property=\"article:publisher\" content=\"https:\/\/www.facebook.com\/ConcellodaGuarda\" \/>\n<meta property=\"article:published_time\" content=\"2024-07-03T08:37:33+00:00\" \/>\n<meta property=\"article:modified_time\" content=\"2025-03-10T10:22:45+00:00\" \/>\n<meta property=\"og:image\" content=\"https:\/\/www.aguarda.es\/wp-content\/uploads\/2024\/07\/tn_POSTER-MAR-DE-BLUES-2024.png?_t=1741602165\" \/>\n\t<meta property=\"og:image:width\" content=\"424\" \/>\n\t<meta property=\"og:image:height\" content=\"600\" \/>\n\t<meta property=\"og:image:type\" content=\"image\/png\" \/>\n<meta name=\"author\" content=\"prensa\" \/>\n<meta name=\"twitter:card\" content=\"summary_large_image\" \/>\n<meta name=\"twitter:creator\" content=\"@AGuarda_es\" \/>\n<meta name=\"twitter:site\" content=\"@AGuarda_es\" \/>\n<meta name=\"twitter:label1\" content=\"Written by\" \/>\n\t<meta name=\"twitter:data1\" content=\"prensa\" \/>\n\t<meta name=\"twitter:label2\" content=\"Est. reading time\" \/>\n\t<meta name=\"twitter:data2\" content=\"2 minutes\" \/>\n<script type=\"application\/ld+json\" class=\"yoast-schema-graph\">{\"@context\":\"https:\/\/schema.org\",\"@graph\":[{\"@type\":\"WebPage\",\"@id\":\"https:\/\/www.aguarda.es\/en\/mar-de-blues-convertera-a-guarda-no-epicentro-mundial-do-blues\/\",\"url\":\"https:\/\/www.aguarda.es\/en\/mar-de-blues-convertera-a-guarda-no-epicentro-mundial-do-blues\/\",\"name\":\"\u2018Mar de blues\u2019 converter\u00e1 A Guarda no epicentro mundial do blues - Concello da Guarda\",\"isPartOf\":{\"@id\":\"https:\/\/www.aguarda.es\/en\/#website\"},\"datePublished\":\"2024-07-03T08:37:33+00:00\",\"dateModified\":\"2025-03-10T10:22:45+00:00\",\"author\":{\"@id\":\"https:\/\/www.aguarda.es\/en\/#\/schema\/person\/c463ca3006858ffb349d11179d044f21\"},\"description\":\"\u201cMar de blues\u201d celebra a s\u00faa cuarta edici\u00f3n con m\u00e1is artistas internacionais. O concello da Guarda xunto a Deputaci\u00f3n de Pontecedra en\",\"breadcrumb\":{\"@id\":\"https:\/\/www.aguarda.es\/en\/mar-de-blues-convertera-a-guarda-no-epicentro-mundial-do-blues\/#breadcrumb\"},\"inLanguage\":\"en-US\",\"potentialAction\":[{\"@type\":\"ReadAction\",\"target\":[\"https:\/\/www.aguarda.es\/en\/mar-de-blues-convertera-a-guarda-no-epicentro-mundial-do-blues\/\"]}]},{\"@type\":\"BreadcrumbList\",\"@id\":\"https:\/\/www.aguarda.es\/en\/mar-de-blues-convertera-a-guarda-no-epicentro-mundial-do-blues\/#breadcrumb\",\"itemListElement\":[{\"@type\":\"ListItem\",\"position\":1,\"name\":\"Portada\",\"item\":\"https:\/\/www.aguarda.es\/en\/\"},{\"@type\":\"ListItem\",\"position\":2,\"name\":\"\u2018Mar de blues\u2019 converter\u00e1 A Guarda no epicentro mundial do blues\"}]},{\"@type\":\"WebSite\",\"@id\":\"https:\/\/www.aguarda.es\/en\/#website\",\"url\":\"https:\/\/www.aguarda.es\/en\/\",\"name\":\"Concello da Guarda\",\"description\":\"P\u00e1xina web do concello da Guarda\",\"potentialAction\":[{\"@type\":\"SearchAction\",\"target\":{\"@type\":\"EntryPoint\",\"urlTemplate\":\"https:\/\/www.aguarda.es\/en\/?s={search_term_string}\"},\"query-input\":\"required name=search_term_string\"}],\"inLanguage\":\"en-US\"},{\"@type\":\"Person\",\"@id\":\"https:\/\/www.aguarda.es\/en\/#\/schema\/person\/c463ca3006858ffb349d11179d044f21\",\"name\":\"prensa\",\"image\":{\"@type\":\"ImageObject\",\"inLanguage\":\"en-US\",\"@id\":\"https:\/\/www.aguarda.es\/en\/#\/schema\/person\/image\/\",\"url\":\"https:\/\/secure.gravatar.com\/avatar\/5f90ef536b0f98306edf5c7a1135ffa1?s=96&d=mm&r=g\",\"contentUrl\":\"https:\/\/secure.gravatar.com\/avatar\/5f90ef536b0f98306edf5c7a1135ffa1?s=96&d=mm&r=g\",\"caption\":\"prensa\"},\"url\":\"https:\/\/www.aguarda.es\/en\/author\/prensa\/\"}]}<\/script>\n<!-- \/ Yoast SEO plugin. -->","yoast_head_json":{"title":"\u2018Mar de blues\u2019 converter\u00e1 A Guarda no epicentro mundial do blues - Concello da Guarda","description":"\u201cMar de blues\u201d celebra a s\u00faa cuarta edici\u00f3n con m\u00e1is artistas internacionais. O concello da Guarda xunto a Deputaci\u00f3n de Pontecedra en","robots":{"index":"index","follow":"follow","max-snippet":"max-snippet:-1","max-image-preview":"max-image-preview:large","max-video-preview":"max-video-preview:-1"},"canonical":"https:\/\/www.aguarda.es\/en\/mar-de-blues-convertera-a-guarda-no-epicentro-mundial-do-blues\/","og_locale":"en_US","og_type":"article","og_title":"\u2018Mar de blues\u2019 converter\u00e1 A Guarda no epicentro mundial do blues - Concello da Guarda","og_description":"\u201cMar de blues\u201d celebra a s\u00faa cuarta edici\u00f3n con m\u00e1is artistas internacionais. O concello da Guarda xunto a Deputaci\u00f3n de Pontecedra en","og_url":"https:\/\/www.aguarda.es\/en\/mar-de-blues-convertera-a-guarda-no-epicentro-mundial-do-blues\/","og_site_name":"Concello da Guarda","article_publisher":"https:\/\/www.facebook.com\/ConcellodaGuarda","article_published_time":"2024-07-03T08:37:33+00:00","article_modified_time":"2025-03-10T10:22:45+00:00","og_image":[{"width":424,"height":600,"url":"https:\/\/www.aguarda.es\/wp-content\/uploads\/2024\/07\/tn_POSTER-MAR-DE-BLUES-2024.png?_t=1741602165","type":"image\/png"}],"author":"prensa","twitter_card":"summary_large_image","twitter_creator":"@AGuarda_es","twitter_site":"@AGuarda_es","twitter_misc":{"Written by":"prensa","Est. reading time":"2 minutes"},"schema":{"@context":"https:\/\/schema.org","@graph":[{"@type":"WebPage","@id":"https:\/\/www.aguarda.es\/en\/mar-de-blues-convertera-a-guarda-no-epicentro-mundial-do-blues\/","url":"https:\/\/www.aguarda.es\/en\/mar-de-blues-convertera-a-guarda-no-epicentro-mundial-do-blues\/","name":"\u2018Mar de blues\u2019 converter\u00e1 A Guarda no epicentro mundial do blues - Concello da Guarda","isPartOf":{"@id":"https:\/\/www.aguarda.es\/en\/#website"},"datePublished":"2024-07-03T08:37:33+00:00","dateModified":"2025-03-10T10:22:45+00:00","author":{"@id":"https:\/\/www.aguarda.es\/en\/#\/schema\/person\/c463ca3006858ffb349d11179d044f21"},"description":"\u201cMar de blues\u201d celebra a s\u00faa cuarta edici\u00f3n con m\u00e1is artistas internacionais. O concello da Guarda xunto a Deputaci\u00f3n de Pontecedra en","breadcrumb":{"@id":"https:\/\/www.aguarda.es\/en\/mar-de-blues-convertera-a-guarda-no-epicentro-mundial-do-blues\/#breadcrumb"},"inLanguage":"en-US","potentialAction":[{"@type":"ReadAction","target":["https:\/\/www.aguarda.es\/en\/mar-de-blues-convertera-a-guarda-no-epicentro-mundial-do-blues\/"]}]},{"@type":"BreadcrumbList","@id":"https:\/\/www.aguarda.es\/en\/mar-de-blues-convertera-a-guarda-no-epicentro-mundial-do-blues\/#breadcrumb","itemListElement":[{"@type":"ListItem","position":1,"name":"Portada","item":"https:\/\/www.aguarda.es\/en\/"},{"@type":"ListItem","position":2,"name":"\u2018Mar de blues\u2019 converter\u00e1 A Guarda no epicentro mundial do blues"}]},{"@type":"WebSite","@id":"https:\/\/www.aguarda.es\/en\/#website","url":"https:\/\/www.aguarda.es\/en\/","name":"Concello da Guarda","description":"P\u00e1xina web do concello da Guarda","potentialAction":[{"@type":"SearchAction","target":{"@type":"EntryPoint","urlTemplate":"https:\/\/www.aguarda.es\/en\/?s={search_term_string}"},"query-input":"required name=search_term_string"}],"inLanguage":"en-US"},{"@type":"Person","@id":"https:\/\/www.aguarda.es\/en\/#\/schema\/person\/c463ca3006858ffb349d11179d044f21","name":"prensa","image":{"@type":"ImageObject","inLanguage":"en-US","@id":"https:\/\/www.aguarda.es\/en\/#\/schema\/person\/image\/","url":"https:\/\/secure.gravatar.com\/avatar\/5f90ef536b0f98306edf5c7a1135ffa1?s=96&d=mm&r=g","contentUrl":"https:\/\/secure.gravatar.com\/avatar\/5f90ef536b0f98306edf5c7a1135ffa1?s=96&d=mm&r=g","caption":"prensa"},"url":"https:\/\/www.aguarda.es\/en\/author\/prensa\/"}]}},"_links":{"self":[{"href":"https:\/\/www.aguarda.es\/en\/wp-json\/wp\/v2\/posts\/30356"}],"collection":[{"href":"https:\/\/www.aguarda.es\/en\/wp-json\/wp\/v2\/posts"}],"about":[{"href":"https:\/\/www.aguarda.es\/en\/wp-json\/wp\/v2\/types\/post"}],"author":[{"embeddable":true,"href":"https:\/\/www.aguarda.es\/en\/wp-json\/wp\/v2\/users\/2"}],"replies":[{"embeddable":true,"href":"https:\/\/www.aguarda.es\/en\/wp-json\/wp\/v2\/comments?post=30356"}],"version-history":[{"count":2,"href":"https:\/\/www.aguarda.es\/en\/wp-json\/wp\/v2\/posts\/30356\/revisions"}],"predecessor-version":[{"id":32023,"href":"https:\/\/www.aguarda.es\/en\/wp-json\/wp\/v2\/posts\/30356\/revisions\/32023"}],"wp:featuredmedia":[{"embeddable":true,"href":"https:\/\/www.aguarda.es\/en\/wp-json\/wp\/v2\/media\/30354"}],"wp:attachment":[{"href":"https:\/\/www.aguarda.es\/en\/wp-json\/wp\/v2\/media?parent=30356"}],"wp:term":[{"taxonomy":"category","embeddable":true,"href":"https:\/\/www.aguarda.es\/en\/wp-json\/wp\/v2\/categories?post=30356"},{"taxonomy":"post_tag","embeddable":true,"href":"https:\/\/www.aguarda.es\/en\/wp-json\/wp\/v2\/tags?post=30356"}],"curies":[{"name":"wp","href":"https:\/\/api.w.org\/{rel}","templated":true}]}}