{"id":30370,"date":"2024-07-03T09:55:28","date_gmt":"2024-07-03T09:55:28","guid":{"rendered":"https:\/\/www.aguarda.es\/?p=30370"},"modified":"2024-07-03T09:55:28","modified_gmt":"2024-07-03T09:55:28","slug":"a-guarda-presenta-a-sua-axenda-de-veran","status":"publish","type":"post","link":"https:\/\/www.aguarda.es\/en\/a-guarda-presenta-a-sua-axenda-de-veran\/","title":{"rendered":"A Guarda presenta a s\u00faa axenda de ver\u00e1n"},"content":{"rendered":"<p>Actividades, eventos, festas&#8230;todo recollido nunha \u00fanica axenda para que non te perdas nada.<\/p>\n<p><img decoding=\"async\" loading=\"lazy\" class=\"wp-image-30360 alignleft\" src=\"https:\/\/www.aguarda.es\/wp-content\/uploads\/2024\/07\/tn_axenda-2.jpg\" alt=\"\" width=\"342\" height=\"342\" srcset=\"https:\/\/www.aguarda.es\/wp-content\/uploads\/2024\/07\/tn_axenda-2.jpg 600w, https:\/\/www.aguarda.es\/wp-content\/uploads\/2024\/07\/tn_axenda-2-300x300.jpg 300w, https:\/\/www.aguarda.es\/wp-content\/uploads\/2024\/07\/tn_axenda-2-150x150.jpg 150w, https:\/\/www.aguarda.es\/wp-content\/uploads\/2024\/07\/tn_axenda-2-100x100.jpg 100w\" sizes=\"(max-width: 342px) 100vw, 342px\" \/><img decoding=\"async\" loading=\"lazy\" class=\"wp-image-30362 alignleft\" src=\"https:\/\/www.aguarda.es\/wp-content\/uploads\/2024\/07\/tn_axenda-3.jpg\" alt=\"\" width=\"342\" height=\"342\" srcset=\"https:\/\/www.aguarda.es\/wp-content\/uploads\/2024\/07\/tn_axenda-3.jpg 600w, https:\/\/www.aguarda.es\/wp-content\/uploads\/2024\/07\/tn_axenda-3-300x300.jpg 300w, https:\/\/www.aguarda.es\/wp-content\/uploads\/2024\/07\/tn_axenda-3-150x150.jpg 150w, https:\/\/www.aguarda.es\/wp-content\/uploads\/2024\/07\/tn_axenda-3-100x100.jpg 100w\" sizes=\"(max-width: 342px) 100vw, 342px\" \/><img decoding=\"async\" loading=\"lazy\" class=\"wp-image-30364 alignleft\" src=\"https:\/\/www.aguarda.es\/wp-content\/uploads\/2024\/07\/tn_axenda-4.jpg\" alt=\"\" width=\"343\" height=\"343\" srcset=\"https:\/\/www.aguarda.es\/wp-content\/uploads\/2024\/07\/tn_axenda-4.jpg 600w, https:\/\/www.aguarda.es\/wp-content\/uploads\/2024\/07\/tn_axenda-4-300x300.jpg 300w, https:\/\/www.aguarda.es\/wp-content\/uploads\/2024\/07\/tn_axenda-4-150x150.jpg 150w, https:\/\/www.aguarda.es\/wp-content\/uploads\/2024\/07\/tn_axenda-4-100x100.jpg 100w\" sizes=\"(max-width: 343px) 100vw, 343px\" \/><img decoding=\"async\" loading=\"lazy\" class=\"wp-image-30366 alignleft\" src=\"https:\/\/www.aguarda.es\/wp-content\/uploads\/2024\/07\/tn_axenda-5.jpg\" alt=\"\" width=\"339\" height=\"339\" srcset=\"https:\/\/www.aguarda.es\/wp-content\/uploads\/2024\/07\/tn_axenda-5.jpg 600w, https:\/\/www.aguarda.es\/wp-content\/uploads\/2024\/07\/tn_axenda-5-300x300.jpg 300w, https:\/\/www.aguarda.es\/wp-content\/uploads\/2024\/07\/tn_axenda-5-150x150.jpg 150w, https:\/\/www.aguarda.es\/wp-content\/uploads\/2024\/07\/tn_axenda-5-100x100.jpg 100w\" sizes=\"(max-width: 339px) 100vw, 339px\" \/><img decoding=\"async\" loading=\"lazy\" class=\"wp-image-30368 alignleft\" src=\"https:\/\/www.aguarda.es\/wp-content\/uploads\/2024\/07\/tn_axenda-6.jpg\" alt=\"\" width=\"343\" height=\"343\" srcset=\"https:\/\/www.aguarda.es\/wp-content\/uploads\/2024\/07\/tn_axenda-6.jpg 600w, https:\/\/www.aguarda.es\/wp-content\/uploads\/2024\/07\/tn_axenda-6-300x300.jpg 300w, https:\/\/www.aguarda.es\/wp-content\/uploads\/2024\/07\/tn_axenda-6-150x150.jpg 150w, https:\/\/www.aguarda.es\/wp-content\/uploads\/2024\/07\/tn_axenda-6-100x100.jpg 100w\" sizes=\"(max-width: 343px) 100vw, 343px\" \/><\/p>\n","protected":false},"excerpt":{"rendered":"<p>Actividades, eventos, festas&#8230;todo recollido nunha \u00fanica axenda para que non te perdas nada.<\/p>\n","protected":false},"author":2,"featured_media":30358,"comment_status":"closed","ping_status":"closed","sticky":false,"template":"","format":"standard","meta":[],"categories":[34,35,1,56,48,363],"tags":[],"yoast_head":"<!-- This site is optimized with the Yoast SEO plugin v21.1 - https:\/\/yoast.com\/wordpress\/plugins\/seo\/ -->\n<title>A Guarda presenta a s\u00faa axenda de ver\u00e1n - Concello da Guarda<\/title>\n<meta name=\"description\" content=\"Actividades, eventos, festas...todo recollido nunha \u00fanica axenda para que non te perdas nada.\" \/>\n<meta name=\"robots\" content=\"index, follow, max-snippet:-1, max-image-preview:large, max-video-preview:-1\" \/>\n<link rel=\"canonical\" href=\"https:\/\/www.aguarda.es\/en\/a-guarda-presenta-a-sua-axenda-de-veran\/\" \/>\n<meta property=\"og:locale\" content=\"en_US\" \/>\n<meta property=\"og:type\" content=\"article\" \/>\n<meta property=\"og:title\" content=\"A Guarda presenta a s\u00faa axenda de ver\u00e1n - Concello da Guarda\" \/>\n<meta property=\"og:description\" content=\"Actividades, eventos, festas...todo recollido nunha \u00fanica axenda para que non te perdas nada.\" \/>\n<meta property=\"og:url\" content=\"https:\/\/www.aguarda.es\/en\/a-guarda-presenta-a-sua-axenda-de-veran\/\" \/>\n<meta property=\"og:site_name\" content=\"Concello da Guarda\" \/>\n<meta property=\"article:publisher\" content=\"https:\/\/www.facebook.com\/ConcellodaGuarda\" \/>\n<meta property=\"article:published_time\" content=\"2024-07-03T09:55:28+00:00\" \/>\n<meta property=\"og:image\" content=\"https:\/\/www.aguarda.es\/wp-content\/uploads\/2024\/07\/tn_axenda-1.jpg?_t=1720000529\" \/>\n\t<meta property=\"og:image:width\" content=\"600\" \/>\n\t<meta property=\"og:image:height\" content=\"600\" \/>\n\t<meta property=\"og:image:type\" content=\"image\/jpeg\" \/>\n<meta name=\"author\" content=\"prensa\" \/>\n<meta name=\"twitter:card\" content=\"summary_large_image\" \/>\n<meta name=\"twitter:creator\" content=\"@AGuarda_es\" \/>\n<meta name=\"twitter:site\" content=\"@AGuarda_es\" \/>\n<meta name=\"twitter:label1\" content=\"Written by\" \/>\n\t<meta name=\"twitter:data1\" content=\"prensa\" \/>\n\t<meta name=\"twitter:label2\" content=\"Est. reading time\" \/>\n\t<meta name=\"twitter:data2\" content=\"2 minutes\" \/>\n<script type=\"application\/ld+json\" class=\"yoast-schema-graph\">{\"@context\":\"https:\/\/schema.org\",\"@graph\":[{\"@type\":\"WebPage\",\"@id\":\"https:\/\/www.aguarda.es\/en\/a-guarda-presenta-a-sua-axenda-de-veran\/\",\"url\":\"https:\/\/www.aguarda.es\/en\/a-guarda-presenta-a-sua-axenda-de-veran\/\",\"name\":\"A Guarda presenta a s\u00faa axenda de ver\u00e1n - Concello da Guarda\",\"isPartOf\":{\"@id\":\"https:\/\/www.aguarda.es\/en\/#website\"},\"datePublished\":\"2024-07-03T09:55:28+00:00\",\"dateModified\":\"2024-07-03T09:55:28+00:00\",\"author\":{\"@id\":\"https:\/\/www.aguarda.es\/en\/#\/schema\/person\/c463ca3006858ffb349d11179d044f21\"},\"description\":\"Actividades, eventos, festas...todo recollido nunha \u00fanica axenda para que non te perdas nada.\",\"breadcrumb\":{\"@id\":\"https:\/\/www.aguarda.es\/en\/a-guarda-presenta-a-sua-axenda-de-veran\/#breadcrumb\"},\"inLanguage\":\"en-US\",\"potentialAction\":[{\"@type\":\"ReadAction\",\"target\":[\"https:\/\/www.aguarda.es\/en\/a-guarda-presenta-a-sua-axenda-de-veran\/\"]}]},{\"@type\":\"BreadcrumbList\",\"@id\":\"https:\/\/www.aguarda.es\/en\/a-guarda-presenta-a-sua-axenda-de-veran\/#breadcrumb\",\"itemListElement\":[{\"@type\":\"ListItem\",\"position\":1,\"name\":\"Portada\",\"item\":\"https:\/\/www.aguarda.es\/en\/\"},{\"@type\":\"ListItem\",\"position\":2,\"name\":\"A Guarda presenta a s\u00faa axenda de ver\u00e1n\"}]},{\"@type\":\"WebSite\",\"@id\":\"https:\/\/www.aguarda.es\/en\/#website\",\"url\":\"https:\/\/www.aguarda.es\/en\/\",\"name\":\"Concello da Guarda\",\"description\":\"P\u00e1xina web do concello da Guarda\",\"potentialAction\":[{\"@type\":\"SearchAction\",\"target\":{\"@type\":\"EntryPoint\",\"urlTemplate\":\"https:\/\/www.aguarda.es\/en\/?s={search_term_string}\"},\"query-input\":\"required name=search_term_string\"}],\"inLanguage\":\"en-US\"},{\"@type\":\"Person\",\"@id\":\"https:\/\/www.aguarda.es\/en\/#\/schema\/person\/c463ca3006858ffb349d11179d044f21\",\"name\":\"prensa\",\"image\":{\"@type\":\"ImageObject\",\"inLanguage\":\"en-US\",\"@id\":\"https:\/\/www.aguarda.es\/en\/#\/schema\/person\/image\/\",\"url\":\"https:\/\/secure.gravatar.com\/avatar\/5f90ef536b0f98306edf5c7a1135ffa1?s=96&d=mm&r=g\",\"contentUrl\":\"https:\/\/secure.gravatar.com\/avatar\/5f90ef536b0f98306edf5c7a1135ffa1?s=96&d=mm&r=g\",\"caption\":\"prensa\"},\"url\":\"https:\/\/www.aguarda.es\/en\/author\/prensa\/\"}]}<\/script>\n<!-- \/ Yoast SEO plugin. -->","yoast_head_json":{"title":"A Guarda presenta a s\u00faa axenda de ver\u00e1n - Concello da Guarda","description":"Actividades, eventos, festas...todo recollido nunha \u00fanica axenda para que non te perdas nada.","robots":{"index":"index","follow":"follow","max-snippet":"max-snippet:-1","max-image-preview":"max-image-preview:large","max-video-preview":"max-video-preview:-1"},"canonical":"https:\/\/www.aguarda.es\/en\/a-guarda-presenta-a-sua-axenda-de-veran\/","og_locale":"en_US","og_type":"article","og_title":"A Guarda presenta a s\u00faa axenda de ver\u00e1n - Concello da Guarda","og_description":"Actividades, eventos, festas...todo recollido nunha \u00fanica axenda para que non te perdas nada.","og_url":"https:\/\/www.aguarda.es\/en\/a-guarda-presenta-a-sua-axenda-de-veran\/","og_site_name":"Concello da Guarda","article_publisher":"https:\/\/www.facebook.com\/ConcellodaGuarda","article_published_time":"2024-07-03T09:55:28+00:00","og_image":[{"width":600,"height":600,"url":"https:\/\/www.aguarda.es\/wp-content\/uploads\/2024\/07\/tn_axenda-1.jpg?_t=1720000529","type":"image\/jpeg"}],"author":"prensa","twitter_card":"summary_large_image","twitter_creator":"@AGuarda_es","twitter_site":"@AGuarda_es","twitter_misc":{"Written by":"prensa","Est. reading time":"2 minutes"},"schema":{"@context":"https:\/\/schema.org","@graph":[{"@type":"WebPage","@id":"https:\/\/www.aguarda.es\/en\/a-guarda-presenta-a-sua-axenda-de-veran\/","url":"https:\/\/www.aguarda.es\/en\/a-guarda-presenta-a-sua-axenda-de-veran\/","name":"A Guarda presenta a s\u00faa axenda de ver\u00e1n - Concello da Guarda","isPartOf":{"@id":"https:\/\/www.aguarda.es\/en\/#website"},"datePublished":"2024-07-03T09:55:28+00:00","dateModified":"2024-07-03T09:55:28+00:00","author":{"@id":"https:\/\/www.aguarda.es\/en\/#\/schema\/person\/c463ca3006858ffb349d11179d044f21"},"description":"Actividades, eventos, festas...todo recollido nunha \u00fanica axenda para que non te perdas nada.","breadcrumb":{"@id":"https:\/\/www.aguarda.es\/en\/a-guarda-presenta-a-sua-axenda-de-veran\/#breadcrumb"},"inLanguage":"en-US","potentialAction":[{"@type":"ReadAction","target":["https:\/\/www.aguarda.es\/en\/a-guarda-presenta-a-sua-axenda-de-veran\/"]}]},{"@type":"BreadcrumbList","@id":"https:\/\/www.aguarda.es\/en\/a-guarda-presenta-a-sua-axenda-de-veran\/#breadcrumb","itemListElement":[{"@type":"ListItem","position":1,"name":"Portada","item":"https:\/\/www.aguarda.es\/en\/"},{"@type":"ListItem","position":2,"name":"A Guarda presenta a s\u00faa axenda de ver\u00e1n"}]},{"@type":"WebSite","@id":"https:\/\/www.aguarda.es\/en\/#website","url":"https:\/\/www.aguarda.es\/en\/","name":"Concello da Guarda","description":"P\u00e1xina web do concello da Guarda","potentialAction":[{"@type":"SearchAction","target":{"@type":"EntryPoint","urlTemplate":"https:\/\/www.aguarda.es\/en\/?s={search_term_string}"},"query-input":"required name=search_term_string"}],"inLanguage":"en-US"},{"@type":"Person","@id":"https:\/\/www.aguarda.es\/en\/#\/schema\/person\/c463ca3006858ffb349d11179d044f21","name":"prensa","image":{"@type":"ImageObject","inLanguage":"en-US","@id":"https:\/\/www.aguarda.es\/en\/#\/schema\/person\/image\/","url":"https:\/\/secure.gravatar.com\/avatar\/5f90ef536b0f98306edf5c7a1135ffa1?s=96&d=mm&r=g","contentUrl":"https:\/\/secure.gravatar.com\/avatar\/5f90ef536b0f98306edf5c7a1135ffa1?s=96&d=mm&r=g","caption":"prensa"},"url":"https:\/\/www.aguarda.es\/en\/author\/prensa\/"}]}},"_links":{"self":[{"href":"https:\/\/www.aguarda.es\/en\/wp-json\/wp\/v2\/posts\/30370"}],"collection":[{"href":"https:\/\/www.aguarda.es\/en\/wp-json\/wp\/v2\/posts"}],"about":[{"href":"https:\/\/www.aguarda.es\/en\/wp-json\/wp\/v2\/types\/post"}],"author":[{"embeddable":true,"href":"https:\/\/www.aguarda.es\/en\/wp-json\/wp\/v2\/users\/2"}],"replies":[{"embeddable":true,"href":"https:\/\/www.aguarda.es\/en\/wp-json\/wp\/v2\/comments?post=30370"}],"version-history":[{"count":1,"href":"https:\/\/www.aguarda.es\/en\/wp-json\/wp\/v2\/posts\/30370\/revisions"}],"predecessor-version":[{"id":30371,"href":"https:\/\/www.aguarda.es\/en\/wp-json\/wp\/v2\/posts\/30370\/revisions\/30371"}],"wp:featuredmedia":[{"embeddable":true,"href":"https:\/\/www.aguarda.es\/en\/wp-json\/wp\/v2\/media\/30358"}],"wp:attachment":[{"href":"https:\/\/www.aguarda.es\/en\/wp-json\/wp\/v2\/media?parent=30370"}],"wp:term":[{"taxonomy":"category","embeddable":true,"href":"https:\/\/www.aguarda.es\/en\/wp-json\/wp\/v2\/categories?post=30370"},{"taxonomy":"post_tag","embeddable":true,"href":"https:\/\/www.aguarda.es\/en\/wp-json\/wp\/v2\/tags?post=30370"}],"curies":[{"name":"wp","href":"https:\/\/api.w.org\/{rel}","templated":true}]}}