{"id":30494,"date":"2024-07-19T08:10:42","date_gmt":"2024-07-19T08:10:42","guid":{"rendered":"https:\/\/www.aguarda.es\/?p=30494"},"modified":"2024-07-19T08:10:42","modified_gmt":"2024-07-19T08:10:42","slug":"a-guarda-acolleu-con-expectacion-a-presentacion-da-festa-do-mexillon-de-vilanova-de-arousa","status":"publish","type":"post","link":"https:\/\/www.aguarda.es\/en\/a-guarda-acolleu-con-expectacion-a-presentacion-da-festa-do-mexillon-de-vilanova-de-arousa\/","title":{"rendered":"A Guarda acolleu con expectaci\u00f3n a presentaci\u00f3n da Festa do Mexill\u00f3n de Vilanova de Arousa"},"content":{"rendered":"<p class=\"western\" align=\"left\"><span style=\"font-family: Arial, serif\"><span lang=\"gl-ES\">A praza de Avelino Vicente acolleu a presentaci\u00f3n da XXX Festa do Mexill\u00f3n e do Berberecho de Vilanova de Arousa. Moitos guardeses e guardesas acheg\u00e1ronse a degustar os petiscos que preparou o alumnado do obradoiro Mar de Santiago. <\/span><\/span><\/p>\n<p class=\"western\" align=\"left\"><span style=\"font-family: Arial, serif\"><span lang=\"gl-ES\">O alcalde de Vilanova de Arousa, Gonzalo Dur\u00e1n, destacou a calidade do men\u00fa que preparan e tam\u00e9n da s\u00faa relaci\u00f3n coa Guarda, que visita con frecuencia. O alcalde da Guarda, Roberto Carrero, recordou a acollida que deron en Vilanova de Arousa \u00e1 presentaci\u00f3n da Festa da Langosta e como se converteu en todo un \u00e9xito que seguro que se repite coa Festa do Mexill\u00f3n.<\/span><\/span><\/p>\n<p class=\"western\" align=\"left\"><span style=\"font-family: Arial, serif\"><span lang=\"gl-ES\">Ademais, o acto contou con varios invitados de honra, como os presidentes das c\u00e1maras municipais de Vilanova de Cerveira, Rui Teixeira, e de Valen\u00e7a, Jos\u00e9 Manuel Carpinteira. Mais tam\u00e9n coincidiu coa visita do alcalde de Santa Tecla (<\/span><\/span><span style=\"color: #000000\"><span style=\"font-family: Arial, serif\"><span style=\"font-size: medium\"><span lang=\"gl-ES\">El<\/span><\/span><\/span><\/span><span style=\"font-family: Arial, serif\"><span lang=\"gl-ES\"> Salvador), Henry Flores.<\/span><\/span><\/p>\n<p class=\"western\" align=\"left\"><span style=\"font-family: Arial, serif\"><span lang=\"gl-ES\">A XXX Festa do Mexill\u00f3n e do Berberecho celebrarase en Vilanova de Arousa, durante a segunda fin de semana do mes de agosto e contar\u00e1 con actuaci\u00f3ns como Panorama.<\/span><\/span><\/p>\n<p align=\"left\"><img loading=\"lazy\" decoding=\"async\" class=\"aligncenter  wp-image-30492\" src=\"https:\/\/www.aguarda.es\/wp-content\/uploads\/2024\/07\/mejillon-2.jpeg\" alt=\"\" width=\"563\" height=\"563\" srcset=\"https:\/\/www.aguarda.es\/wp-content\/uploads\/2024\/07\/mejillon-2.jpeg 900w, https:\/\/www.aguarda.es\/wp-content\/uploads\/2024\/07\/mejillon-2-300x300.jpeg 300w, https:\/\/www.aguarda.es\/wp-content\/uploads\/2024\/07\/mejillon-2-150x150.jpeg 150w, https:\/\/www.aguarda.es\/wp-content\/uploads\/2024\/07\/mejillon-2-768x768.jpeg 768w, https:\/\/www.aguarda.es\/wp-content\/uploads\/2024\/07\/mejillon-2-100x100.jpeg 100w\" sizes=\"auto, (max-width: 563px) 100vw, 563px\" \/><\/p>\n","protected":false},"excerpt":{"rendered":"<p>A praza de Avelino Vicente acolleu a presentaci\u00f3n da XXX Festa do Mexill\u00f3n e do Berberecho de Vilanova de Arousa. Moitos guardeses e guardesas acheg\u00e1ronse a degustar os petiscos que preparou o alumnado do obradoiro Mar de Santiago. O alcalde &hellip; <\/p>\n","protected":false},"author":2,"featured_media":30488,"comment_status":"closed","ping_status":"closed","sticky":false,"template":"","format":"standard","meta":{"inline_featured_image":false,"footnotes":""},"categories":[56,363],"tags":[],"class_list":["post-30494","post","type-post","status-publish","format-standard","has-post-thumbnail","hentry","category-turismo","category-destacadas"],"yoast_head":"<!-- This site is optimized with the Yoast SEO plugin v28.3 - https:\/\/yoast.com\/product\/yoast-seo-wordpress\/ -->\n<title>A Guarda acolleu con expectaci\u00f3n a presentaci\u00f3n da Festa do Mexill\u00f3n de Vilanova de Arousa - Concello da Guarda<\/title>\n<meta name=\"description\" content=\"A praza de Avelino Vicente acolleu a presentaci\u00f3n da XXX Festa do Mexill\u00f3n e do Berberecho de Vilanova de Arousa.\" \/>\n<meta name=\"robots\" content=\"index, follow, max-snippet:-1, max-image-preview:large, max-video-preview:-1\" \/>\n<link rel=\"canonical\" href=\"https:\/\/www.aguarda.es\/en\/a-guarda-acolleu-con-expectacion-a-presentacion-da-festa-do-mexillon-de-vilanova-de-arousa\/\" \/>\n<meta property=\"og:locale\" content=\"en_US\" \/>\n<meta property=\"og:type\" content=\"article\" \/>\n<meta property=\"og:title\" content=\"A Guarda acolleu con expectaci\u00f3n a presentaci\u00f3n da Festa do Mexill\u00f3n de Vilanova de Arousa - Concello da Guarda\" \/>\n<meta property=\"og:description\" content=\"A praza de Avelino Vicente acolleu a presentaci\u00f3n da XXX Festa do Mexill\u00f3n e do Berberecho de Vilanova de Arousa.\" \/>\n<meta property=\"og:url\" content=\"https:\/\/www.aguarda.es\/en\/a-guarda-acolleu-con-expectacion-a-presentacion-da-festa-do-mexillon-de-vilanova-de-arousa\/\" \/>\n<meta property=\"og:site_name\" content=\"Concello da Guarda\" \/>\n<meta property=\"article:publisher\" content=\"https:\/\/www.facebook.com\/ConcellodaGuarda\" \/>\n<meta property=\"article:published_time\" content=\"2024-07-19T08:10:42+00:00\" \/>\n<meta property=\"og:image\" content=\"https:\/\/www.aguarda.es\/wp-content\/uploads\/2024\/07\/mejillon-3.jpeg?_t=1721376643\" \/>\n\t<meta property=\"og:image:width\" content=\"900\" \/>\n\t<meta property=\"og:image:height\" content=\"900\" \/>\n\t<meta property=\"og:image:type\" content=\"image\/jpeg\" \/>\n<meta name=\"author\" content=\"prensa\" \/>\n<meta name=\"twitter:card\" content=\"summary_large_image\" \/>\n<meta name=\"twitter:creator\" content=\"@AGuarda_es\" \/>\n<meta name=\"twitter:site\" content=\"@AGuarda_es\" \/>\n<meta name=\"twitter:label1\" content=\"Written by\" \/>\n\t<meta name=\"twitter:data1\" content=\"prensa\" \/>\n\t<meta name=\"twitter:label2\" content=\"Est. reading time\" \/>\n\t<meta name=\"twitter:data2\" content=\"2 minutes\" \/>\n<script type=\"application\/ld+json\" class=\"yoast-schema-graph\">{\"@context\":\"https:\\\/\\\/schema.org\",\"@graph\":[{\"@type\":\"Article\",\"@id\":\"https:\\\/\\\/www.aguarda.es\\\/en\\\/a-guarda-acolleu-con-expectacion-a-presentacion-da-festa-do-mexillon-de-vilanova-de-arousa\\\/#article\",\"isPartOf\":{\"@id\":\"https:\\\/\\\/www.aguarda.es\\\/en\\\/a-guarda-acolleu-con-expectacion-a-presentacion-da-festa-do-mexillon-de-vilanova-de-arousa\\\/\"},\"author\":{\"name\":\"prensa\",\"@id\":\"https:\\\/\\\/www.aguarda.es\\\/en\\\/#\\\/schema\\\/person\\\/c463ca3006858ffb349d11179d044f21\"},\"headline\":\"A Guarda acolleu con expectaci\u00f3n a presentaci\u00f3n da Festa do Mexill\u00f3n de Vilanova de Arousa\",\"datePublished\":\"2024-07-19T08:10:42+00:00\",\"mainEntityOfPage\":{\"@id\":\"https:\\\/\\\/www.aguarda.es\\\/en\\\/a-guarda-acolleu-con-expectacion-a-presentacion-da-festa-do-mexillon-de-vilanova-de-arousa\\\/\"},\"wordCount\":203,\"image\":{\"@id\":\"https:\\\/\\\/www.aguarda.es\\\/en\\\/a-guarda-acolleu-con-expectacion-a-presentacion-da-festa-do-mexillon-de-vilanova-de-arousa\\\/#primaryimage\"},\"thumbnailUrl\":\"https:\\\/\\\/www.aguarda.es\\\/wp-content\\\/uploads\\\/2024\\\/07\\\/mejillon-3.jpeg\",\"articleSection\":[\"Turismo\",\"| Novas Destacadas\"],\"inLanguage\":\"en-US\"},{\"@type\":\"WebPage\",\"@id\":\"https:\\\/\\\/www.aguarda.es\\\/en\\\/a-guarda-acolleu-con-expectacion-a-presentacion-da-festa-do-mexillon-de-vilanova-de-arousa\\\/\",\"url\":\"https:\\\/\\\/www.aguarda.es\\\/en\\\/a-guarda-acolleu-con-expectacion-a-presentacion-da-festa-do-mexillon-de-vilanova-de-arousa\\\/\",\"name\":\"A Guarda acolleu con expectaci\u00f3n a presentaci\u00f3n da Festa do Mexill\u00f3n de Vilanova de Arousa - Concello da Guarda\",\"isPartOf\":{\"@id\":\"https:\\\/\\\/www.aguarda.es\\\/en\\\/#website\"},\"primaryImageOfPage\":{\"@id\":\"https:\\\/\\\/www.aguarda.es\\\/en\\\/a-guarda-acolleu-con-expectacion-a-presentacion-da-festa-do-mexillon-de-vilanova-de-arousa\\\/#primaryimage\"},\"image\":{\"@id\":\"https:\\\/\\\/www.aguarda.es\\\/en\\\/a-guarda-acolleu-con-expectacion-a-presentacion-da-festa-do-mexillon-de-vilanova-de-arousa\\\/#primaryimage\"},\"thumbnailUrl\":\"https:\\\/\\\/www.aguarda.es\\\/wp-content\\\/uploads\\\/2024\\\/07\\\/mejillon-3.jpeg\",\"datePublished\":\"2024-07-19T08:10:42+00:00\",\"author\":{\"@id\":\"https:\\\/\\\/www.aguarda.es\\\/en\\\/#\\\/schema\\\/person\\\/c463ca3006858ffb349d11179d044f21\"},\"description\":\"A praza de Avelino Vicente acolleu a presentaci\u00f3n da XXX Festa do Mexill\u00f3n e do Berberecho de Vilanova de Arousa.\",\"breadcrumb\":{\"@id\":\"https:\\\/\\\/www.aguarda.es\\\/en\\\/a-guarda-acolleu-con-expectacion-a-presentacion-da-festa-do-mexillon-de-vilanova-de-arousa\\\/#breadcrumb\"},\"inLanguage\":\"en-US\",\"potentialAction\":[{\"@type\":\"ReadAction\",\"target\":[\"https:\\\/\\\/www.aguarda.es\\\/en\\\/a-guarda-acolleu-con-expectacion-a-presentacion-da-festa-do-mexillon-de-vilanova-de-arousa\\\/\"]}]},{\"@type\":\"ImageObject\",\"inLanguage\":\"en-US\",\"@id\":\"https:\\\/\\\/www.aguarda.es\\\/en\\\/a-guarda-acolleu-con-expectacion-a-presentacion-da-festa-do-mexillon-de-vilanova-de-arousa\\\/#primaryimage\",\"url\":\"https:\\\/\\\/www.aguarda.es\\\/wp-content\\\/uploads\\\/2024\\\/07\\\/mejillon-3.jpeg\",\"contentUrl\":\"https:\\\/\\\/www.aguarda.es\\\/wp-content\\\/uploads\\\/2024\\\/07\\\/mejillon-3.jpeg\",\"width\":900,\"height\":900},{\"@type\":\"BreadcrumbList\",\"@id\":\"https:\\\/\\\/www.aguarda.es\\\/en\\\/a-guarda-acolleu-con-expectacion-a-presentacion-da-festa-do-mexillon-de-vilanova-de-arousa\\\/#breadcrumb\",\"itemListElement\":[{\"@type\":\"ListItem\",\"position\":1,\"name\":\"Portada\",\"item\":\"https:\\\/\\\/www.aguarda.es\\\/en\\\/\"},{\"@type\":\"ListItem\",\"position\":2,\"name\":\"A Guarda acolleu con expectaci\u00f3n a presentaci\u00f3n da Festa do Mexill\u00f3n de Vilanova de Arousa\"}]},{\"@type\":\"WebSite\",\"@id\":\"https:\\\/\\\/www.aguarda.es\\\/en\\\/#website\",\"url\":\"https:\\\/\\\/www.aguarda.es\\\/en\\\/\",\"name\":\"Concello da Guarda\",\"description\":\"P\u00e1xina web do concello da Guarda\",\"potentialAction\":[{\"@type\":\"SearchAction\",\"target\":{\"@type\":\"EntryPoint\",\"urlTemplate\":\"https:\\\/\\\/www.aguarda.es\\\/en\\\/?s={search_term_string}\"},\"query-input\":{\"@type\":\"PropertyValueSpecification\",\"valueRequired\":true,\"valueName\":\"search_term_string\"}}],\"inLanguage\":\"en-US\"},{\"@type\":\"Person\",\"@id\":\"https:\\\/\\\/www.aguarda.es\\\/en\\\/#\\\/schema\\\/person\\\/c463ca3006858ffb349d11179d044f21\",\"name\":\"prensa\",\"image\":{\"@type\":\"ImageObject\",\"inLanguage\":\"en-US\",\"@id\":\"https:\\\/\\\/secure.gravatar.com\\\/avatar\\\/387e117f874ba5d0a3439060b45d914395d77287b2e4890a49d1599fc3ef9189?s=96&d=mm&r=g\",\"url\":\"https:\\\/\\\/secure.gravatar.com\\\/avatar\\\/387e117f874ba5d0a3439060b45d914395d77287b2e4890a49d1599fc3ef9189?s=96&d=mm&r=g\",\"contentUrl\":\"https:\\\/\\\/secure.gravatar.com\\\/avatar\\\/387e117f874ba5d0a3439060b45d914395d77287b2e4890a49d1599fc3ef9189?s=96&d=mm&r=g\",\"caption\":\"prensa\"},\"url\":\"https:\\\/\\\/www.aguarda.es\\\/en\\\/author\\\/prensa\\\/\"}]}<\/script>\n<!-- \/ Yoast SEO plugin. -->","yoast_head_json":{"title":"A Guarda acolleu con expectaci\u00f3n a presentaci\u00f3n da Festa do Mexill\u00f3n de Vilanova de Arousa - Concello da Guarda","description":"A praza de Avelino Vicente acolleu a presentaci\u00f3n da XXX Festa do Mexill\u00f3n e do Berberecho de Vilanova de Arousa.","robots":{"index":"index","follow":"follow","max-snippet":"max-snippet:-1","max-image-preview":"max-image-preview:large","max-video-preview":"max-video-preview:-1"},"canonical":"https:\/\/www.aguarda.es\/en\/a-guarda-acolleu-con-expectacion-a-presentacion-da-festa-do-mexillon-de-vilanova-de-arousa\/","og_locale":"en_US","og_type":"article","og_title":"A Guarda acolleu con expectaci\u00f3n a presentaci\u00f3n da Festa do Mexill\u00f3n de Vilanova de Arousa - Concello da Guarda","og_description":"A praza de Avelino Vicente acolleu a presentaci\u00f3n da XXX Festa do Mexill\u00f3n e do Berberecho de Vilanova de Arousa.","og_url":"https:\/\/www.aguarda.es\/en\/a-guarda-acolleu-con-expectacion-a-presentacion-da-festa-do-mexillon-de-vilanova-de-arousa\/","og_site_name":"Concello da Guarda","article_publisher":"https:\/\/www.facebook.com\/ConcellodaGuarda","article_published_time":"2024-07-19T08:10:42+00:00","og_image":[{"width":900,"height":900,"url":"https:\/\/www.aguarda.es\/wp-content\/uploads\/2024\/07\/mejillon-3.jpeg?_t=1721376643","type":"image\/jpeg"}],"author":"prensa","twitter_card":"summary_large_image","twitter_creator":"@AGuarda_es","twitter_site":"@AGuarda_es","twitter_misc":{"Written by":"prensa","Est. reading time":"2 minutes"},"schema":{"@context":"https:\/\/schema.org","@graph":[{"@type":"Article","@id":"https:\/\/www.aguarda.es\/en\/a-guarda-acolleu-con-expectacion-a-presentacion-da-festa-do-mexillon-de-vilanova-de-arousa\/#article","isPartOf":{"@id":"https:\/\/www.aguarda.es\/en\/a-guarda-acolleu-con-expectacion-a-presentacion-da-festa-do-mexillon-de-vilanova-de-arousa\/"},"author":{"name":"prensa","@id":"https:\/\/www.aguarda.es\/en\/#\/schema\/person\/c463ca3006858ffb349d11179d044f21"},"headline":"A Guarda acolleu con expectaci\u00f3n a presentaci\u00f3n da Festa do Mexill\u00f3n de Vilanova de Arousa","datePublished":"2024-07-19T08:10:42+00:00","mainEntityOfPage":{"@id":"https:\/\/www.aguarda.es\/en\/a-guarda-acolleu-con-expectacion-a-presentacion-da-festa-do-mexillon-de-vilanova-de-arousa\/"},"wordCount":203,"image":{"@id":"https:\/\/www.aguarda.es\/en\/a-guarda-acolleu-con-expectacion-a-presentacion-da-festa-do-mexillon-de-vilanova-de-arousa\/#primaryimage"},"thumbnailUrl":"https:\/\/www.aguarda.es\/wp-content\/uploads\/2024\/07\/mejillon-3.jpeg","articleSection":["Turismo","| Novas Destacadas"],"inLanguage":"en-US"},{"@type":"WebPage","@id":"https:\/\/www.aguarda.es\/en\/a-guarda-acolleu-con-expectacion-a-presentacion-da-festa-do-mexillon-de-vilanova-de-arousa\/","url":"https:\/\/www.aguarda.es\/en\/a-guarda-acolleu-con-expectacion-a-presentacion-da-festa-do-mexillon-de-vilanova-de-arousa\/","name":"A Guarda acolleu con expectaci\u00f3n a presentaci\u00f3n da Festa do Mexill\u00f3n de Vilanova de Arousa - Concello da Guarda","isPartOf":{"@id":"https:\/\/www.aguarda.es\/en\/#website"},"primaryImageOfPage":{"@id":"https:\/\/www.aguarda.es\/en\/a-guarda-acolleu-con-expectacion-a-presentacion-da-festa-do-mexillon-de-vilanova-de-arousa\/#primaryimage"},"image":{"@id":"https:\/\/www.aguarda.es\/en\/a-guarda-acolleu-con-expectacion-a-presentacion-da-festa-do-mexillon-de-vilanova-de-arousa\/#primaryimage"},"thumbnailUrl":"https:\/\/www.aguarda.es\/wp-content\/uploads\/2024\/07\/mejillon-3.jpeg","datePublished":"2024-07-19T08:10:42+00:00","author":{"@id":"https:\/\/www.aguarda.es\/en\/#\/schema\/person\/c463ca3006858ffb349d11179d044f21"},"description":"A praza de Avelino Vicente acolleu a presentaci\u00f3n da XXX Festa do Mexill\u00f3n e do Berberecho de Vilanova de Arousa.","breadcrumb":{"@id":"https:\/\/www.aguarda.es\/en\/a-guarda-acolleu-con-expectacion-a-presentacion-da-festa-do-mexillon-de-vilanova-de-arousa\/#breadcrumb"},"inLanguage":"en-US","potentialAction":[{"@type":"ReadAction","target":["https:\/\/www.aguarda.es\/en\/a-guarda-acolleu-con-expectacion-a-presentacion-da-festa-do-mexillon-de-vilanova-de-arousa\/"]}]},{"@type":"ImageObject","inLanguage":"en-US","@id":"https:\/\/www.aguarda.es\/en\/a-guarda-acolleu-con-expectacion-a-presentacion-da-festa-do-mexillon-de-vilanova-de-arousa\/#primaryimage","url":"https:\/\/www.aguarda.es\/wp-content\/uploads\/2024\/07\/mejillon-3.jpeg","contentUrl":"https:\/\/www.aguarda.es\/wp-content\/uploads\/2024\/07\/mejillon-3.jpeg","width":900,"height":900},{"@type":"BreadcrumbList","@id":"https:\/\/www.aguarda.es\/en\/a-guarda-acolleu-con-expectacion-a-presentacion-da-festa-do-mexillon-de-vilanova-de-arousa\/#breadcrumb","itemListElement":[{"@type":"ListItem","position":1,"name":"Portada","item":"https:\/\/www.aguarda.es\/en\/"},{"@type":"ListItem","position":2,"name":"A Guarda acolleu con expectaci\u00f3n a presentaci\u00f3n da Festa do Mexill\u00f3n de Vilanova de Arousa"}]},{"@type":"WebSite","@id":"https:\/\/www.aguarda.es\/en\/#website","url":"https:\/\/www.aguarda.es\/en\/","name":"Concello da Guarda","description":"P\u00e1xina web do concello da Guarda","potentialAction":[{"@type":"SearchAction","target":{"@type":"EntryPoint","urlTemplate":"https:\/\/www.aguarda.es\/en\/?s={search_term_string}"},"query-input":{"@type":"PropertyValueSpecification","valueRequired":true,"valueName":"search_term_string"}}],"inLanguage":"en-US"},{"@type":"Person","@id":"https:\/\/www.aguarda.es\/en\/#\/schema\/person\/c463ca3006858ffb349d11179d044f21","name":"prensa","image":{"@type":"ImageObject","inLanguage":"en-US","@id":"https:\/\/secure.gravatar.com\/avatar\/387e117f874ba5d0a3439060b45d914395d77287b2e4890a49d1599fc3ef9189?s=96&d=mm&r=g","url":"https:\/\/secure.gravatar.com\/avatar\/387e117f874ba5d0a3439060b45d914395d77287b2e4890a49d1599fc3ef9189?s=96&d=mm&r=g","contentUrl":"https:\/\/secure.gravatar.com\/avatar\/387e117f874ba5d0a3439060b45d914395d77287b2e4890a49d1599fc3ef9189?s=96&d=mm&r=g","caption":"prensa"},"url":"https:\/\/www.aguarda.es\/en\/author\/prensa\/"}]}},"_links":{"self":[{"href":"https:\/\/www.aguarda.es\/en\/wp-json\/wp\/v2\/posts\/30494","targetHints":{"allow":["GET"]}}],"collection":[{"href":"https:\/\/www.aguarda.es\/en\/wp-json\/wp\/v2\/posts"}],"about":[{"href":"https:\/\/www.aguarda.es\/en\/wp-json\/wp\/v2\/types\/post"}],"author":[{"embeddable":true,"href":"https:\/\/www.aguarda.es\/en\/wp-json\/wp\/v2\/users\/2"}],"replies":[{"embeddable":true,"href":"https:\/\/www.aguarda.es\/en\/wp-json\/wp\/v2\/comments?post=30494"}],"version-history":[{"count":1,"href":"https:\/\/www.aguarda.es\/en\/wp-json\/wp\/v2\/posts\/30494\/revisions"}],"predecessor-version":[{"id":30495,"href":"https:\/\/www.aguarda.es\/en\/wp-json\/wp\/v2\/posts\/30494\/revisions\/30495"}],"wp:featuredmedia":[{"embeddable":true,"href":"https:\/\/www.aguarda.es\/en\/wp-json\/wp\/v2\/media\/30488"}],"wp:attachment":[{"href":"https:\/\/www.aguarda.es\/en\/wp-json\/wp\/v2\/media?parent=30494"}],"wp:term":[{"taxonomy":"category","embeddable":true,"href":"https:\/\/www.aguarda.es\/en\/wp-json\/wp\/v2\/categories?post=30494"},{"taxonomy":"post_tag","embeddable":true,"href":"https:\/\/www.aguarda.es\/en\/wp-json\/wp\/v2\/tags?post=30494"}],"curies":[{"name":"wp","href":"https:\/\/api.w.org\/{rel}","templated":true}]}}