{"id":30598,"date":"2024-08-01T11:48:28","date_gmt":"2024-08-01T11:48:28","guid":{"rendered":"https:\/\/www.aguarda.es\/?p=30598"},"modified":"2024-08-01T11:48:28","modified_gmt":"2024-08-01T11:48:28","slug":"unha-exposicion-para-conmemorar-os-100-anos-do-via-crucis-do-monte-santa-trega","status":"publish","type":"post","link":"https:\/\/www.aguarda.es\/en\/unha-exposicion-para-conmemorar-os-100-anos-do-via-crucis-do-monte-santa-trega\/","title":{"rendered":"Unha exposici\u00f3n para conmemorar os 100 anos  do V\u00eda Crucis do Monte Santa Trega"},"content":{"rendered":"<p class=\"western\" align=\"left\"><span style=\"font-family: Arial, serif\"><span lang=\"gl-ES\">Do 5 ao 10 de agosto de 2024 ter\u00e1 lugar a <strong>XXVIII Exfimi\u00f1o<\/strong> na Casa dos Alonso, conmemorando o primeiro centenario da construci\u00f3n d<\/span><\/span><span style=\"font-family: Arial, serif\"><span lang=\"gl-ES\">o<\/span><\/span><span style=\"font-family: Arial, serif\"><span lang=\"gl-ES\"> novo <strong>V\u00eda Crucis do monte <\/strong><\/span><\/span><strong><span style=\"font-family: Arial, serif\"><span lang=\"gl-ES\">Santa <\/span><\/span><span style=\"font-family: Arial, serif\"><span lang=\"gl-ES\">T<\/span><\/span><span style=\"font-family: Arial, serif\"><span lang=\"gl-ES\">re<\/span><\/span><\/strong><span style=\"font-family: Arial, serif\"><span lang=\"gl-ES\"><strong>ga<\/strong>. <\/span><\/span><\/p>\n<p class=\"western\" align=\"left\"><span style=\"font-family: Arial, serif\"><span lang=\"gl-ES\">A exposici\u00f3n incl\u00faese na programaci\u00f3n desta edici\u00f3n das Festas do Monte 2024, polo que a s\u00faa inauguraci\u00f3n celebrarase xusto despois do preg\u00f3n \u00e1s 20:00 horas na Praza do Rel\u00f3. O horario de visitas ser\u00e1 de 11 a 14 horas e de 18 a 20 horas. <\/span><\/span><\/p>\n<p class=\"western\" align=\"left\"><span style=\"font-family: Arial, serif\"><span lang=\"gl-ES\">Na <\/span><\/span><span style=\"font-family: Arial, serif\"><span lang=\"gl-ES\">exposici\u00f3n <\/span><\/span><span style=\"font-family: Arial, serif\"><span lang=\"gl-ES\">participar\u00e1n colecci\u00f3ns de filatelia de Galicia, numism\u00e1tica e outros<\/span><\/span><\/p>\n<p class=\"western\" align=\"left\"><span style=\"font-family: Arial, serif\"><span lang=\"gl-ES\">coleccion<\/span><\/span><span style=\"color: #000000\"><span style=\"font-family: Arial, serif\"><span style=\"font-size: medium\"><span lang=\"gl-ES\">ables<\/span><\/span><\/span><\/span><span style=\"font-family: Arial, serif\"><span lang=\"gl-ES\"> como son chisqueiros ou pousavasos. <\/span><\/span><span style=\"font-family: Arial, serif\"><span lang=\"gl-ES\">Est\u00e1 organizada pola <strong>Sociedade Filat\u00e9lica e Numan\u00edstica Guardesa<\/strong>, en colaboraci\u00f3n co Concello da Guarda e a Deputaci\u00f3n de Pontevedra.<\/span><\/span><\/p>\n","protected":false},"excerpt":{"rendered":"<p>Do 5 ao 10 de agosto de 2024 ter\u00e1 lugar a XXVIII Exfimi\u00f1o na Casa dos Alonso, conmemorando o primeiro centenario da construci\u00f3n do novo V\u00eda Crucis do monte Santa Trega. A exposici\u00f3n incl\u00faese na programaci\u00f3n desta edici\u00f3n das Festas &hellip; <\/p>\n","protected":false},"author":2,"featured_media":30596,"comment_status":"closed","ping_status":"closed","sticky":false,"template":"","format":"standard","meta":[],"categories":[34,363],"tags":[],"yoast_head":"<!-- This site is optimized with the Yoast SEO plugin v21.1 - https:\/\/yoast.com\/wordpress\/plugins\/seo\/ -->\n<title>Unha exposici\u00f3n para conmemorar os 100 anos do V\u00eda Crucis do Monte Santa Trega - Concello da Guarda<\/title>\n<meta name=\"description\" content=\"Do 5 ao 10 de agosto de 2024 ter\u00e1 lugar a XXVIII Exfimi\u00f1o na Casa dos Alonso, conmemorando o primeiro centenario da construci\u00f3n do novo\" \/>\n<meta name=\"robots\" content=\"index, follow, max-snippet:-1, max-image-preview:large, max-video-preview:-1\" \/>\n<link rel=\"canonical\" href=\"https:\/\/www.aguarda.es\/en\/unha-exposicion-para-conmemorar-os-100-anos-do-via-crucis-do-monte-santa-trega\/\" \/>\n<meta property=\"og:locale\" content=\"en_US\" \/>\n<meta property=\"og:type\" content=\"article\" \/>\n<meta property=\"og:title\" content=\"Unha exposici\u00f3n para conmemorar os 100 anos do V\u00eda Crucis do Monte Santa Trega - Concello da Guarda\" \/>\n<meta property=\"og:description\" content=\"Do 5 ao 10 de agosto de 2024 ter\u00e1 lugar a XXVIII Exfimi\u00f1o na Casa dos Alonso, conmemorando o primeiro centenario da construci\u00f3n do novo\" \/>\n<meta property=\"og:url\" content=\"https:\/\/www.aguarda.es\/en\/unha-exposicion-para-conmemorar-os-100-anos-do-via-crucis-do-monte-santa-trega\/\" \/>\n<meta property=\"og:site_name\" content=\"Concello da Guarda\" \/>\n<meta property=\"article:publisher\" content=\"https:\/\/www.facebook.com\/ConcellodaGuarda\" \/>\n<meta property=\"article:published_time\" content=\"2024-08-01T11:48:28+00:00\" \/>\n<meta property=\"og:image\" content=\"https:\/\/www.aguarda.es\/wp-content\/uploads\/2024\/08\/cartel-exfimino.jpeg?_t=1722512908\" \/>\n\t<meta property=\"og:image:width\" content=\"985\" \/>\n\t<meta property=\"og:image:height\" content=\"1391\" \/>\n\t<meta property=\"og:image:type\" content=\"image\/jpeg\" \/>\n<meta name=\"author\" content=\"prensa\" \/>\n<meta name=\"twitter:card\" content=\"summary_large_image\" \/>\n<meta name=\"twitter:creator\" content=\"@AGuarda_es\" \/>\n<meta name=\"twitter:site\" content=\"@AGuarda_es\" \/>\n<meta name=\"twitter:label1\" content=\"Written by\" \/>\n\t<meta name=\"twitter:data1\" content=\"prensa\" \/>\n\t<meta name=\"twitter:label2\" content=\"Est. reading time\" \/>\n\t<meta name=\"twitter:data2\" content=\"1 minute\" \/>\n<script type=\"application\/ld+json\" class=\"yoast-schema-graph\">{\"@context\":\"https:\/\/schema.org\",\"@graph\":[{\"@type\":\"WebPage\",\"@id\":\"https:\/\/www.aguarda.es\/en\/unha-exposicion-para-conmemorar-os-100-anos-do-via-crucis-do-monte-santa-trega\/\",\"url\":\"https:\/\/www.aguarda.es\/en\/unha-exposicion-para-conmemorar-os-100-anos-do-via-crucis-do-monte-santa-trega\/\",\"name\":\"Unha exposici\u00f3n para conmemorar os 100 anos do V\u00eda Crucis do Monte Santa Trega - Concello da Guarda\",\"isPartOf\":{\"@id\":\"https:\/\/www.aguarda.es\/en\/#website\"},\"datePublished\":\"2024-08-01T11:48:28+00:00\",\"dateModified\":\"2024-08-01T11:48:28+00:00\",\"author\":{\"@id\":\"https:\/\/www.aguarda.es\/en\/#\/schema\/person\/c463ca3006858ffb349d11179d044f21\"},\"description\":\"Do 5 ao 10 de agosto de 2024 ter\u00e1 lugar a XXVIII Exfimi\u00f1o na Casa dos Alonso, conmemorando o primeiro centenario da construci\u00f3n do novo\",\"breadcrumb\":{\"@id\":\"https:\/\/www.aguarda.es\/en\/unha-exposicion-para-conmemorar-os-100-anos-do-via-crucis-do-monte-santa-trega\/#breadcrumb\"},\"inLanguage\":\"en-US\",\"potentialAction\":[{\"@type\":\"ReadAction\",\"target\":[\"https:\/\/www.aguarda.es\/en\/unha-exposicion-para-conmemorar-os-100-anos-do-via-crucis-do-monte-santa-trega\/\"]}]},{\"@type\":\"BreadcrumbList\",\"@id\":\"https:\/\/www.aguarda.es\/en\/unha-exposicion-para-conmemorar-os-100-anos-do-via-crucis-do-monte-santa-trega\/#breadcrumb\",\"itemListElement\":[{\"@type\":\"ListItem\",\"position\":1,\"name\":\"Portada\",\"item\":\"https:\/\/www.aguarda.es\/en\/\"},{\"@type\":\"ListItem\",\"position\":2,\"name\":\"Unha exposici\u00f3n para conmemorar os 100 anos do V\u00eda Crucis do Monte Santa Trega\"}]},{\"@type\":\"WebSite\",\"@id\":\"https:\/\/www.aguarda.es\/en\/#website\",\"url\":\"https:\/\/www.aguarda.es\/en\/\",\"name\":\"Concello da Guarda\",\"description\":\"P\u00e1xina web do concello da Guarda\",\"potentialAction\":[{\"@type\":\"SearchAction\",\"target\":{\"@type\":\"EntryPoint\",\"urlTemplate\":\"https:\/\/www.aguarda.es\/en\/?s={search_term_string}\"},\"query-input\":\"required name=search_term_string\"}],\"inLanguage\":\"en-US\"},{\"@type\":\"Person\",\"@id\":\"https:\/\/www.aguarda.es\/en\/#\/schema\/person\/c463ca3006858ffb349d11179d044f21\",\"name\":\"prensa\",\"image\":{\"@type\":\"ImageObject\",\"inLanguage\":\"en-US\",\"@id\":\"https:\/\/www.aguarda.es\/en\/#\/schema\/person\/image\/\",\"url\":\"https:\/\/secure.gravatar.com\/avatar\/5f90ef536b0f98306edf5c7a1135ffa1?s=96&d=mm&r=g\",\"contentUrl\":\"https:\/\/secure.gravatar.com\/avatar\/5f90ef536b0f98306edf5c7a1135ffa1?s=96&d=mm&r=g\",\"caption\":\"prensa\"},\"url\":\"https:\/\/www.aguarda.es\/en\/author\/prensa\/\"}]}<\/script>\n<!-- \/ Yoast SEO plugin. -->","yoast_head_json":{"title":"Unha exposici\u00f3n para conmemorar os 100 anos do V\u00eda Crucis do Monte Santa Trega - Concello da Guarda","description":"Do 5 ao 10 de agosto de 2024 ter\u00e1 lugar a XXVIII Exfimi\u00f1o na Casa dos Alonso, conmemorando o primeiro centenario da construci\u00f3n do novo","robots":{"index":"index","follow":"follow","max-snippet":"max-snippet:-1","max-image-preview":"max-image-preview:large","max-video-preview":"max-video-preview:-1"},"canonical":"https:\/\/www.aguarda.es\/en\/unha-exposicion-para-conmemorar-os-100-anos-do-via-crucis-do-monte-santa-trega\/","og_locale":"en_US","og_type":"article","og_title":"Unha exposici\u00f3n para conmemorar os 100 anos do V\u00eda Crucis do Monte Santa Trega - Concello da Guarda","og_description":"Do 5 ao 10 de agosto de 2024 ter\u00e1 lugar a XXVIII Exfimi\u00f1o na Casa dos Alonso, conmemorando o primeiro centenario da construci\u00f3n do novo","og_url":"https:\/\/www.aguarda.es\/en\/unha-exposicion-para-conmemorar-os-100-anos-do-via-crucis-do-monte-santa-trega\/","og_site_name":"Concello da Guarda","article_publisher":"https:\/\/www.facebook.com\/ConcellodaGuarda","article_published_time":"2024-08-01T11:48:28+00:00","og_image":[{"width":985,"height":1391,"url":"https:\/\/www.aguarda.es\/wp-content\/uploads\/2024\/08\/cartel-exfimino.jpeg?_t=1722512908","type":"image\/jpeg"}],"author":"prensa","twitter_card":"summary_large_image","twitter_creator":"@AGuarda_es","twitter_site":"@AGuarda_es","twitter_misc":{"Written by":"prensa","Est. reading time":"1 minute"},"schema":{"@context":"https:\/\/schema.org","@graph":[{"@type":"WebPage","@id":"https:\/\/www.aguarda.es\/en\/unha-exposicion-para-conmemorar-os-100-anos-do-via-crucis-do-monte-santa-trega\/","url":"https:\/\/www.aguarda.es\/en\/unha-exposicion-para-conmemorar-os-100-anos-do-via-crucis-do-monte-santa-trega\/","name":"Unha exposici\u00f3n para conmemorar os 100 anos do V\u00eda Crucis do Monte Santa Trega - Concello da Guarda","isPartOf":{"@id":"https:\/\/www.aguarda.es\/en\/#website"},"datePublished":"2024-08-01T11:48:28+00:00","dateModified":"2024-08-01T11:48:28+00:00","author":{"@id":"https:\/\/www.aguarda.es\/en\/#\/schema\/person\/c463ca3006858ffb349d11179d044f21"},"description":"Do 5 ao 10 de agosto de 2024 ter\u00e1 lugar a XXVIII Exfimi\u00f1o na Casa dos Alonso, conmemorando o primeiro centenario da construci\u00f3n do novo","breadcrumb":{"@id":"https:\/\/www.aguarda.es\/en\/unha-exposicion-para-conmemorar-os-100-anos-do-via-crucis-do-monte-santa-trega\/#breadcrumb"},"inLanguage":"en-US","potentialAction":[{"@type":"ReadAction","target":["https:\/\/www.aguarda.es\/en\/unha-exposicion-para-conmemorar-os-100-anos-do-via-crucis-do-monte-santa-trega\/"]}]},{"@type":"BreadcrumbList","@id":"https:\/\/www.aguarda.es\/en\/unha-exposicion-para-conmemorar-os-100-anos-do-via-crucis-do-monte-santa-trega\/#breadcrumb","itemListElement":[{"@type":"ListItem","position":1,"name":"Portada","item":"https:\/\/www.aguarda.es\/en\/"},{"@type":"ListItem","position":2,"name":"Unha exposici\u00f3n para conmemorar os 100 anos do V\u00eda Crucis do Monte Santa Trega"}]},{"@type":"WebSite","@id":"https:\/\/www.aguarda.es\/en\/#website","url":"https:\/\/www.aguarda.es\/en\/","name":"Concello da Guarda","description":"P\u00e1xina web do concello da Guarda","potentialAction":[{"@type":"SearchAction","target":{"@type":"EntryPoint","urlTemplate":"https:\/\/www.aguarda.es\/en\/?s={search_term_string}"},"query-input":"required name=search_term_string"}],"inLanguage":"en-US"},{"@type":"Person","@id":"https:\/\/www.aguarda.es\/en\/#\/schema\/person\/c463ca3006858ffb349d11179d044f21","name":"prensa","image":{"@type":"ImageObject","inLanguage":"en-US","@id":"https:\/\/www.aguarda.es\/en\/#\/schema\/person\/image\/","url":"https:\/\/secure.gravatar.com\/avatar\/5f90ef536b0f98306edf5c7a1135ffa1?s=96&d=mm&r=g","contentUrl":"https:\/\/secure.gravatar.com\/avatar\/5f90ef536b0f98306edf5c7a1135ffa1?s=96&d=mm&r=g","caption":"prensa"},"url":"https:\/\/www.aguarda.es\/en\/author\/prensa\/"}]}},"_links":{"self":[{"href":"https:\/\/www.aguarda.es\/en\/wp-json\/wp\/v2\/posts\/30598"}],"collection":[{"href":"https:\/\/www.aguarda.es\/en\/wp-json\/wp\/v2\/posts"}],"about":[{"href":"https:\/\/www.aguarda.es\/en\/wp-json\/wp\/v2\/types\/post"}],"author":[{"embeddable":true,"href":"https:\/\/www.aguarda.es\/en\/wp-json\/wp\/v2\/users\/2"}],"replies":[{"embeddable":true,"href":"https:\/\/www.aguarda.es\/en\/wp-json\/wp\/v2\/comments?post=30598"}],"version-history":[{"count":1,"href":"https:\/\/www.aguarda.es\/en\/wp-json\/wp\/v2\/posts\/30598\/revisions"}],"predecessor-version":[{"id":30599,"href":"https:\/\/www.aguarda.es\/en\/wp-json\/wp\/v2\/posts\/30598\/revisions\/30599"}],"wp:featuredmedia":[{"embeddable":true,"href":"https:\/\/www.aguarda.es\/en\/wp-json\/wp\/v2\/media\/30596"}],"wp:attachment":[{"href":"https:\/\/www.aguarda.es\/en\/wp-json\/wp\/v2\/media?parent=30598"}],"wp:term":[{"taxonomy":"category","embeddable":true,"href":"https:\/\/www.aguarda.es\/en\/wp-json\/wp\/v2\/categories?post=30598"},{"taxonomy":"post_tag","embeddable":true,"href":"https:\/\/www.aguarda.es\/en\/wp-json\/wp\/v2\/tags?post=30598"}],"curies":[{"name":"wp","href":"https:\/\/api.w.org\/{rel}","templated":true}]}}