{"id":30608,"date":"2024-08-02T09:40:25","date_gmt":"2024-08-02T09:40:25","guid":{"rendered":"https:\/\/www.aguarda.es\/?p=30608"},"modified":"2024-08-02T09:40:25","modified_gmt":"2024-08-02T09:40:25","slug":"o-concello-da-guarda-recomenda-o-desbroce-dos-plumachos-para-evitar-a-sua-propagacion","status":"publish","type":"post","link":"https:\/\/www.aguarda.es\/en\/o-concello-da-guarda-recomenda-o-desbroce-dos-plumachos-para-evitar-a-sua-propagacion\/","title":{"rendered":"O Concello da Guarda recomenda o desbroce dos \u2018plumachos\u2019 para evitar a s\u00faa propagaci\u00f3n"},"content":{"rendered":"<p class=\"western\" align=\"left\"><span style=\"font-family: Arial, serif\"><span lang=\"gl-ES\">O Departamento de Medio Ambiente do Concello da Guarda recomenda \u00e1 veci\u00f1anza que te\u00f1a na s\u00faa propiedade o comunmente chamado \u201cplumacho\u201d ou \u201cherba da pampa\u201d que desbroce este ao ras do chan a ser posible.<\/span><\/span><\/p>\n<p class=\"western\" align=\"left\"><span style=\"font-family: Arial, serif\"><span lang=\"gl-ES\">O \u201cplumacho\u201d \u00e9 en realidade a cortaderia selloana, unha especie clasificada como ex\u00f3tica invasora. Esta planta crece moito e rapidamente, polo que pode ser precisa maquinaria pesada para a s\u00faa retirada se non se desbroza a tempo. \u00c9 por iso, polo que se recomenda arrancala da propiedade cando a\u00ednda \u00e9 pequena.<\/span><\/span><\/p>\n<p class=\"western\" align=\"left\"><span style=\"font-family: Arial, serif\"><span lang=\"gl-ES\">Nos meses de agosto e setembro, a planta saca o co\u00f1ecido \u201cplumacho\u201d que solta as sementes, as\u00ed que \u00e9 recomendable o seu desbroce antes da expansi\u00f3n da planta.<\/span><\/span><\/p>\n<p class=\"western\" align=\"left\"><span style=\"font-family: Arial, serif\"><span lang=\"gl-ES\">Para m\u00e1is informaci\u00f3n: <\/span><\/span><span style=\"color: #000080\"><span lang=\"zxx\"><u><a href=\"mailto:medioambiente@aguarda.es\"><span style=\"font-family: Arial, serif\"><span lang=\"gl-ES\">medioambiente@aguarda.es<\/span><\/span><\/a><\/u><\/span><\/span><span style=\"font-family: Arial, serif\"><span lang=\"gl-ES\"> ou no 986 61 00 00.<\/span><\/span><\/p>\n","protected":false},"excerpt":{"rendered":"<p>O Departamento de Medio Ambiente do Concello da Guarda recomenda \u00e1 veci\u00f1anza que te\u00f1a na s\u00faa propiedade o comunmente chamado \u201cplumacho\u201d ou \u201cherba da pampa\u201d que desbroce este ao ras do chan a ser posible. O \u201cplumacho\u201d \u00e9 en realidade &hellip; <\/p>\n","protected":false},"author":2,"featured_media":30606,"comment_status":"closed","ping_status":"closed","sticky":false,"template":"","format":"standard","meta":[],"categories":[40,363],"tags":[],"yoast_head":"<!-- This site is optimized with the Yoast SEO plugin v21.1 - https:\/\/yoast.com\/wordpress\/plugins\/seo\/ -->\n<title>O Concello da Guarda recomenda o desbroce dos \u2018plumachos\u2019 para evitar a s\u00faa propagaci\u00f3n - Concello da Guarda<\/title>\n<meta name=\"description\" content=\"O Departamento de Medio Ambiente do Concello da Guarda recomenda \u00e1 veci\u00f1anza que te\u00f1a na s\u00faa propiedade o comunmente chamado \u201cplumacho\u201d ou\" \/>\n<meta name=\"robots\" content=\"index, follow, max-snippet:-1, max-image-preview:large, max-video-preview:-1\" \/>\n<link rel=\"canonical\" href=\"https:\/\/www.aguarda.es\/en\/o-concello-da-guarda-recomenda-o-desbroce-dos-plumachos-para-evitar-a-sua-propagacion\/\" \/>\n<meta property=\"og:locale\" content=\"en_US\" \/>\n<meta property=\"og:type\" content=\"article\" \/>\n<meta property=\"og:title\" content=\"O Concello da Guarda recomenda o desbroce dos \u2018plumachos\u2019 para evitar a s\u00faa propagaci\u00f3n - Concello da Guarda\" \/>\n<meta property=\"og:description\" content=\"O Departamento de Medio Ambiente do Concello da Guarda recomenda \u00e1 veci\u00f1anza que te\u00f1a na s\u00faa propiedade o comunmente chamado \u201cplumacho\u201d ou\" \/>\n<meta property=\"og:url\" content=\"https:\/\/www.aguarda.es\/en\/o-concello-da-guarda-recomenda-o-desbroce-dos-plumachos-para-evitar-a-sua-propagacion\/\" \/>\n<meta property=\"og:site_name\" content=\"Concello da Guarda\" \/>\n<meta property=\"article:publisher\" content=\"https:\/\/www.facebook.com\/ConcellodaGuarda\" \/>\n<meta property=\"article:published_time\" content=\"2024-08-02T09:40:25+00:00\" \/>\n<meta property=\"og:image\" content=\"https:\/\/www.aguarda.es\/wp-content\/uploads\/2024\/08\/RECOMENDACION.jpg?_t=1722591626\" \/>\n\t<meta property=\"og:image:width\" content=\"1080\" \/>\n\t<meta property=\"og:image:height\" content=\"1080\" \/>\n\t<meta property=\"og:image:type\" content=\"image\/jpeg\" \/>\n<meta name=\"author\" content=\"prensa\" \/>\n<meta name=\"twitter:card\" content=\"summary_large_image\" \/>\n<meta name=\"twitter:creator\" content=\"@AGuarda_es\" \/>\n<meta name=\"twitter:site\" content=\"@AGuarda_es\" \/>\n<meta name=\"twitter:label1\" content=\"Written by\" \/>\n\t<meta name=\"twitter:data1\" content=\"prensa\" \/>\n\t<meta name=\"twitter:label2\" content=\"Est. reading time\" \/>\n\t<meta name=\"twitter:data2\" content=\"1 minute\" \/>\n<script type=\"application\/ld+json\" class=\"yoast-schema-graph\">{\"@context\":\"https:\/\/schema.org\",\"@graph\":[{\"@type\":\"WebPage\",\"@id\":\"https:\/\/www.aguarda.es\/en\/o-concello-da-guarda-recomenda-o-desbroce-dos-plumachos-para-evitar-a-sua-propagacion\/\",\"url\":\"https:\/\/www.aguarda.es\/en\/o-concello-da-guarda-recomenda-o-desbroce-dos-plumachos-para-evitar-a-sua-propagacion\/\",\"name\":\"O Concello da Guarda recomenda o desbroce dos \u2018plumachos\u2019 para evitar a s\u00faa propagaci\u00f3n - Concello da Guarda\",\"isPartOf\":{\"@id\":\"https:\/\/www.aguarda.es\/en\/#website\"},\"datePublished\":\"2024-08-02T09:40:25+00:00\",\"dateModified\":\"2024-08-02T09:40:25+00:00\",\"author\":{\"@id\":\"https:\/\/www.aguarda.es\/en\/#\/schema\/person\/c463ca3006858ffb349d11179d044f21\"},\"description\":\"O Departamento de Medio Ambiente do Concello da Guarda recomenda \u00e1 veci\u00f1anza que te\u00f1a na s\u00faa propiedade o comunmente chamado \u201cplumacho\u201d ou\",\"breadcrumb\":{\"@id\":\"https:\/\/www.aguarda.es\/en\/o-concello-da-guarda-recomenda-o-desbroce-dos-plumachos-para-evitar-a-sua-propagacion\/#breadcrumb\"},\"inLanguage\":\"en-US\",\"potentialAction\":[{\"@type\":\"ReadAction\",\"target\":[\"https:\/\/www.aguarda.es\/en\/o-concello-da-guarda-recomenda-o-desbroce-dos-plumachos-para-evitar-a-sua-propagacion\/\"]}]},{\"@type\":\"BreadcrumbList\",\"@id\":\"https:\/\/www.aguarda.es\/en\/o-concello-da-guarda-recomenda-o-desbroce-dos-plumachos-para-evitar-a-sua-propagacion\/#breadcrumb\",\"itemListElement\":[{\"@type\":\"ListItem\",\"position\":1,\"name\":\"Portada\",\"item\":\"https:\/\/www.aguarda.es\/en\/\"},{\"@type\":\"ListItem\",\"position\":2,\"name\":\"O Concello da Guarda recomenda o desbroce dos \u2018plumachos\u2019 para evitar a s\u00faa propagaci\u00f3n\"}]},{\"@type\":\"WebSite\",\"@id\":\"https:\/\/www.aguarda.es\/en\/#website\",\"url\":\"https:\/\/www.aguarda.es\/en\/\",\"name\":\"Concello da Guarda\",\"description\":\"P\u00e1xina web do concello da Guarda\",\"potentialAction\":[{\"@type\":\"SearchAction\",\"target\":{\"@type\":\"EntryPoint\",\"urlTemplate\":\"https:\/\/www.aguarda.es\/en\/?s={search_term_string}\"},\"query-input\":\"required name=search_term_string\"}],\"inLanguage\":\"en-US\"},{\"@type\":\"Person\",\"@id\":\"https:\/\/www.aguarda.es\/en\/#\/schema\/person\/c463ca3006858ffb349d11179d044f21\",\"name\":\"prensa\",\"image\":{\"@type\":\"ImageObject\",\"inLanguage\":\"en-US\",\"@id\":\"https:\/\/www.aguarda.es\/en\/#\/schema\/person\/image\/\",\"url\":\"https:\/\/secure.gravatar.com\/avatar\/5f90ef536b0f98306edf5c7a1135ffa1?s=96&d=mm&r=g\",\"contentUrl\":\"https:\/\/secure.gravatar.com\/avatar\/5f90ef536b0f98306edf5c7a1135ffa1?s=96&d=mm&r=g\",\"caption\":\"prensa\"},\"url\":\"https:\/\/www.aguarda.es\/en\/author\/prensa\/\"}]}<\/script>\n<!-- \/ Yoast SEO plugin. -->","yoast_head_json":{"title":"O Concello da Guarda recomenda o desbroce dos \u2018plumachos\u2019 para evitar a s\u00faa propagaci\u00f3n - Concello da Guarda","description":"O Departamento de Medio Ambiente do Concello da Guarda recomenda \u00e1 veci\u00f1anza que te\u00f1a na s\u00faa propiedade o comunmente chamado \u201cplumacho\u201d ou","robots":{"index":"index","follow":"follow","max-snippet":"max-snippet:-1","max-image-preview":"max-image-preview:large","max-video-preview":"max-video-preview:-1"},"canonical":"https:\/\/www.aguarda.es\/en\/o-concello-da-guarda-recomenda-o-desbroce-dos-plumachos-para-evitar-a-sua-propagacion\/","og_locale":"en_US","og_type":"article","og_title":"O Concello da Guarda recomenda o desbroce dos \u2018plumachos\u2019 para evitar a s\u00faa propagaci\u00f3n - Concello da Guarda","og_description":"O Departamento de Medio Ambiente do Concello da Guarda recomenda \u00e1 veci\u00f1anza que te\u00f1a na s\u00faa propiedade o comunmente chamado \u201cplumacho\u201d ou","og_url":"https:\/\/www.aguarda.es\/en\/o-concello-da-guarda-recomenda-o-desbroce-dos-plumachos-para-evitar-a-sua-propagacion\/","og_site_name":"Concello da Guarda","article_publisher":"https:\/\/www.facebook.com\/ConcellodaGuarda","article_published_time":"2024-08-02T09:40:25+00:00","og_image":[{"width":1080,"height":1080,"url":"https:\/\/www.aguarda.es\/wp-content\/uploads\/2024\/08\/RECOMENDACION.jpg?_t=1722591626","type":"image\/jpeg"}],"author":"prensa","twitter_card":"summary_large_image","twitter_creator":"@AGuarda_es","twitter_site":"@AGuarda_es","twitter_misc":{"Written by":"prensa","Est. reading time":"1 minute"},"schema":{"@context":"https:\/\/schema.org","@graph":[{"@type":"WebPage","@id":"https:\/\/www.aguarda.es\/en\/o-concello-da-guarda-recomenda-o-desbroce-dos-plumachos-para-evitar-a-sua-propagacion\/","url":"https:\/\/www.aguarda.es\/en\/o-concello-da-guarda-recomenda-o-desbroce-dos-plumachos-para-evitar-a-sua-propagacion\/","name":"O Concello da Guarda recomenda o desbroce dos \u2018plumachos\u2019 para evitar a s\u00faa propagaci\u00f3n - Concello da Guarda","isPartOf":{"@id":"https:\/\/www.aguarda.es\/en\/#website"},"datePublished":"2024-08-02T09:40:25+00:00","dateModified":"2024-08-02T09:40:25+00:00","author":{"@id":"https:\/\/www.aguarda.es\/en\/#\/schema\/person\/c463ca3006858ffb349d11179d044f21"},"description":"O Departamento de Medio Ambiente do Concello da Guarda recomenda \u00e1 veci\u00f1anza que te\u00f1a na s\u00faa propiedade o comunmente chamado \u201cplumacho\u201d ou","breadcrumb":{"@id":"https:\/\/www.aguarda.es\/en\/o-concello-da-guarda-recomenda-o-desbroce-dos-plumachos-para-evitar-a-sua-propagacion\/#breadcrumb"},"inLanguage":"en-US","potentialAction":[{"@type":"ReadAction","target":["https:\/\/www.aguarda.es\/en\/o-concello-da-guarda-recomenda-o-desbroce-dos-plumachos-para-evitar-a-sua-propagacion\/"]}]},{"@type":"BreadcrumbList","@id":"https:\/\/www.aguarda.es\/en\/o-concello-da-guarda-recomenda-o-desbroce-dos-plumachos-para-evitar-a-sua-propagacion\/#breadcrumb","itemListElement":[{"@type":"ListItem","position":1,"name":"Portada","item":"https:\/\/www.aguarda.es\/en\/"},{"@type":"ListItem","position":2,"name":"O Concello da Guarda recomenda o desbroce dos \u2018plumachos\u2019 para evitar a s\u00faa propagaci\u00f3n"}]},{"@type":"WebSite","@id":"https:\/\/www.aguarda.es\/en\/#website","url":"https:\/\/www.aguarda.es\/en\/","name":"Concello da Guarda","description":"P\u00e1xina web do concello da Guarda","potentialAction":[{"@type":"SearchAction","target":{"@type":"EntryPoint","urlTemplate":"https:\/\/www.aguarda.es\/en\/?s={search_term_string}"},"query-input":"required name=search_term_string"}],"inLanguage":"en-US"},{"@type":"Person","@id":"https:\/\/www.aguarda.es\/en\/#\/schema\/person\/c463ca3006858ffb349d11179d044f21","name":"prensa","image":{"@type":"ImageObject","inLanguage":"en-US","@id":"https:\/\/www.aguarda.es\/en\/#\/schema\/person\/image\/","url":"https:\/\/secure.gravatar.com\/avatar\/5f90ef536b0f98306edf5c7a1135ffa1?s=96&d=mm&r=g","contentUrl":"https:\/\/secure.gravatar.com\/avatar\/5f90ef536b0f98306edf5c7a1135ffa1?s=96&d=mm&r=g","caption":"prensa"},"url":"https:\/\/www.aguarda.es\/en\/author\/prensa\/"}]}},"_links":{"self":[{"href":"https:\/\/www.aguarda.es\/en\/wp-json\/wp\/v2\/posts\/30608"}],"collection":[{"href":"https:\/\/www.aguarda.es\/en\/wp-json\/wp\/v2\/posts"}],"about":[{"href":"https:\/\/www.aguarda.es\/en\/wp-json\/wp\/v2\/types\/post"}],"author":[{"embeddable":true,"href":"https:\/\/www.aguarda.es\/en\/wp-json\/wp\/v2\/users\/2"}],"replies":[{"embeddable":true,"href":"https:\/\/www.aguarda.es\/en\/wp-json\/wp\/v2\/comments?post=30608"}],"version-history":[{"count":1,"href":"https:\/\/www.aguarda.es\/en\/wp-json\/wp\/v2\/posts\/30608\/revisions"}],"predecessor-version":[{"id":30609,"href":"https:\/\/www.aguarda.es\/en\/wp-json\/wp\/v2\/posts\/30608\/revisions\/30609"}],"wp:featuredmedia":[{"embeddable":true,"href":"https:\/\/www.aguarda.es\/en\/wp-json\/wp\/v2\/media\/30606"}],"wp:attachment":[{"href":"https:\/\/www.aguarda.es\/en\/wp-json\/wp\/v2\/media?parent=30608"}],"wp:term":[{"taxonomy":"category","embeddable":true,"href":"https:\/\/www.aguarda.es\/en\/wp-json\/wp\/v2\/categories?post=30608"},{"taxonomy":"post_tag","embeddable":true,"href":"https:\/\/www.aguarda.es\/en\/wp-json\/wp\/v2\/tags?post=30608"}],"curies":[{"name":"wp","href":"https:\/\/api.w.org\/{rel}","templated":true}]}}