{"id":30618,"date":"2024-08-06T10:39:21","date_gmt":"2024-08-06T10:39:21","guid":{"rendered":"https:\/\/www.aguarda.es\/?p=30618"},"modified":"2024-08-06T10:39:21","modified_gmt":"2024-08-06T10:39:21","slug":"comunicado-sobre-o-peche-de-atraccions-das-festas-do-monte-2024","status":"publish","type":"post","link":"https:\/\/www.aguarda.es\/en\/comunicado-sobre-o-peche-de-atraccions-das-festas-do-monte-2024\/","title":{"rendered":"COMUNICADO: Sobre o peche de atracci\u00f3ns das  Festas do Monte 2024"},"content":{"rendered":"<p class=\"western\" align=\"left\"><span style=\"font-family: Arial, serif\"><span lang=\"gl-ES\">A <strong>seguridade<\/strong> da cidadan\u00eda e dos visitantes \u00e9 prioritaria para o Concello da Guarda, polo que as<strong> atracci\u00f3ns permanecer\u00e1n pechadas<\/strong> ata que non se poida garantir a seguridade.<\/span><\/span><\/p>\n<p class=\"western\" align=\"left\"><span style=\"font-family: Arial, serif\"><span lang=\"gl-ES\">A documentaci\u00f3n presentada por parte dos feirantes foi deficitaria e non cumpre a <strong>normativa vixente<\/strong>; nalg\u00fans casos falta documentaci\u00f3n t\u00e9cnica, etc.<\/span><\/span><\/p>\n<p class=\"western\" align=\"left\"><span style=\"font-family: Arial, serif\"><span lang=\"gl-ES\">Onte \u00e1 tarde, a horas da apertura das atracci\u00f3ns, presentaron ante o Concello o parte do <\/span><\/span><span style=\"color: #000000\"><span style=\"font-family: Arial, serif\"><span style=\"font-size: medium\"><span lang=\"gl-ES\">enxe\u00f1eiro contratado polos feirantes que acredita a s\u00faa seguridade e boa montaxe, as\u00ed como o seguro de responsabilidade civil. Esta documentaci\u00f3n debe ser revisada polos servizos municipais.<\/span><\/span><\/span><\/span><\/p>\n<p class=\"western\" align=\"left\"><span style=\"color: #000000\"><span style=\"font-family: Arial, serif\"><span style=\"font-size: medium\"><span lang=\"gl-ES\">Todo este proceso garante que a cidadan\u00eda, moitos deles nenos e nenas, desfruten das atracci\u00f3ns e das festas con total seguridade e sen sobresaltos.<\/span><\/span><\/span><\/span><\/p>\n<p class=\"western\" align=\"left\"><span style=\"color: #000000\"><span style=\"font-family: Arial, serif\"><span style=\"font-size: medium\"><span lang=\"gl-ES\">Por \u00faltimo, desde o Concello queremos pedir aos medios de comunicaci\u00f3n que corroboren co consistorio a informaci\u00f3n ou, como m\u00ednimo, den a co\u00f1ecer a s\u00faa versi\u00f3n antes da publicaci\u00f3n de certas informaci\u00f3ns que poden causar falsos rumores ou inseguridade respecto a festa, desacreditando a labor dos traballadores municipais e do goberno da Guarda.<\/span><\/span><\/span><\/span><\/p>\n","protected":false},"excerpt":{"rendered":"<p>A seguridade da cidadan\u00eda e dos visitantes \u00e9 prioritaria para o Concello da Guarda, polo que as atracci\u00f3ns permanecer\u00e1n pechadas ata que non se poida garantir a seguridade. A documentaci\u00f3n presentada por parte dos feirantes foi deficitaria e non cumpre &hellip; <\/p>\n","protected":false},"author":2,"featured_media":30616,"comment_status":"closed","ping_status":"closed","sticky":false,"template":"","format":"standard","meta":[],"categories":[1,363],"tags":[],"yoast_head":"<!-- This site is optimized with the Yoast SEO plugin v21.1 - https:\/\/yoast.com\/wordpress\/plugins\/seo\/ -->\n<title>COMUNICADO: Sobre o peche de atracci\u00f3ns das Festas do Monte 2024 - Concello da Guarda<\/title>\n<meta name=\"description\" content=\"A seguridade da cidadan\u00eda e dos visitantes \u00e9 prioritaria para o Concello da Guarda, polo que as atracci\u00f3ns permanecer\u00e1n pechadas ata que\" \/>\n<meta name=\"robots\" content=\"index, follow, max-snippet:-1, max-image-preview:large, max-video-preview:-1\" \/>\n<link rel=\"canonical\" href=\"https:\/\/www.aguarda.es\/en\/comunicado-sobre-o-peche-de-atraccions-das-festas-do-monte-2024\/\" \/>\n<meta property=\"og:locale\" content=\"en_US\" \/>\n<meta property=\"og:type\" content=\"article\" \/>\n<meta property=\"og:title\" content=\"COMUNICADO: Sobre o peche de atracci\u00f3ns das Festas do Monte 2024 - Concello da Guarda\" \/>\n<meta property=\"og:description\" content=\"A seguridade da cidadan\u00eda e dos visitantes \u00e9 prioritaria para o Concello da Guarda, polo que as atracci\u00f3ns permanecer\u00e1n pechadas ata que\" \/>\n<meta property=\"og:url\" content=\"https:\/\/www.aguarda.es\/en\/comunicado-sobre-o-peche-de-atraccions-das-festas-do-monte-2024\/\" \/>\n<meta property=\"og:site_name\" content=\"Concello da Guarda\" \/>\n<meta property=\"article:publisher\" content=\"https:\/\/www.facebook.com\/ConcellodaGuarda\" \/>\n<meta property=\"article:published_time\" content=\"2024-08-06T10:39:21+00:00\" \/>\n<meta property=\"og:image\" content=\"https:\/\/www.aguarda.es\/wp-content\/uploads\/2024\/08\/post-comunicado.jpg?_t=1722940762\" \/>\n\t<meta property=\"og:image:width\" content=\"1080\" \/>\n\t<meta property=\"og:image:height\" content=\"1080\" \/>\n\t<meta property=\"og:image:type\" content=\"image\/jpeg\" \/>\n<meta name=\"author\" content=\"prensa\" \/>\n<meta name=\"twitter:card\" content=\"summary_large_image\" \/>\n<meta name=\"twitter:creator\" content=\"@AGuarda_es\" \/>\n<meta name=\"twitter:site\" content=\"@AGuarda_es\" \/>\n<meta name=\"twitter:label1\" content=\"Written by\" \/>\n\t<meta name=\"twitter:data1\" content=\"prensa\" \/>\n\t<meta name=\"twitter:label2\" content=\"Est. reading time\" \/>\n\t<meta name=\"twitter:data2\" content=\"1 minute\" \/>\n<script type=\"application\/ld+json\" class=\"yoast-schema-graph\">{\"@context\":\"https:\/\/schema.org\",\"@graph\":[{\"@type\":\"WebPage\",\"@id\":\"https:\/\/www.aguarda.es\/en\/comunicado-sobre-o-peche-de-atraccions-das-festas-do-monte-2024\/\",\"url\":\"https:\/\/www.aguarda.es\/en\/comunicado-sobre-o-peche-de-atraccions-das-festas-do-monte-2024\/\",\"name\":\"COMUNICADO: Sobre o peche de atracci\u00f3ns das Festas do Monte 2024 - Concello da Guarda\",\"isPartOf\":{\"@id\":\"https:\/\/www.aguarda.es\/en\/#website\"},\"datePublished\":\"2024-08-06T10:39:21+00:00\",\"dateModified\":\"2024-08-06T10:39:21+00:00\",\"author\":{\"@id\":\"https:\/\/www.aguarda.es\/en\/#\/schema\/person\/c463ca3006858ffb349d11179d044f21\"},\"description\":\"A seguridade da cidadan\u00eda e dos visitantes \u00e9 prioritaria para o Concello da Guarda, polo que as atracci\u00f3ns permanecer\u00e1n pechadas ata que\",\"breadcrumb\":{\"@id\":\"https:\/\/www.aguarda.es\/en\/comunicado-sobre-o-peche-de-atraccions-das-festas-do-monte-2024\/#breadcrumb\"},\"inLanguage\":\"en-US\",\"potentialAction\":[{\"@type\":\"ReadAction\",\"target\":[\"https:\/\/www.aguarda.es\/en\/comunicado-sobre-o-peche-de-atraccions-das-festas-do-monte-2024\/\"]}]},{\"@type\":\"BreadcrumbList\",\"@id\":\"https:\/\/www.aguarda.es\/en\/comunicado-sobre-o-peche-de-atraccions-das-festas-do-monte-2024\/#breadcrumb\",\"itemListElement\":[{\"@type\":\"ListItem\",\"position\":1,\"name\":\"Portada\",\"item\":\"https:\/\/www.aguarda.es\/en\/\"},{\"@type\":\"ListItem\",\"position\":2,\"name\":\"COMUNICADO: Sobre o peche de atracci\u00f3ns das Festas do Monte 2024\"}]},{\"@type\":\"WebSite\",\"@id\":\"https:\/\/www.aguarda.es\/en\/#website\",\"url\":\"https:\/\/www.aguarda.es\/en\/\",\"name\":\"Concello da Guarda\",\"description\":\"P\u00e1xina web do concello da Guarda\",\"potentialAction\":[{\"@type\":\"SearchAction\",\"target\":{\"@type\":\"EntryPoint\",\"urlTemplate\":\"https:\/\/www.aguarda.es\/en\/?s={search_term_string}\"},\"query-input\":\"required name=search_term_string\"}],\"inLanguage\":\"en-US\"},{\"@type\":\"Person\",\"@id\":\"https:\/\/www.aguarda.es\/en\/#\/schema\/person\/c463ca3006858ffb349d11179d044f21\",\"name\":\"prensa\",\"image\":{\"@type\":\"ImageObject\",\"inLanguage\":\"en-US\",\"@id\":\"https:\/\/www.aguarda.es\/en\/#\/schema\/person\/image\/\",\"url\":\"https:\/\/secure.gravatar.com\/avatar\/5f90ef536b0f98306edf5c7a1135ffa1?s=96&d=mm&r=g\",\"contentUrl\":\"https:\/\/secure.gravatar.com\/avatar\/5f90ef536b0f98306edf5c7a1135ffa1?s=96&d=mm&r=g\",\"caption\":\"prensa\"},\"url\":\"https:\/\/www.aguarda.es\/en\/author\/prensa\/\"}]}<\/script>\n<!-- \/ Yoast SEO plugin. -->","yoast_head_json":{"title":"COMUNICADO: Sobre o peche de atracci\u00f3ns das Festas do Monte 2024 - Concello da Guarda","description":"A seguridade da cidadan\u00eda e dos visitantes \u00e9 prioritaria para o Concello da Guarda, polo que as atracci\u00f3ns permanecer\u00e1n pechadas ata que","robots":{"index":"index","follow":"follow","max-snippet":"max-snippet:-1","max-image-preview":"max-image-preview:large","max-video-preview":"max-video-preview:-1"},"canonical":"https:\/\/www.aguarda.es\/en\/comunicado-sobre-o-peche-de-atraccions-das-festas-do-monte-2024\/","og_locale":"en_US","og_type":"article","og_title":"COMUNICADO: Sobre o peche de atracci\u00f3ns das Festas do Monte 2024 - Concello da Guarda","og_description":"A seguridade da cidadan\u00eda e dos visitantes \u00e9 prioritaria para o Concello da Guarda, polo que as atracci\u00f3ns permanecer\u00e1n pechadas ata que","og_url":"https:\/\/www.aguarda.es\/en\/comunicado-sobre-o-peche-de-atraccions-das-festas-do-monte-2024\/","og_site_name":"Concello da Guarda","article_publisher":"https:\/\/www.facebook.com\/ConcellodaGuarda","article_published_time":"2024-08-06T10:39:21+00:00","og_image":[{"width":1080,"height":1080,"url":"https:\/\/www.aguarda.es\/wp-content\/uploads\/2024\/08\/post-comunicado.jpg?_t=1722940762","type":"image\/jpeg"}],"author":"prensa","twitter_card":"summary_large_image","twitter_creator":"@AGuarda_es","twitter_site":"@AGuarda_es","twitter_misc":{"Written by":"prensa","Est. reading time":"1 minute"},"schema":{"@context":"https:\/\/schema.org","@graph":[{"@type":"WebPage","@id":"https:\/\/www.aguarda.es\/en\/comunicado-sobre-o-peche-de-atraccions-das-festas-do-monte-2024\/","url":"https:\/\/www.aguarda.es\/en\/comunicado-sobre-o-peche-de-atraccions-das-festas-do-monte-2024\/","name":"COMUNICADO: Sobre o peche de atracci\u00f3ns das Festas do Monte 2024 - Concello da Guarda","isPartOf":{"@id":"https:\/\/www.aguarda.es\/en\/#website"},"datePublished":"2024-08-06T10:39:21+00:00","dateModified":"2024-08-06T10:39:21+00:00","author":{"@id":"https:\/\/www.aguarda.es\/en\/#\/schema\/person\/c463ca3006858ffb349d11179d044f21"},"description":"A seguridade da cidadan\u00eda e dos visitantes \u00e9 prioritaria para o Concello da Guarda, polo que as atracci\u00f3ns permanecer\u00e1n pechadas ata que","breadcrumb":{"@id":"https:\/\/www.aguarda.es\/en\/comunicado-sobre-o-peche-de-atraccions-das-festas-do-monte-2024\/#breadcrumb"},"inLanguage":"en-US","potentialAction":[{"@type":"ReadAction","target":["https:\/\/www.aguarda.es\/en\/comunicado-sobre-o-peche-de-atraccions-das-festas-do-monte-2024\/"]}]},{"@type":"BreadcrumbList","@id":"https:\/\/www.aguarda.es\/en\/comunicado-sobre-o-peche-de-atraccions-das-festas-do-monte-2024\/#breadcrumb","itemListElement":[{"@type":"ListItem","position":1,"name":"Portada","item":"https:\/\/www.aguarda.es\/en\/"},{"@type":"ListItem","position":2,"name":"COMUNICADO: Sobre o peche de atracci\u00f3ns das Festas do Monte 2024"}]},{"@type":"WebSite","@id":"https:\/\/www.aguarda.es\/en\/#website","url":"https:\/\/www.aguarda.es\/en\/","name":"Concello da Guarda","description":"P\u00e1xina web do concello da Guarda","potentialAction":[{"@type":"SearchAction","target":{"@type":"EntryPoint","urlTemplate":"https:\/\/www.aguarda.es\/en\/?s={search_term_string}"},"query-input":"required name=search_term_string"}],"inLanguage":"en-US"},{"@type":"Person","@id":"https:\/\/www.aguarda.es\/en\/#\/schema\/person\/c463ca3006858ffb349d11179d044f21","name":"prensa","image":{"@type":"ImageObject","inLanguage":"en-US","@id":"https:\/\/www.aguarda.es\/en\/#\/schema\/person\/image\/","url":"https:\/\/secure.gravatar.com\/avatar\/5f90ef536b0f98306edf5c7a1135ffa1?s=96&d=mm&r=g","contentUrl":"https:\/\/secure.gravatar.com\/avatar\/5f90ef536b0f98306edf5c7a1135ffa1?s=96&d=mm&r=g","caption":"prensa"},"url":"https:\/\/www.aguarda.es\/en\/author\/prensa\/"}]}},"_links":{"self":[{"href":"https:\/\/www.aguarda.es\/en\/wp-json\/wp\/v2\/posts\/30618"}],"collection":[{"href":"https:\/\/www.aguarda.es\/en\/wp-json\/wp\/v2\/posts"}],"about":[{"href":"https:\/\/www.aguarda.es\/en\/wp-json\/wp\/v2\/types\/post"}],"author":[{"embeddable":true,"href":"https:\/\/www.aguarda.es\/en\/wp-json\/wp\/v2\/users\/2"}],"replies":[{"embeddable":true,"href":"https:\/\/www.aguarda.es\/en\/wp-json\/wp\/v2\/comments?post=30618"}],"version-history":[{"count":1,"href":"https:\/\/www.aguarda.es\/en\/wp-json\/wp\/v2\/posts\/30618\/revisions"}],"predecessor-version":[{"id":30619,"href":"https:\/\/www.aguarda.es\/en\/wp-json\/wp\/v2\/posts\/30618\/revisions\/30619"}],"wp:featuredmedia":[{"embeddable":true,"href":"https:\/\/www.aguarda.es\/en\/wp-json\/wp\/v2\/media\/30616"}],"wp:attachment":[{"href":"https:\/\/www.aguarda.es\/en\/wp-json\/wp\/v2\/media?parent=30618"}],"wp:term":[{"taxonomy":"category","embeddable":true,"href":"https:\/\/www.aguarda.es\/en\/wp-json\/wp\/v2\/categories?post=30618"},{"taxonomy":"post_tag","embeddable":true,"href":"https:\/\/www.aguarda.es\/en\/wp-json\/wp\/v2\/tags?post=30618"}],"curies":[{"name":"wp","href":"https:\/\/api.w.org\/{rel}","templated":true}]}}