{"id":30632,"date":"2024-08-07T11:37:32","date_gmt":"2024-08-07T11:37:32","guid":{"rendered":"https:\/\/www.aguarda.es\/?p=30632"},"modified":"2024-08-07T11:37:32","modified_gmt":"2024-08-07T11:37:32","slug":"o-tren-turistico-da-guarda-promete-en-converterse-nun-habitual-do-veran","status":"publish","type":"post","link":"https:\/\/www.aguarda.es\/en\/o-tren-turistico-da-guarda-promete-en-converterse-nun-habitual-do-veran\/","title":{"rendered":"O tren tur\u00edstico da Guarda promete en converterse nun habitual do ver\u00e1n"},"content":{"rendered":"<p class=\"western\" align=\"left\"><span style=\"font-family: Arial, serif\"><span lang=\"gl-ES\">O primeiro fin de semana de xullo comezou a funcionar o tren tur\u00edstico coincidindo coa Festa da Langosta. <\/span><\/span><span style=\"font-family: Arial, serif\"><span lang=\"gl-ES\">Durante este mes foi modificando a ruta e realizando sa\u00edda para atopar a mellor maneira de que o usuario desfrute da nova experiencia de visitar A Guarda.<\/span><\/span><\/p>\n<p class=\"western\" align=\"left\"><span style=\"font-family: Arial, serif\"><span lang=\"gl-ES\">O tren permite contemplar a paisaxe e o patrimonio da Guarda dunha maneira \u00fanica, inclu\u00edndo as vistas desde o monte Santa Trega ata o particular porto guard\u00e9s. <\/span><\/span><span style=\"font-family: Arial, serif\"><span lang=\"gl-ES\">A s\u00faa duraci\u00f3n aproximada \u00e9 de 1 hora e 15 minutos.<\/span><\/span><\/p>\n<p class=\"western\" align=\"left\"><span style=\"font-family: Arial, serif\"><span lang=\"gl-ES\">A <\/span><\/span><span style=\"font-family: Arial, serif\"><span lang=\"gl-ES\">sa\u00eddas real\u00edzanse na <strong>r\u00faa Rosal\u00eda de Castro, en horario de ma\u00f1\u00e1 (10:30, 11:45 e 13:00 horas) e en horario de tarde (16:15, 17:45 e 19:15<\/strong>), mais realizar\u00e1n sempre unha parada previa, uns 15 minutos antes, no Porto da Guarda, para recoller aos usuarios que queiran subir ata o Monte Santa Trega.<\/span><\/span><\/p>\n<p class=\"western\" align=\"left\"><span style=\"font-family: Arial, serif\"><span lang=\"gl-ES\">Xa na cima do monte, o tren realiza unha parada duns 10 minutos para que os pasaxeiros e pasaxeiras admiren as vistas, fagan fotos ou visiten o MASAT.. Mais tam\u00e9n poden quedar no Monte Santa Trega para desfrutar del con tranquilidade e baixar noutra das viaxes do tren. <\/span><\/span><\/p>\n<p class=\"western\" align=\"left\"><span style=\"font-family: Arial, serif\"><span lang=\"gl-ES\">O tren comezar\u00e1 a baixada do Monte \u00e1s 11:00, 12:15 e 13:30 horas da ma\u00f1\u00e1 e pola tarde \u00e1s 17:00, 18:30 e 20:00 horas. <\/span><\/span><span style=\"font-family: Arial, serif\"><span lang=\"gl-ES\">Al\u00ed mesmo, un matrimonio de Barcelona contou que eles baixaban e sub\u00edan diariamente no tren, xa que estaban aloxados no Monte Santa Trega.<\/span><\/span><\/p>\n<p class=\"western\" align=\"left\"><span style=\"font-family: Arial, serif\"><span lang=\"gl-ES\">O prezo para os <strong>adultos \u00e9 de 6\u20ac, mentres que residentes guardeses e nenos de 6 a 14 anos pagar\u00e1n unha taxa reducida de 3\u20ac<\/strong>. O prezo incl\u00fae tam\u00e9n a taxa de acceso ao monte e a visita ao MASAT, ademais do propio paseo en tren. <\/span><\/span><\/p>\n<p class=\"western\" align=\"left\"><span style=\"font-family: Arial, serif\"><span lang=\"gl-ES\">O tren tur\u00edstico conecta dous dos emblemas da Guarda, porto e monte, dun xeito \u00fanico. <\/span><\/span><\/p>\n<p class=\"western\" align=\"left\"><span style=\"font-family: Arial, serif\"><span lang=\"gl-ES\">Para m\u00e1is informaci\u00f3n, existen dou n\u00fameros de tel\u00e9fono e de WhatsApp: 628 689 689 e 654 11 43 18.<\/span><\/span><\/p>\n<p align=\"left\"><img decoding=\"async\" loading=\"lazy\" class=\"aligncenter  wp-image-30628\" src=\"https:\/\/www.aguarda.es\/wp-content\/uploads\/2024\/08\/presentacion-tren-2.jpeg\" alt=\"\" width=\"502\" height=\"502\" srcset=\"https:\/\/www.aguarda.es\/wp-content\/uploads\/2024\/08\/presentacion-tren-2.jpeg 2048w, https:\/\/www.aguarda.es\/wp-content\/uploads\/2024\/08\/presentacion-tren-2-300x300.jpeg 300w, https:\/\/www.aguarda.es\/wp-content\/uploads\/2024\/08\/presentacion-tren-2-1024x1024.jpeg 1024w, https:\/\/www.aguarda.es\/wp-content\/uploads\/2024\/08\/presentacion-tren-2-150x150.jpeg 150w, https:\/\/www.aguarda.es\/wp-content\/uploads\/2024\/08\/presentacion-tren-2-768x768.jpeg 768w, https:\/\/www.aguarda.es\/wp-content\/uploads\/2024\/08\/presentacion-tren-2-1536x1536.jpeg 1536w, https:\/\/www.aguarda.es\/wp-content\/uploads\/2024\/08\/presentacion-tren-2-100x100.jpeg 100w\" sizes=\"(max-width: 502px) 100vw, 502px\" \/><\/p>\n","protected":false},"excerpt":{"rendered":"<p>O primeiro fin de semana de xullo comezou a funcionar o tren tur\u00edstico coincidindo coa Festa da Langosta. Durante este mes foi modificando a ruta e realizando sa\u00edda para atopar a mellor maneira de que o usuario desfrute da nova &hellip; <\/p>\n","protected":false},"author":2,"featured_media":30630,"comment_status":"closed","ping_status":"closed","sticky":false,"template":"","format":"standard","meta":[],"categories":[56,363],"tags":[],"yoast_head":"<!-- This site is optimized with the Yoast SEO plugin v21.1 - https:\/\/yoast.com\/wordpress\/plugins\/seo\/ -->\n<title>O tren tur\u00edstico da Guarda promete en converterse nun habitual do ver\u00e1n - Concello da Guarda<\/title>\n<meta name=\"description\" content=\"O primeiro fin de semana de xullo comezou a funcionar o tren tur\u00edstico coincidindo coa Festa da Langosta. Durante este mes foi modificando\" \/>\n<meta name=\"robots\" content=\"index, follow, max-snippet:-1, max-image-preview:large, max-video-preview:-1\" \/>\n<link rel=\"canonical\" href=\"https:\/\/www.aguarda.es\/en\/o-tren-turistico-da-guarda-promete-en-converterse-nun-habitual-do-veran\/\" \/>\n<meta property=\"og:locale\" content=\"en_US\" \/>\n<meta property=\"og:type\" content=\"article\" \/>\n<meta property=\"og:title\" content=\"O tren tur\u00edstico da Guarda promete en converterse nun habitual do ver\u00e1n - Concello da Guarda\" \/>\n<meta property=\"og:description\" content=\"O primeiro fin de semana de xullo comezou a funcionar o tren tur\u00edstico coincidindo coa Festa da Langosta. Durante este mes foi modificando\" \/>\n<meta property=\"og:url\" content=\"https:\/\/www.aguarda.es\/en\/o-tren-turistico-da-guarda-promete-en-converterse-nun-habitual-do-veran\/\" \/>\n<meta property=\"og:site_name\" content=\"Concello da Guarda\" \/>\n<meta property=\"article:publisher\" content=\"https:\/\/www.facebook.com\/ConcellodaGuarda\" \/>\n<meta property=\"article:published_time\" content=\"2024-08-07T11:37:32+00:00\" \/>\n<meta property=\"og:image\" content=\"https:\/\/www.aguarda.es\/wp-content\/uploads\/2024\/08\/presentacion-tren-1.jpeg?_t=1723030653\" \/>\n\t<meta property=\"og:image:width\" content=\"2040\" \/>\n\t<meta property=\"og:image:height\" content=\"1148\" \/>\n\t<meta property=\"og:image:type\" content=\"image\/jpeg\" \/>\n<meta name=\"author\" content=\"prensa\" \/>\n<meta name=\"twitter:card\" content=\"summary_large_image\" \/>\n<meta name=\"twitter:creator\" content=\"@AGuarda_es\" \/>\n<meta name=\"twitter:site\" content=\"@AGuarda_es\" \/>\n<meta name=\"twitter:label1\" content=\"Written by\" \/>\n\t<meta name=\"twitter:data1\" content=\"prensa\" \/>\n\t<meta name=\"twitter:label2\" content=\"Est. reading time\" \/>\n\t<meta name=\"twitter:data2\" content=\"2 minutes\" \/>\n<script type=\"application\/ld+json\" class=\"yoast-schema-graph\">{\"@context\":\"https:\/\/schema.org\",\"@graph\":[{\"@type\":\"WebPage\",\"@id\":\"https:\/\/www.aguarda.es\/en\/o-tren-turistico-da-guarda-promete-en-converterse-nun-habitual-do-veran\/\",\"url\":\"https:\/\/www.aguarda.es\/en\/o-tren-turistico-da-guarda-promete-en-converterse-nun-habitual-do-veran\/\",\"name\":\"O tren tur\u00edstico da Guarda promete en converterse nun habitual do ver\u00e1n - Concello da Guarda\",\"isPartOf\":{\"@id\":\"https:\/\/www.aguarda.es\/en\/#website\"},\"datePublished\":\"2024-08-07T11:37:32+00:00\",\"dateModified\":\"2024-08-07T11:37:32+00:00\",\"author\":{\"@id\":\"https:\/\/www.aguarda.es\/en\/#\/schema\/person\/c463ca3006858ffb349d11179d044f21\"},\"description\":\"O primeiro fin de semana de xullo comezou a funcionar o tren tur\u00edstico coincidindo coa Festa da Langosta. Durante este mes foi modificando\",\"breadcrumb\":{\"@id\":\"https:\/\/www.aguarda.es\/en\/o-tren-turistico-da-guarda-promete-en-converterse-nun-habitual-do-veran\/#breadcrumb\"},\"inLanguage\":\"en-US\",\"potentialAction\":[{\"@type\":\"ReadAction\",\"target\":[\"https:\/\/www.aguarda.es\/en\/o-tren-turistico-da-guarda-promete-en-converterse-nun-habitual-do-veran\/\"]}]},{\"@type\":\"BreadcrumbList\",\"@id\":\"https:\/\/www.aguarda.es\/en\/o-tren-turistico-da-guarda-promete-en-converterse-nun-habitual-do-veran\/#breadcrumb\",\"itemListElement\":[{\"@type\":\"ListItem\",\"position\":1,\"name\":\"Portada\",\"item\":\"https:\/\/www.aguarda.es\/en\/\"},{\"@type\":\"ListItem\",\"position\":2,\"name\":\"O tren tur\u00edstico da Guarda promete en converterse nun habitual do ver\u00e1n\"}]},{\"@type\":\"WebSite\",\"@id\":\"https:\/\/www.aguarda.es\/en\/#website\",\"url\":\"https:\/\/www.aguarda.es\/en\/\",\"name\":\"Concello da Guarda\",\"description\":\"P\u00e1xina web do concello da Guarda\",\"potentialAction\":[{\"@type\":\"SearchAction\",\"target\":{\"@type\":\"EntryPoint\",\"urlTemplate\":\"https:\/\/www.aguarda.es\/en\/?s={search_term_string}\"},\"query-input\":\"required name=search_term_string\"}],\"inLanguage\":\"en-US\"},{\"@type\":\"Person\",\"@id\":\"https:\/\/www.aguarda.es\/en\/#\/schema\/person\/c463ca3006858ffb349d11179d044f21\",\"name\":\"prensa\",\"image\":{\"@type\":\"ImageObject\",\"inLanguage\":\"en-US\",\"@id\":\"https:\/\/www.aguarda.es\/en\/#\/schema\/person\/image\/\",\"url\":\"https:\/\/secure.gravatar.com\/avatar\/5f90ef536b0f98306edf5c7a1135ffa1?s=96&d=mm&r=g\",\"contentUrl\":\"https:\/\/secure.gravatar.com\/avatar\/5f90ef536b0f98306edf5c7a1135ffa1?s=96&d=mm&r=g\",\"caption\":\"prensa\"},\"url\":\"https:\/\/www.aguarda.es\/en\/author\/prensa\/\"}]}<\/script>\n<!-- \/ Yoast SEO plugin. -->","yoast_head_json":{"title":"O tren tur\u00edstico da Guarda promete en converterse nun habitual do ver\u00e1n - Concello da Guarda","description":"O primeiro fin de semana de xullo comezou a funcionar o tren tur\u00edstico coincidindo coa Festa da Langosta. Durante este mes foi modificando","robots":{"index":"index","follow":"follow","max-snippet":"max-snippet:-1","max-image-preview":"max-image-preview:large","max-video-preview":"max-video-preview:-1"},"canonical":"https:\/\/www.aguarda.es\/en\/o-tren-turistico-da-guarda-promete-en-converterse-nun-habitual-do-veran\/","og_locale":"en_US","og_type":"article","og_title":"O tren tur\u00edstico da Guarda promete en converterse nun habitual do ver\u00e1n - Concello da Guarda","og_description":"O primeiro fin de semana de xullo comezou a funcionar o tren tur\u00edstico coincidindo coa Festa da Langosta. Durante este mes foi modificando","og_url":"https:\/\/www.aguarda.es\/en\/o-tren-turistico-da-guarda-promete-en-converterse-nun-habitual-do-veran\/","og_site_name":"Concello da Guarda","article_publisher":"https:\/\/www.facebook.com\/ConcellodaGuarda","article_published_time":"2024-08-07T11:37:32+00:00","og_image":[{"width":2040,"height":1148,"url":"https:\/\/www.aguarda.es\/wp-content\/uploads\/2024\/08\/presentacion-tren-1.jpeg?_t=1723030653","type":"image\/jpeg"}],"author":"prensa","twitter_card":"summary_large_image","twitter_creator":"@AGuarda_es","twitter_site":"@AGuarda_es","twitter_misc":{"Written by":"prensa","Est. reading time":"2 minutes"},"schema":{"@context":"https:\/\/schema.org","@graph":[{"@type":"WebPage","@id":"https:\/\/www.aguarda.es\/en\/o-tren-turistico-da-guarda-promete-en-converterse-nun-habitual-do-veran\/","url":"https:\/\/www.aguarda.es\/en\/o-tren-turistico-da-guarda-promete-en-converterse-nun-habitual-do-veran\/","name":"O tren tur\u00edstico da Guarda promete en converterse nun habitual do ver\u00e1n - Concello da Guarda","isPartOf":{"@id":"https:\/\/www.aguarda.es\/en\/#website"},"datePublished":"2024-08-07T11:37:32+00:00","dateModified":"2024-08-07T11:37:32+00:00","author":{"@id":"https:\/\/www.aguarda.es\/en\/#\/schema\/person\/c463ca3006858ffb349d11179d044f21"},"description":"O primeiro fin de semana de xullo comezou a funcionar o tren tur\u00edstico coincidindo coa Festa da Langosta. Durante este mes foi modificando","breadcrumb":{"@id":"https:\/\/www.aguarda.es\/en\/o-tren-turistico-da-guarda-promete-en-converterse-nun-habitual-do-veran\/#breadcrumb"},"inLanguage":"en-US","potentialAction":[{"@type":"ReadAction","target":["https:\/\/www.aguarda.es\/en\/o-tren-turistico-da-guarda-promete-en-converterse-nun-habitual-do-veran\/"]}]},{"@type":"BreadcrumbList","@id":"https:\/\/www.aguarda.es\/en\/o-tren-turistico-da-guarda-promete-en-converterse-nun-habitual-do-veran\/#breadcrumb","itemListElement":[{"@type":"ListItem","position":1,"name":"Portada","item":"https:\/\/www.aguarda.es\/en\/"},{"@type":"ListItem","position":2,"name":"O tren tur\u00edstico da Guarda promete en converterse nun habitual do ver\u00e1n"}]},{"@type":"WebSite","@id":"https:\/\/www.aguarda.es\/en\/#website","url":"https:\/\/www.aguarda.es\/en\/","name":"Concello da Guarda","description":"P\u00e1xina web do concello da Guarda","potentialAction":[{"@type":"SearchAction","target":{"@type":"EntryPoint","urlTemplate":"https:\/\/www.aguarda.es\/en\/?s={search_term_string}"},"query-input":"required name=search_term_string"}],"inLanguage":"en-US"},{"@type":"Person","@id":"https:\/\/www.aguarda.es\/en\/#\/schema\/person\/c463ca3006858ffb349d11179d044f21","name":"prensa","image":{"@type":"ImageObject","inLanguage":"en-US","@id":"https:\/\/www.aguarda.es\/en\/#\/schema\/person\/image\/","url":"https:\/\/secure.gravatar.com\/avatar\/5f90ef536b0f98306edf5c7a1135ffa1?s=96&d=mm&r=g","contentUrl":"https:\/\/secure.gravatar.com\/avatar\/5f90ef536b0f98306edf5c7a1135ffa1?s=96&d=mm&r=g","caption":"prensa"},"url":"https:\/\/www.aguarda.es\/en\/author\/prensa\/"}]}},"_links":{"self":[{"href":"https:\/\/www.aguarda.es\/en\/wp-json\/wp\/v2\/posts\/30632"}],"collection":[{"href":"https:\/\/www.aguarda.es\/en\/wp-json\/wp\/v2\/posts"}],"about":[{"href":"https:\/\/www.aguarda.es\/en\/wp-json\/wp\/v2\/types\/post"}],"author":[{"embeddable":true,"href":"https:\/\/www.aguarda.es\/en\/wp-json\/wp\/v2\/users\/2"}],"replies":[{"embeddable":true,"href":"https:\/\/www.aguarda.es\/en\/wp-json\/wp\/v2\/comments?post=30632"}],"version-history":[{"count":1,"href":"https:\/\/www.aguarda.es\/en\/wp-json\/wp\/v2\/posts\/30632\/revisions"}],"predecessor-version":[{"id":30633,"href":"https:\/\/www.aguarda.es\/en\/wp-json\/wp\/v2\/posts\/30632\/revisions\/30633"}],"wp:featuredmedia":[{"embeddable":true,"href":"https:\/\/www.aguarda.es\/en\/wp-json\/wp\/v2\/media\/30630"}],"wp:attachment":[{"href":"https:\/\/www.aguarda.es\/en\/wp-json\/wp\/v2\/media?parent=30632"}],"wp:term":[{"taxonomy":"category","embeddable":true,"href":"https:\/\/www.aguarda.es\/en\/wp-json\/wp\/v2\/categories?post=30632"},{"taxonomy":"post_tag","embeddable":true,"href":"https:\/\/www.aguarda.es\/en\/wp-json\/wp\/v2\/tags?post=30632"}],"curies":[{"name":"wp","href":"https:\/\/api.w.org\/{rel}","templated":true}]}}