{"id":30644,"date":"2024-08-08T10:09:49","date_gmt":"2024-08-08T10:09:49","guid":{"rendered":"https:\/\/www.aguarda.es\/?p=30644"},"modified":"2024-08-08T10:28:10","modified_gmt":"2024-08-08T10:28:10","slug":"a-guarda-recuperara-o-observatorio-ornitoloxico-da-xunqueira-e-renovara-a-pasarela","status":"publish","type":"post","link":"https:\/\/www.aguarda.es\/en\/a-guarda-recuperara-o-observatorio-ornitoloxico-da-xunqueira-e-renovara-a-pasarela\/","title":{"rendered":"A Guarda recuperar\u00e1 o observatorio ornitol\u00f3xico da Xunqueira e renovar\u00e1 a pasarela"},"content":{"rendered":"<p class=\"western\" align=\"left\"><span style=\"font-family: Arial, serif\"><span lang=\"gl-ES\">A<\/span><\/span><span style=\"font-family: Arial, serif\"><span lang=\"gl-ES\"> Xunta de Galicia <\/span><\/span><span style=\"font-family: Arial, serif\"><span lang=\"gl-ES\">pretende<\/span><\/span><span style=\"font-family: Arial, serif\"><span lang=\"gl-ES\"> mellorar os valores diferenciais e a resiliencia ante o cambio clim\u00e1tico da paisaxe transfronteiriza do estuario do Mi\u00f1o-Santa Trega.<\/span><\/span><\/p>\n<p class=\"western\" align=\"left\"><span style=\"font-family: Arial, serif\"><span lang=\"gl-ES\">A <\/span><\/span><span style=\"font-family: Arial, serif\"><span lang=\"gl-ES\">conselleira de Medio Ambiente e Cambio Clim\u00e1tico, \u00c1ngeles V\u00e1zquez, <\/span><\/span><span style=\"font-family: Arial, serif\"><span lang=\"gl-ES\">o<\/span><\/span><span style=\"font-family: Arial, serif\"><span lang=\"gl-ES\"> alcalde da Guarda, Roberto Carrero, o concelleiro de V\u00edas e Obras, Isidro Lomba e o director do Instituto de Estudos do Territorio (IET), <\/span><\/span><span style=\"font-family: Arial, serif\"><span lang=\"gl-ES\">Enrique de Salvador, visitaron o observatorio de aves da Xunqueira,<\/span><\/span><span style=\"font-family: Arial, serif\"><span lang=\"gl-ES\"> cuxa re<\/span><\/span><span style=\"color: #000000\"><span style=\"font-family: Arial, serif\"><span style=\"font-size: medium\"><span lang=\"gl-ES\">habilita<\/span><\/span><\/span><\/span><span style=\"font-family: Arial, serif\"><span lang=\"gl-ES\">ci\u00f3n enm\u00e1rcase no proxecto europeo Green Gap. <\/span><\/span><\/p>\n<p class=\"western\" align=\"left\"><span style=\"font-family: Arial, serif\"><span lang=\"gl-ES\">Ademais,<\/span><\/span><span style=\"font-family: Arial, serif\"><span lang=\"gl-ES\"> a pasarela <\/span><\/span><span style=\"color: #000000\"><span style=\"font-family: Arial, serif\"><span style=\"font-size: medium\"><span lang=\"gl-ES\">ser\u00e1 rehabilitada para facilitar o acceso nesta zona<\/span><\/span><\/span><\/span> <span style=\"font-family: Arial, serif\"><span lang=\"gl-ES\">n<\/span><\/span><span style=\"font-family: Arial, serif\"><span lang=\"gl-ES\">a contorna do corredor ecol\u00f3xico do r\u00edo Mi\u00f1o.<\/span><\/span><\/p>\n<p class=\"western\" align=\"left\"><span style=\"font-family: Arial, serif\"><span lang=\"gl-ES\">Tam\u00e9n se<\/span><\/span><span style=\"font-family: Arial, serif\"><span lang=\"gl-ES\"> explicou que se levar\u00e1n a cabo labores de roza e eliminaci\u00f3n de especies al\u00f3ctonas (como a acacia ou a herba da pampa) <\/span><\/span><span style=\"font-family: Arial, serif\"><span lang=\"gl-ES\">e<\/span><\/span><span style=\"font-family: Arial, serif\"><span lang=\"gl-ES\"> se mellorar\u00e1 a carteler\u00eda e a sinalizaci\u00f3n para optimizar a informaci\u00f3n aos visitantes; <\/span><\/span><span style=\"font-family: Arial, serif\"><span lang=\"gl-ES\">recuperaranse<\/span><\/span><span style=\"font-family: Arial, serif\"><span lang=\"gl-ES\"> peches e outros elementos protectores sobre h\u00e1bitats sensibles; e <\/span><\/span><span style=\"font-family: Arial, serif\"><span lang=\"gl-ES\">retiraranse<\/span><\/span><span style=\"font-family: Arial, serif\"><span lang=\"gl-ES\"> elementos abandonados ou \u00e1rbores mortas.<\/span><\/span><\/p>\n<p align=\"left\"><img decoding=\"async\" loading=\"lazy\" class=\"aligncenter wp-image-30642\" src=\"https:\/\/www.aguarda.es\/wp-content\/uploads\/2024\/08\/conselleira-1.jpeg\" alt=\"\" width=\"710\" height=\"473\" srcset=\"https:\/\/www.aguarda.es\/wp-content\/uploads\/2024\/08\/conselleira-1.jpeg 1600w, https:\/\/www.aguarda.es\/wp-content\/uploads\/2024\/08\/conselleira-1-300x200.jpeg 300w, https:\/\/www.aguarda.es\/wp-content\/uploads\/2024\/08\/conselleira-1-1024x682.jpeg 1024w, https:\/\/www.aguarda.es\/wp-content\/uploads\/2024\/08\/conselleira-1-768x512.jpeg 768w, https:\/\/www.aguarda.es\/wp-content\/uploads\/2024\/08\/conselleira-1-1536x1023.jpeg 1536w\" sizes=\"(max-width: 710px) 100vw, 710px\" \/><\/p>\n","protected":false},"excerpt":{"rendered":"<p>A Xunta de Galicia pretende mellorar os valores diferenciais e a resiliencia ante o cambio clim\u00e1tico da paisaxe transfronteiriza do estuario do Mi\u00f1o-Santa Trega. A conselleira de Medio Ambiente e Cambio Clim\u00e1tico, \u00c1ngeles V\u00e1zquez, o alcalde da Guarda, Roberto Carrero, &hellip; <\/p>\n","protected":false},"author":2,"featured_media":30640,"comment_status":"closed","ping_status":"closed","sticky":false,"template":"","format":"standard","meta":[],"categories":[40,363],"tags":[],"yoast_head":"<!-- This site is optimized with the Yoast SEO plugin v21.1 - https:\/\/yoast.com\/wordpress\/plugins\/seo\/ -->\n<title>A Guarda recuperar\u00e1 o observatorio ornitol\u00f3xico da Xunqueira e renovar\u00e1 a pasarela - Concello da Guarda<\/title>\n<meta name=\"description\" content=\"A Xunta de Galicia pretende mellorar os valores diferenciais e a resiliencia ante o cambio clim\u00e1tico da paisaxe transfronteiriza do estuario\" \/>\n<meta name=\"robots\" content=\"index, follow, max-snippet:-1, max-image-preview:large, max-video-preview:-1\" \/>\n<link rel=\"canonical\" href=\"https:\/\/www.aguarda.es\/en\/a-guarda-recuperara-o-observatorio-ornitoloxico-da-xunqueira-e-renovara-a-pasarela\/\" \/>\n<meta property=\"og:locale\" content=\"en_US\" \/>\n<meta property=\"og:type\" content=\"article\" \/>\n<meta property=\"og:title\" content=\"A Guarda recuperar\u00e1 o observatorio ornitol\u00f3xico da Xunqueira e renovar\u00e1 a pasarela - Concello da Guarda\" \/>\n<meta property=\"og:description\" content=\"A Xunta de Galicia pretende mellorar os valores diferenciais e a resiliencia ante o cambio clim\u00e1tico da paisaxe transfronteiriza do estuario\" \/>\n<meta property=\"og:url\" content=\"https:\/\/www.aguarda.es\/en\/a-guarda-recuperara-o-observatorio-ornitoloxico-da-xunqueira-e-renovara-a-pasarela\/\" \/>\n<meta property=\"og:site_name\" content=\"Concello da Guarda\" \/>\n<meta property=\"article:publisher\" content=\"https:\/\/www.facebook.com\/ConcellodaGuarda\" \/>\n<meta property=\"article:published_time\" content=\"2024-08-08T10:09:49+00:00\" \/>\n<meta property=\"article:modified_time\" content=\"2024-08-08T10:28:10+00:00\" \/>\n<meta property=\"og:image\" content=\"https:\/\/www.aguarda.es\/wp-content\/uploads\/2024\/08\/conselleira-2.jpeg?_t=1723112890\" \/>\n\t<meta property=\"og:image:width\" content=\"1600\" \/>\n\t<meta property=\"og:image:height\" content=\"1066\" \/>\n\t<meta property=\"og:image:type\" content=\"image\/jpeg\" \/>\n<meta name=\"author\" content=\"prensa\" \/>\n<meta name=\"twitter:card\" content=\"summary_large_image\" \/>\n<meta name=\"twitter:creator\" content=\"@AGuarda_es\" \/>\n<meta name=\"twitter:site\" content=\"@AGuarda_es\" \/>\n<meta name=\"twitter:label1\" content=\"Written by\" \/>\n\t<meta name=\"twitter:data1\" content=\"prensa\" \/>\n\t<meta name=\"twitter:label2\" content=\"Est. reading time\" \/>\n\t<meta name=\"twitter:data2\" content=\"2 minutes\" \/>\n<script type=\"application\/ld+json\" class=\"yoast-schema-graph\">{\"@context\":\"https:\/\/schema.org\",\"@graph\":[{\"@type\":\"WebPage\",\"@id\":\"https:\/\/www.aguarda.es\/en\/a-guarda-recuperara-o-observatorio-ornitoloxico-da-xunqueira-e-renovara-a-pasarela\/\",\"url\":\"https:\/\/www.aguarda.es\/en\/a-guarda-recuperara-o-observatorio-ornitoloxico-da-xunqueira-e-renovara-a-pasarela\/\",\"name\":\"A Guarda recuperar\u00e1 o observatorio ornitol\u00f3xico da Xunqueira e renovar\u00e1 a pasarela - Concello da Guarda\",\"isPartOf\":{\"@id\":\"https:\/\/www.aguarda.es\/en\/#website\"},\"datePublished\":\"2024-08-08T10:09:49+00:00\",\"dateModified\":\"2024-08-08T10:28:10+00:00\",\"author\":{\"@id\":\"https:\/\/www.aguarda.es\/en\/#\/schema\/person\/c463ca3006858ffb349d11179d044f21\"},\"description\":\"A Xunta de Galicia pretende mellorar os valores diferenciais e a resiliencia ante o cambio clim\u00e1tico da paisaxe transfronteiriza do estuario\",\"breadcrumb\":{\"@id\":\"https:\/\/www.aguarda.es\/en\/a-guarda-recuperara-o-observatorio-ornitoloxico-da-xunqueira-e-renovara-a-pasarela\/#breadcrumb\"},\"inLanguage\":\"en-US\",\"potentialAction\":[{\"@type\":\"ReadAction\",\"target\":[\"https:\/\/www.aguarda.es\/en\/a-guarda-recuperara-o-observatorio-ornitoloxico-da-xunqueira-e-renovara-a-pasarela\/\"]}]},{\"@type\":\"BreadcrumbList\",\"@id\":\"https:\/\/www.aguarda.es\/en\/a-guarda-recuperara-o-observatorio-ornitoloxico-da-xunqueira-e-renovara-a-pasarela\/#breadcrumb\",\"itemListElement\":[{\"@type\":\"ListItem\",\"position\":1,\"name\":\"Portada\",\"item\":\"https:\/\/www.aguarda.es\/en\/\"},{\"@type\":\"ListItem\",\"position\":2,\"name\":\"A Guarda recuperar\u00e1 o observatorio ornitol\u00f3xico da Xunqueira e renovar\u00e1 a pasarela\"}]},{\"@type\":\"WebSite\",\"@id\":\"https:\/\/www.aguarda.es\/en\/#website\",\"url\":\"https:\/\/www.aguarda.es\/en\/\",\"name\":\"Concello da Guarda\",\"description\":\"P\u00e1xina web do concello da Guarda\",\"potentialAction\":[{\"@type\":\"SearchAction\",\"target\":{\"@type\":\"EntryPoint\",\"urlTemplate\":\"https:\/\/www.aguarda.es\/en\/?s={search_term_string}\"},\"query-input\":\"required name=search_term_string\"}],\"inLanguage\":\"en-US\"},{\"@type\":\"Person\",\"@id\":\"https:\/\/www.aguarda.es\/en\/#\/schema\/person\/c463ca3006858ffb349d11179d044f21\",\"name\":\"prensa\",\"image\":{\"@type\":\"ImageObject\",\"inLanguage\":\"en-US\",\"@id\":\"https:\/\/www.aguarda.es\/en\/#\/schema\/person\/image\/\",\"url\":\"https:\/\/secure.gravatar.com\/avatar\/5f90ef536b0f98306edf5c7a1135ffa1?s=96&d=mm&r=g\",\"contentUrl\":\"https:\/\/secure.gravatar.com\/avatar\/5f90ef536b0f98306edf5c7a1135ffa1?s=96&d=mm&r=g\",\"caption\":\"prensa\"},\"url\":\"https:\/\/www.aguarda.es\/en\/author\/prensa\/\"}]}<\/script>\n<!-- \/ Yoast SEO plugin. -->","yoast_head_json":{"title":"A Guarda recuperar\u00e1 o observatorio ornitol\u00f3xico da Xunqueira e renovar\u00e1 a pasarela - Concello da Guarda","description":"A Xunta de Galicia pretende mellorar os valores diferenciais e a resiliencia ante o cambio clim\u00e1tico da paisaxe transfronteiriza do estuario","robots":{"index":"index","follow":"follow","max-snippet":"max-snippet:-1","max-image-preview":"max-image-preview:large","max-video-preview":"max-video-preview:-1"},"canonical":"https:\/\/www.aguarda.es\/en\/a-guarda-recuperara-o-observatorio-ornitoloxico-da-xunqueira-e-renovara-a-pasarela\/","og_locale":"en_US","og_type":"article","og_title":"A Guarda recuperar\u00e1 o observatorio ornitol\u00f3xico da Xunqueira e renovar\u00e1 a pasarela - Concello da Guarda","og_description":"A Xunta de Galicia pretende mellorar os valores diferenciais e a resiliencia ante o cambio clim\u00e1tico da paisaxe transfronteiriza do estuario","og_url":"https:\/\/www.aguarda.es\/en\/a-guarda-recuperara-o-observatorio-ornitoloxico-da-xunqueira-e-renovara-a-pasarela\/","og_site_name":"Concello da Guarda","article_publisher":"https:\/\/www.facebook.com\/ConcellodaGuarda","article_published_time":"2024-08-08T10:09:49+00:00","article_modified_time":"2024-08-08T10:28:10+00:00","og_image":[{"width":1600,"height":1066,"url":"https:\/\/www.aguarda.es\/wp-content\/uploads\/2024\/08\/conselleira-2.jpeg?_t=1723112890","type":"image\/jpeg"}],"author":"prensa","twitter_card":"summary_large_image","twitter_creator":"@AGuarda_es","twitter_site":"@AGuarda_es","twitter_misc":{"Written by":"prensa","Est. reading time":"2 minutes"},"schema":{"@context":"https:\/\/schema.org","@graph":[{"@type":"WebPage","@id":"https:\/\/www.aguarda.es\/en\/a-guarda-recuperara-o-observatorio-ornitoloxico-da-xunqueira-e-renovara-a-pasarela\/","url":"https:\/\/www.aguarda.es\/en\/a-guarda-recuperara-o-observatorio-ornitoloxico-da-xunqueira-e-renovara-a-pasarela\/","name":"A Guarda recuperar\u00e1 o observatorio ornitol\u00f3xico da Xunqueira e renovar\u00e1 a pasarela - Concello da Guarda","isPartOf":{"@id":"https:\/\/www.aguarda.es\/en\/#website"},"datePublished":"2024-08-08T10:09:49+00:00","dateModified":"2024-08-08T10:28:10+00:00","author":{"@id":"https:\/\/www.aguarda.es\/en\/#\/schema\/person\/c463ca3006858ffb349d11179d044f21"},"description":"A Xunta de Galicia pretende mellorar os valores diferenciais e a resiliencia ante o cambio clim\u00e1tico da paisaxe transfronteiriza do estuario","breadcrumb":{"@id":"https:\/\/www.aguarda.es\/en\/a-guarda-recuperara-o-observatorio-ornitoloxico-da-xunqueira-e-renovara-a-pasarela\/#breadcrumb"},"inLanguage":"en-US","potentialAction":[{"@type":"ReadAction","target":["https:\/\/www.aguarda.es\/en\/a-guarda-recuperara-o-observatorio-ornitoloxico-da-xunqueira-e-renovara-a-pasarela\/"]}]},{"@type":"BreadcrumbList","@id":"https:\/\/www.aguarda.es\/en\/a-guarda-recuperara-o-observatorio-ornitoloxico-da-xunqueira-e-renovara-a-pasarela\/#breadcrumb","itemListElement":[{"@type":"ListItem","position":1,"name":"Portada","item":"https:\/\/www.aguarda.es\/en\/"},{"@type":"ListItem","position":2,"name":"A Guarda recuperar\u00e1 o observatorio ornitol\u00f3xico da Xunqueira e renovar\u00e1 a pasarela"}]},{"@type":"WebSite","@id":"https:\/\/www.aguarda.es\/en\/#website","url":"https:\/\/www.aguarda.es\/en\/","name":"Concello da Guarda","description":"P\u00e1xina web do concello da Guarda","potentialAction":[{"@type":"SearchAction","target":{"@type":"EntryPoint","urlTemplate":"https:\/\/www.aguarda.es\/en\/?s={search_term_string}"},"query-input":"required name=search_term_string"}],"inLanguage":"en-US"},{"@type":"Person","@id":"https:\/\/www.aguarda.es\/en\/#\/schema\/person\/c463ca3006858ffb349d11179d044f21","name":"prensa","image":{"@type":"ImageObject","inLanguage":"en-US","@id":"https:\/\/www.aguarda.es\/en\/#\/schema\/person\/image\/","url":"https:\/\/secure.gravatar.com\/avatar\/5f90ef536b0f98306edf5c7a1135ffa1?s=96&d=mm&r=g","contentUrl":"https:\/\/secure.gravatar.com\/avatar\/5f90ef536b0f98306edf5c7a1135ffa1?s=96&d=mm&r=g","caption":"prensa"},"url":"https:\/\/www.aguarda.es\/en\/author\/prensa\/"}]}},"_links":{"self":[{"href":"https:\/\/www.aguarda.es\/en\/wp-json\/wp\/v2\/posts\/30644"}],"collection":[{"href":"https:\/\/www.aguarda.es\/en\/wp-json\/wp\/v2\/posts"}],"about":[{"href":"https:\/\/www.aguarda.es\/en\/wp-json\/wp\/v2\/types\/post"}],"author":[{"embeddable":true,"href":"https:\/\/www.aguarda.es\/en\/wp-json\/wp\/v2\/users\/2"}],"replies":[{"embeddable":true,"href":"https:\/\/www.aguarda.es\/en\/wp-json\/wp\/v2\/comments?post=30644"}],"version-history":[{"count":1,"href":"https:\/\/www.aguarda.es\/en\/wp-json\/wp\/v2\/posts\/30644\/revisions"}],"predecessor-version":[{"id":30645,"href":"https:\/\/www.aguarda.es\/en\/wp-json\/wp\/v2\/posts\/30644\/revisions\/30645"}],"wp:featuredmedia":[{"embeddable":true,"href":"https:\/\/www.aguarda.es\/en\/wp-json\/wp\/v2\/media\/30640"}],"wp:attachment":[{"href":"https:\/\/www.aguarda.es\/en\/wp-json\/wp\/v2\/media?parent=30644"}],"wp:term":[{"taxonomy":"category","embeddable":true,"href":"https:\/\/www.aguarda.es\/en\/wp-json\/wp\/v2\/categories?post=30644"},{"taxonomy":"post_tag","embeddable":true,"href":"https:\/\/www.aguarda.es\/en\/wp-json\/wp\/v2\/tags?post=30644"}],"curies":[{"name":"wp","href":"https:\/\/api.w.org\/{rel}","templated":true}]}}