{"id":30685,"date":"2024-08-16T08:45:04","date_gmt":"2024-08-16T08:45:04","guid":{"rendered":"https:\/\/www.aguarda.es\/?p=30685"},"modified":"2024-08-16T08:51:37","modified_gmt":"2024-08-16T08:51:37","slug":"a-foodtruck-galicia-sabe-amar-chega-a-guarda-o-proximo-martes-20","status":"publish","type":"post","link":"https:\/\/www.aguarda.es\/en\/a-foodtruck-galicia-sabe-amar-chega-a-guarda-o-proximo-martes-20\/","title":{"rendered":"A  \u2018foodtruck\u2019 Galicia Sabe Amar chega \u00e1 Guarda o pr\u00f3ximo martes 20"},"content":{"rendered":"<p class=\"western\" align=\"left\"><span style=\"font-family: Arial, serif\"><span lang=\"gl-ES\">O <strong>martes 20 de agosto<\/strong>, unha das \u2018foodtrucks\u2019 da campa\u00f1a Galicia Sabe A<\/span><\/span><span style=\"font-family: Arial, serif\"><span lang=\"gl-ES\"><u>mar<\/u><\/span><\/span><span style=\"font-family: Arial, serif\"><span lang=\"gl-ES\"> chegar\u00e1 \u00e1 <strong>Praza de Avelino Vicente <\/strong><\/span><\/span><span style=\"font-family: Arial, serif\"><span lang=\"gl-ES\">para dar a degustar alg\u00fan dos petiscos realizados a base de produtos certificados do mar e da terra.<\/span><\/span><\/p>\n<p class=\"western\" align=\"left\"><span style=\"font-family: Arial, serif\"><span lang=\"gl-ES\">Galicia Sabe A<\/span><\/span><span style=\"font-family: Arial, serif\"><span lang=\"gl-ES\"><u>mar<\/u><\/span><\/span> <span style=\"font-family: Arial, serif\"><span lang=\"gl-ES\">\u00e9 unha campa\u00f1a da Xunta de Galicia que quere impulsar \u00e1 cidadan\u00eda a consumir produtos do mar, impulsar a s\u00faa venda e po\u00f1er en valor o labor dos profesionais da pesca e do marisqueo.<\/span><\/span><\/p>\n<p class=\"western\" align=\"left\"><span style=\"font-family: Arial, serif\"><span lang=\"gl-ES\">A \u2018foodtruck\u2019 atender\u00e1 en horario de <strong>11:00 a 14:00 horas e de 18:30 a 21:30 horas<\/strong>. <\/span><\/span><\/p>\n","protected":false},"excerpt":{"rendered":"<p>O martes 20 de agosto, unha das \u2018foodtrucks\u2019 da campa\u00f1a Galicia Sabe Amar chegar\u00e1 \u00e1 Praza de Avelino Vicente para dar a degustar alg\u00fan dos petiscos realizados a base de produtos certificados do mar e da terra. Galicia Sabe Amar &hellip; <\/p>\n","protected":false},"author":2,"featured_media":30683,"comment_status":"closed","ping_status":"closed","sticky":false,"template":"","format":"standard","meta":[],"categories":[56,363],"tags":[],"yoast_head":"<!-- This site is optimized with the Yoast SEO plugin v21.1 - https:\/\/yoast.com\/wordpress\/plugins\/seo\/ -->\n<title>A \u2018foodtruck\u2019 Galicia Sabe Amar chega \u00e1 Guarda o pr\u00f3ximo martes 20 - Concello da Guarda<\/title>\n<meta name=\"description\" content=\"O martes 20 de agosto, unha das \u2018foodtrucks\u2019 da campa\u00f1a Galicia Sabe Amar chegar\u00e1 \u00e1 Praza de Avelino Vicente para dar a desgustar\" \/>\n<meta name=\"robots\" content=\"index, follow, max-snippet:-1, max-image-preview:large, max-video-preview:-1\" \/>\n<link rel=\"canonical\" href=\"https:\/\/www.aguarda.es\/en\/a-foodtruck-galicia-sabe-amar-chega-a-guarda-o-proximo-martes-20\/\" \/>\n<meta property=\"og:locale\" content=\"en_US\" \/>\n<meta property=\"og:type\" content=\"article\" \/>\n<meta property=\"og:title\" content=\"A \u2018foodtruck\u2019 Galicia Sabe Amar chega \u00e1 Guarda o pr\u00f3ximo martes 20 - Concello da Guarda\" \/>\n<meta property=\"og:description\" content=\"O martes 20 de agosto, unha das \u2018foodtrucks\u2019 da campa\u00f1a Galicia Sabe Amar chegar\u00e1 \u00e1 Praza de Avelino Vicente para dar a desgustar\" \/>\n<meta property=\"og:url\" content=\"https:\/\/www.aguarda.es\/en\/a-foodtruck-galicia-sabe-amar-chega-a-guarda-o-proximo-martes-20\/\" \/>\n<meta property=\"og:site_name\" content=\"Concello da Guarda\" \/>\n<meta property=\"article:publisher\" content=\"https:\/\/www.facebook.com\/ConcellodaGuarda\" \/>\n<meta property=\"article:published_time\" content=\"2024-08-16T08:45:04+00:00\" \/>\n<meta property=\"article:modified_time\" content=\"2024-08-16T08:51:37+00:00\" \/>\n<meta property=\"og:image\" content=\"https:\/\/www.aguarda.es\/wp-content\/uploads\/2024\/08\/tn_A-Guarda-sabe-a-mar.jpg?_t=1723798298\" \/>\n\t<meta property=\"og:image:width\" content=\"424\" \/>\n\t<meta property=\"og:image:height\" content=\"600\" \/>\n\t<meta property=\"og:image:type\" content=\"image\/jpeg\" \/>\n<meta name=\"author\" content=\"prensa\" \/>\n<meta name=\"twitter:card\" content=\"summary_large_image\" \/>\n<meta name=\"twitter:creator\" content=\"@AGuarda_es\" \/>\n<meta name=\"twitter:site\" content=\"@AGuarda_es\" \/>\n<meta name=\"twitter:label1\" content=\"Written by\" \/>\n\t<meta name=\"twitter:data1\" content=\"prensa\" \/>\n\t<meta name=\"twitter:label2\" content=\"Est. reading time\" \/>\n\t<meta name=\"twitter:data2\" content=\"1 minute\" \/>\n<script type=\"application\/ld+json\" class=\"yoast-schema-graph\">{\"@context\":\"https:\/\/schema.org\",\"@graph\":[{\"@type\":\"WebPage\",\"@id\":\"https:\/\/www.aguarda.es\/en\/a-foodtruck-galicia-sabe-amar-chega-a-guarda-o-proximo-martes-20\/\",\"url\":\"https:\/\/www.aguarda.es\/en\/a-foodtruck-galicia-sabe-amar-chega-a-guarda-o-proximo-martes-20\/\",\"name\":\"A \u2018foodtruck\u2019 Galicia Sabe Amar chega \u00e1 Guarda o pr\u00f3ximo martes 20 - Concello da Guarda\",\"isPartOf\":{\"@id\":\"https:\/\/www.aguarda.es\/en\/#website\"},\"datePublished\":\"2024-08-16T08:45:04+00:00\",\"dateModified\":\"2024-08-16T08:51:37+00:00\",\"author\":{\"@id\":\"https:\/\/www.aguarda.es\/en\/#\/schema\/person\/c463ca3006858ffb349d11179d044f21\"},\"description\":\"O martes 20 de agosto, unha das \u2018foodtrucks\u2019 da campa\u00f1a Galicia Sabe Amar chegar\u00e1 \u00e1 Praza de Avelino Vicente para dar a desgustar\",\"breadcrumb\":{\"@id\":\"https:\/\/www.aguarda.es\/en\/a-foodtruck-galicia-sabe-amar-chega-a-guarda-o-proximo-martes-20\/#breadcrumb\"},\"inLanguage\":\"en-US\",\"potentialAction\":[{\"@type\":\"ReadAction\",\"target\":[\"https:\/\/www.aguarda.es\/en\/a-foodtruck-galicia-sabe-amar-chega-a-guarda-o-proximo-martes-20\/\"]}]},{\"@type\":\"BreadcrumbList\",\"@id\":\"https:\/\/www.aguarda.es\/en\/a-foodtruck-galicia-sabe-amar-chega-a-guarda-o-proximo-martes-20\/#breadcrumb\",\"itemListElement\":[{\"@type\":\"ListItem\",\"position\":1,\"name\":\"Portada\",\"item\":\"https:\/\/www.aguarda.es\/en\/\"},{\"@type\":\"ListItem\",\"position\":2,\"name\":\"A \u2018foodtruck\u2019 Galicia Sabe Amar chega \u00e1 Guarda o pr\u00f3ximo martes 20\"}]},{\"@type\":\"WebSite\",\"@id\":\"https:\/\/www.aguarda.es\/en\/#website\",\"url\":\"https:\/\/www.aguarda.es\/en\/\",\"name\":\"Concello da Guarda\",\"description\":\"P\u00e1xina web do concello da Guarda\",\"potentialAction\":[{\"@type\":\"SearchAction\",\"target\":{\"@type\":\"EntryPoint\",\"urlTemplate\":\"https:\/\/www.aguarda.es\/en\/?s={search_term_string}\"},\"query-input\":\"required name=search_term_string\"}],\"inLanguage\":\"en-US\"},{\"@type\":\"Person\",\"@id\":\"https:\/\/www.aguarda.es\/en\/#\/schema\/person\/c463ca3006858ffb349d11179d044f21\",\"name\":\"prensa\",\"image\":{\"@type\":\"ImageObject\",\"inLanguage\":\"en-US\",\"@id\":\"https:\/\/www.aguarda.es\/en\/#\/schema\/person\/image\/\",\"url\":\"https:\/\/secure.gravatar.com\/avatar\/5f90ef536b0f98306edf5c7a1135ffa1?s=96&d=mm&r=g\",\"contentUrl\":\"https:\/\/secure.gravatar.com\/avatar\/5f90ef536b0f98306edf5c7a1135ffa1?s=96&d=mm&r=g\",\"caption\":\"prensa\"},\"url\":\"https:\/\/www.aguarda.es\/en\/author\/prensa\/\"}]}<\/script>\n<!-- \/ Yoast SEO plugin. -->","yoast_head_json":{"title":"A \u2018foodtruck\u2019 Galicia Sabe Amar chega \u00e1 Guarda o pr\u00f3ximo martes 20 - Concello da Guarda","description":"O martes 20 de agosto, unha das \u2018foodtrucks\u2019 da campa\u00f1a Galicia Sabe Amar chegar\u00e1 \u00e1 Praza de Avelino Vicente para dar a desgustar","robots":{"index":"index","follow":"follow","max-snippet":"max-snippet:-1","max-image-preview":"max-image-preview:large","max-video-preview":"max-video-preview:-1"},"canonical":"https:\/\/www.aguarda.es\/en\/a-foodtruck-galicia-sabe-amar-chega-a-guarda-o-proximo-martes-20\/","og_locale":"en_US","og_type":"article","og_title":"A \u2018foodtruck\u2019 Galicia Sabe Amar chega \u00e1 Guarda o pr\u00f3ximo martes 20 - Concello da Guarda","og_description":"O martes 20 de agosto, unha das \u2018foodtrucks\u2019 da campa\u00f1a Galicia Sabe Amar chegar\u00e1 \u00e1 Praza de Avelino Vicente para dar a desgustar","og_url":"https:\/\/www.aguarda.es\/en\/a-foodtruck-galicia-sabe-amar-chega-a-guarda-o-proximo-martes-20\/","og_site_name":"Concello da Guarda","article_publisher":"https:\/\/www.facebook.com\/ConcellodaGuarda","article_published_time":"2024-08-16T08:45:04+00:00","article_modified_time":"2024-08-16T08:51:37+00:00","og_image":[{"width":424,"height":600,"url":"https:\/\/www.aguarda.es\/wp-content\/uploads\/2024\/08\/tn_A-Guarda-sabe-a-mar.jpg?_t=1723798298","type":"image\/jpeg"}],"author":"prensa","twitter_card":"summary_large_image","twitter_creator":"@AGuarda_es","twitter_site":"@AGuarda_es","twitter_misc":{"Written by":"prensa","Est. reading time":"1 minute"},"schema":{"@context":"https:\/\/schema.org","@graph":[{"@type":"WebPage","@id":"https:\/\/www.aguarda.es\/en\/a-foodtruck-galicia-sabe-amar-chega-a-guarda-o-proximo-martes-20\/","url":"https:\/\/www.aguarda.es\/en\/a-foodtruck-galicia-sabe-amar-chega-a-guarda-o-proximo-martes-20\/","name":"A \u2018foodtruck\u2019 Galicia Sabe Amar chega \u00e1 Guarda o pr\u00f3ximo martes 20 - Concello da Guarda","isPartOf":{"@id":"https:\/\/www.aguarda.es\/en\/#website"},"datePublished":"2024-08-16T08:45:04+00:00","dateModified":"2024-08-16T08:51:37+00:00","author":{"@id":"https:\/\/www.aguarda.es\/en\/#\/schema\/person\/c463ca3006858ffb349d11179d044f21"},"description":"O martes 20 de agosto, unha das \u2018foodtrucks\u2019 da campa\u00f1a Galicia Sabe Amar chegar\u00e1 \u00e1 Praza de Avelino Vicente para dar a desgustar","breadcrumb":{"@id":"https:\/\/www.aguarda.es\/en\/a-foodtruck-galicia-sabe-amar-chega-a-guarda-o-proximo-martes-20\/#breadcrumb"},"inLanguage":"en-US","potentialAction":[{"@type":"ReadAction","target":["https:\/\/www.aguarda.es\/en\/a-foodtruck-galicia-sabe-amar-chega-a-guarda-o-proximo-martes-20\/"]}]},{"@type":"BreadcrumbList","@id":"https:\/\/www.aguarda.es\/en\/a-foodtruck-galicia-sabe-amar-chega-a-guarda-o-proximo-martes-20\/#breadcrumb","itemListElement":[{"@type":"ListItem","position":1,"name":"Portada","item":"https:\/\/www.aguarda.es\/en\/"},{"@type":"ListItem","position":2,"name":"A \u2018foodtruck\u2019 Galicia Sabe Amar chega \u00e1 Guarda o pr\u00f3ximo martes 20"}]},{"@type":"WebSite","@id":"https:\/\/www.aguarda.es\/en\/#website","url":"https:\/\/www.aguarda.es\/en\/","name":"Concello da Guarda","description":"P\u00e1xina web do concello da Guarda","potentialAction":[{"@type":"SearchAction","target":{"@type":"EntryPoint","urlTemplate":"https:\/\/www.aguarda.es\/en\/?s={search_term_string}"},"query-input":"required name=search_term_string"}],"inLanguage":"en-US"},{"@type":"Person","@id":"https:\/\/www.aguarda.es\/en\/#\/schema\/person\/c463ca3006858ffb349d11179d044f21","name":"prensa","image":{"@type":"ImageObject","inLanguage":"en-US","@id":"https:\/\/www.aguarda.es\/en\/#\/schema\/person\/image\/","url":"https:\/\/secure.gravatar.com\/avatar\/5f90ef536b0f98306edf5c7a1135ffa1?s=96&d=mm&r=g","contentUrl":"https:\/\/secure.gravatar.com\/avatar\/5f90ef536b0f98306edf5c7a1135ffa1?s=96&d=mm&r=g","caption":"prensa"},"url":"https:\/\/www.aguarda.es\/en\/author\/prensa\/"}]}},"_links":{"self":[{"href":"https:\/\/www.aguarda.es\/en\/wp-json\/wp\/v2\/posts\/30685"}],"collection":[{"href":"https:\/\/www.aguarda.es\/en\/wp-json\/wp\/v2\/posts"}],"about":[{"href":"https:\/\/www.aguarda.es\/en\/wp-json\/wp\/v2\/types\/post"}],"author":[{"embeddable":true,"href":"https:\/\/www.aguarda.es\/en\/wp-json\/wp\/v2\/users\/2"}],"replies":[{"embeddable":true,"href":"https:\/\/www.aguarda.es\/en\/wp-json\/wp\/v2\/comments?post=30685"}],"version-history":[{"count":1,"href":"https:\/\/www.aguarda.es\/en\/wp-json\/wp\/v2\/posts\/30685\/revisions"}],"predecessor-version":[{"id":30686,"href":"https:\/\/www.aguarda.es\/en\/wp-json\/wp\/v2\/posts\/30685\/revisions\/30686"}],"wp:featuredmedia":[{"embeddable":true,"href":"https:\/\/www.aguarda.es\/en\/wp-json\/wp\/v2\/media\/30683"}],"wp:attachment":[{"href":"https:\/\/www.aguarda.es\/en\/wp-json\/wp\/v2\/media?parent=30685"}],"wp:term":[{"taxonomy":"category","embeddable":true,"href":"https:\/\/www.aguarda.es\/en\/wp-json\/wp\/v2\/categories?post=30685"},{"taxonomy":"post_tag","embeddable":true,"href":"https:\/\/www.aguarda.es\/en\/wp-json\/wp\/v2\/tags?post=30685"}],"curies":[{"name":"wp","href":"https:\/\/api.w.org\/{rel}","templated":true}]}}