{"id":30735,"date":"2024-08-27T08:34:20","date_gmt":"2024-08-27T08:34:20","guid":{"rendered":"https:\/\/www.aguarda.es\/?p=30735"},"modified":"2024-08-27T08:34:20","modified_gmt":"2024-08-27T08:34:20","slug":"o-ciclo-tocamusica-despidese-cun-concerto-en-sesion-vermu","status":"publish","type":"post","link":"https:\/\/www.aguarda.es\/en\/o-ciclo-tocamusica-despidese-cun-concerto-en-sesion-vermu\/","title":{"rendered":"O ciclo Tocam\u00fasica desp\u00eddese cun concerto en sesi\u00f3n verm\u00fa"},"content":{"rendered":"<p class=\"western\" align=\"left\"><span style=\"font-family: Arial, serif\"><span lang=\"gl-ES\">O ciclo Tocam\u00fasica da OMIX da Guarda chega a s\u00faa fin tras levar concertos a diferentes r<\/span><\/span><span style=\"color: #000000\"><span style=\"font-family: Arial, serif\"><span style=\"font-size: medium\"><span lang=\"gl-ES\">ecunchos<\/span><\/span><\/span><\/span><span style=\"font-family: Arial, serif\"><span lang=\"gl-ES\"> da Guarda. <\/span><\/span><\/p>\n<p class=\"western\" align=\"left\"><span style=\"font-family: Arial, serif\"><span lang=\"gl-ES\">Para rematar, Stewart e Guille ofrecer\u00e1n unha actuaci\u00f3n en sesi\u00f3n verm\u00fa, o domingo 1 de setembro \u00e1s 12:30 da ma\u00f1\u00e1. Deste xeito, desfrutaremos dun concerto ao lado do porto guard\u00e9s, xa que a actuaci\u00f3n ser\u00e1 en fronte do convento de San Benito, xunto ao Pescador. <\/span><\/span><\/p>\n","protected":false},"excerpt":{"rendered":"<p>O ciclo Tocam\u00fasica da OMIX da Guarda chega a s\u00faa fin tras levar concertos a diferentes recunchos da Guarda. Para rematar, Stewart e Guille ofrecer\u00e1n unha actuaci\u00f3n en sesi\u00f3n verm\u00fa, o domingo 1 de setembro \u00e1s 12:30 da ma\u00f1\u00e1. Deste &hellip; <\/p>\n","protected":false},"author":2,"featured_media":30733,"comment_status":"closed","ping_status":"closed","sticky":false,"template":"","format":"standard","meta":[],"categories":[48,363],"tags":[],"yoast_head":"<!-- This site is optimized with the Yoast SEO plugin v21.1 - https:\/\/yoast.com\/wordpress\/plugins\/seo\/ -->\n<title>O ciclo Tocam\u00fasica desp\u00eddese cun concerto en sesi\u00f3n verm\u00fa - Concello da Guarda<\/title>\n<meta name=\"description\" content=\"O ciclo Tocam\u00fasica da OMIX da Guarda chega a s\u00faa fin tras levar concertos a diferentes recunchos da Guarda. Para rematar,\" \/>\n<meta name=\"robots\" content=\"index, follow, max-snippet:-1, max-image-preview:large, max-video-preview:-1\" \/>\n<link rel=\"canonical\" href=\"https:\/\/www.aguarda.es\/en\/o-ciclo-tocamusica-despidese-cun-concerto-en-sesion-vermu\/\" \/>\n<meta property=\"og:locale\" content=\"en_US\" \/>\n<meta property=\"og:type\" content=\"article\" \/>\n<meta property=\"og:title\" content=\"O ciclo Tocam\u00fasica desp\u00eddese cun concerto en sesi\u00f3n verm\u00fa - Concello da Guarda\" \/>\n<meta property=\"og:description\" content=\"O ciclo Tocam\u00fasica da OMIX da Guarda chega a s\u00faa fin tras levar concertos a diferentes recunchos da Guarda. Para rematar,\" \/>\n<meta property=\"og:url\" content=\"https:\/\/www.aguarda.es\/en\/o-ciclo-tocamusica-despidese-cun-concerto-en-sesion-vermu\/\" \/>\n<meta property=\"og:site_name\" content=\"Concello da Guarda\" \/>\n<meta property=\"article:publisher\" content=\"https:\/\/www.facebook.com\/ConcellodaGuarda\" \/>\n<meta property=\"article:published_time\" content=\"2024-08-27T08:34:20+00:00\" \/>\n<meta property=\"og:image\" content=\"https:\/\/www.aguarda.es\/wp-content\/uploads\/2024\/08\/tn_cartel-stewart-e-guille.jpg?_t=1724747660\" \/>\n\t<meta property=\"og:image:width\" content=\"599\" \/>\n\t<meta property=\"og:image:height\" content=\"600\" \/>\n\t<meta property=\"og:image:type\" content=\"image\/jpeg\" \/>\n<meta name=\"author\" content=\"prensa\" \/>\n<meta name=\"twitter:card\" content=\"summary_large_image\" \/>\n<meta name=\"twitter:creator\" content=\"@AGuarda_es\" \/>\n<meta name=\"twitter:site\" content=\"@AGuarda_es\" \/>\n<meta name=\"twitter:label1\" content=\"Written by\" \/>\n\t<meta name=\"twitter:data1\" content=\"prensa\" \/>\n\t<meta name=\"twitter:label2\" content=\"Est. reading time\" \/>\n\t<meta name=\"twitter:data2\" content=\"1 minute\" \/>\n<script type=\"application\/ld+json\" class=\"yoast-schema-graph\">{\"@context\":\"https:\/\/schema.org\",\"@graph\":[{\"@type\":\"WebPage\",\"@id\":\"https:\/\/www.aguarda.es\/en\/o-ciclo-tocamusica-despidese-cun-concerto-en-sesion-vermu\/\",\"url\":\"https:\/\/www.aguarda.es\/en\/o-ciclo-tocamusica-despidese-cun-concerto-en-sesion-vermu\/\",\"name\":\"O ciclo Tocam\u00fasica desp\u00eddese cun concerto en sesi\u00f3n verm\u00fa - Concello da Guarda\",\"isPartOf\":{\"@id\":\"https:\/\/www.aguarda.es\/en\/#website\"},\"datePublished\":\"2024-08-27T08:34:20+00:00\",\"dateModified\":\"2024-08-27T08:34:20+00:00\",\"author\":{\"@id\":\"https:\/\/www.aguarda.es\/en\/#\/schema\/person\/c463ca3006858ffb349d11179d044f21\"},\"description\":\"O ciclo Tocam\u00fasica da OMIX da Guarda chega a s\u00faa fin tras levar concertos a diferentes recunchos da Guarda. Para rematar,\",\"breadcrumb\":{\"@id\":\"https:\/\/www.aguarda.es\/en\/o-ciclo-tocamusica-despidese-cun-concerto-en-sesion-vermu\/#breadcrumb\"},\"inLanguage\":\"en-US\",\"potentialAction\":[{\"@type\":\"ReadAction\",\"target\":[\"https:\/\/www.aguarda.es\/en\/o-ciclo-tocamusica-despidese-cun-concerto-en-sesion-vermu\/\"]}]},{\"@type\":\"BreadcrumbList\",\"@id\":\"https:\/\/www.aguarda.es\/en\/o-ciclo-tocamusica-despidese-cun-concerto-en-sesion-vermu\/#breadcrumb\",\"itemListElement\":[{\"@type\":\"ListItem\",\"position\":1,\"name\":\"Portada\",\"item\":\"https:\/\/www.aguarda.es\/en\/\"},{\"@type\":\"ListItem\",\"position\":2,\"name\":\"O ciclo Tocam\u00fasica desp\u00eddese cun concerto en sesi\u00f3n verm\u00fa\"}]},{\"@type\":\"WebSite\",\"@id\":\"https:\/\/www.aguarda.es\/en\/#website\",\"url\":\"https:\/\/www.aguarda.es\/en\/\",\"name\":\"Concello da Guarda\",\"description\":\"P\u00e1xina web do concello da Guarda\",\"potentialAction\":[{\"@type\":\"SearchAction\",\"target\":{\"@type\":\"EntryPoint\",\"urlTemplate\":\"https:\/\/www.aguarda.es\/en\/?s={search_term_string}\"},\"query-input\":\"required name=search_term_string\"}],\"inLanguage\":\"en-US\"},{\"@type\":\"Person\",\"@id\":\"https:\/\/www.aguarda.es\/en\/#\/schema\/person\/c463ca3006858ffb349d11179d044f21\",\"name\":\"prensa\",\"image\":{\"@type\":\"ImageObject\",\"inLanguage\":\"en-US\",\"@id\":\"https:\/\/www.aguarda.es\/en\/#\/schema\/person\/image\/\",\"url\":\"https:\/\/secure.gravatar.com\/avatar\/5f90ef536b0f98306edf5c7a1135ffa1?s=96&d=mm&r=g\",\"contentUrl\":\"https:\/\/secure.gravatar.com\/avatar\/5f90ef536b0f98306edf5c7a1135ffa1?s=96&d=mm&r=g\",\"caption\":\"prensa\"},\"url\":\"https:\/\/www.aguarda.es\/en\/author\/prensa\/\"}]}<\/script>\n<!-- \/ Yoast SEO plugin. -->","yoast_head_json":{"title":"O ciclo Tocam\u00fasica desp\u00eddese cun concerto en sesi\u00f3n verm\u00fa - Concello da Guarda","description":"O ciclo Tocam\u00fasica da OMIX da Guarda chega a s\u00faa fin tras levar concertos a diferentes recunchos da Guarda. Para rematar,","robots":{"index":"index","follow":"follow","max-snippet":"max-snippet:-1","max-image-preview":"max-image-preview:large","max-video-preview":"max-video-preview:-1"},"canonical":"https:\/\/www.aguarda.es\/en\/o-ciclo-tocamusica-despidese-cun-concerto-en-sesion-vermu\/","og_locale":"en_US","og_type":"article","og_title":"O ciclo Tocam\u00fasica desp\u00eddese cun concerto en sesi\u00f3n verm\u00fa - Concello da Guarda","og_description":"O ciclo Tocam\u00fasica da OMIX da Guarda chega a s\u00faa fin tras levar concertos a diferentes recunchos da Guarda. Para rematar,","og_url":"https:\/\/www.aguarda.es\/en\/o-ciclo-tocamusica-despidese-cun-concerto-en-sesion-vermu\/","og_site_name":"Concello da Guarda","article_publisher":"https:\/\/www.facebook.com\/ConcellodaGuarda","article_published_time":"2024-08-27T08:34:20+00:00","og_image":[{"width":599,"height":600,"url":"https:\/\/www.aguarda.es\/wp-content\/uploads\/2024\/08\/tn_cartel-stewart-e-guille.jpg?_t=1724747660","type":"image\/jpeg"}],"author":"prensa","twitter_card":"summary_large_image","twitter_creator":"@AGuarda_es","twitter_site":"@AGuarda_es","twitter_misc":{"Written by":"prensa","Est. reading time":"1 minute"},"schema":{"@context":"https:\/\/schema.org","@graph":[{"@type":"WebPage","@id":"https:\/\/www.aguarda.es\/en\/o-ciclo-tocamusica-despidese-cun-concerto-en-sesion-vermu\/","url":"https:\/\/www.aguarda.es\/en\/o-ciclo-tocamusica-despidese-cun-concerto-en-sesion-vermu\/","name":"O ciclo Tocam\u00fasica desp\u00eddese cun concerto en sesi\u00f3n verm\u00fa - Concello da Guarda","isPartOf":{"@id":"https:\/\/www.aguarda.es\/en\/#website"},"datePublished":"2024-08-27T08:34:20+00:00","dateModified":"2024-08-27T08:34:20+00:00","author":{"@id":"https:\/\/www.aguarda.es\/en\/#\/schema\/person\/c463ca3006858ffb349d11179d044f21"},"description":"O ciclo Tocam\u00fasica da OMIX da Guarda chega a s\u00faa fin tras levar concertos a diferentes recunchos da Guarda. Para rematar,","breadcrumb":{"@id":"https:\/\/www.aguarda.es\/en\/o-ciclo-tocamusica-despidese-cun-concerto-en-sesion-vermu\/#breadcrumb"},"inLanguage":"en-US","potentialAction":[{"@type":"ReadAction","target":["https:\/\/www.aguarda.es\/en\/o-ciclo-tocamusica-despidese-cun-concerto-en-sesion-vermu\/"]}]},{"@type":"BreadcrumbList","@id":"https:\/\/www.aguarda.es\/en\/o-ciclo-tocamusica-despidese-cun-concerto-en-sesion-vermu\/#breadcrumb","itemListElement":[{"@type":"ListItem","position":1,"name":"Portada","item":"https:\/\/www.aguarda.es\/en\/"},{"@type":"ListItem","position":2,"name":"O ciclo Tocam\u00fasica desp\u00eddese cun concerto en sesi\u00f3n verm\u00fa"}]},{"@type":"WebSite","@id":"https:\/\/www.aguarda.es\/en\/#website","url":"https:\/\/www.aguarda.es\/en\/","name":"Concello da Guarda","description":"P\u00e1xina web do concello da Guarda","potentialAction":[{"@type":"SearchAction","target":{"@type":"EntryPoint","urlTemplate":"https:\/\/www.aguarda.es\/en\/?s={search_term_string}"},"query-input":"required name=search_term_string"}],"inLanguage":"en-US"},{"@type":"Person","@id":"https:\/\/www.aguarda.es\/en\/#\/schema\/person\/c463ca3006858ffb349d11179d044f21","name":"prensa","image":{"@type":"ImageObject","inLanguage":"en-US","@id":"https:\/\/www.aguarda.es\/en\/#\/schema\/person\/image\/","url":"https:\/\/secure.gravatar.com\/avatar\/5f90ef536b0f98306edf5c7a1135ffa1?s=96&d=mm&r=g","contentUrl":"https:\/\/secure.gravatar.com\/avatar\/5f90ef536b0f98306edf5c7a1135ffa1?s=96&d=mm&r=g","caption":"prensa"},"url":"https:\/\/www.aguarda.es\/en\/author\/prensa\/"}]}},"_links":{"self":[{"href":"https:\/\/www.aguarda.es\/en\/wp-json\/wp\/v2\/posts\/30735"}],"collection":[{"href":"https:\/\/www.aguarda.es\/en\/wp-json\/wp\/v2\/posts"}],"about":[{"href":"https:\/\/www.aguarda.es\/en\/wp-json\/wp\/v2\/types\/post"}],"author":[{"embeddable":true,"href":"https:\/\/www.aguarda.es\/en\/wp-json\/wp\/v2\/users\/2"}],"replies":[{"embeddable":true,"href":"https:\/\/www.aguarda.es\/en\/wp-json\/wp\/v2\/comments?post=30735"}],"version-history":[{"count":1,"href":"https:\/\/www.aguarda.es\/en\/wp-json\/wp\/v2\/posts\/30735\/revisions"}],"predecessor-version":[{"id":30736,"href":"https:\/\/www.aguarda.es\/en\/wp-json\/wp\/v2\/posts\/30735\/revisions\/30736"}],"wp:featuredmedia":[{"embeddable":true,"href":"https:\/\/www.aguarda.es\/en\/wp-json\/wp\/v2\/media\/30733"}],"wp:attachment":[{"href":"https:\/\/www.aguarda.es\/en\/wp-json\/wp\/v2\/media?parent=30735"}],"wp:term":[{"taxonomy":"category","embeddable":true,"href":"https:\/\/www.aguarda.es\/en\/wp-json\/wp\/v2\/categories?post=30735"},{"taxonomy":"post_tag","embeddable":true,"href":"https:\/\/www.aguarda.es\/en\/wp-json\/wp\/v2\/tags?post=30735"}],"curies":[{"name":"wp","href":"https:\/\/api.w.org\/{rel}","templated":true}]}}