{"id":30949,"date":"2024-09-25T09:39:49","date_gmt":"2024-09-25T09:39:49","guid":{"rendered":"https:\/\/www.aguarda.es\/?p=30949"},"modified":"2024-09-25T10:57:35","modified_gmt":"2024-09-25T10:57:35","slug":"aviso-alerta-amarela-por-chuvias-intensas-este-mercores-25-de-setembro","status":"publish","type":"post","link":"https:\/\/www.aguarda.es\/en\/aviso-alerta-amarela-por-chuvias-intensas-este-mercores-25-de-setembro\/","title":{"rendered":"AVISO: Alerta amarela por chuvias intensas este m\u00e9rcores 25 de setembro"},"content":{"rendered":"<p> ACTUALIZACI\u00d3N A AEMET eleva a LARANXA a alerta por chuvias ata 80 litros pro metro cadrado en 12 horas desde esta media ma\u00f1\u00e1 ata primeiras horas do xoves. Ademais, eleva a amarela a alerta por ventos en toda Galicia.<\/p>\n<p>A AEMET activa o nivel de amarelo por chuvias intensas no Baixo Mi\u00f1o. A partir das primeiras horas da tarde deste m\u00e9rcores 25 de setembro p\u00f3dense acumular 50 litros por metro cadrado en 12 horas.<\/p>\n<p>Rogamos precauci\u00f3n e prudencia ante o fen\u00f3meno meteorol\u00f3xico adverso.<\/p>\n","protected":false},"excerpt":{"rendered":"<p>ACTUALIZACI\u00d3N A AEMET eleva a LARANXA a alerta por chuvias ata 80 litros pro metro cadrado en 12 horas desde esta media ma\u00f1\u00e1 ata primeiras horas do xoves. Ademais, eleva a amarela a alerta por ventos en toda Galicia. A &hellip; <\/p>\n","protected":false},"author":2,"featured_media":30943,"comment_status":"closed","ping_status":"closed","sticky":false,"template":"","format":"standard","meta":[],"categories":[1,363],"tags":[],"yoast_head":"<!-- This site is optimized with the Yoast SEO plugin v21.1 - https:\/\/yoast.com\/wordpress\/plugins\/seo\/ -->\n<title>AVISO: Alerta amarela por chuvias intensas este m\u00e9rcores 25 de setembro - Concello da Guarda<\/title>\n<meta name=\"description\" content=\"A AEMET activa o nivel de amarelo por chuvias intensas no Baixo Mi\u00f1o. A partir das primeiras horas da tarde deste m\u00e9rcores 25 de setembro\" \/>\n<meta name=\"robots\" content=\"index, follow, max-snippet:-1, max-image-preview:large, max-video-preview:-1\" \/>\n<link rel=\"canonical\" href=\"https:\/\/www.aguarda.es\/en\/aviso-alerta-amarela-por-chuvias-intensas-este-mercores-25-de-setembro\/\" \/>\n<meta property=\"og:locale\" content=\"en_US\" \/>\n<meta property=\"og:type\" content=\"article\" \/>\n<meta property=\"og:title\" content=\"AVISO: Alerta amarela por chuvias intensas este m\u00e9rcores 25 de setembro - Concello da Guarda\" \/>\n<meta property=\"og:description\" content=\"A AEMET activa o nivel de amarelo por chuvias intensas no Baixo Mi\u00f1o. A partir das primeiras horas da tarde deste m\u00e9rcores 25 de setembro\" \/>\n<meta property=\"og:url\" content=\"https:\/\/www.aguarda.es\/en\/aviso-alerta-amarela-por-chuvias-intensas-este-mercores-25-de-setembro\/\" \/>\n<meta property=\"og:site_name\" content=\"Concello da Guarda\" \/>\n<meta property=\"article:publisher\" content=\"https:\/\/www.facebook.com\/ConcellodaGuarda\" \/>\n<meta property=\"article:published_time\" content=\"2024-09-25T09:39:49+00:00\" \/>\n<meta property=\"article:modified_time\" content=\"2024-09-25T10:57:35+00:00\" \/>\n<meta property=\"og:image\" content=\"https:\/\/www.aguarda.es\/wp-content\/uploads\/2024\/09\/lluvias.png?_t=1727261855\" \/>\n\t<meta property=\"og:image:width\" content=\"1080\" \/>\n\t<meta property=\"og:image:height\" content=\"1080\" \/>\n\t<meta property=\"og:image:type\" content=\"image\/png\" \/>\n<meta name=\"author\" content=\"prensa\" \/>\n<meta name=\"twitter:card\" content=\"summary_large_image\" \/>\n<meta name=\"twitter:creator\" content=\"@AGuarda_es\" \/>\n<meta name=\"twitter:site\" content=\"@AGuarda_es\" \/>\n<meta name=\"twitter:label1\" content=\"Written by\" \/>\n\t<meta name=\"twitter:data1\" content=\"prensa\" \/>\n\t<meta name=\"twitter:label2\" content=\"Est. reading time\" \/>\n\t<meta name=\"twitter:data2\" content=\"1 minute\" \/>\n<script type=\"application\/ld+json\" class=\"yoast-schema-graph\">{\"@context\":\"https:\/\/schema.org\",\"@graph\":[{\"@type\":\"WebPage\",\"@id\":\"https:\/\/www.aguarda.es\/en\/aviso-alerta-amarela-por-chuvias-intensas-este-mercores-25-de-setembro\/\",\"url\":\"https:\/\/www.aguarda.es\/en\/aviso-alerta-amarela-por-chuvias-intensas-este-mercores-25-de-setembro\/\",\"name\":\"AVISO: Alerta amarela por chuvias intensas este m\u00e9rcores 25 de setembro - Concello da Guarda\",\"isPartOf\":{\"@id\":\"https:\/\/www.aguarda.es\/en\/#website\"},\"datePublished\":\"2024-09-25T09:39:49+00:00\",\"dateModified\":\"2024-09-25T10:57:35+00:00\",\"author\":{\"@id\":\"https:\/\/www.aguarda.es\/en\/#\/schema\/person\/c463ca3006858ffb349d11179d044f21\"},\"description\":\"A AEMET activa o nivel de amarelo por chuvias intensas no Baixo Mi\u00f1o. A partir das primeiras horas da tarde deste m\u00e9rcores 25 de setembro\",\"breadcrumb\":{\"@id\":\"https:\/\/www.aguarda.es\/en\/aviso-alerta-amarela-por-chuvias-intensas-este-mercores-25-de-setembro\/#breadcrumb\"},\"inLanguage\":\"en-US\",\"potentialAction\":[{\"@type\":\"ReadAction\",\"target\":[\"https:\/\/www.aguarda.es\/en\/aviso-alerta-amarela-por-chuvias-intensas-este-mercores-25-de-setembro\/\"]}]},{\"@type\":\"BreadcrumbList\",\"@id\":\"https:\/\/www.aguarda.es\/en\/aviso-alerta-amarela-por-chuvias-intensas-este-mercores-25-de-setembro\/#breadcrumb\",\"itemListElement\":[{\"@type\":\"ListItem\",\"position\":1,\"name\":\"Portada\",\"item\":\"https:\/\/www.aguarda.es\/en\/\"},{\"@type\":\"ListItem\",\"position\":2,\"name\":\"AVISO: Alerta amarela por chuvias intensas este m\u00e9rcores 25 de setembro\"}]},{\"@type\":\"WebSite\",\"@id\":\"https:\/\/www.aguarda.es\/en\/#website\",\"url\":\"https:\/\/www.aguarda.es\/en\/\",\"name\":\"Concello da Guarda\",\"description\":\"P\u00e1xina web do concello da Guarda\",\"potentialAction\":[{\"@type\":\"SearchAction\",\"target\":{\"@type\":\"EntryPoint\",\"urlTemplate\":\"https:\/\/www.aguarda.es\/en\/?s={search_term_string}\"},\"query-input\":\"required name=search_term_string\"}],\"inLanguage\":\"en-US\"},{\"@type\":\"Person\",\"@id\":\"https:\/\/www.aguarda.es\/en\/#\/schema\/person\/c463ca3006858ffb349d11179d044f21\",\"name\":\"prensa\",\"image\":{\"@type\":\"ImageObject\",\"inLanguage\":\"en-US\",\"@id\":\"https:\/\/www.aguarda.es\/en\/#\/schema\/person\/image\/\",\"url\":\"https:\/\/secure.gravatar.com\/avatar\/5f90ef536b0f98306edf5c7a1135ffa1?s=96&d=mm&r=g\",\"contentUrl\":\"https:\/\/secure.gravatar.com\/avatar\/5f90ef536b0f98306edf5c7a1135ffa1?s=96&d=mm&r=g\",\"caption\":\"prensa\"},\"url\":\"https:\/\/www.aguarda.es\/en\/author\/prensa\/\"}]}<\/script>\n<!-- \/ Yoast SEO plugin. -->","yoast_head_json":{"title":"AVISO: Alerta amarela por chuvias intensas este m\u00e9rcores 25 de setembro - Concello da Guarda","description":"A AEMET activa o nivel de amarelo por chuvias intensas no Baixo Mi\u00f1o. A partir das primeiras horas da tarde deste m\u00e9rcores 25 de setembro","robots":{"index":"index","follow":"follow","max-snippet":"max-snippet:-1","max-image-preview":"max-image-preview:large","max-video-preview":"max-video-preview:-1"},"canonical":"https:\/\/www.aguarda.es\/en\/aviso-alerta-amarela-por-chuvias-intensas-este-mercores-25-de-setembro\/","og_locale":"en_US","og_type":"article","og_title":"AVISO: Alerta amarela por chuvias intensas este m\u00e9rcores 25 de setembro - Concello da Guarda","og_description":"A AEMET activa o nivel de amarelo por chuvias intensas no Baixo Mi\u00f1o. A partir das primeiras horas da tarde deste m\u00e9rcores 25 de setembro","og_url":"https:\/\/www.aguarda.es\/en\/aviso-alerta-amarela-por-chuvias-intensas-este-mercores-25-de-setembro\/","og_site_name":"Concello da Guarda","article_publisher":"https:\/\/www.facebook.com\/ConcellodaGuarda","article_published_time":"2024-09-25T09:39:49+00:00","article_modified_time":"2024-09-25T10:57:35+00:00","og_image":[{"width":1080,"height":1080,"url":"https:\/\/www.aguarda.es\/wp-content\/uploads\/2024\/09\/lluvias.png?_t=1727261855","type":"image\/png"}],"author":"prensa","twitter_card":"summary_large_image","twitter_creator":"@AGuarda_es","twitter_site":"@AGuarda_es","twitter_misc":{"Written by":"prensa","Est. reading time":"1 minute"},"schema":{"@context":"https:\/\/schema.org","@graph":[{"@type":"WebPage","@id":"https:\/\/www.aguarda.es\/en\/aviso-alerta-amarela-por-chuvias-intensas-este-mercores-25-de-setembro\/","url":"https:\/\/www.aguarda.es\/en\/aviso-alerta-amarela-por-chuvias-intensas-este-mercores-25-de-setembro\/","name":"AVISO: Alerta amarela por chuvias intensas este m\u00e9rcores 25 de setembro - Concello da Guarda","isPartOf":{"@id":"https:\/\/www.aguarda.es\/en\/#website"},"datePublished":"2024-09-25T09:39:49+00:00","dateModified":"2024-09-25T10:57:35+00:00","author":{"@id":"https:\/\/www.aguarda.es\/en\/#\/schema\/person\/c463ca3006858ffb349d11179d044f21"},"description":"A AEMET activa o nivel de amarelo por chuvias intensas no Baixo Mi\u00f1o. A partir das primeiras horas da tarde deste m\u00e9rcores 25 de setembro","breadcrumb":{"@id":"https:\/\/www.aguarda.es\/en\/aviso-alerta-amarela-por-chuvias-intensas-este-mercores-25-de-setembro\/#breadcrumb"},"inLanguage":"en-US","potentialAction":[{"@type":"ReadAction","target":["https:\/\/www.aguarda.es\/en\/aviso-alerta-amarela-por-chuvias-intensas-este-mercores-25-de-setembro\/"]}]},{"@type":"BreadcrumbList","@id":"https:\/\/www.aguarda.es\/en\/aviso-alerta-amarela-por-chuvias-intensas-este-mercores-25-de-setembro\/#breadcrumb","itemListElement":[{"@type":"ListItem","position":1,"name":"Portada","item":"https:\/\/www.aguarda.es\/en\/"},{"@type":"ListItem","position":2,"name":"AVISO: Alerta amarela por chuvias intensas este m\u00e9rcores 25 de setembro"}]},{"@type":"WebSite","@id":"https:\/\/www.aguarda.es\/en\/#website","url":"https:\/\/www.aguarda.es\/en\/","name":"Concello da Guarda","description":"P\u00e1xina web do concello da Guarda","potentialAction":[{"@type":"SearchAction","target":{"@type":"EntryPoint","urlTemplate":"https:\/\/www.aguarda.es\/en\/?s={search_term_string}"},"query-input":"required name=search_term_string"}],"inLanguage":"en-US"},{"@type":"Person","@id":"https:\/\/www.aguarda.es\/en\/#\/schema\/person\/c463ca3006858ffb349d11179d044f21","name":"prensa","image":{"@type":"ImageObject","inLanguage":"en-US","@id":"https:\/\/www.aguarda.es\/en\/#\/schema\/person\/image\/","url":"https:\/\/secure.gravatar.com\/avatar\/5f90ef536b0f98306edf5c7a1135ffa1?s=96&d=mm&r=g","contentUrl":"https:\/\/secure.gravatar.com\/avatar\/5f90ef536b0f98306edf5c7a1135ffa1?s=96&d=mm&r=g","caption":"prensa"},"url":"https:\/\/www.aguarda.es\/en\/author\/prensa\/"}]}},"_links":{"self":[{"href":"https:\/\/www.aguarda.es\/en\/wp-json\/wp\/v2\/posts\/30949"}],"collection":[{"href":"https:\/\/www.aguarda.es\/en\/wp-json\/wp\/v2\/posts"}],"about":[{"href":"https:\/\/www.aguarda.es\/en\/wp-json\/wp\/v2\/types\/post"}],"author":[{"embeddable":true,"href":"https:\/\/www.aguarda.es\/en\/wp-json\/wp\/v2\/users\/2"}],"replies":[{"embeddable":true,"href":"https:\/\/www.aguarda.es\/en\/wp-json\/wp\/v2\/comments?post=30949"}],"version-history":[{"count":2,"href":"https:\/\/www.aguarda.es\/en\/wp-json\/wp\/v2\/posts\/30949\/revisions"}],"predecessor-version":[{"id":30955,"href":"https:\/\/www.aguarda.es\/en\/wp-json\/wp\/v2\/posts\/30949\/revisions\/30955"}],"wp:featuredmedia":[{"embeddable":true,"href":"https:\/\/www.aguarda.es\/en\/wp-json\/wp\/v2\/media\/30943"}],"wp:attachment":[{"href":"https:\/\/www.aguarda.es\/en\/wp-json\/wp\/v2\/media?parent=30949"}],"wp:term":[{"taxonomy":"category","embeddable":true,"href":"https:\/\/www.aguarda.es\/en\/wp-json\/wp\/v2\/categories?post=30949"},{"taxonomy":"post_tag","embeddable":true,"href":"https:\/\/www.aguarda.es\/en\/wp-json\/wp\/v2\/tags?post=30949"}],"curies":[{"name":"wp","href":"https:\/\/api.w.org\/{rel}","templated":true}]}}