{"id":31055,"date":"2024-10-09T10:50:07","date_gmt":"2024-10-09T10:50:07","guid":{"rendered":"https:\/\/www.aguarda.es\/?p=31055"},"modified":"2024-10-14T07:33:18","modified_gmt":"2024-10-14T07:33:18","slug":"as-capsulas-de-cafe-podense-reciclar-na-guarda","status":"publish","type":"post","link":"https:\/\/www.aguarda.es\/en\/as-capsulas-de-cafe-podense-reciclar-na-guarda\/","title":{"rendered":"As c\u00e1psulas de caf\u00e9 p\u00f3dense reciclar na Guarda"},"content":{"rendered":"<p>Moitos guardeses e guardesas usan c\u00e1psulas de caf\u00e9 a diario, mais non todos saben que e poden reciclar. Para a reciclaxe das c\u00e1psulas de caf\u00e9 usadas, s\u00e9guense tres pasos:<\/p>\n<ol>\n<li>Recollida e transporte: Podes depositar as t\u00faas c\u00e1psulas usadas nos puntos de recollida da praza de Abastos e do Punto Limpo.<\/li>\n<li>Reciclaxe: Nas plantas de reciclaxe, as c\u00e1psulas son trituradas para separar os posos do caf\u00e9. O aluminio f\u00fandese de novo para reutilizalo e o pl\u00e1stico tr\u00e1tase para despois fabricar novos produtos.<\/li>\n<li>Segunda vida: Os posos de caf\u00e9 conv\u00e9rtense en abono rico en nutrientes, as c\u00e1psulas de pl\u00e1stico trit\u00faranse para poder fabricar outros obxectos e o aluminio das c\u00e1psulas \u00e9 infinitamente reciclable.<\/li>\n<\/ol>\n","protected":false},"excerpt":{"rendered":"<p>Moitos guardeses e guardesas usan c\u00e1psulas de caf\u00e9 a diario, mais non todos saben que e poden reciclar. Para a reciclaxe das c\u00e1psulas de caf\u00e9 usadas, s\u00e9guense tres pasos: Recollida e transporte: Podes depositar as t\u00faas c\u00e1psulas usadas nos puntos &hellip; <\/p>\n","protected":false},"author":2,"featured_media":31053,"comment_status":"closed","ping_status":"closed","sticky":false,"template":"","format":"standard","meta":[],"categories":[40,184,363],"tags":[],"yoast_head":"<!-- This site is optimized with the Yoast SEO plugin v21.1 - https:\/\/yoast.com\/wordpress\/plugins\/seo\/ -->\n<title>As c\u00e1psulas de caf\u00e9 p\u00f3dense reciclar na Guarda - Concello da Guarda<\/title>\n<meta name=\"description\" content=\"Moitos guardeses e guardesas usan c\u00e1psulas de caf\u00e9 a diario, mais non todos saben que e poden reciclar. Para a reciclaxe das c\u00e1psulas de caf\u00e9\" \/>\n<meta name=\"robots\" content=\"index, follow, max-snippet:-1, max-image-preview:large, max-video-preview:-1\" \/>\n<link rel=\"canonical\" href=\"https:\/\/www.aguarda.es\/en\/as-capsulas-de-cafe-podense-reciclar-na-guarda\/\" \/>\n<meta property=\"og:locale\" content=\"en_US\" \/>\n<meta property=\"og:type\" content=\"article\" \/>\n<meta property=\"og:title\" content=\"As c\u00e1psulas de caf\u00e9 p\u00f3dense reciclar na Guarda - Concello da Guarda\" \/>\n<meta property=\"og:description\" content=\"Moitos guardeses e guardesas usan c\u00e1psulas de caf\u00e9 a diario, mais non todos saben que e poden reciclar. Para a reciclaxe das c\u00e1psulas de caf\u00e9\" \/>\n<meta property=\"og:url\" content=\"https:\/\/www.aguarda.es\/en\/as-capsulas-de-cafe-podense-reciclar-na-guarda\/\" \/>\n<meta property=\"og:site_name\" content=\"Concello da Guarda\" \/>\n<meta property=\"article:publisher\" content=\"https:\/\/www.facebook.com\/ConcellodaGuarda\" \/>\n<meta property=\"article:published_time\" content=\"2024-10-09T10:50:07+00:00\" \/>\n<meta property=\"article:modified_time\" content=\"2024-10-14T07:33:18+00:00\" \/>\n<meta property=\"og:image\" content=\"https:\/\/www.aguarda.es\/wp-content\/uploads\/2024\/10\/capsulas.png?_t=1728891199\" \/>\n\t<meta property=\"og:image:width\" content=\"1080\" \/>\n\t<meta property=\"og:image:height\" content=\"1080\" \/>\n\t<meta property=\"og:image:type\" content=\"image\/png\" \/>\n<meta name=\"author\" content=\"prensa\" \/>\n<meta name=\"twitter:card\" content=\"summary_large_image\" \/>\n<meta name=\"twitter:creator\" content=\"@AGuarda_es\" \/>\n<meta name=\"twitter:site\" content=\"@AGuarda_es\" \/>\n<meta name=\"twitter:label1\" content=\"Written by\" \/>\n\t<meta name=\"twitter:data1\" content=\"prensa\" \/>\n\t<meta name=\"twitter:label2\" content=\"Est. reading time\" \/>\n\t<meta name=\"twitter:data2\" content=\"1 minute\" \/>\n<script type=\"application\/ld+json\" class=\"yoast-schema-graph\">{\"@context\":\"https:\/\/schema.org\",\"@graph\":[{\"@type\":\"WebPage\",\"@id\":\"https:\/\/www.aguarda.es\/en\/as-capsulas-de-cafe-podense-reciclar-na-guarda\/\",\"url\":\"https:\/\/www.aguarda.es\/en\/as-capsulas-de-cafe-podense-reciclar-na-guarda\/\",\"name\":\"As c\u00e1psulas de caf\u00e9 p\u00f3dense reciclar na Guarda - Concello da Guarda\",\"isPartOf\":{\"@id\":\"https:\/\/www.aguarda.es\/en\/#website\"},\"datePublished\":\"2024-10-09T10:50:07+00:00\",\"dateModified\":\"2024-10-14T07:33:18+00:00\",\"author\":{\"@id\":\"https:\/\/www.aguarda.es\/en\/#\/schema\/person\/c463ca3006858ffb349d11179d044f21\"},\"description\":\"Moitos guardeses e guardesas usan c\u00e1psulas de caf\u00e9 a diario, mais non todos saben que e poden reciclar. Para a reciclaxe das c\u00e1psulas de caf\u00e9\",\"breadcrumb\":{\"@id\":\"https:\/\/www.aguarda.es\/en\/as-capsulas-de-cafe-podense-reciclar-na-guarda\/#breadcrumb\"},\"inLanguage\":\"en-US\",\"potentialAction\":[{\"@type\":\"ReadAction\",\"target\":[\"https:\/\/www.aguarda.es\/en\/as-capsulas-de-cafe-podense-reciclar-na-guarda\/\"]}]},{\"@type\":\"BreadcrumbList\",\"@id\":\"https:\/\/www.aguarda.es\/en\/as-capsulas-de-cafe-podense-reciclar-na-guarda\/#breadcrumb\",\"itemListElement\":[{\"@type\":\"ListItem\",\"position\":1,\"name\":\"Portada\",\"item\":\"https:\/\/www.aguarda.es\/en\/\"},{\"@type\":\"ListItem\",\"position\":2,\"name\":\"As c\u00e1psulas de caf\u00e9 p\u00f3dense reciclar na Guarda\"}]},{\"@type\":\"WebSite\",\"@id\":\"https:\/\/www.aguarda.es\/en\/#website\",\"url\":\"https:\/\/www.aguarda.es\/en\/\",\"name\":\"Concello da Guarda\",\"description\":\"P\u00e1xina web do concello da Guarda\",\"potentialAction\":[{\"@type\":\"SearchAction\",\"target\":{\"@type\":\"EntryPoint\",\"urlTemplate\":\"https:\/\/www.aguarda.es\/en\/?s={search_term_string}\"},\"query-input\":\"required name=search_term_string\"}],\"inLanguage\":\"en-US\"},{\"@type\":\"Person\",\"@id\":\"https:\/\/www.aguarda.es\/en\/#\/schema\/person\/c463ca3006858ffb349d11179d044f21\",\"name\":\"prensa\",\"image\":{\"@type\":\"ImageObject\",\"inLanguage\":\"en-US\",\"@id\":\"https:\/\/www.aguarda.es\/en\/#\/schema\/person\/image\/\",\"url\":\"https:\/\/secure.gravatar.com\/avatar\/5f90ef536b0f98306edf5c7a1135ffa1?s=96&d=mm&r=g\",\"contentUrl\":\"https:\/\/secure.gravatar.com\/avatar\/5f90ef536b0f98306edf5c7a1135ffa1?s=96&d=mm&r=g\",\"caption\":\"prensa\"},\"url\":\"https:\/\/www.aguarda.es\/en\/author\/prensa\/\"}]}<\/script>\n<!-- \/ Yoast SEO plugin. -->","yoast_head_json":{"title":"As c\u00e1psulas de caf\u00e9 p\u00f3dense reciclar na Guarda - Concello da Guarda","description":"Moitos guardeses e guardesas usan c\u00e1psulas de caf\u00e9 a diario, mais non todos saben que e poden reciclar. Para a reciclaxe das c\u00e1psulas de caf\u00e9","robots":{"index":"index","follow":"follow","max-snippet":"max-snippet:-1","max-image-preview":"max-image-preview:large","max-video-preview":"max-video-preview:-1"},"canonical":"https:\/\/www.aguarda.es\/en\/as-capsulas-de-cafe-podense-reciclar-na-guarda\/","og_locale":"en_US","og_type":"article","og_title":"As c\u00e1psulas de caf\u00e9 p\u00f3dense reciclar na Guarda - Concello da Guarda","og_description":"Moitos guardeses e guardesas usan c\u00e1psulas de caf\u00e9 a diario, mais non todos saben que e poden reciclar. Para a reciclaxe das c\u00e1psulas de caf\u00e9","og_url":"https:\/\/www.aguarda.es\/en\/as-capsulas-de-cafe-podense-reciclar-na-guarda\/","og_site_name":"Concello da Guarda","article_publisher":"https:\/\/www.facebook.com\/ConcellodaGuarda","article_published_time":"2024-10-09T10:50:07+00:00","article_modified_time":"2024-10-14T07:33:18+00:00","og_image":[{"width":1080,"height":1080,"url":"https:\/\/www.aguarda.es\/wp-content\/uploads\/2024\/10\/capsulas.png?_t=1728891199","type":"image\/png"}],"author":"prensa","twitter_card":"summary_large_image","twitter_creator":"@AGuarda_es","twitter_site":"@AGuarda_es","twitter_misc":{"Written by":"prensa","Est. reading time":"1 minute"},"schema":{"@context":"https:\/\/schema.org","@graph":[{"@type":"WebPage","@id":"https:\/\/www.aguarda.es\/en\/as-capsulas-de-cafe-podense-reciclar-na-guarda\/","url":"https:\/\/www.aguarda.es\/en\/as-capsulas-de-cafe-podense-reciclar-na-guarda\/","name":"As c\u00e1psulas de caf\u00e9 p\u00f3dense reciclar na Guarda - Concello da Guarda","isPartOf":{"@id":"https:\/\/www.aguarda.es\/en\/#website"},"datePublished":"2024-10-09T10:50:07+00:00","dateModified":"2024-10-14T07:33:18+00:00","author":{"@id":"https:\/\/www.aguarda.es\/en\/#\/schema\/person\/c463ca3006858ffb349d11179d044f21"},"description":"Moitos guardeses e guardesas usan c\u00e1psulas de caf\u00e9 a diario, mais non todos saben que e poden reciclar. Para a reciclaxe das c\u00e1psulas de caf\u00e9","breadcrumb":{"@id":"https:\/\/www.aguarda.es\/en\/as-capsulas-de-cafe-podense-reciclar-na-guarda\/#breadcrumb"},"inLanguage":"en-US","potentialAction":[{"@type":"ReadAction","target":["https:\/\/www.aguarda.es\/en\/as-capsulas-de-cafe-podense-reciclar-na-guarda\/"]}]},{"@type":"BreadcrumbList","@id":"https:\/\/www.aguarda.es\/en\/as-capsulas-de-cafe-podense-reciclar-na-guarda\/#breadcrumb","itemListElement":[{"@type":"ListItem","position":1,"name":"Portada","item":"https:\/\/www.aguarda.es\/en\/"},{"@type":"ListItem","position":2,"name":"As c\u00e1psulas de caf\u00e9 p\u00f3dense reciclar na Guarda"}]},{"@type":"WebSite","@id":"https:\/\/www.aguarda.es\/en\/#website","url":"https:\/\/www.aguarda.es\/en\/","name":"Concello da Guarda","description":"P\u00e1xina web do concello da Guarda","potentialAction":[{"@type":"SearchAction","target":{"@type":"EntryPoint","urlTemplate":"https:\/\/www.aguarda.es\/en\/?s={search_term_string}"},"query-input":"required name=search_term_string"}],"inLanguage":"en-US"},{"@type":"Person","@id":"https:\/\/www.aguarda.es\/en\/#\/schema\/person\/c463ca3006858ffb349d11179d044f21","name":"prensa","image":{"@type":"ImageObject","inLanguage":"en-US","@id":"https:\/\/www.aguarda.es\/en\/#\/schema\/person\/image\/","url":"https:\/\/secure.gravatar.com\/avatar\/5f90ef536b0f98306edf5c7a1135ffa1?s=96&d=mm&r=g","contentUrl":"https:\/\/secure.gravatar.com\/avatar\/5f90ef536b0f98306edf5c7a1135ffa1?s=96&d=mm&r=g","caption":"prensa"},"url":"https:\/\/www.aguarda.es\/en\/author\/prensa\/"}]}},"_links":{"self":[{"href":"https:\/\/www.aguarda.es\/en\/wp-json\/wp\/v2\/posts\/31055"}],"collection":[{"href":"https:\/\/www.aguarda.es\/en\/wp-json\/wp\/v2\/posts"}],"about":[{"href":"https:\/\/www.aguarda.es\/en\/wp-json\/wp\/v2\/types\/post"}],"author":[{"embeddable":true,"href":"https:\/\/www.aguarda.es\/en\/wp-json\/wp\/v2\/users\/2"}],"replies":[{"embeddable":true,"href":"https:\/\/www.aguarda.es\/en\/wp-json\/wp\/v2\/comments?post=31055"}],"version-history":[{"count":1,"href":"https:\/\/www.aguarda.es\/en\/wp-json\/wp\/v2\/posts\/31055\/revisions"}],"predecessor-version":[{"id":31056,"href":"https:\/\/www.aguarda.es\/en\/wp-json\/wp\/v2\/posts\/31055\/revisions\/31056"}],"wp:featuredmedia":[{"embeddable":true,"href":"https:\/\/www.aguarda.es\/en\/wp-json\/wp\/v2\/media\/31053"}],"wp:attachment":[{"href":"https:\/\/www.aguarda.es\/en\/wp-json\/wp\/v2\/media?parent=31055"}],"wp:term":[{"taxonomy":"category","embeddable":true,"href":"https:\/\/www.aguarda.es\/en\/wp-json\/wp\/v2\/categories?post=31055"},{"taxonomy":"post_tag","embeddable":true,"href":"https:\/\/www.aguarda.es\/en\/wp-json\/wp\/v2\/tags?post=31055"}],"curies":[{"name":"wp","href":"https:\/\/api.w.org\/{rel}","templated":true}]}}