{"id":31112,"date":"2024-10-18T08:20:22","date_gmt":"2024-10-18T08:20:22","guid":{"rendered":"https:\/\/www.aguarda.es\/?p=31112"},"modified":"2024-10-18T08:20:22","modified_gmt":"2024-10-18T08:20:22","slug":"a-guarda-convoca-un-pleno-extraordinario-para-o-martes-22","status":"publish","type":"post","link":"https:\/\/www.aguarda.es\/en\/a-guarda-convoca-un-pleno-extraordinario-para-o-martes-22\/","title":{"rendered":"A Guarda convoca un pleno extraordinario para o martes 22"},"content":{"rendered":"<p>O pr\u00f3ximo martes 22 de outubro celebrarase un pleno extraordinario \u00e1s 8:30 horas no Sal\u00f3n de Plenos do Concello.<\/p>\n<ol>\n<li>Acordo suplemento cr\u00e9dito_cr\u00e9dito extraordinario n\u00ba 2. M.o. n\u00ba 110. .<\/li>\n<li>Aprobaci\u00f3n inicial ordenanza pr\u00e9stamo trituradora biomasa.<\/li>\n<li>aprobaci\u00f3n expediente licitaci\u00f3n piscina 2024.<\/li>\n<li>Toma de co\u00f1ecemento da renuncia ao cargo de concelleiro presentada por don fernando reyes gonz\u00e1lez<\/li>\n<\/ol>\n","protected":false},"excerpt":{"rendered":"<p>O pr\u00f3ximo martes 22 de outubro celebrarase un pleno extraordinario \u00e1s 8:30 horas no Sal\u00f3n de Plenos do Concello. Acordo suplemento cr\u00e9dito_cr\u00e9dito extraordinario n\u00ba 2. M.o. n\u00ba 110. . Aprobaci\u00f3n inicial ordenanza pr\u00e9stamo trituradora biomasa. aprobaci\u00f3n expediente licitaci\u00f3n piscina 2024. &hellip; <\/p>\n","protected":false},"author":2,"featured_media":31100,"comment_status":"closed","ping_status":"closed","sticky":false,"template":"","format":"standard","meta":[],"categories":[36,363],"tags":[],"yoast_head":"<!-- This site is optimized with the Yoast SEO plugin v21.1 - https:\/\/yoast.com\/wordpress\/plugins\/seo\/ -->\n<title>A Guarda convoca un pleno extraordinario para o martes 22 - Concello da Guarda<\/title>\n<meta name=\"description\" content=\"O pr\u00f3ximo martes 22 de outubro celebrarase un pleno extraordinario \u00e1s 8:30 horas no Sal\u00f3n de Plenos do Concello.\" \/>\n<meta name=\"robots\" content=\"index, follow, max-snippet:-1, max-image-preview:large, max-video-preview:-1\" \/>\n<link rel=\"canonical\" href=\"https:\/\/www.aguarda.es\/en\/a-guarda-convoca-un-pleno-extraordinario-para-o-martes-22\/\" \/>\n<meta property=\"og:locale\" content=\"en_US\" \/>\n<meta property=\"og:type\" content=\"article\" \/>\n<meta property=\"og:title\" content=\"A Guarda convoca un pleno extraordinario para o martes 22 - Concello da Guarda\" \/>\n<meta property=\"og:description\" content=\"O pr\u00f3ximo martes 22 de outubro celebrarase un pleno extraordinario \u00e1s 8:30 horas no Sal\u00f3n de Plenos do Concello.\" \/>\n<meta property=\"og:url\" content=\"https:\/\/www.aguarda.es\/en\/a-guarda-convoca-un-pleno-extraordinario-para-o-martes-22\/\" \/>\n<meta property=\"og:site_name\" content=\"Concello da Guarda\" \/>\n<meta property=\"article:publisher\" content=\"https:\/\/www.facebook.com\/ConcellodaGuarda\" \/>\n<meta property=\"article:published_time\" content=\"2024-10-18T08:20:22+00:00\" \/>\n<meta property=\"og:image\" content=\"https:\/\/www.aguarda.es\/wp-content\/uploads\/2024\/10\/pleno-extraordinario.png?_t=1729239622\" \/>\n\t<meta property=\"og:image:width\" content=\"1080\" \/>\n\t<meta property=\"og:image:height\" content=\"1080\" \/>\n\t<meta property=\"og:image:type\" content=\"image\/png\" \/>\n<meta name=\"author\" content=\"prensa\" \/>\n<meta name=\"twitter:card\" content=\"summary_large_image\" \/>\n<meta name=\"twitter:creator\" content=\"@AGuarda_es\" \/>\n<meta name=\"twitter:site\" content=\"@AGuarda_es\" \/>\n<meta name=\"twitter:label1\" content=\"Written by\" \/>\n\t<meta name=\"twitter:data1\" content=\"prensa\" \/>\n\t<meta name=\"twitter:label2\" content=\"Est. reading time\" \/>\n\t<meta name=\"twitter:data2\" content=\"1 minute\" \/>\n<script type=\"application\/ld+json\" class=\"yoast-schema-graph\">{\"@context\":\"https:\/\/schema.org\",\"@graph\":[{\"@type\":\"WebPage\",\"@id\":\"https:\/\/www.aguarda.es\/en\/a-guarda-convoca-un-pleno-extraordinario-para-o-martes-22\/\",\"url\":\"https:\/\/www.aguarda.es\/en\/a-guarda-convoca-un-pleno-extraordinario-para-o-martes-22\/\",\"name\":\"A Guarda convoca un pleno extraordinario para o martes 22 - Concello da Guarda\",\"isPartOf\":{\"@id\":\"https:\/\/www.aguarda.es\/en\/#website\"},\"datePublished\":\"2024-10-18T08:20:22+00:00\",\"dateModified\":\"2024-10-18T08:20:22+00:00\",\"author\":{\"@id\":\"https:\/\/www.aguarda.es\/en\/#\/schema\/person\/c463ca3006858ffb349d11179d044f21\"},\"description\":\"O pr\u00f3ximo martes 22 de outubro celebrarase un pleno extraordinario \u00e1s 8:30 horas no Sal\u00f3n de Plenos do Concello.\",\"breadcrumb\":{\"@id\":\"https:\/\/www.aguarda.es\/en\/a-guarda-convoca-un-pleno-extraordinario-para-o-martes-22\/#breadcrumb\"},\"inLanguage\":\"en-US\",\"potentialAction\":[{\"@type\":\"ReadAction\",\"target\":[\"https:\/\/www.aguarda.es\/en\/a-guarda-convoca-un-pleno-extraordinario-para-o-martes-22\/\"]}]},{\"@type\":\"BreadcrumbList\",\"@id\":\"https:\/\/www.aguarda.es\/en\/a-guarda-convoca-un-pleno-extraordinario-para-o-martes-22\/#breadcrumb\",\"itemListElement\":[{\"@type\":\"ListItem\",\"position\":1,\"name\":\"Portada\",\"item\":\"https:\/\/www.aguarda.es\/en\/\"},{\"@type\":\"ListItem\",\"position\":2,\"name\":\"A Guarda convoca un pleno extraordinario para o martes 22\"}]},{\"@type\":\"WebSite\",\"@id\":\"https:\/\/www.aguarda.es\/en\/#website\",\"url\":\"https:\/\/www.aguarda.es\/en\/\",\"name\":\"Concello da Guarda\",\"description\":\"P\u00e1xina web do concello da Guarda\",\"potentialAction\":[{\"@type\":\"SearchAction\",\"target\":{\"@type\":\"EntryPoint\",\"urlTemplate\":\"https:\/\/www.aguarda.es\/en\/?s={search_term_string}\"},\"query-input\":\"required name=search_term_string\"}],\"inLanguage\":\"en-US\"},{\"@type\":\"Person\",\"@id\":\"https:\/\/www.aguarda.es\/en\/#\/schema\/person\/c463ca3006858ffb349d11179d044f21\",\"name\":\"prensa\",\"image\":{\"@type\":\"ImageObject\",\"inLanguage\":\"en-US\",\"@id\":\"https:\/\/www.aguarda.es\/en\/#\/schema\/person\/image\/\",\"url\":\"https:\/\/secure.gravatar.com\/avatar\/5f90ef536b0f98306edf5c7a1135ffa1?s=96&d=mm&r=g\",\"contentUrl\":\"https:\/\/secure.gravatar.com\/avatar\/5f90ef536b0f98306edf5c7a1135ffa1?s=96&d=mm&r=g\",\"caption\":\"prensa\"},\"url\":\"https:\/\/www.aguarda.es\/en\/author\/prensa\/\"}]}<\/script>\n<!-- \/ Yoast SEO plugin. -->","yoast_head_json":{"title":"A Guarda convoca un pleno extraordinario para o martes 22 - Concello da Guarda","description":"O pr\u00f3ximo martes 22 de outubro celebrarase un pleno extraordinario \u00e1s 8:30 horas no Sal\u00f3n de Plenos do Concello.","robots":{"index":"index","follow":"follow","max-snippet":"max-snippet:-1","max-image-preview":"max-image-preview:large","max-video-preview":"max-video-preview:-1"},"canonical":"https:\/\/www.aguarda.es\/en\/a-guarda-convoca-un-pleno-extraordinario-para-o-martes-22\/","og_locale":"en_US","og_type":"article","og_title":"A Guarda convoca un pleno extraordinario para o martes 22 - Concello da Guarda","og_description":"O pr\u00f3ximo martes 22 de outubro celebrarase un pleno extraordinario \u00e1s 8:30 horas no Sal\u00f3n de Plenos do Concello.","og_url":"https:\/\/www.aguarda.es\/en\/a-guarda-convoca-un-pleno-extraordinario-para-o-martes-22\/","og_site_name":"Concello da Guarda","article_publisher":"https:\/\/www.facebook.com\/ConcellodaGuarda","article_published_time":"2024-10-18T08:20:22+00:00","og_image":[{"width":1080,"height":1080,"url":"https:\/\/www.aguarda.es\/wp-content\/uploads\/2024\/10\/pleno-extraordinario.png?_t=1729239622","type":"image\/png"}],"author":"prensa","twitter_card":"summary_large_image","twitter_creator":"@AGuarda_es","twitter_site":"@AGuarda_es","twitter_misc":{"Written by":"prensa","Est. reading time":"1 minute"},"schema":{"@context":"https:\/\/schema.org","@graph":[{"@type":"WebPage","@id":"https:\/\/www.aguarda.es\/en\/a-guarda-convoca-un-pleno-extraordinario-para-o-martes-22\/","url":"https:\/\/www.aguarda.es\/en\/a-guarda-convoca-un-pleno-extraordinario-para-o-martes-22\/","name":"A Guarda convoca un pleno extraordinario para o martes 22 - Concello da Guarda","isPartOf":{"@id":"https:\/\/www.aguarda.es\/en\/#website"},"datePublished":"2024-10-18T08:20:22+00:00","dateModified":"2024-10-18T08:20:22+00:00","author":{"@id":"https:\/\/www.aguarda.es\/en\/#\/schema\/person\/c463ca3006858ffb349d11179d044f21"},"description":"O pr\u00f3ximo martes 22 de outubro celebrarase un pleno extraordinario \u00e1s 8:30 horas no Sal\u00f3n de Plenos do Concello.","breadcrumb":{"@id":"https:\/\/www.aguarda.es\/en\/a-guarda-convoca-un-pleno-extraordinario-para-o-martes-22\/#breadcrumb"},"inLanguage":"en-US","potentialAction":[{"@type":"ReadAction","target":["https:\/\/www.aguarda.es\/en\/a-guarda-convoca-un-pleno-extraordinario-para-o-martes-22\/"]}]},{"@type":"BreadcrumbList","@id":"https:\/\/www.aguarda.es\/en\/a-guarda-convoca-un-pleno-extraordinario-para-o-martes-22\/#breadcrumb","itemListElement":[{"@type":"ListItem","position":1,"name":"Portada","item":"https:\/\/www.aguarda.es\/en\/"},{"@type":"ListItem","position":2,"name":"A Guarda convoca un pleno extraordinario para o martes 22"}]},{"@type":"WebSite","@id":"https:\/\/www.aguarda.es\/en\/#website","url":"https:\/\/www.aguarda.es\/en\/","name":"Concello da Guarda","description":"P\u00e1xina web do concello da Guarda","potentialAction":[{"@type":"SearchAction","target":{"@type":"EntryPoint","urlTemplate":"https:\/\/www.aguarda.es\/en\/?s={search_term_string}"},"query-input":"required name=search_term_string"}],"inLanguage":"en-US"},{"@type":"Person","@id":"https:\/\/www.aguarda.es\/en\/#\/schema\/person\/c463ca3006858ffb349d11179d044f21","name":"prensa","image":{"@type":"ImageObject","inLanguage":"en-US","@id":"https:\/\/www.aguarda.es\/en\/#\/schema\/person\/image\/","url":"https:\/\/secure.gravatar.com\/avatar\/5f90ef536b0f98306edf5c7a1135ffa1?s=96&d=mm&r=g","contentUrl":"https:\/\/secure.gravatar.com\/avatar\/5f90ef536b0f98306edf5c7a1135ffa1?s=96&d=mm&r=g","caption":"prensa"},"url":"https:\/\/www.aguarda.es\/en\/author\/prensa\/"}]}},"_links":{"self":[{"href":"https:\/\/www.aguarda.es\/en\/wp-json\/wp\/v2\/posts\/31112"}],"collection":[{"href":"https:\/\/www.aguarda.es\/en\/wp-json\/wp\/v2\/posts"}],"about":[{"href":"https:\/\/www.aguarda.es\/en\/wp-json\/wp\/v2\/types\/post"}],"author":[{"embeddable":true,"href":"https:\/\/www.aguarda.es\/en\/wp-json\/wp\/v2\/users\/2"}],"replies":[{"embeddable":true,"href":"https:\/\/www.aguarda.es\/en\/wp-json\/wp\/v2\/comments?post=31112"}],"version-history":[{"count":1,"href":"https:\/\/www.aguarda.es\/en\/wp-json\/wp\/v2\/posts\/31112\/revisions"}],"predecessor-version":[{"id":31113,"href":"https:\/\/www.aguarda.es\/en\/wp-json\/wp\/v2\/posts\/31112\/revisions\/31113"}],"wp:featuredmedia":[{"embeddable":true,"href":"https:\/\/www.aguarda.es\/en\/wp-json\/wp\/v2\/media\/31100"}],"wp:attachment":[{"href":"https:\/\/www.aguarda.es\/en\/wp-json\/wp\/v2\/media?parent=31112"}],"wp:term":[{"taxonomy":"category","embeddable":true,"href":"https:\/\/www.aguarda.es\/en\/wp-json\/wp\/v2\/categories?post=31112"},{"taxonomy":"post_tag","embeddable":true,"href":"https:\/\/www.aguarda.es\/en\/wp-json\/wp\/v2\/tags?post=31112"}],"curies":[{"name":"wp","href":"https:\/\/api.w.org\/{rel}","templated":true}]}}