{"id":31116,"date":"2024-10-18T09:09:40","date_gmt":"2024-10-18T09:09:40","guid":{"rendered":"https:\/\/www.aguarda.es\/?p=31116"},"modified":"2024-10-18T09:17:08","modified_gmt":"2024-10-18T09:17:08","slug":"o-sabado-19-de-outubro-grabase-o-programa-especial-da-guarda-de-gente-viajera-de-onda-cero","status":"publish","type":"post","link":"https:\/\/www.aguarda.es\/en\/o-sabado-19-de-outubro-grabase-o-programa-especial-da-guarda-de-gente-viajera-de-onda-cero\/","title":{"rendered":"O s\u00e1bado 19 de outubro gr\u00e1base o programa especial da Guarda de \u2018Gente viajera\u2019 de Onda Cero"},"content":{"rendered":"<p>\u201cGente Viajera\u201d, programa de Onda Cero a nivel nacional, realizar\u00e1 o seu programa do s\u00e1bado desde o Concello da Guarda.<\/p>\n<p>Carles Lamelo e o seu equipo dar\u00e1n a co\u00f1ecer a nosa vila a todos os o\u00edntes e no que haber\u00e1 entrevistas dos temas m\u00e1is destacados a nivel tur\u00edstico como o Monte Santa Trega, a Asociaci\u00f3n Piueiro, a Festa da Langosta ou festivais xa reco\u00f1ecidos como Mar de Blues e Galifornia.<\/p>\n<p>O alcalde, Roberto Carrero, tam\u00e9n participar\u00e1 no programa ofrecendo unha panor\u00e1mica xeral do turismo na Guarda como destino patrimonial, de natureza e gastron\u00f3mica, facendo fincap\u00e9 no noso cami\u00f1o a Santiago. Ademais, resaltarase a aposta pola programaci\u00f3n cultural e deportiva e o apoio as entidades e comisi\u00f3ns para dispor dunha variada programaci\u00f3n non s\u00f3 durante o ver\u00e1n.<\/p>\n<p>Este programa especial em\u00edtese en directo desde a Casa dos Alonso de 12:00 a 14:00 horas. O programa estar\u00e1 aberto p\u00fablico ata completar o aforo.<\/p>\n","protected":false},"excerpt":{"rendered":"<p>\u201cGente Viajera\u201d, programa de Onda Cero a nivel nacional, realizar\u00e1 o seu programa do s\u00e1bado desde o Concello da Guarda. Carles Lamelo e o seu equipo dar\u00e1n a co\u00f1ecer a nosa vila a todos os o\u00edntes e no que haber\u00e1 &hellip; <\/p>\n","protected":false},"author":2,"featured_media":31114,"comment_status":"closed","ping_status":"closed","sticky":false,"template":"","format":"standard","meta":[],"categories":[56,363],"tags":[],"yoast_head":"<!-- This site is optimized with the Yoast SEO plugin v21.1 - https:\/\/yoast.com\/wordpress\/plugins\/seo\/ -->\n<title>O s\u00e1bado 19 de outubro gr\u00e1base o programa especial da Guarda de \u2018Gente viajera\u2019 de Onda Cero - Concello da Guarda<\/title>\n<meta name=\"description\" content=\"\u201cGente Viajera\u201d, programa de Onda Cero a nivel nacional, realizar\u00e1 o seu programa do s\u00e1bado desde o Concello da Guarda.Carlos Lamela e o seu\" \/>\n<meta name=\"robots\" content=\"index, follow, max-snippet:-1, max-image-preview:large, max-video-preview:-1\" \/>\n<link rel=\"canonical\" href=\"https:\/\/www.aguarda.es\/en\/o-sabado-19-de-outubro-grabase-o-programa-especial-da-guarda-de-gente-viajera-de-onda-cero\/\" \/>\n<meta property=\"og:locale\" content=\"en_US\" \/>\n<meta property=\"og:type\" content=\"article\" \/>\n<meta property=\"og:title\" content=\"O s\u00e1bado 19 de outubro gr\u00e1base o programa especial da Guarda de \u2018Gente viajera\u2019 de Onda Cero - Concello da Guarda\" \/>\n<meta property=\"og:description\" content=\"\u201cGente Viajera\u201d, programa de Onda Cero a nivel nacional, realizar\u00e1 o seu programa do s\u00e1bado desde o Concello da Guarda.Carlos Lamela e o seu\" \/>\n<meta property=\"og:url\" content=\"https:\/\/www.aguarda.es\/en\/o-sabado-19-de-outubro-grabase-o-programa-especial-da-guarda-de-gente-viajera-de-onda-cero\/\" \/>\n<meta property=\"og:site_name\" content=\"Concello da Guarda\" \/>\n<meta property=\"article:publisher\" content=\"https:\/\/www.facebook.com\/ConcellodaGuarda\" \/>\n<meta property=\"article:published_time\" content=\"2024-10-18T09:09:40+00:00\" \/>\n<meta property=\"article:modified_time\" content=\"2024-10-18T09:17:08+00:00\" \/>\n<meta property=\"og:image\" content=\"https:\/\/www.aguarda.es\/wp-content\/uploads\/2024\/10\/ONDA-CERO-A-GUARDA.jpg?_t=1729243028\" \/>\n\t<meta property=\"og:image:width\" content=\"1080\" \/>\n\t<meta property=\"og:image:height\" content=\"1080\" \/>\n\t<meta property=\"og:image:type\" content=\"image\/jpeg\" \/>\n<meta name=\"author\" content=\"prensa\" \/>\n<meta name=\"twitter:card\" content=\"summary_large_image\" \/>\n<meta name=\"twitter:creator\" content=\"@AGuarda_es\" \/>\n<meta name=\"twitter:site\" content=\"@AGuarda_es\" \/>\n<meta name=\"twitter:label1\" content=\"Written by\" \/>\n\t<meta name=\"twitter:data1\" content=\"prensa\" \/>\n\t<meta name=\"twitter:label2\" content=\"Est. reading time\" \/>\n\t<meta name=\"twitter:data2\" content=\"1 minute\" \/>\n<script type=\"application\/ld+json\" class=\"yoast-schema-graph\">{\"@context\":\"https:\/\/schema.org\",\"@graph\":[{\"@type\":\"WebPage\",\"@id\":\"https:\/\/www.aguarda.es\/en\/o-sabado-19-de-outubro-grabase-o-programa-especial-da-guarda-de-gente-viajera-de-onda-cero\/\",\"url\":\"https:\/\/www.aguarda.es\/en\/o-sabado-19-de-outubro-grabase-o-programa-especial-da-guarda-de-gente-viajera-de-onda-cero\/\",\"name\":\"O s\u00e1bado 19 de outubro gr\u00e1base o programa especial da Guarda de \u2018Gente viajera\u2019 de Onda Cero - Concello da Guarda\",\"isPartOf\":{\"@id\":\"https:\/\/www.aguarda.es\/en\/#website\"},\"datePublished\":\"2024-10-18T09:09:40+00:00\",\"dateModified\":\"2024-10-18T09:17:08+00:00\",\"author\":{\"@id\":\"https:\/\/www.aguarda.es\/en\/#\/schema\/person\/c463ca3006858ffb349d11179d044f21\"},\"description\":\"\u201cGente Viajera\u201d, programa de Onda Cero a nivel nacional, realizar\u00e1 o seu programa do s\u00e1bado desde o Concello da Guarda.Carlos Lamela e o seu\",\"breadcrumb\":{\"@id\":\"https:\/\/www.aguarda.es\/en\/o-sabado-19-de-outubro-grabase-o-programa-especial-da-guarda-de-gente-viajera-de-onda-cero\/#breadcrumb\"},\"inLanguage\":\"en-US\",\"potentialAction\":[{\"@type\":\"ReadAction\",\"target\":[\"https:\/\/www.aguarda.es\/en\/o-sabado-19-de-outubro-grabase-o-programa-especial-da-guarda-de-gente-viajera-de-onda-cero\/\"]}]},{\"@type\":\"BreadcrumbList\",\"@id\":\"https:\/\/www.aguarda.es\/en\/o-sabado-19-de-outubro-grabase-o-programa-especial-da-guarda-de-gente-viajera-de-onda-cero\/#breadcrumb\",\"itemListElement\":[{\"@type\":\"ListItem\",\"position\":1,\"name\":\"Portada\",\"item\":\"https:\/\/www.aguarda.es\/en\/\"},{\"@type\":\"ListItem\",\"position\":2,\"name\":\"O s\u00e1bado 19 de outubro gr\u00e1base o programa especial da Guarda de \u2018Gente viajera\u2019 de Onda Cero\"}]},{\"@type\":\"WebSite\",\"@id\":\"https:\/\/www.aguarda.es\/en\/#website\",\"url\":\"https:\/\/www.aguarda.es\/en\/\",\"name\":\"Concello da Guarda\",\"description\":\"P\u00e1xina web do concello da Guarda\",\"potentialAction\":[{\"@type\":\"SearchAction\",\"target\":{\"@type\":\"EntryPoint\",\"urlTemplate\":\"https:\/\/www.aguarda.es\/en\/?s={search_term_string}\"},\"query-input\":\"required name=search_term_string\"}],\"inLanguage\":\"en-US\"},{\"@type\":\"Person\",\"@id\":\"https:\/\/www.aguarda.es\/en\/#\/schema\/person\/c463ca3006858ffb349d11179d044f21\",\"name\":\"prensa\",\"image\":{\"@type\":\"ImageObject\",\"inLanguage\":\"en-US\",\"@id\":\"https:\/\/www.aguarda.es\/en\/#\/schema\/person\/image\/\",\"url\":\"https:\/\/secure.gravatar.com\/avatar\/5f90ef536b0f98306edf5c7a1135ffa1?s=96&d=mm&r=g\",\"contentUrl\":\"https:\/\/secure.gravatar.com\/avatar\/5f90ef536b0f98306edf5c7a1135ffa1?s=96&d=mm&r=g\",\"caption\":\"prensa\"},\"url\":\"https:\/\/www.aguarda.es\/en\/author\/prensa\/\"}]}<\/script>\n<!-- \/ Yoast SEO plugin. -->","yoast_head_json":{"title":"O s\u00e1bado 19 de outubro gr\u00e1base o programa especial da Guarda de \u2018Gente viajera\u2019 de Onda Cero - Concello da Guarda","description":"\u201cGente Viajera\u201d, programa de Onda Cero a nivel nacional, realizar\u00e1 o seu programa do s\u00e1bado desde o Concello da Guarda.Carlos Lamela e o seu","robots":{"index":"index","follow":"follow","max-snippet":"max-snippet:-1","max-image-preview":"max-image-preview:large","max-video-preview":"max-video-preview:-1"},"canonical":"https:\/\/www.aguarda.es\/en\/o-sabado-19-de-outubro-grabase-o-programa-especial-da-guarda-de-gente-viajera-de-onda-cero\/","og_locale":"en_US","og_type":"article","og_title":"O s\u00e1bado 19 de outubro gr\u00e1base o programa especial da Guarda de \u2018Gente viajera\u2019 de Onda Cero - Concello da Guarda","og_description":"\u201cGente Viajera\u201d, programa de Onda Cero a nivel nacional, realizar\u00e1 o seu programa do s\u00e1bado desde o Concello da Guarda.Carlos Lamela e o seu","og_url":"https:\/\/www.aguarda.es\/en\/o-sabado-19-de-outubro-grabase-o-programa-especial-da-guarda-de-gente-viajera-de-onda-cero\/","og_site_name":"Concello da Guarda","article_publisher":"https:\/\/www.facebook.com\/ConcellodaGuarda","article_published_time":"2024-10-18T09:09:40+00:00","article_modified_time":"2024-10-18T09:17:08+00:00","og_image":[{"width":1080,"height":1080,"url":"https:\/\/www.aguarda.es\/wp-content\/uploads\/2024\/10\/ONDA-CERO-A-GUARDA.jpg?_t=1729243028","type":"image\/jpeg"}],"author":"prensa","twitter_card":"summary_large_image","twitter_creator":"@AGuarda_es","twitter_site":"@AGuarda_es","twitter_misc":{"Written by":"prensa","Est. reading time":"1 minute"},"schema":{"@context":"https:\/\/schema.org","@graph":[{"@type":"WebPage","@id":"https:\/\/www.aguarda.es\/en\/o-sabado-19-de-outubro-grabase-o-programa-especial-da-guarda-de-gente-viajera-de-onda-cero\/","url":"https:\/\/www.aguarda.es\/en\/o-sabado-19-de-outubro-grabase-o-programa-especial-da-guarda-de-gente-viajera-de-onda-cero\/","name":"O s\u00e1bado 19 de outubro gr\u00e1base o programa especial da Guarda de \u2018Gente viajera\u2019 de Onda Cero - Concello da Guarda","isPartOf":{"@id":"https:\/\/www.aguarda.es\/en\/#website"},"datePublished":"2024-10-18T09:09:40+00:00","dateModified":"2024-10-18T09:17:08+00:00","author":{"@id":"https:\/\/www.aguarda.es\/en\/#\/schema\/person\/c463ca3006858ffb349d11179d044f21"},"description":"\u201cGente Viajera\u201d, programa de Onda Cero a nivel nacional, realizar\u00e1 o seu programa do s\u00e1bado desde o Concello da Guarda.Carlos Lamela e o seu","breadcrumb":{"@id":"https:\/\/www.aguarda.es\/en\/o-sabado-19-de-outubro-grabase-o-programa-especial-da-guarda-de-gente-viajera-de-onda-cero\/#breadcrumb"},"inLanguage":"en-US","potentialAction":[{"@type":"ReadAction","target":["https:\/\/www.aguarda.es\/en\/o-sabado-19-de-outubro-grabase-o-programa-especial-da-guarda-de-gente-viajera-de-onda-cero\/"]}]},{"@type":"BreadcrumbList","@id":"https:\/\/www.aguarda.es\/en\/o-sabado-19-de-outubro-grabase-o-programa-especial-da-guarda-de-gente-viajera-de-onda-cero\/#breadcrumb","itemListElement":[{"@type":"ListItem","position":1,"name":"Portada","item":"https:\/\/www.aguarda.es\/en\/"},{"@type":"ListItem","position":2,"name":"O s\u00e1bado 19 de outubro gr\u00e1base o programa especial da Guarda de \u2018Gente viajera\u2019 de Onda Cero"}]},{"@type":"WebSite","@id":"https:\/\/www.aguarda.es\/en\/#website","url":"https:\/\/www.aguarda.es\/en\/","name":"Concello da Guarda","description":"P\u00e1xina web do concello da Guarda","potentialAction":[{"@type":"SearchAction","target":{"@type":"EntryPoint","urlTemplate":"https:\/\/www.aguarda.es\/en\/?s={search_term_string}"},"query-input":"required name=search_term_string"}],"inLanguage":"en-US"},{"@type":"Person","@id":"https:\/\/www.aguarda.es\/en\/#\/schema\/person\/c463ca3006858ffb349d11179d044f21","name":"prensa","image":{"@type":"ImageObject","inLanguage":"en-US","@id":"https:\/\/www.aguarda.es\/en\/#\/schema\/person\/image\/","url":"https:\/\/secure.gravatar.com\/avatar\/5f90ef536b0f98306edf5c7a1135ffa1?s=96&d=mm&r=g","contentUrl":"https:\/\/secure.gravatar.com\/avatar\/5f90ef536b0f98306edf5c7a1135ffa1?s=96&d=mm&r=g","caption":"prensa"},"url":"https:\/\/www.aguarda.es\/en\/author\/prensa\/"}]}},"_links":{"self":[{"href":"https:\/\/www.aguarda.es\/en\/wp-json\/wp\/v2\/posts\/31116"}],"collection":[{"href":"https:\/\/www.aguarda.es\/en\/wp-json\/wp\/v2\/posts"}],"about":[{"href":"https:\/\/www.aguarda.es\/en\/wp-json\/wp\/v2\/types\/post"}],"author":[{"embeddable":true,"href":"https:\/\/www.aguarda.es\/en\/wp-json\/wp\/v2\/users\/2"}],"replies":[{"embeddable":true,"href":"https:\/\/www.aguarda.es\/en\/wp-json\/wp\/v2\/comments?post=31116"}],"version-history":[{"count":2,"href":"https:\/\/www.aguarda.es\/en\/wp-json\/wp\/v2\/posts\/31116\/revisions"}],"predecessor-version":[{"id":31118,"href":"https:\/\/www.aguarda.es\/en\/wp-json\/wp\/v2\/posts\/31116\/revisions\/31118"}],"wp:featuredmedia":[{"embeddable":true,"href":"https:\/\/www.aguarda.es\/en\/wp-json\/wp\/v2\/media\/31114"}],"wp:attachment":[{"href":"https:\/\/www.aguarda.es\/en\/wp-json\/wp\/v2\/media?parent=31116"}],"wp:term":[{"taxonomy":"category","embeddable":true,"href":"https:\/\/www.aguarda.es\/en\/wp-json\/wp\/v2\/categories?post=31116"},{"taxonomy":"post_tag","embeddable":true,"href":"https:\/\/www.aguarda.es\/en\/wp-json\/wp\/v2\/tags?post=31116"}],"curies":[{"name":"wp","href":"https:\/\/api.w.org\/{rel}","templated":true}]}}