{"id":31123,"date":"2024-10-19T17:55:11","date_gmt":"2024-10-19T17:55:11","guid":{"rendered":"https:\/\/www.aguarda.es\/?p=31123"},"modified":"2024-10-19T17:55:11","modified_gmt":"2024-10-19T17:55:11","slug":"carmina-de-modas-maria-rosa-foi-a-homenaxeada-pola-guarda-no-iv-foro-da-muller-rural","status":"publish","type":"post","link":"https:\/\/www.aguarda.es\/en\/carmina-de-modas-maria-rosa-foi-a-homenaxeada-pola-guarda-no-iv-foro-da-muller-rural\/","title":{"rendered":"\u2018Carmi\u00f1a\u2019 de Modas Mar\u00eda Rosa foi a homenaxeada pola Guarda no IV Foro da Muller Rural"},"content":{"rendered":"<p>Na tarde do venres 18 de outubro, celebrouse na Casona da Torre de Redondela o IV Foro da Muller Rural de Galicia Suroeste. Por parte da Guarda, a homenaxeada foi Mar\u00eda del Carmen\u00a0 Mart\u00ednez, m\u00e1is co\u00f1ecida como \u201cCarmi\u00f1a\u201d, polo seu comercio Modas Mar\u00eda Rosa.<\/p>\n<p>Carmi\u00f1a dedicou a s\u00faa vida ao comercio local, primeiro na tenda de comestibles da s\u00faa t\u00eda Mar\u00ed Rosa, despois na librer\u00eda, e agora tenda de roupa que rexenta desde hai m\u00e1is de 38 anos.<\/p>\n<p>Parte da familia de Carmi\u00f1a e tam\u00e9n o alcalde da Guarda, quixeron acompa\u00f1ala neste d\u00eda onde se lle reco\u00f1ec\u00eda toda unha vida defendendo o comercio local.<\/p>\n<p>A s\u00faa paix\u00f3n polo comercio local non baixou, a pesar xa da s\u00faa xubilaci\u00f3n; e recorda os retos que tivo que afrontar para sacar adiante o seu negocio, mais tam\u00e9n a satisfacci\u00f3n de axudar aos seus clientes e veci\u00f1os.<\/p>\n<p>V\u00eddeo de Carmi\u00f1a: <a href=\"https:\/\/eurural.gal\/iv-foro-da-muller-rural-galega\/\">prema aqu\u00ed<\/a><\/p>\n","protected":false},"excerpt":{"rendered":"<p>Na tarde do venres 18 de outubro, celebrouse na Casona da Torre de Redondela o IV Foro da Muller Rural de Galicia Suroeste. Por parte da Guarda, a homenaxeada foi Mar\u00eda del Carmen\u00a0 Mart\u00ednez, m\u00e1is co\u00f1ecida como \u201cCarmi\u00f1a\u201d, polo seu &hellip; <\/p>\n","protected":false},"author":2,"featured_media":31121,"comment_status":"closed","ping_status":"closed","sticky":false,"template":"","format":"standard","meta":[],"categories":[41,363],"tags":[],"yoast_head":"<!-- This site is optimized with the Yoast SEO plugin v21.1 - https:\/\/yoast.com\/wordpress\/plugins\/seo\/ -->\n<title>\u2018Carmi\u00f1a\u2019 de Modas Mar\u00eda Rosa foi a homenaxeada pola Guarda no IV Foro da Muller Rural - Concello da Guarda<\/title>\n<meta name=\"description\" content=\"Na tarde do venres 18 de outubro, celebrouse na Casona da Torre de Redondela o IV Foro da Muller Rural de Galicia Suroeste. Por parte da\" \/>\n<meta name=\"robots\" content=\"index, follow, max-snippet:-1, max-image-preview:large, max-video-preview:-1\" \/>\n<link rel=\"canonical\" href=\"https:\/\/www.aguarda.es\/en\/carmina-de-modas-maria-rosa-foi-a-homenaxeada-pola-guarda-no-iv-foro-da-muller-rural\/\" \/>\n<meta property=\"og:locale\" content=\"en_US\" \/>\n<meta property=\"og:type\" content=\"article\" \/>\n<meta property=\"og:title\" content=\"\u2018Carmi\u00f1a\u2019 de Modas Mar\u00eda Rosa foi a homenaxeada pola Guarda no IV Foro da Muller Rural - Concello da Guarda\" \/>\n<meta property=\"og:description\" content=\"Na tarde do venres 18 de outubro, celebrouse na Casona da Torre de Redondela o IV Foro da Muller Rural de Galicia Suroeste. Por parte da\" \/>\n<meta property=\"og:url\" content=\"https:\/\/www.aguarda.es\/en\/carmina-de-modas-maria-rosa-foi-a-homenaxeada-pola-guarda-no-iv-foro-da-muller-rural\/\" \/>\n<meta property=\"og:site_name\" content=\"Concello da Guarda\" \/>\n<meta property=\"article:publisher\" content=\"https:\/\/www.facebook.com\/ConcellodaGuarda\" \/>\n<meta property=\"article:published_time\" content=\"2024-10-19T17:55:11+00:00\" \/>\n<meta property=\"og:image\" content=\"https:\/\/www.aguarda.es\/wp-content\/uploads\/2024\/10\/IV-Foro-da-Muller-Rural-4.jpeg?_t=1729360512\" \/>\n\t<meta property=\"og:image:width\" content=\"1600\" \/>\n\t<meta property=\"og:image:height\" content=\"1069\" \/>\n\t<meta property=\"og:image:type\" content=\"image\/jpeg\" \/>\n<meta name=\"author\" content=\"prensa\" \/>\n<meta name=\"twitter:card\" content=\"summary_large_image\" \/>\n<meta name=\"twitter:creator\" content=\"@AGuarda_es\" \/>\n<meta name=\"twitter:site\" content=\"@AGuarda_es\" \/>\n<meta name=\"twitter:label1\" content=\"Written by\" \/>\n\t<meta name=\"twitter:data1\" content=\"prensa\" \/>\n\t<meta name=\"twitter:label2\" content=\"Est. reading time\" \/>\n\t<meta name=\"twitter:data2\" content=\"1 minute\" \/>\n<script type=\"application\/ld+json\" class=\"yoast-schema-graph\">{\"@context\":\"https:\/\/schema.org\",\"@graph\":[{\"@type\":\"WebPage\",\"@id\":\"https:\/\/www.aguarda.es\/en\/carmina-de-modas-maria-rosa-foi-a-homenaxeada-pola-guarda-no-iv-foro-da-muller-rural\/\",\"url\":\"https:\/\/www.aguarda.es\/en\/carmina-de-modas-maria-rosa-foi-a-homenaxeada-pola-guarda-no-iv-foro-da-muller-rural\/\",\"name\":\"\u2018Carmi\u00f1a\u2019 de Modas Mar\u00eda Rosa foi a homenaxeada pola Guarda no IV Foro da Muller Rural - Concello da Guarda\",\"isPartOf\":{\"@id\":\"https:\/\/www.aguarda.es\/en\/#website\"},\"datePublished\":\"2024-10-19T17:55:11+00:00\",\"dateModified\":\"2024-10-19T17:55:11+00:00\",\"author\":{\"@id\":\"https:\/\/www.aguarda.es\/en\/#\/schema\/person\/c463ca3006858ffb349d11179d044f21\"},\"description\":\"Na tarde do venres 18 de outubro, celebrouse na Casona da Torre de Redondela o IV Foro da Muller Rural de Galicia Suroeste. Por parte da\",\"breadcrumb\":{\"@id\":\"https:\/\/www.aguarda.es\/en\/carmina-de-modas-maria-rosa-foi-a-homenaxeada-pola-guarda-no-iv-foro-da-muller-rural\/#breadcrumb\"},\"inLanguage\":\"en-US\",\"potentialAction\":[{\"@type\":\"ReadAction\",\"target\":[\"https:\/\/www.aguarda.es\/en\/carmina-de-modas-maria-rosa-foi-a-homenaxeada-pola-guarda-no-iv-foro-da-muller-rural\/\"]}]},{\"@type\":\"BreadcrumbList\",\"@id\":\"https:\/\/www.aguarda.es\/en\/carmina-de-modas-maria-rosa-foi-a-homenaxeada-pola-guarda-no-iv-foro-da-muller-rural\/#breadcrumb\",\"itemListElement\":[{\"@type\":\"ListItem\",\"position\":1,\"name\":\"Portada\",\"item\":\"https:\/\/www.aguarda.es\/en\/\"},{\"@type\":\"ListItem\",\"position\":2,\"name\":\"\u2018Carmi\u00f1a\u2019 de Modas Mar\u00eda Rosa foi a homenaxeada pola Guarda no IV Foro da Muller Rural\"}]},{\"@type\":\"WebSite\",\"@id\":\"https:\/\/www.aguarda.es\/en\/#website\",\"url\":\"https:\/\/www.aguarda.es\/en\/\",\"name\":\"Concello da Guarda\",\"description\":\"P\u00e1xina web do concello da Guarda\",\"potentialAction\":[{\"@type\":\"SearchAction\",\"target\":{\"@type\":\"EntryPoint\",\"urlTemplate\":\"https:\/\/www.aguarda.es\/en\/?s={search_term_string}\"},\"query-input\":\"required name=search_term_string\"}],\"inLanguage\":\"en-US\"},{\"@type\":\"Person\",\"@id\":\"https:\/\/www.aguarda.es\/en\/#\/schema\/person\/c463ca3006858ffb349d11179d044f21\",\"name\":\"prensa\",\"image\":{\"@type\":\"ImageObject\",\"inLanguage\":\"en-US\",\"@id\":\"https:\/\/www.aguarda.es\/en\/#\/schema\/person\/image\/\",\"url\":\"https:\/\/secure.gravatar.com\/avatar\/5f90ef536b0f98306edf5c7a1135ffa1?s=96&d=mm&r=g\",\"contentUrl\":\"https:\/\/secure.gravatar.com\/avatar\/5f90ef536b0f98306edf5c7a1135ffa1?s=96&d=mm&r=g\",\"caption\":\"prensa\"},\"url\":\"https:\/\/www.aguarda.es\/en\/author\/prensa\/\"}]}<\/script>\n<!-- \/ Yoast SEO plugin. -->","yoast_head_json":{"title":"\u2018Carmi\u00f1a\u2019 de Modas Mar\u00eda Rosa foi a homenaxeada pola Guarda no IV Foro da Muller Rural - Concello da Guarda","description":"Na tarde do venres 18 de outubro, celebrouse na Casona da Torre de Redondela o IV Foro da Muller Rural de Galicia Suroeste. Por parte da","robots":{"index":"index","follow":"follow","max-snippet":"max-snippet:-1","max-image-preview":"max-image-preview:large","max-video-preview":"max-video-preview:-1"},"canonical":"https:\/\/www.aguarda.es\/en\/carmina-de-modas-maria-rosa-foi-a-homenaxeada-pola-guarda-no-iv-foro-da-muller-rural\/","og_locale":"en_US","og_type":"article","og_title":"\u2018Carmi\u00f1a\u2019 de Modas Mar\u00eda Rosa foi a homenaxeada pola Guarda no IV Foro da Muller Rural - Concello da Guarda","og_description":"Na tarde do venres 18 de outubro, celebrouse na Casona da Torre de Redondela o IV Foro da Muller Rural de Galicia Suroeste. Por parte da","og_url":"https:\/\/www.aguarda.es\/en\/carmina-de-modas-maria-rosa-foi-a-homenaxeada-pola-guarda-no-iv-foro-da-muller-rural\/","og_site_name":"Concello da Guarda","article_publisher":"https:\/\/www.facebook.com\/ConcellodaGuarda","article_published_time":"2024-10-19T17:55:11+00:00","og_image":[{"width":1600,"height":1069,"url":"https:\/\/www.aguarda.es\/wp-content\/uploads\/2024\/10\/IV-Foro-da-Muller-Rural-4.jpeg?_t=1729360512","type":"image\/jpeg"}],"author":"prensa","twitter_card":"summary_large_image","twitter_creator":"@AGuarda_es","twitter_site":"@AGuarda_es","twitter_misc":{"Written by":"prensa","Est. reading time":"1 minute"},"schema":{"@context":"https:\/\/schema.org","@graph":[{"@type":"WebPage","@id":"https:\/\/www.aguarda.es\/en\/carmina-de-modas-maria-rosa-foi-a-homenaxeada-pola-guarda-no-iv-foro-da-muller-rural\/","url":"https:\/\/www.aguarda.es\/en\/carmina-de-modas-maria-rosa-foi-a-homenaxeada-pola-guarda-no-iv-foro-da-muller-rural\/","name":"\u2018Carmi\u00f1a\u2019 de Modas Mar\u00eda Rosa foi a homenaxeada pola Guarda no IV Foro da Muller Rural - Concello da Guarda","isPartOf":{"@id":"https:\/\/www.aguarda.es\/en\/#website"},"datePublished":"2024-10-19T17:55:11+00:00","dateModified":"2024-10-19T17:55:11+00:00","author":{"@id":"https:\/\/www.aguarda.es\/en\/#\/schema\/person\/c463ca3006858ffb349d11179d044f21"},"description":"Na tarde do venres 18 de outubro, celebrouse na Casona da Torre de Redondela o IV Foro da Muller Rural de Galicia Suroeste. Por parte da","breadcrumb":{"@id":"https:\/\/www.aguarda.es\/en\/carmina-de-modas-maria-rosa-foi-a-homenaxeada-pola-guarda-no-iv-foro-da-muller-rural\/#breadcrumb"},"inLanguage":"en-US","potentialAction":[{"@type":"ReadAction","target":["https:\/\/www.aguarda.es\/en\/carmina-de-modas-maria-rosa-foi-a-homenaxeada-pola-guarda-no-iv-foro-da-muller-rural\/"]}]},{"@type":"BreadcrumbList","@id":"https:\/\/www.aguarda.es\/en\/carmina-de-modas-maria-rosa-foi-a-homenaxeada-pola-guarda-no-iv-foro-da-muller-rural\/#breadcrumb","itemListElement":[{"@type":"ListItem","position":1,"name":"Portada","item":"https:\/\/www.aguarda.es\/en\/"},{"@type":"ListItem","position":2,"name":"\u2018Carmi\u00f1a\u2019 de Modas Mar\u00eda Rosa foi a homenaxeada pola Guarda no IV Foro da Muller Rural"}]},{"@type":"WebSite","@id":"https:\/\/www.aguarda.es\/en\/#website","url":"https:\/\/www.aguarda.es\/en\/","name":"Concello da Guarda","description":"P\u00e1xina web do concello da Guarda","potentialAction":[{"@type":"SearchAction","target":{"@type":"EntryPoint","urlTemplate":"https:\/\/www.aguarda.es\/en\/?s={search_term_string}"},"query-input":"required name=search_term_string"}],"inLanguage":"en-US"},{"@type":"Person","@id":"https:\/\/www.aguarda.es\/en\/#\/schema\/person\/c463ca3006858ffb349d11179d044f21","name":"prensa","image":{"@type":"ImageObject","inLanguage":"en-US","@id":"https:\/\/www.aguarda.es\/en\/#\/schema\/person\/image\/","url":"https:\/\/secure.gravatar.com\/avatar\/5f90ef536b0f98306edf5c7a1135ffa1?s=96&d=mm&r=g","contentUrl":"https:\/\/secure.gravatar.com\/avatar\/5f90ef536b0f98306edf5c7a1135ffa1?s=96&d=mm&r=g","caption":"prensa"},"url":"https:\/\/www.aguarda.es\/en\/author\/prensa\/"}]}},"_links":{"self":[{"href":"https:\/\/www.aguarda.es\/en\/wp-json\/wp\/v2\/posts\/31123"}],"collection":[{"href":"https:\/\/www.aguarda.es\/en\/wp-json\/wp\/v2\/posts"}],"about":[{"href":"https:\/\/www.aguarda.es\/en\/wp-json\/wp\/v2\/types\/post"}],"author":[{"embeddable":true,"href":"https:\/\/www.aguarda.es\/en\/wp-json\/wp\/v2\/users\/2"}],"replies":[{"embeddable":true,"href":"https:\/\/www.aguarda.es\/en\/wp-json\/wp\/v2\/comments?post=31123"}],"version-history":[{"count":1,"href":"https:\/\/www.aguarda.es\/en\/wp-json\/wp\/v2\/posts\/31123\/revisions"}],"predecessor-version":[{"id":31124,"href":"https:\/\/www.aguarda.es\/en\/wp-json\/wp\/v2\/posts\/31123\/revisions\/31124"}],"wp:featuredmedia":[{"embeddable":true,"href":"https:\/\/www.aguarda.es\/en\/wp-json\/wp\/v2\/media\/31121"}],"wp:attachment":[{"href":"https:\/\/www.aguarda.es\/en\/wp-json\/wp\/v2\/media?parent=31123"}],"wp:term":[{"taxonomy":"category","embeddable":true,"href":"https:\/\/www.aguarda.es\/en\/wp-json\/wp\/v2\/categories?post=31123"},{"taxonomy":"post_tag","embeddable":true,"href":"https:\/\/www.aguarda.es\/en\/wp-json\/wp\/v2\/tags?post=31123"}],"curies":[{"name":"wp","href":"https:\/\/api.w.org\/{rel}","templated":true}]}}