{"id":31232,"date":"2024-10-31T11:43:40","date_gmt":"2024-10-31T11:43:40","guid":{"rendered":"https:\/\/www.aguarda.es\/?p=31232"},"modified":"2024-10-31T11:43:40","modified_gmt":"2024-10-31T11:43:40","slug":"programacion-de-actividades-para-novembro","status":"publish","type":"post","link":"https:\/\/www.aguarda.es\/en\/programacion-de-actividades-para-novembro\/","title":{"rendered":"Programaci\u00f3n de actividades para novembro"},"content":{"rendered":"<p>Con novembro \u00e1s portas, deix\u00e1mosvos a programaci\u00f3n que nos agarda este mes outonal. Como podedes ver, temos un mes cheo de actividades de todos os tipos. Iremos dando m\u00e1is informaci\u00f3n de cada unha delas, m\u00e1is preto da data. Estade atentos e atentas!<\/p>\n<p><img decoding=\"async\" loading=\"lazy\" class=\"aligncenter  wp-image-31224\" src=\"https:\/\/www.aguarda.es\/wp-content\/uploads\/2024\/10\/3.jpg\" alt=\"\" width=\"711\" height=\"400\" srcset=\"https:\/\/www.aguarda.es\/wp-content\/uploads\/2024\/10\/3.jpg 1920w, https:\/\/www.aguarda.es\/wp-content\/uploads\/2024\/10\/3-300x169.jpg 300w, https:\/\/www.aguarda.es\/wp-content\/uploads\/2024\/10\/3-1024x576.jpg 1024w, https:\/\/www.aguarda.es\/wp-content\/uploads\/2024\/10\/3-768x432.jpg 768w, https:\/\/www.aguarda.es\/wp-content\/uploads\/2024\/10\/3-1536x864.jpg 1536w\" sizes=\"(max-width: 711px) 100vw, 711px\" \/><\/p>\n","protected":false},"excerpt":{"rendered":"<p>Con novembro \u00e1s portas, deix\u00e1mosvos a programaci\u00f3n que nos agarda este mes outonal. Como podedes ver, temos un mes cheo de actividades de todos os tipos. Iremos dando m\u00e1is informaci\u00f3n de cada unha delas, m\u00e1is preto da data. Estade atentos &hellip; <\/p>\n","protected":false},"author":2,"featured_media":31228,"comment_status":"closed","ping_status":"closed","sticky":false,"template":"","format":"standard","meta":[],"categories":[34,35,41,48,363],"tags":[],"yoast_head":"<!-- This site is optimized with the Yoast SEO plugin v21.1 - https:\/\/yoast.com\/wordpress\/plugins\/seo\/ -->\n<title>Programaci\u00f3n de actividades para novembro - Concello da Guarda<\/title>\n<meta name=\"description\" content=\"Con novembro \u00e1s portas, deix\u00e1mosvos a programaci\u00f3n que nos agarda este mes outonal. Como podedes ver, temos un mes cheo de actividades de\" \/>\n<meta name=\"robots\" content=\"index, follow, max-snippet:-1, max-image-preview:large, max-video-preview:-1\" \/>\n<link rel=\"canonical\" href=\"https:\/\/www.aguarda.es\/en\/programacion-de-actividades-para-novembro\/\" \/>\n<meta property=\"og:locale\" content=\"en_US\" \/>\n<meta property=\"og:type\" content=\"article\" \/>\n<meta property=\"og:title\" content=\"Programaci\u00f3n de actividades para novembro - Concello da Guarda\" \/>\n<meta property=\"og:description\" content=\"Con novembro \u00e1s portas, deix\u00e1mosvos a programaci\u00f3n que nos agarda este mes outonal. Como podedes ver, temos un mes cheo de actividades de\" \/>\n<meta property=\"og:url\" content=\"https:\/\/www.aguarda.es\/en\/programacion-de-actividades-para-novembro\/\" \/>\n<meta property=\"og:site_name\" content=\"Concello da Guarda\" \/>\n<meta property=\"article:publisher\" content=\"https:\/\/www.facebook.com\/ConcellodaGuarda\" \/>\n<meta property=\"article:published_time\" content=\"2024-10-31T11:43:40+00:00\" \/>\n<meta property=\"og:image\" content=\"https:\/\/www.aguarda.es\/wp-content\/uploads\/2024\/10\/2.jpg?_t=1730375021\" \/>\n\t<meta property=\"og:image:width\" content=\"1920\" \/>\n\t<meta property=\"og:image:height\" content=\"1080\" \/>\n\t<meta property=\"og:image:type\" content=\"image\/jpeg\" \/>\n<meta name=\"author\" content=\"prensa\" \/>\n<meta name=\"twitter:card\" content=\"summary_large_image\" \/>\n<meta name=\"twitter:creator\" content=\"@AGuarda_es\" \/>\n<meta name=\"twitter:site\" content=\"@AGuarda_es\" \/>\n<meta name=\"twitter:label1\" content=\"Written by\" \/>\n\t<meta name=\"twitter:data1\" content=\"prensa\" \/>\n\t<meta name=\"twitter:label2\" content=\"Est. reading time\" \/>\n\t<meta name=\"twitter:data2\" content=\"1 minute\" \/>\n<script type=\"application\/ld+json\" class=\"yoast-schema-graph\">{\"@context\":\"https:\/\/schema.org\",\"@graph\":[{\"@type\":\"WebPage\",\"@id\":\"https:\/\/www.aguarda.es\/en\/programacion-de-actividades-para-novembro\/\",\"url\":\"https:\/\/www.aguarda.es\/en\/programacion-de-actividades-para-novembro\/\",\"name\":\"Programaci\u00f3n de actividades para novembro - Concello da Guarda\",\"isPartOf\":{\"@id\":\"https:\/\/www.aguarda.es\/en\/#website\"},\"datePublished\":\"2024-10-31T11:43:40+00:00\",\"dateModified\":\"2024-10-31T11:43:40+00:00\",\"author\":{\"@id\":\"https:\/\/www.aguarda.es\/en\/#\/schema\/person\/c463ca3006858ffb349d11179d044f21\"},\"description\":\"Con novembro \u00e1s portas, deix\u00e1mosvos a programaci\u00f3n que nos agarda este mes outonal. Como podedes ver, temos un mes cheo de actividades de\",\"breadcrumb\":{\"@id\":\"https:\/\/www.aguarda.es\/en\/programacion-de-actividades-para-novembro\/#breadcrumb\"},\"inLanguage\":\"en-US\",\"potentialAction\":[{\"@type\":\"ReadAction\",\"target\":[\"https:\/\/www.aguarda.es\/en\/programacion-de-actividades-para-novembro\/\"]}]},{\"@type\":\"BreadcrumbList\",\"@id\":\"https:\/\/www.aguarda.es\/en\/programacion-de-actividades-para-novembro\/#breadcrumb\",\"itemListElement\":[{\"@type\":\"ListItem\",\"position\":1,\"name\":\"Portada\",\"item\":\"https:\/\/www.aguarda.es\/en\/\"},{\"@type\":\"ListItem\",\"position\":2,\"name\":\"Programaci\u00f3n de actividades para novembro\"}]},{\"@type\":\"WebSite\",\"@id\":\"https:\/\/www.aguarda.es\/en\/#website\",\"url\":\"https:\/\/www.aguarda.es\/en\/\",\"name\":\"Concello da Guarda\",\"description\":\"P\u00e1xina web do concello da Guarda\",\"potentialAction\":[{\"@type\":\"SearchAction\",\"target\":{\"@type\":\"EntryPoint\",\"urlTemplate\":\"https:\/\/www.aguarda.es\/en\/?s={search_term_string}\"},\"query-input\":\"required name=search_term_string\"}],\"inLanguage\":\"en-US\"},{\"@type\":\"Person\",\"@id\":\"https:\/\/www.aguarda.es\/en\/#\/schema\/person\/c463ca3006858ffb349d11179d044f21\",\"name\":\"prensa\",\"image\":{\"@type\":\"ImageObject\",\"inLanguage\":\"en-US\",\"@id\":\"https:\/\/www.aguarda.es\/en\/#\/schema\/person\/image\/\",\"url\":\"https:\/\/secure.gravatar.com\/avatar\/5f90ef536b0f98306edf5c7a1135ffa1?s=96&d=mm&r=g\",\"contentUrl\":\"https:\/\/secure.gravatar.com\/avatar\/5f90ef536b0f98306edf5c7a1135ffa1?s=96&d=mm&r=g\",\"caption\":\"prensa\"},\"url\":\"https:\/\/www.aguarda.es\/en\/author\/prensa\/\"}]}<\/script>\n<!-- \/ Yoast SEO plugin. -->","yoast_head_json":{"title":"Programaci\u00f3n de actividades para novembro - Concello da Guarda","description":"Con novembro \u00e1s portas, deix\u00e1mosvos a programaci\u00f3n que nos agarda este mes outonal. Como podedes ver, temos un mes cheo de actividades de","robots":{"index":"index","follow":"follow","max-snippet":"max-snippet:-1","max-image-preview":"max-image-preview:large","max-video-preview":"max-video-preview:-1"},"canonical":"https:\/\/www.aguarda.es\/en\/programacion-de-actividades-para-novembro\/","og_locale":"en_US","og_type":"article","og_title":"Programaci\u00f3n de actividades para novembro - Concello da Guarda","og_description":"Con novembro \u00e1s portas, deix\u00e1mosvos a programaci\u00f3n que nos agarda este mes outonal. Como podedes ver, temos un mes cheo de actividades de","og_url":"https:\/\/www.aguarda.es\/en\/programacion-de-actividades-para-novembro\/","og_site_name":"Concello da Guarda","article_publisher":"https:\/\/www.facebook.com\/ConcellodaGuarda","article_published_time":"2024-10-31T11:43:40+00:00","og_image":[{"width":1920,"height":1080,"url":"https:\/\/www.aguarda.es\/wp-content\/uploads\/2024\/10\/2.jpg?_t=1730375021","type":"image\/jpeg"}],"author":"prensa","twitter_card":"summary_large_image","twitter_creator":"@AGuarda_es","twitter_site":"@AGuarda_es","twitter_misc":{"Written by":"prensa","Est. reading time":"1 minute"},"schema":{"@context":"https:\/\/schema.org","@graph":[{"@type":"WebPage","@id":"https:\/\/www.aguarda.es\/en\/programacion-de-actividades-para-novembro\/","url":"https:\/\/www.aguarda.es\/en\/programacion-de-actividades-para-novembro\/","name":"Programaci\u00f3n de actividades para novembro - Concello da Guarda","isPartOf":{"@id":"https:\/\/www.aguarda.es\/en\/#website"},"datePublished":"2024-10-31T11:43:40+00:00","dateModified":"2024-10-31T11:43:40+00:00","author":{"@id":"https:\/\/www.aguarda.es\/en\/#\/schema\/person\/c463ca3006858ffb349d11179d044f21"},"description":"Con novembro \u00e1s portas, deix\u00e1mosvos a programaci\u00f3n que nos agarda este mes outonal. Como podedes ver, temos un mes cheo de actividades de","breadcrumb":{"@id":"https:\/\/www.aguarda.es\/en\/programacion-de-actividades-para-novembro\/#breadcrumb"},"inLanguage":"en-US","potentialAction":[{"@type":"ReadAction","target":["https:\/\/www.aguarda.es\/en\/programacion-de-actividades-para-novembro\/"]}]},{"@type":"BreadcrumbList","@id":"https:\/\/www.aguarda.es\/en\/programacion-de-actividades-para-novembro\/#breadcrumb","itemListElement":[{"@type":"ListItem","position":1,"name":"Portada","item":"https:\/\/www.aguarda.es\/en\/"},{"@type":"ListItem","position":2,"name":"Programaci\u00f3n de actividades para novembro"}]},{"@type":"WebSite","@id":"https:\/\/www.aguarda.es\/en\/#website","url":"https:\/\/www.aguarda.es\/en\/","name":"Concello da Guarda","description":"P\u00e1xina web do concello da Guarda","potentialAction":[{"@type":"SearchAction","target":{"@type":"EntryPoint","urlTemplate":"https:\/\/www.aguarda.es\/en\/?s={search_term_string}"},"query-input":"required name=search_term_string"}],"inLanguage":"en-US"},{"@type":"Person","@id":"https:\/\/www.aguarda.es\/en\/#\/schema\/person\/c463ca3006858ffb349d11179d044f21","name":"prensa","image":{"@type":"ImageObject","inLanguage":"en-US","@id":"https:\/\/www.aguarda.es\/en\/#\/schema\/person\/image\/","url":"https:\/\/secure.gravatar.com\/avatar\/5f90ef536b0f98306edf5c7a1135ffa1?s=96&d=mm&r=g","contentUrl":"https:\/\/secure.gravatar.com\/avatar\/5f90ef536b0f98306edf5c7a1135ffa1?s=96&d=mm&r=g","caption":"prensa"},"url":"https:\/\/www.aguarda.es\/en\/author\/prensa\/"}]}},"_links":{"self":[{"href":"https:\/\/www.aguarda.es\/en\/wp-json\/wp\/v2\/posts\/31232"}],"collection":[{"href":"https:\/\/www.aguarda.es\/en\/wp-json\/wp\/v2\/posts"}],"about":[{"href":"https:\/\/www.aguarda.es\/en\/wp-json\/wp\/v2\/types\/post"}],"author":[{"embeddable":true,"href":"https:\/\/www.aguarda.es\/en\/wp-json\/wp\/v2\/users\/2"}],"replies":[{"embeddable":true,"href":"https:\/\/www.aguarda.es\/en\/wp-json\/wp\/v2\/comments?post=31232"}],"version-history":[{"count":1,"href":"https:\/\/www.aguarda.es\/en\/wp-json\/wp\/v2\/posts\/31232\/revisions"}],"predecessor-version":[{"id":31233,"href":"https:\/\/www.aguarda.es\/en\/wp-json\/wp\/v2\/posts\/31232\/revisions\/31233"}],"wp:featuredmedia":[{"embeddable":true,"href":"https:\/\/www.aguarda.es\/en\/wp-json\/wp\/v2\/media\/31228"}],"wp:attachment":[{"href":"https:\/\/www.aguarda.es\/en\/wp-json\/wp\/v2\/media?parent=31232"}],"wp:term":[{"taxonomy":"category","embeddable":true,"href":"https:\/\/www.aguarda.es\/en\/wp-json\/wp\/v2\/categories?post=31232"},{"taxonomy":"post_tag","embeddable":true,"href":"https:\/\/www.aguarda.es\/en\/wp-json\/wp\/v2\/tags?post=31232"}],"curies":[{"name":"wp","href":"https:\/\/api.w.org\/{rel}","templated":true}]}}