{"id":31238,"date":"2024-10-31T15:56:42","date_gmt":"2024-10-31T15:56:42","guid":{"rendered":"https:\/\/www.aguarda.es\/?p=31238"},"modified":"2024-10-31T15:56:42","modified_gmt":"2024-10-31T15:56:42","slug":"o-torneo-transfronteirizo-do-minho-converte-a-guarda-na-capital-do-balonman-este-venres","status":"publish","type":"post","link":"https:\/\/www.aguarda.es\/en\/o-torneo-transfronteirizo-do-minho-converte-a-guarda-na-capital-do-balonman-este-venres\/","title":{"rendered":"O Torneo Transfronteirizo do Minho converte \u00e1 Guarda na capital do balonm\u00e1n este venres"},"content":{"rendered":"<p>Este m\u00e9rcores 30 presentouse de xeito oficial o I Torneo Internacional Transfronteirizo do Minho. Entre os asistentes estiveron Roberto Carrero, deputado de Cooperaci\u00f3n Transfronteiriza e Relaci\u00f3ns Institucionais da Deputaci\u00f3n de Pontevedra e alcalde da Guarda; Ignacio Permuy e Fernando Mosquera, vicepresidentes da Federaci\u00f3n Galega de Balonm\u00e1n; Celso Rodr\u00edguez, Concelleiro de Deportes, e Isidro Lomba, Concelleiro de Infraestruturas, ambos do Concello de A Guarda; tam\u00e9n varios dos directivos e directivas da Federaci\u00f3n Galega de Balonm\u00e1n.<\/p>\n<p>Tanto Ignacio Permuy coma Roberto Carrero resaltaron a importancia deste torneo e do impulso da colaboraci\u00f3n con Portugal para o balonm\u00e1n galego. Ademais, o alcalde da Gaurda resaltou a immportancia de seguir apoiando o deporte en Galicia e fomentar as relaci\u00f3ns, tam\u00e9n neste \u00e1mbito, cos nosos veci\u00f1os de Portugal.<\/p>\n<p>O acto tam\u00e9n contou coa intervenci\u00f3n de Ismael Mart\u00ednez e Luis Montes, directores t\u00e9cnicos das selecci\u00f3ns galegas, os cales expresaron a s\u00faa satisfacci\u00f3n por esta iniciativa e pola oportunidade de contribu\u00edr ao desenvolvemento do balonm\u00e1n de base en Galicia.<\/p>\n<p>Ademais, moitas xogadores e xogadores, as\u00ed como os seus familiares acudiron ao Centro Cultural. Isto d\u00e9bese a orixe guardesa dalgunhas participantes. O propio Mecalia Atl\u00e9tico Guard\u00e9s est\u00e1ra participando co seu equipo de cadetes \u00e1s 17:00 horas contra Porto sub16 feminino no pavill\u00f3n do Rosal.<\/p>\n<p>Mais a representaci\u00f3n guardesa tam\u00e9n tinta as bases das selecci\u00f3ns con galegas con : \u00c1ngela Mart\u00ednez e Daniela \u00c1lvarez (infantil feminina), Julia Lomba (cadete feminina) e Carmen Magallanes (xuvenil feminina). Daniela \u00c1lvarez comentaba ao rematar ao encontro \u201co gran orgullo que \u00e9 usar a camiseta da Selecci\u00f3n galega\u201d. A s\u00faa nai, Lidia Lomba, manifestaba o sentir dos familiares das xogadoras, xa que \u201c\u00e9 algo moi bonito e especial, digno de vivir\u201d, a\u00ednda que sexa \u201csacrificado poloas adestramentos e desprazamentos longos\u201d.<\/p>\n<p>O presidente do Mecalia Atl\u00e9tico Guard\u00e9s, Jes\u00fas L\u00f3pez, sabe da importancia deste torneo para as xogadoras \u201cte\u00f1an a posibilidade de ir ao Campionato de Espa\u00f1a (3 ao 8 de xaneiro) e que reprensenten a Galicia, a Espa\u00f1a e ao noso club\u201d.<\/p>\n<p>A actividade no pavill\u00f3n guard\u00e9s comezar\u00e1 \u00e1s 11.00 horas, cun primeiro partido entre a Selecci\u00f3n Galega infantil feminina e a Associa\u00e7\u00e3o de Andebol do Porto sub14 feminina. T\u00f3dolos encontros celebrados este venres na Sangri\u00f1a ser\u00e1n entre as preselecci\u00f3ns auton\u00f3micas de base masculinas e femininas e diferentes categor\u00edas deste equipo portugu\u00e9s, xunto cun derradeiro partido \u00e1s 19.30 horas entre a Selecci\u00f3n Galega xuvenil masculina e o Grupo Desportivo e Cultural Azurara.<\/p>\n<p>A xornada finalizar\u00e1 coas entregas de premios dos encontros celebrados en cadanseu pavill\u00f3n, a partir das 19.00 horas:<\/p>\n<table>\n<tbody>\n<tr>\n<td colspan=\"3\" width=\"566\"><strong>Entregas de premios<\/strong><\/td>\n<\/tr>\n<tr>\n<td width=\"94\"><strong>19.00 horas<\/strong><\/td>\n<td width=\"246\">Infantil Masculina<\/p>\n<p>Infantil Feminina<\/p>\n<p>Cadete Feminina<\/p>\n<p>Cadete Masculina<\/p>\n<p>Sub14<\/p>\n<p>Sub16<\/td>\n<td rowspan=\"2\" width=\"226\">A Sangri\u00f1a<\/td>\n<\/tr>\n<tr>\n<td width=\"94\"><strong>20.45 horas<\/strong><\/td>\n<td width=\"246\">Xuvenil Masculina<\/p>\n<p>GDC Azurara<\/td>\n<\/tr>\n<\/tbody>\n<\/table>\n<p>&nbsp;<\/p>\n","protected":false},"excerpt":{"rendered":"<p>Este m\u00e9rcores 30 presentouse de xeito oficial o I Torneo Internacional Transfronteirizo do Minho. Entre os asistentes estiveron Roberto Carrero, deputado de Cooperaci\u00f3n Transfronteiriza e Relaci\u00f3ns Institucionais da Deputaci\u00f3n de Pontevedra e alcalde da Guarda; Ignacio Permuy e Fernando Mosquera, &hellip; <\/p>\n","protected":false},"author":2,"featured_media":31234,"comment_status":"closed","ping_status":"closed","sticky":false,"template":"","format":"standard","meta":[],"categories":[35,363],"tags":[],"yoast_head":"<!-- This site is optimized with the Yoast SEO plugin v21.1 - https:\/\/yoast.com\/wordpress\/plugins\/seo\/ -->\n<title>O Torneo Transfronteirizo do Minho converte \u00e1 Guarda na capital do balonm\u00e1n este venres - Concello da Guarda<\/title>\n<meta name=\"description\" content=\"Este m\u00e9rcores 30 presentouse de xeito oficial o I Torneo Internacional Transfronteirizo do Minho. Entre os asistentes estiveron Roberto\" \/>\n<meta name=\"robots\" content=\"index, follow, max-snippet:-1, max-image-preview:large, max-video-preview:-1\" \/>\n<link rel=\"canonical\" href=\"https:\/\/www.aguarda.es\/en\/o-torneo-transfronteirizo-do-minho-converte-a-guarda-na-capital-do-balonman-este-venres\/\" \/>\n<meta property=\"og:locale\" content=\"en_US\" \/>\n<meta property=\"og:type\" content=\"article\" \/>\n<meta property=\"og:title\" content=\"O Torneo Transfronteirizo do Minho converte \u00e1 Guarda na capital do balonm\u00e1n este venres - Concello da Guarda\" \/>\n<meta property=\"og:description\" content=\"Este m\u00e9rcores 30 presentouse de xeito oficial o I Torneo Internacional Transfronteirizo do Minho. Entre os asistentes estiveron Roberto\" \/>\n<meta property=\"og:url\" content=\"https:\/\/www.aguarda.es\/en\/o-torneo-transfronteirizo-do-minho-converte-a-guarda-na-capital-do-balonman-este-venres\/\" \/>\n<meta property=\"og:site_name\" content=\"Concello da Guarda\" \/>\n<meta property=\"article:publisher\" content=\"https:\/\/www.facebook.com\/ConcellodaGuarda\" \/>\n<meta property=\"article:published_time\" content=\"2024-10-31T15:56:42+00:00\" \/>\n<meta property=\"og:image\" content=\"https:\/\/www.aguarda.es\/wp-content\/uploads\/2024\/10\/presentacion-1.jpeg?_t=1730390203\" \/>\n\t<meta property=\"og:image:width\" content=\"1600\" \/>\n\t<meta property=\"og:image:height\" content=\"1066\" \/>\n\t<meta property=\"og:image:type\" content=\"image\/jpeg\" \/>\n<meta name=\"author\" content=\"prensa\" \/>\n<meta name=\"twitter:card\" content=\"summary_large_image\" \/>\n<meta name=\"twitter:creator\" content=\"@AGuarda_es\" \/>\n<meta name=\"twitter:site\" content=\"@AGuarda_es\" \/>\n<meta name=\"twitter:label1\" content=\"Written by\" \/>\n\t<meta name=\"twitter:data1\" content=\"prensa\" \/>\n\t<meta name=\"twitter:label2\" content=\"Est. reading time\" \/>\n\t<meta name=\"twitter:data2\" content=\"3 minutes\" \/>\n<script type=\"application\/ld+json\" class=\"yoast-schema-graph\">{\"@context\":\"https:\/\/schema.org\",\"@graph\":[{\"@type\":\"WebPage\",\"@id\":\"https:\/\/www.aguarda.es\/en\/o-torneo-transfronteirizo-do-minho-converte-a-guarda-na-capital-do-balonman-este-venres\/\",\"url\":\"https:\/\/www.aguarda.es\/en\/o-torneo-transfronteirizo-do-minho-converte-a-guarda-na-capital-do-balonman-este-venres\/\",\"name\":\"O Torneo Transfronteirizo do Minho converte \u00e1 Guarda na capital do balonm\u00e1n este venres - Concello da Guarda\",\"isPartOf\":{\"@id\":\"https:\/\/www.aguarda.es\/en\/#website\"},\"datePublished\":\"2024-10-31T15:56:42+00:00\",\"dateModified\":\"2024-10-31T15:56:42+00:00\",\"author\":{\"@id\":\"https:\/\/www.aguarda.es\/en\/#\/schema\/person\/c463ca3006858ffb349d11179d044f21\"},\"description\":\"Este m\u00e9rcores 30 presentouse de xeito oficial o I Torneo Internacional Transfronteirizo do Minho. Entre os asistentes estiveron Roberto\",\"breadcrumb\":{\"@id\":\"https:\/\/www.aguarda.es\/en\/o-torneo-transfronteirizo-do-minho-converte-a-guarda-na-capital-do-balonman-este-venres\/#breadcrumb\"},\"inLanguage\":\"en-US\",\"potentialAction\":[{\"@type\":\"ReadAction\",\"target\":[\"https:\/\/www.aguarda.es\/en\/o-torneo-transfronteirizo-do-minho-converte-a-guarda-na-capital-do-balonman-este-venres\/\"]}]},{\"@type\":\"BreadcrumbList\",\"@id\":\"https:\/\/www.aguarda.es\/en\/o-torneo-transfronteirizo-do-minho-converte-a-guarda-na-capital-do-balonman-este-venres\/#breadcrumb\",\"itemListElement\":[{\"@type\":\"ListItem\",\"position\":1,\"name\":\"Portada\",\"item\":\"https:\/\/www.aguarda.es\/en\/\"},{\"@type\":\"ListItem\",\"position\":2,\"name\":\"O Torneo Transfronteirizo do Minho converte \u00e1 Guarda na capital do balonm\u00e1n este venres\"}]},{\"@type\":\"WebSite\",\"@id\":\"https:\/\/www.aguarda.es\/en\/#website\",\"url\":\"https:\/\/www.aguarda.es\/en\/\",\"name\":\"Concello da Guarda\",\"description\":\"P\u00e1xina web do concello da Guarda\",\"potentialAction\":[{\"@type\":\"SearchAction\",\"target\":{\"@type\":\"EntryPoint\",\"urlTemplate\":\"https:\/\/www.aguarda.es\/en\/?s={search_term_string}\"},\"query-input\":\"required name=search_term_string\"}],\"inLanguage\":\"en-US\"},{\"@type\":\"Person\",\"@id\":\"https:\/\/www.aguarda.es\/en\/#\/schema\/person\/c463ca3006858ffb349d11179d044f21\",\"name\":\"prensa\",\"image\":{\"@type\":\"ImageObject\",\"inLanguage\":\"en-US\",\"@id\":\"https:\/\/www.aguarda.es\/en\/#\/schema\/person\/image\/\",\"url\":\"https:\/\/secure.gravatar.com\/avatar\/5f90ef536b0f98306edf5c7a1135ffa1?s=96&d=mm&r=g\",\"contentUrl\":\"https:\/\/secure.gravatar.com\/avatar\/5f90ef536b0f98306edf5c7a1135ffa1?s=96&d=mm&r=g\",\"caption\":\"prensa\"},\"url\":\"https:\/\/www.aguarda.es\/en\/author\/prensa\/\"}]}<\/script>\n<!-- \/ Yoast SEO plugin. -->","yoast_head_json":{"title":"O Torneo Transfronteirizo do Minho converte \u00e1 Guarda na capital do balonm\u00e1n este venres - Concello da Guarda","description":"Este m\u00e9rcores 30 presentouse de xeito oficial o I Torneo Internacional Transfronteirizo do Minho. Entre os asistentes estiveron Roberto","robots":{"index":"index","follow":"follow","max-snippet":"max-snippet:-1","max-image-preview":"max-image-preview:large","max-video-preview":"max-video-preview:-1"},"canonical":"https:\/\/www.aguarda.es\/en\/o-torneo-transfronteirizo-do-minho-converte-a-guarda-na-capital-do-balonman-este-venres\/","og_locale":"en_US","og_type":"article","og_title":"O Torneo Transfronteirizo do Minho converte \u00e1 Guarda na capital do balonm\u00e1n este venres - Concello da Guarda","og_description":"Este m\u00e9rcores 30 presentouse de xeito oficial o I Torneo Internacional Transfronteirizo do Minho. Entre os asistentes estiveron Roberto","og_url":"https:\/\/www.aguarda.es\/en\/o-torneo-transfronteirizo-do-minho-converte-a-guarda-na-capital-do-balonman-este-venres\/","og_site_name":"Concello da Guarda","article_publisher":"https:\/\/www.facebook.com\/ConcellodaGuarda","article_published_time":"2024-10-31T15:56:42+00:00","og_image":[{"width":1600,"height":1066,"url":"https:\/\/www.aguarda.es\/wp-content\/uploads\/2024\/10\/presentacion-1.jpeg?_t=1730390203","type":"image\/jpeg"}],"author":"prensa","twitter_card":"summary_large_image","twitter_creator":"@AGuarda_es","twitter_site":"@AGuarda_es","twitter_misc":{"Written by":"prensa","Est. reading time":"3 minutes"},"schema":{"@context":"https:\/\/schema.org","@graph":[{"@type":"WebPage","@id":"https:\/\/www.aguarda.es\/en\/o-torneo-transfronteirizo-do-minho-converte-a-guarda-na-capital-do-balonman-este-venres\/","url":"https:\/\/www.aguarda.es\/en\/o-torneo-transfronteirizo-do-minho-converte-a-guarda-na-capital-do-balonman-este-venres\/","name":"O Torneo Transfronteirizo do Minho converte \u00e1 Guarda na capital do balonm\u00e1n este venres - Concello da Guarda","isPartOf":{"@id":"https:\/\/www.aguarda.es\/en\/#website"},"datePublished":"2024-10-31T15:56:42+00:00","dateModified":"2024-10-31T15:56:42+00:00","author":{"@id":"https:\/\/www.aguarda.es\/en\/#\/schema\/person\/c463ca3006858ffb349d11179d044f21"},"description":"Este m\u00e9rcores 30 presentouse de xeito oficial o I Torneo Internacional Transfronteirizo do Minho. Entre os asistentes estiveron Roberto","breadcrumb":{"@id":"https:\/\/www.aguarda.es\/en\/o-torneo-transfronteirizo-do-minho-converte-a-guarda-na-capital-do-balonman-este-venres\/#breadcrumb"},"inLanguage":"en-US","potentialAction":[{"@type":"ReadAction","target":["https:\/\/www.aguarda.es\/en\/o-torneo-transfronteirizo-do-minho-converte-a-guarda-na-capital-do-balonman-este-venres\/"]}]},{"@type":"BreadcrumbList","@id":"https:\/\/www.aguarda.es\/en\/o-torneo-transfronteirizo-do-minho-converte-a-guarda-na-capital-do-balonman-este-venres\/#breadcrumb","itemListElement":[{"@type":"ListItem","position":1,"name":"Portada","item":"https:\/\/www.aguarda.es\/en\/"},{"@type":"ListItem","position":2,"name":"O Torneo Transfronteirizo do Minho converte \u00e1 Guarda na capital do balonm\u00e1n este venres"}]},{"@type":"WebSite","@id":"https:\/\/www.aguarda.es\/en\/#website","url":"https:\/\/www.aguarda.es\/en\/","name":"Concello da Guarda","description":"P\u00e1xina web do concello da Guarda","potentialAction":[{"@type":"SearchAction","target":{"@type":"EntryPoint","urlTemplate":"https:\/\/www.aguarda.es\/en\/?s={search_term_string}"},"query-input":"required name=search_term_string"}],"inLanguage":"en-US"},{"@type":"Person","@id":"https:\/\/www.aguarda.es\/en\/#\/schema\/person\/c463ca3006858ffb349d11179d044f21","name":"prensa","image":{"@type":"ImageObject","inLanguage":"en-US","@id":"https:\/\/www.aguarda.es\/en\/#\/schema\/person\/image\/","url":"https:\/\/secure.gravatar.com\/avatar\/5f90ef536b0f98306edf5c7a1135ffa1?s=96&d=mm&r=g","contentUrl":"https:\/\/secure.gravatar.com\/avatar\/5f90ef536b0f98306edf5c7a1135ffa1?s=96&d=mm&r=g","caption":"prensa"},"url":"https:\/\/www.aguarda.es\/en\/author\/prensa\/"}]}},"_links":{"self":[{"href":"https:\/\/www.aguarda.es\/en\/wp-json\/wp\/v2\/posts\/31238"}],"collection":[{"href":"https:\/\/www.aguarda.es\/en\/wp-json\/wp\/v2\/posts"}],"about":[{"href":"https:\/\/www.aguarda.es\/en\/wp-json\/wp\/v2\/types\/post"}],"author":[{"embeddable":true,"href":"https:\/\/www.aguarda.es\/en\/wp-json\/wp\/v2\/users\/2"}],"replies":[{"embeddable":true,"href":"https:\/\/www.aguarda.es\/en\/wp-json\/wp\/v2\/comments?post=31238"}],"version-history":[{"count":1,"href":"https:\/\/www.aguarda.es\/en\/wp-json\/wp\/v2\/posts\/31238\/revisions"}],"predecessor-version":[{"id":31239,"href":"https:\/\/www.aguarda.es\/en\/wp-json\/wp\/v2\/posts\/31238\/revisions\/31239"}],"wp:featuredmedia":[{"embeddable":true,"href":"https:\/\/www.aguarda.es\/en\/wp-json\/wp\/v2\/media\/31234"}],"wp:attachment":[{"href":"https:\/\/www.aguarda.es\/en\/wp-json\/wp\/v2\/media?parent=31238"}],"wp:term":[{"taxonomy":"category","embeddable":true,"href":"https:\/\/www.aguarda.es\/en\/wp-json\/wp\/v2\/categories?post=31238"},{"taxonomy":"post_tag","embeddable":true,"href":"https:\/\/www.aguarda.es\/en\/wp-json\/wp\/v2\/tags?post=31238"}],"curies":[{"name":"wp","href":"https:\/\/api.w.org\/{rel}","templated":true}]}}