{"id":31270,"date":"2024-11-08T10:17:32","date_gmt":"2024-11-08T10:17:32","guid":{"rendered":"https:\/\/www.aguarda.es\/?p=31270"},"modified":"2024-11-08T10:17:32","modified_gmt":"2024-11-08T10:17:32","slug":"a-guarda-entregara-os-premios-de-educacion-2023-24-este-22-de-novembro","status":"publish","type":"post","link":"https:\/\/www.aguarda.es\/en\/a-guarda-entregara-os-premios-de-educacion-2023-24-este-22-de-novembro\/","title":{"rendered":"A Guarda entregar\u00e1 os Premios de Educaci\u00f3n 2023\/24 este 22 de novembro"},"content":{"rendered":"<p>A lista do alumnado premiado este ano cos Premios de Educaci\u00f3n 2023\/24 xa est\u00e1 dispo\u00f1ible: <a href=\"https:\/\/www.aguarda.es\/wp-content\/uploads\/2024\/11\/LISTAXE-Premios-Educacion-Concello-da-Guarda-2024.pdf\" target=\"\" rel=\"noopener\">LISTAXE Premios Educaci\u00f3n Concello Da Guarda 2024<\/a><\/p>\n<p>O primeiro dos actos ter\u00e1 lugar finalmente o venres 22 de novembro \u00e1s 19:00 horas para o alumnado de Educaci\u00f3n Primaria e Secundaria, no Sal\u00f3n de Plenos da Casa dos Alonso no Concello da Guarda.<\/p>\n<p>Ser\u00e1 un acto p\u00fablico ao convidamos a toda a cidadan\u00eda a estar presente e po\u00f1er en valor o esforzo e talento da mocidade da nosa vila no \u00e1mbito educativo e acad\u00e9mico.<\/p>\n<p>A segunda das entregas dos diplomas aos alumnos de Bacharelato e Ciclos Formativos Medios e Superiores, est\u00e1 pendente de data, o m\u00e1is seguro que sexa durante o Nadal como na pasada convocatoria, ao atoparse estes alumnos na vila guardesa desfrutando as s\u00faas vacaci\u00f3ns, e non atoparse con seguridade a maior\u00eda deles na primeira data.<\/p>\n<p>&nbsp;<\/p>\n","protected":false},"excerpt":{"rendered":"<p>A lista do alumnado premiado este ano cos Premios de Educaci\u00f3n 2023\/24 xa est\u00e1 dispo\u00f1ible: LISTAXE Premios Educaci\u00f3n Concello Da Guarda 2024 O primeiro dos actos ter\u00e1 lugar finalmente o venres 22 de novembro \u00e1s 19:00 horas para o alumnado &hellip; <\/p>\n","protected":false},"author":2,"featured_media":31268,"comment_status":"closed","ping_status":"closed","sticky":false,"template":"","format":"standard","meta":[],"categories":[37,363],"tags":[],"yoast_head":"<!-- This site is optimized with the Yoast SEO plugin v21.1 - https:\/\/yoast.com\/wordpress\/plugins\/seo\/ -->\n<title>A Guarda entregar\u00e1 os Premios de Educaci\u00f3n 2023\/24 este 22 de novembro - Concello da Guarda<\/title>\n<meta name=\"description\" content=\"A lista do alumnado premiado este ano cos Premios de Educaci\u00f3n 2023\/24 xa est\u00e1 dispo\u00f1ible: LISTAXE Premios Educaci\u00f3n Concello Da Guarda 2024\" \/>\n<meta name=\"robots\" content=\"index, follow, max-snippet:-1, max-image-preview:large, max-video-preview:-1\" \/>\n<link rel=\"canonical\" href=\"https:\/\/www.aguarda.es\/en\/a-guarda-entregara-os-premios-de-educacion-2023-24-este-22-de-novembro\/\" \/>\n<meta property=\"og:locale\" content=\"en_US\" \/>\n<meta property=\"og:type\" content=\"article\" \/>\n<meta property=\"og:title\" content=\"A Guarda entregar\u00e1 os Premios de Educaci\u00f3n 2023\/24 este 22 de novembro - Concello da Guarda\" \/>\n<meta property=\"og:description\" content=\"A lista do alumnado premiado este ano cos Premios de Educaci\u00f3n 2023\/24 xa est\u00e1 dispo\u00f1ible: LISTAXE Premios Educaci\u00f3n Concello Da Guarda 2024\" \/>\n<meta property=\"og:url\" content=\"https:\/\/www.aguarda.es\/en\/a-guarda-entregara-os-premios-de-educacion-2023-24-este-22-de-novembro\/\" \/>\n<meta property=\"og:site_name\" content=\"Concello da Guarda\" \/>\n<meta property=\"article:publisher\" content=\"https:\/\/www.facebook.com\/ConcellodaGuarda\" \/>\n<meta property=\"article:published_time\" content=\"2024-11-08T10:17:32+00:00\" \/>\n<meta property=\"og:image\" content=\"https:\/\/www.aguarda.es\/wp-content\/uploads\/2024\/11\/Premios-educacion.jpg?_t=1731061053\" \/>\n\t<meta property=\"og:image:width\" content=\"1024\" \/>\n\t<meta property=\"og:image:height\" content=\"768\" \/>\n\t<meta property=\"og:image:type\" content=\"image\/jpeg\" \/>\n<meta name=\"author\" content=\"prensa\" \/>\n<meta name=\"twitter:card\" content=\"summary_large_image\" \/>\n<meta name=\"twitter:creator\" content=\"@AGuarda_es\" \/>\n<meta name=\"twitter:site\" content=\"@AGuarda_es\" \/>\n<meta name=\"twitter:label1\" content=\"Written by\" \/>\n\t<meta name=\"twitter:data1\" content=\"prensa\" \/>\n\t<meta name=\"twitter:label2\" content=\"Est. reading time\" \/>\n\t<meta name=\"twitter:data2\" content=\"1 minute\" \/>\n<script type=\"application\/ld+json\" class=\"yoast-schema-graph\">{\"@context\":\"https:\/\/schema.org\",\"@graph\":[{\"@type\":\"WebPage\",\"@id\":\"https:\/\/www.aguarda.es\/en\/a-guarda-entregara-os-premios-de-educacion-2023-24-este-22-de-novembro\/\",\"url\":\"https:\/\/www.aguarda.es\/en\/a-guarda-entregara-os-premios-de-educacion-2023-24-este-22-de-novembro\/\",\"name\":\"A Guarda entregar\u00e1 os Premios de Educaci\u00f3n 2023\/24 este 22 de novembro - Concello da Guarda\",\"isPartOf\":{\"@id\":\"https:\/\/www.aguarda.es\/en\/#website\"},\"datePublished\":\"2024-11-08T10:17:32+00:00\",\"dateModified\":\"2024-11-08T10:17:32+00:00\",\"author\":{\"@id\":\"https:\/\/www.aguarda.es\/en\/#\/schema\/person\/c463ca3006858ffb349d11179d044f21\"},\"description\":\"A lista do alumnado premiado este ano cos Premios de Educaci\u00f3n 2023\/24 xa est\u00e1 dispo\u00f1ible: LISTAXE Premios Educaci\u00f3n Concello Da Guarda 2024\",\"breadcrumb\":{\"@id\":\"https:\/\/www.aguarda.es\/en\/a-guarda-entregara-os-premios-de-educacion-2023-24-este-22-de-novembro\/#breadcrumb\"},\"inLanguage\":\"en-US\",\"potentialAction\":[{\"@type\":\"ReadAction\",\"target\":[\"https:\/\/www.aguarda.es\/en\/a-guarda-entregara-os-premios-de-educacion-2023-24-este-22-de-novembro\/\"]}]},{\"@type\":\"BreadcrumbList\",\"@id\":\"https:\/\/www.aguarda.es\/en\/a-guarda-entregara-os-premios-de-educacion-2023-24-este-22-de-novembro\/#breadcrumb\",\"itemListElement\":[{\"@type\":\"ListItem\",\"position\":1,\"name\":\"Portada\",\"item\":\"https:\/\/www.aguarda.es\/en\/\"},{\"@type\":\"ListItem\",\"position\":2,\"name\":\"A Guarda entregar\u00e1 os Premios de Educaci\u00f3n 2023\/24 este 22 de novembro\"}]},{\"@type\":\"WebSite\",\"@id\":\"https:\/\/www.aguarda.es\/en\/#website\",\"url\":\"https:\/\/www.aguarda.es\/en\/\",\"name\":\"Concello da Guarda\",\"description\":\"P\u00e1xina web do concello da Guarda\",\"potentialAction\":[{\"@type\":\"SearchAction\",\"target\":{\"@type\":\"EntryPoint\",\"urlTemplate\":\"https:\/\/www.aguarda.es\/en\/?s={search_term_string}\"},\"query-input\":\"required name=search_term_string\"}],\"inLanguage\":\"en-US\"},{\"@type\":\"Person\",\"@id\":\"https:\/\/www.aguarda.es\/en\/#\/schema\/person\/c463ca3006858ffb349d11179d044f21\",\"name\":\"prensa\",\"image\":{\"@type\":\"ImageObject\",\"inLanguage\":\"en-US\",\"@id\":\"https:\/\/www.aguarda.es\/en\/#\/schema\/person\/image\/\",\"url\":\"https:\/\/secure.gravatar.com\/avatar\/5f90ef536b0f98306edf5c7a1135ffa1?s=96&d=mm&r=g\",\"contentUrl\":\"https:\/\/secure.gravatar.com\/avatar\/5f90ef536b0f98306edf5c7a1135ffa1?s=96&d=mm&r=g\",\"caption\":\"prensa\"},\"url\":\"https:\/\/www.aguarda.es\/en\/author\/prensa\/\"}]}<\/script>\n<!-- \/ Yoast SEO plugin. -->","yoast_head_json":{"title":"A Guarda entregar\u00e1 os Premios de Educaci\u00f3n 2023\/24 este 22 de novembro - Concello da Guarda","description":"A lista do alumnado premiado este ano cos Premios de Educaci\u00f3n 2023\/24 xa est\u00e1 dispo\u00f1ible: LISTAXE Premios Educaci\u00f3n Concello Da Guarda 2024","robots":{"index":"index","follow":"follow","max-snippet":"max-snippet:-1","max-image-preview":"max-image-preview:large","max-video-preview":"max-video-preview:-1"},"canonical":"https:\/\/www.aguarda.es\/en\/a-guarda-entregara-os-premios-de-educacion-2023-24-este-22-de-novembro\/","og_locale":"en_US","og_type":"article","og_title":"A Guarda entregar\u00e1 os Premios de Educaci\u00f3n 2023\/24 este 22 de novembro - Concello da Guarda","og_description":"A lista do alumnado premiado este ano cos Premios de Educaci\u00f3n 2023\/24 xa est\u00e1 dispo\u00f1ible: LISTAXE Premios Educaci\u00f3n Concello Da Guarda 2024","og_url":"https:\/\/www.aguarda.es\/en\/a-guarda-entregara-os-premios-de-educacion-2023-24-este-22-de-novembro\/","og_site_name":"Concello da Guarda","article_publisher":"https:\/\/www.facebook.com\/ConcellodaGuarda","article_published_time":"2024-11-08T10:17:32+00:00","og_image":[{"width":1024,"height":768,"url":"https:\/\/www.aguarda.es\/wp-content\/uploads\/2024\/11\/Premios-educacion.jpg?_t=1731061053","type":"image\/jpeg"}],"author":"prensa","twitter_card":"summary_large_image","twitter_creator":"@AGuarda_es","twitter_site":"@AGuarda_es","twitter_misc":{"Written by":"prensa","Est. reading time":"1 minute"},"schema":{"@context":"https:\/\/schema.org","@graph":[{"@type":"WebPage","@id":"https:\/\/www.aguarda.es\/en\/a-guarda-entregara-os-premios-de-educacion-2023-24-este-22-de-novembro\/","url":"https:\/\/www.aguarda.es\/en\/a-guarda-entregara-os-premios-de-educacion-2023-24-este-22-de-novembro\/","name":"A Guarda entregar\u00e1 os Premios de Educaci\u00f3n 2023\/24 este 22 de novembro - Concello da Guarda","isPartOf":{"@id":"https:\/\/www.aguarda.es\/en\/#website"},"datePublished":"2024-11-08T10:17:32+00:00","dateModified":"2024-11-08T10:17:32+00:00","author":{"@id":"https:\/\/www.aguarda.es\/en\/#\/schema\/person\/c463ca3006858ffb349d11179d044f21"},"description":"A lista do alumnado premiado este ano cos Premios de Educaci\u00f3n 2023\/24 xa est\u00e1 dispo\u00f1ible: LISTAXE Premios Educaci\u00f3n Concello Da Guarda 2024","breadcrumb":{"@id":"https:\/\/www.aguarda.es\/en\/a-guarda-entregara-os-premios-de-educacion-2023-24-este-22-de-novembro\/#breadcrumb"},"inLanguage":"en-US","potentialAction":[{"@type":"ReadAction","target":["https:\/\/www.aguarda.es\/en\/a-guarda-entregara-os-premios-de-educacion-2023-24-este-22-de-novembro\/"]}]},{"@type":"BreadcrumbList","@id":"https:\/\/www.aguarda.es\/en\/a-guarda-entregara-os-premios-de-educacion-2023-24-este-22-de-novembro\/#breadcrumb","itemListElement":[{"@type":"ListItem","position":1,"name":"Portada","item":"https:\/\/www.aguarda.es\/en\/"},{"@type":"ListItem","position":2,"name":"A Guarda entregar\u00e1 os Premios de Educaci\u00f3n 2023\/24 este 22 de novembro"}]},{"@type":"WebSite","@id":"https:\/\/www.aguarda.es\/en\/#website","url":"https:\/\/www.aguarda.es\/en\/","name":"Concello da Guarda","description":"P\u00e1xina web do concello da Guarda","potentialAction":[{"@type":"SearchAction","target":{"@type":"EntryPoint","urlTemplate":"https:\/\/www.aguarda.es\/en\/?s={search_term_string}"},"query-input":"required name=search_term_string"}],"inLanguage":"en-US"},{"@type":"Person","@id":"https:\/\/www.aguarda.es\/en\/#\/schema\/person\/c463ca3006858ffb349d11179d044f21","name":"prensa","image":{"@type":"ImageObject","inLanguage":"en-US","@id":"https:\/\/www.aguarda.es\/en\/#\/schema\/person\/image\/","url":"https:\/\/secure.gravatar.com\/avatar\/5f90ef536b0f98306edf5c7a1135ffa1?s=96&d=mm&r=g","contentUrl":"https:\/\/secure.gravatar.com\/avatar\/5f90ef536b0f98306edf5c7a1135ffa1?s=96&d=mm&r=g","caption":"prensa"},"url":"https:\/\/www.aguarda.es\/en\/author\/prensa\/"}]}},"_links":{"self":[{"href":"https:\/\/www.aguarda.es\/en\/wp-json\/wp\/v2\/posts\/31270"}],"collection":[{"href":"https:\/\/www.aguarda.es\/en\/wp-json\/wp\/v2\/posts"}],"about":[{"href":"https:\/\/www.aguarda.es\/en\/wp-json\/wp\/v2\/types\/post"}],"author":[{"embeddable":true,"href":"https:\/\/www.aguarda.es\/en\/wp-json\/wp\/v2\/users\/2"}],"replies":[{"embeddable":true,"href":"https:\/\/www.aguarda.es\/en\/wp-json\/wp\/v2\/comments?post=31270"}],"version-history":[{"count":1,"href":"https:\/\/www.aguarda.es\/en\/wp-json\/wp\/v2\/posts\/31270\/revisions"}],"predecessor-version":[{"id":31273,"href":"https:\/\/www.aguarda.es\/en\/wp-json\/wp\/v2\/posts\/31270\/revisions\/31273"}],"wp:featuredmedia":[{"embeddable":true,"href":"https:\/\/www.aguarda.es\/en\/wp-json\/wp\/v2\/media\/31268"}],"wp:attachment":[{"href":"https:\/\/www.aguarda.es\/en\/wp-json\/wp\/v2\/media?parent=31270"}],"wp:term":[{"taxonomy":"category","embeddable":true,"href":"https:\/\/www.aguarda.es\/en\/wp-json\/wp\/v2\/categories?post=31270"},{"taxonomy":"post_tag","embeddable":true,"href":"https:\/\/www.aguarda.es\/en\/wp-json\/wp\/v2\/tags?post=31270"}],"curies":[{"name":"wp","href":"https:\/\/api.w.org\/{rel}","templated":true}]}}