{"id":31310,"date":"2024-11-14T10:54:04","date_gmt":"2024-11-14T10:54:04","guid":{"rendered":"https:\/\/www.aguarda.es\/?p=31310"},"modified":"2024-11-14T10:54:04","modified_gmt":"2024-11-14T10:54:04","slug":"melloras-de-ata-90-000e-no-ceip-a-sangrina-e-manuel-rodriguez-sinde","status":"publish","type":"post","link":"https:\/\/www.aguarda.es\/en\/melloras-de-ata-90-000e-no-ceip-a-sangrina-e-manuel-rodriguez-sinde\/","title":{"rendered":"Melloras de ata 90.000\u20ac no CEIP A Sangri\u00f1a e Manuel Rodr\u00edguez Sinde"},"content":{"rendered":"<p class=\"western\" align=\"left\"><span style=\"font-family: Arial, serif\"><span lang=\"gl-ES\">O pasado martes, o<\/span><\/span><span style=\"color: #000000\"><span style=\"font-family: Arial, serif\"><span style=\"font-size: medium\"><span lang=\"gl-ES\"> delegado territorial da Xunta en Pontevedra, Agust\u00edn Reguera, visitou, xunto ao director territorial de Educaci\u00f3n, C\u00e9sar P\u00e9rez, visitaron o CEIP A Sangri\u00f1a e o CEIP Manuel Rodr\u00edguez Sinde.<\/span><\/span><\/span><\/span><\/p>\n<p class=\"western\" align=\"left\"><span style=\"color: #000000\"><span style=\"font-family: Arial, serif\"><span style=\"font-size: medium\"><span lang=\"gl-ES\">Ademais, o alcalde da Guarda, Roberto Carrero, e os concelleiros de V\u00edas e Obras, Isidro Lomba, e de Educaci\u00f3n, Aser Est\u00e9vez, explic\u00e1ronlle as actuaci\u00f3ns levadas a cabo para mellorar as insta<\/span><\/span><\/span><\/span><span style=\"color: #000000\"><span style=\"font-family: Arial, serif\"><span style=\"font-size: medium\"><span lang=\"gl-ES\">la<\/span><\/span><\/span><\/span><span style=\"color: #000000\"><span style=\"font-family: Arial, serif\"><span style=\"font-size: medium\"><span lang=\"gl-ES\">ci\u00f3ns de ambos centros.<\/span><\/span><\/span><\/span><\/p>\n<p class=\"western\" align=\"left\"><span style=\"color: #000000\"><span style=\"font-family: Arial, serif\"><span style=\"font-size: medium\"><span lang=\"gl-ES\">No CEIIP A Sangri\u00f1a mellorouse a instalaci\u00f3n <\/span><\/span><\/span><\/span><span style=\"color: #000000\"><span style=\"font-family: Arial, serif\"><span style=\"font-size: medium\"><span lang=\"gl-ES\">el\u00e9ctrica e da iluminaci\u00f3n, por valor de preto de 50.000 euros. <\/span><\/span><\/span><\/span><span style=\"color: #000000\"><span style=\"font-family: Arial, serif\"><span style=\"font-size: medium\"><span lang=\"gl-ES\">Deste xeito, coa iluminaci\u00f3n LED <\/span><\/span><\/span><\/span><span style=\"color: #000000\"><span style=\"font-family: Arial, serif\"><span style=\"font-size: medium\"><span lang=\"gl-ES\">tam\u00e9n se mellorar\u00e1 a eficiencia enerx\u00e9tica do edificio. <\/span><\/span><\/span><\/span><\/p>\n<p class=\"western\" align=\"left\"><span style=\"color: #000000\"><span style=\"font-family: Arial, serif\"><span style=\"font-size: medium\"><span lang=\"gl-ES\">No CEIP Manuel Rodr\u00edguez Sinde as necesidades detectadas polo Concello ref\u00edrense a fontaner\u00eda e o sistema de ventilaci\u00f3n, onde se est\u00e1n a realizar estas melloras.<img decoding=\"async\" loading=\"lazy\" class=\"aligncenter  wp-image-31306\" src=\"https:\/\/www.aguarda.es\/wp-content\/uploads\/2024\/11\/visitas-colexios-1.jpeg\" alt=\"\" width=\"573\" height=\"430\" srcset=\"https:\/\/www.aguarda.es\/wp-content\/uploads\/2024\/11\/visitas-colexios-1.jpeg 1600w, https:\/\/www.aguarda.es\/wp-content\/uploads\/2024\/11\/visitas-colexios-1-300x225.jpeg 300w, https:\/\/www.aguarda.es\/wp-content\/uploads\/2024\/11\/visitas-colexios-1-1024x768.jpeg 1024w, https:\/\/www.aguarda.es\/wp-content\/uploads\/2024\/11\/visitas-colexios-1-768x576.jpeg 768w, https:\/\/www.aguarda.es\/wp-content\/uploads\/2024\/11\/visitas-colexios-1-1536x1152.jpeg 1536w\" sizes=\"(max-width: 573px) 100vw, 573px\" \/><\/span><\/span><\/span><\/span><\/p>\n","protected":false},"excerpt":{"rendered":"<p>O pasado martes, o delegado territorial da Xunta en Pontevedra, Agust\u00edn Reguera, visitou, xunto ao director territorial de Educaci\u00f3n, C\u00e9sar P\u00e9rez, visitaron o CEIP A Sangri\u00f1a e o CEIP Manuel Rodr\u00edguez Sinde. Ademais, o alcalde da Guarda, Roberto Carrero, e &hellip; <\/p>\n","protected":false},"author":2,"featured_media":31308,"comment_status":"closed","ping_status":"closed","sticky":false,"template":"","format":"standard","meta":[],"categories":[37,363],"tags":[],"yoast_head":"<!-- This site is optimized with the Yoast SEO plugin v21.1 - https:\/\/yoast.com\/wordpress\/plugins\/seo\/ -->\n<title>Melloras de ata 90.000\u20ac no CEIP A Sangri\u00f1a e Manuel Rodr\u00edguez Sinde - Concello da Guarda<\/title>\n<meta name=\"description\" content=\"O pasado martes, o delegado territorial da Xunta en Pontevedra, Agust\u00edn Reguera, visitou, xunto ao director territorial de Educaci\u00f3n, C\u00e9sar\" \/>\n<meta name=\"robots\" content=\"index, follow, max-snippet:-1, max-image-preview:large, max-video-preview:-1\" \/>\n<link rel=\"canonical\" href=\"https:\/\/www.aguarda.es\/en\/melloras-de-ata-90-000e-no-ceip-a-sangrina-e-manuel-rodriguez-sinde\/\" \/>\n<meta property=\"og:locale\" content=\"en_US\" \/>\n<meta property=\"og:type\" content=\"article\" \/>\n<meta property=\"og:title\" content=\"Melloras de ata 90.000\u20ac no CEIP A Sangri\u00f1a e Manuel Rodr\u00edguez Sinde - Concello da Guarda\" \/>\n<meta property=\"og:description\" content=\"O pasado martes, o delegado territorial da Xunta en Pontevedra, Agust\u00edn Reguera, visitou, xunto ao director territorial de Educaci\u00f3n, C\u00e9sar\" \/>\n<meta property=\"og:url\" content=\"https:\/\/www.aguarda.es\/en\/melloras-de-ata-90-000e-no-ceip-a-sangrina-e-manuel-rodriguez-sinde\/\" \/>\n<meta property=\"og:site_name\" content=\"Concello da Guarda\" \/>\n<meta property=\"article:publisher\" content=\"https:\/\/www.facebook.com\/ConcellodaGuarda\" \/>\n<meta property=\"article:published_time\" content=\"2024-11-14T10:54:04+00:00\" \/>\n<meta property=\"og:image\" content=\"https:\/\/www.aguarda.es\/wp-content\/uploads\/2024\/11\/visitas-colexios-2.jpeg?_t=1731581645\" \/>\n\t<meta property=\"og:image:width\" content=\"1600\" \/>\n\t<meta property=\"og:image:height\" content=\"1200\" \/>\n\t<meta property=\"og:image:type\" content=\"image\/jpeg\" \/>\n<meta name=\"author\" content=\"prensa\" \/>\n<meta name=\"twitter:card\" content=\"summary_large_image\" \/>\n<meta name=\"twitter:creator\" content=\"@AGuarda_es\" \/>\n<meta name=\"twitter:site\" content=\"@AGuarda_es\" \/>\n<meta name=\"twitter:label1\" content=\"Written by\" \/>\n\t<meta name=\"twitter:data1\" content=\"prensa\" \/>\n\t<meta name=\"twitter:label2\" content=\"Est. reading time\" \/>\n\t<meta name=\"twitter:data2\" content=\"1 minute\" \/>\n<script type=\"application\/ld+json\" class=\"yoast-schema-graph\">{\"@context\":\"https:\/\/schema.org\",\"@graph\":[{\"@type\":\"WebPage\",\"@id\":\"https:\/\/www.aguarda.es\/en\/melloras-de-ata-90-000e-no-ceip-a-sangrina-e-manuel-rodriguez-sinde\/\",\"url\":\"https:\/\/www.aguarda.es\/en\/melloras-de-ata-90-000e-no-ceip-a-sangrina-e-manuel-rodriguez-sinde\/\",\"name\":\"Melloras de ata 90.000\u20ac no CEIP A Sangri\u00f1a e Manuel Rodr\u00edguez Sinde - Concello da Guarda\",\"isPartOf\":{\"@id\":\"https:\/\/www.aguarda.es\/en\/#website\"},\"datePublished\":\"2024-11-14T10:54:04+00:00\",\"dateModified\":\"2024-11-14T10:54:04+00:00\",\"author\":{\"@id\":\"https:\/\/www.aguarda.es\/en\/#\/schema\/person\/c463ca3006858ffb349d11179d044f21\"},\"description\":\"O pasado martes, o delegado territorial da Xunta en Pontevedra, Agust\u00edn Reguera, visitou, xunto ao director territorial de Educaci\u00f3n, C\u00e9sar\",\"breadcrumb\":{\"@id\":\"https:\/\/www.aguarda.es\/en\/melloras-de-ata-90-000e-no-ceip-a-sangrina-e-manuel-rodriguez-sinde\/#breadcrumb\"},\"inLanguage\":\"en-US\",\"potentialAction\":[{\"@type\":\"ReadAction\",\"target\":[\"https:\/\/www.aguarda.es\/en\/melloras-de-ata-90-000e-no-ceip-a-sangrina-e-manuel-rodriguez-sinde\/\"]}]},{\"@type\":\"BreadcrumbList\",\"@id\":\"https:\/\/www.aguarda.es\/en\/melloras-de-ata-90-000e-no-ceip-a-sangrina-e-manuel-rodriguez-sinde\/#breadcrumb\",\"itemListElement\":[{\"@type\":\"ListItem\",\"position\":1,\"name\":\"Portada\",\"item\":\"https:\/\/www.aguarda.es\/en\/\"},{\"@type\":\"ListItem\",\"position\":2,\"name\":\"Melloras de ata 90.000\u20ac no CEIP A Sangri\u00f1a e Manuel Rodr\u00edguez Sinde\"}]},{\"@type\":\"WebSite\",\"@id\":\"https:\/\/www.aguarda.es\/en\/#website\",\"url\":\"https:\/\/www.aguarda.es\/en\/\",\"name\":\"Concello da Guarda\",\"description\":\"P\u00e1xina web do concello da Guarda\",\"potentialAction\":[{\"@type\":\"SearchAction\",\"target\":{\"@type\":\"EntryPoint\",\"urlTemplate\":\"https:\/\/www.aguarda.es\/en\/?s={search_term_string}\"},\"query-input\":\"required name=search_term_string\"}],\"inLanguage\":\"en-US\"},{\"@type\":\"Person\",\"@id\":\"https:\/\/www.aguarda.es\/en\/#\/schema\/person\/c463ca3006858ffb349d11179d044f21\",\"name\":\"prensa\",\"image\":{\"@type\":\"ImageObject\",\"inLanguage\":\"en-US\",\"@id\":\"https:\/\/www.aguarda.es\/en\/#\/schema\/person\/image\/\",\"url\":\"https:\/\/secure.gravatar.com\/avatar\/5f90ef536b0f98306edf5c7a1135ffa1?s=96&d=mm&r=g\",\"contentUrl\":\"https:\/\/secure.gravatar.com\/avatar\/5f90ef536b0f98306edf5c7a1135ffa1?s=96&d=mm&r=g\",\"caption\":\"prensa\"},\"url\":\"https:\/\/www.aguarda.es\/en\/author\/prensa\/\"}]}<\/script>\n<!-- \/ Yoast SEO plugin. -->","yoast_head_json":{"title":"Melloras de ata 90.000\u20ac no CEIP A Sangri\u00f1a e Manuel Rodr\u00edguez Sinde - Concello da Guarda","description":"O pasado martes, o delegado territorial da Xunta en Pontevedra, Agust\u00edn Reguera, visitou, xunto ao director territorial de Educaci\u00f3n, C\u00e9sar","robots":{"index":"index","follow":"follow","max-snippet":"max-snippet:-1","max-image-preview":"max-image-preview:large","max-video-preview":"max-video-preview:-1"},"canonical":"https:\/\/www.aguarda.es\/en\/melloras-de-ata-90-000e-no-ceip-a-sangrina-e-manuel-rodriguez-sinde\/","og_locale":"en_US","og_type":"article","og_title":"Melloras de ata 90.000\u20ac no CEIP A Sangri\u00f1a e Manuel Rodr\u00edguez Sinde - Concello da Guarda","og_description":"O pasado martes, o delegado territorial da Xunta en Pontevedra, Agust\u00edn Reguera, visitou, xunto ao director territorial de Educaci\u00f3n, C\u00e9sar","og_url":"https:\/\/www.aguarda.es\/en\/melloras-de-ata-90-000e-no-ceip-a-sangrina-e-manuel-rodriguez-sinde\/","og_site_name":"Concello da Guarda","article_publisher":"https:\/\/www.facebook.com\/ConcellodaGuarda","article_published_time":"2024-11-14T10:54:04+00:00","og_image":[{"width":1600,"height":1200,"url":"https:\/\/www.aguarda.es\/wp-content\/uploads\/2024\/11\/visitas-colexios-2.jpeg?_t=1731581645","type":"image\/jpeg"}],"author":"prensa","twitter_card":"summary_large_image","twitter_creator":"@AGuarda_es","twitter_site":"@AGuarda_es","twitter_misc":{"Written by":"prensa","Est. reading time":"1 minute"},"schema":{"@context":"https:\/\/schema.org","@graph":[{"@type":"WebPage","@id":"https:\/\/www.aguarda.es\/en\/melloras-de-ata-90-000e-no-ceip-a-sangrina-e-manuel-rodriguez-sinde\/","url":"https:\/\/www.aguarda.es\/en\/melloras-de-ata-90-000e-no-ceip-a-sangrina-e-manuel-rodriguez-sinde\/","name":"Melloras de ata 90.000\u20ac no CEIP A Sangri\u00f1a e Manuel Rodr\u00edguez Sinde - Concello da Guarda","isPartOf":{"@id":"https:\/\/www.aguarda.es\/en\/#website"},"datePublished":"2024-11-14T10:54:04+00:00","dateModified":"2024-11-14T10:54:04+00:00","author":{"@id":"https:\/\/www.aguarda.es\/en\/#\/schema\/person\/c463ca3006858ffb349d11179d044f21"},"description":"O pasado martes, o delegado territorial da Xunta en Pontevedra, Agust\u00edn Reguera, visitou, xunto ao director territorial de Educaci\u00f3n, C\u00e9sar","breadcrumb":{"@id":"https:\/\/www.aguarda.es\/en\/melloras-de-ata-90-000e-no-ceip-a-sangrina-e-manuel-rodriguez-sinde\/#breadcrumb"},"inLanguage":"en-US","potentialAction":[{"@type":"ReadAction","target":["https:\/\/www.aguarda.es\/en\/melloras-de-ata-90-000e-no-ceip-a-sangrina-e-manuel-rodriguez-sinde\/"]}]},{"@type":"BreadcrumbList","@id":"https:\/\/www.aguarda.es\/en\/melloras-de-ata-90-000e-no-ceip-a-sangrina-e-manuel-rodriguez-sinde\/#breadcrumb","itemListElement":[{"@type":"ListItem","position":1,"name":"Portada","item":"https:\/\/www.aguarda.es\/en\/"},{"@type":"ListItem","position":2,"name":"Melloras de ata 90.000\u20ac no CEIP A Sangri\u00f1a e Manuel Rodr\u00edguez Sinde"}]},{"@type":"WebSite","@id":"https:\/\/www.aguarda.es\/en\/#website","url":"https:\/\/www.aguarda.es\/en\/","name":"Concello da Guarda","description":"P\u00e1xina web do concello da Guarda","potentialAction":[{"@type":"SearchAction","target":{"@type":"EntryPoint","urlTemplate":"https:\/\/www.aguarda.es\/en\/?s={search_term_string}"},"query-input":"required name=search_term_string"}],"inLanguage":"en-US"},{"@type":"Person","@id":"https:\/\/www.aguarda.es\/en\/#\/schema\/person\/c463ca3006858ffb349d11179d044f21","name":"prensa","image":{"@type":"ImageObject","inLanguage":"en-US","@id":"https:\/\/www.aguarda.es\/en\/#\/schema\/person\/image\/","url":"https:\/\/secure.gravatar.com\/avatar\/5f90ef536b0f98306edf5c7a1135ffa1?s=96&d=mm&r=g","contentUrl":"https:\/\/secure.gravatar.com\/avatar\/5f90ef536b0f98306edf5c7a1135ffa1?s=96&d=mm&r=g","caption":"prensa"},"url":"https:\/\/www.aguarda.es\/en\/author\/prensa\/"}]}},"_links":{"self":[{"href":"https:\/\/www.aguarda.es\/en\/wp-json\/wp\/v2\/posts\/31310"}],"collection":[{"href":"https:\/\/www.aguarda.es\/en\/wp-json\/wp\/v2\/posts"}],"about":[{"href":"https:\/\/www.aguarda.es\/en\/wp-json\/wp\/v2\/types\/post"}],"author":[{"embeddable":true,"href":"https:\/\/www.aguarda.es\/en\/wp-json\/wp\/v2\/users\/2"}],"replies":[{"embeddable":true,"href":"https:\/\/www.aguarda.es\/en\/wp-json\/wp\/v2\/comments?post=31310"}],"version-history":[{"count":1,"href":"https:\/\/www.aguarda.es\/en\/wp-json\/wp\/v2\/posts\/31310\/revisions"}],"predecessor-version":[{"id":31311,"href":"https:\/\/www.aguarda.es\/en\/wp-json\/wp\/v2\/posts\/31310\/revisions\/31311"}],"wp:featuredmedia":[{"embeddable":true,"href":"https:\/\/www.aguarda.es\/en\/wp-json\/wp\/v2\/media\/31308"}],"wp:attachment":[{"href":"https:\/\/www.aguarda.es\/en\/wp-json\/wp\/v2\/media?parent=31310"}],"wp:term":[{"taxonomy":"category","embeddable":true,"href":"https:\/\/www.aguarda.es\/en\/wp-json\/wp\/v2\/categories?post=31310"},{"taxonomy":"post_tag","embeddable":true,"href":"https:\/\/www.aguarda.es\/en\/wp-json\/wp\/v2\/tags?post=31310"}],"curies":[{"name":"wp","href":"https:\/\/api.w.org\/{rel}","templated":true}]}}