{"id":31336,"date":"2024-11-18T10:00:48","date_gmt":"2024-11-18T10:00:48","guid":{"rendered":"https:\/\/www.aguarda.es\/?p=31336"},"modified":"2024-11-15T11:53:18","modified_gmt":"2024-11-15T11:53:18","slug":"a-guarda-organiza-un-campamento-de-nadal-para-facilitar-a-conciliacion-en-festas","status":"publish","type":"post","link":"https:\/\/www.aguarda.es\/en\/a-guarda-organiza-un-campamento-de-nadal-para-facilitar-a-conciliacion-en-festas\/","title":{"rendered":"A Guarda organiza un campamento de Nadal para facilitar a conciliaci\u00f3n en festas"},"content":{"rendered":"<p class=\"western\" align=\"left\"><span style=\"font-family: Arial, serif\"><span lang=\"gl-ES\">Conciliaguarda no Nadal \u00e9 a proposta de campamentos de conciliaci\u00f3n para as pr\u00f3ximas vacaci\u00f3ns de Nadal. O Concello da Guarda organiza este campamentos cheo de actividades l\u00fadicas para as crianzas e as\u00ed facilitar a conciliaci\u00f3n da vida persoal e laboral.<\/span><\/span><\/p>\n<p class=\"western\" align=\"left\"><span style=\"font-family: Arial, serif\"><span lang=\"gl-ES\">Os obradoiro ter\u00e1n lugar os d\u00edas <strong>23, 24, 26, 27, 30 e 31 de decembro e 2 e 3 de xaneiro en horario de 9 a 14 horas<\/strong>. Cabe a posibilidade de aumentar o horario de <strong>8:30 a 14:30 horas<\/strong> para aquelas familias que o precisen.<\/span><\/span><\/p>\n<p class=\"western\" align=\"left\"><span style=\"font-family: Arial, serif\"><span lang=\"gl-ES\">Of\u00e9rtanse un total de<strong> 30 prazas<\/strong> para <\/span><\/span><span style=\"color: #000000\"><span style=\"font-family: Arial, serif\"><span style=\"font-size: medium\"><span lang=\"gl-ES\">a rapazada<\/span><\/span><\/span><\/span><span style=\"font-family: Arial, serif\"><span lang=\"gl-ES\"> empadroada na Guarda con idades entre os <strong>3 e os 10 anos<\/strong> (\u00e9 dicir, escolarizadas desde 4\u00ba de Educaci\u00f3n Infantil).<\/span><\/span><\/p>\n<p class=\"western\" align=\"left\"><span style=\"font-family: Arial, serif\"><span lang=\"gl-ES\">Para inscribirse p\u00f3dese <\/span><\/span><span style=\"font-family: Arial, serif\"><span lang=\"gl-ES\">acudir presencialmente no Rexistro do Concello coa ficha de inscrici\u00f3n cuberta, ou na sede electr\u00f3nica cubrindo unha instancia xeral xunto coa ficha de inscrici\u00f3n que se atopa na web do Concello. O prazo de inscrici\u00f3n comeza o pr\u00f3ximo <strong>20 de novembro e remata o 5 de decembro<\/strong>.<\/span><\/span><\/p>\n<p class=\"western\" align=\"left\"><span style=\"font-family: Arial, serif\"><span lang=\"gl-ES\">En caso de que o n\u00famero de inscrici\u00f3ns supere o n\u00famero de prazas realizarase un <strong>sorteo p\u00fablico o 13 de decembro \u00e1s 10:00 horas<\/strong> no Concello da Guarda.<\/span><\/span><\/p>\n<p class=\"western\" align=\"left\"><span style=\"font-family: Arial, serif\"><span lang=\"gl-ES\">A listaxe de persoas admitidas ser\u00e1 publicado na web do Concello e aparecer\u00e1 codificado co n\u00famero de rexistro da solicitude, polo que resulta importante conservar o comprobante da presentaci\u00f3n da mesma.<\/span><\/span><\/p>\n<p class=\"western\" align=\"left\"><span style=\"font-family: Arial, serif\"><span lang=\"gl-ES\">M\u00e1is informaci\u00f3n en <a href=\"mailto:informacion@aguarda.es\">informacion@aguarda.es<\/a> na OMIX do Concello da Guarda.<\/span><\/span><\/p>\n<p align=\"left\"><a href=\"https:\/\/www.aguarda.es\/wp-content\/uploads\/2024\/11\/ficha-inscricion-campamento-nadal.docx\">Ficha Inscrici\u00f3n Campamento Nadal<\/a><\/p>\n","protected":false},"excerpt":{"rendered":"<p>Conciliaguarda no Nadal \u00e9 a proposta de campamentos de conciliaci\u00f3n para as pr\u00f3ximas vacaci\u00f3ns de Nadal. O Concello da Guarda organiza este campamentos cheo de actividades l\u00fadicas para as crianzas e as\u00ed facilitar a conciliaci\u00f3n da vida persoal e laboral. &hellip; <\/p>\n","protected":false},"author":2,"featured_media":31334,"comment_status":"closed","ping_status":"closed","sticky":false,"template":"","format":"standard","meta":[],"categories":[48,363],"tags":[],"yoast_head":"<!-- This site is optimized with the Yoast SEO plugin v21.1 - https:\/\/yoast.com\/wordpress\/plugins\/seo\/ -->\n<title>A Guarda organiza un campamento de Nadal para facilitar a conciliaci\u00f3n en festas - Concello da Guarda<\/title>\n<meta name=\"description\" content=\"Conciliaguarda no Nadal \u00e9 a proposta de campamentos de conciliaci\u00f3n para as pr\u00f3ximas vacaci\u00f3ns de Nadal. O Concello da Guarda organiza este\" \/>\n<meta name=\"robots\" content=\"index, follow, max-snippet:-1, max-image-preview:large, max-video-preview:-1\" \/>\n<link rel=\"canonical\" href=\"https:\/\/www.aguarda.es\/en\/a-guarda-organiza-un-campamento-de-nadal-para-facilitar-a-conciliacion-en-festas\/\" \/>\n<meta property=\"og:locale\" content=\"en_US\" \/>\n<meta property=\"og:type\" content=\"article\" \/>\n<meta property=\"og:title\" content=\"A Guarda organiza un campamento de Nadal para facilitar a conciliaci\u00f3n en festas - Concello da Guarda\" \/>\n<meta property=\"og:description\" content=\"Conciliaguarda no Nadal \u00e9 a proposta de campamentos de conciliaci\u00f3n para as pr\u00f3ximas vacaci\u00f3ns de Nadal. O Concello da Guarda organiza este\" \/>\n<meta property=\"og:url\" content=\"https:\/\/www.aguarda.es\/en\/a-guarda-organiza-un-campamento-de-nadal-para-facilitar-a-conciliacion-en-festas\/\" \/>\n<meta property=\"og:site_name\" content=\"Concello da Guarda\" \/>\n<meta property=\"article:publisher\" content=\"https:\/\/www.facebook.com\/ConcellodaGuarda\" \/>\n<meta property=\"article:published_time\" content=\"2024-11-18T10:00:48+00:00\" \/>\n<meta property=\"article:modified_time\" content=\"2024-11-15T11:53:18+00:00\" \/>\n<meta property=\"og:image\" content=\"https:\/\/www.aguarda.es\/wp-content\/uploads\/2024\/11\/cartaz-nadal-campamento.png\" \/>\n\t<meta property=\"og:image:width\" content=\"1080\" \/>\n\t<meta property=\"og:image:height\" content=\"1080\" \/>\n\t<meta property=\"og:image:type\" content=\"image\/png\" \/>\n<meta name=\"author\" content=\"prensa\" \/>\n<meta name=\"twitter:card\" content=\"summary_large_image\" \/>\n<meta name=\"twitter:creator\" content=\"@AGuarda_es\" \/>\n<meta name=\"twitter:site\" content=\"@AGuarda_es\" \/>\n<meta name=\"twitter:label1\" content=\"Written by\" \/>\n\t<meta name=\"twitter:data1\" content=\"prensa\" \/>\n\t<meta name=\"twitter:label2\" content=\"Est. reading time\" \/>\n\t<meta name=\"twitter:data2\" content=\"2 minutes\" \/>\n<script type=\"application\/ld+json\" class=\"yoast-schema-graph\">{\"@context\":\"https:\/\/schema.org\",\"@graph\":[{\"@type\":\"WebPage\",\"@id\":\"https:\/\/www.aguarda.es\/en\/a-guarda-organiza-un-campamento-de-nadal-para-facilitar-a-conciliacion-en-festas\/\",\"url\":\"https:\/\/www.aguarda.es\/en\/a-guarda-organiza-un-campamento-de-nadal-para-facilitar-a-conciliacion-en-festas\/\",\"name\":\"A Guarda organiza un campamento de Nadal para facilitar a conciliaci\u00f3n en festas - Concello da Guarda\",\"isPartOf\":{\"@id\":\"https:\/\/www.aguarda.es\/en\/#website\"},\"datePublished\":\"2024-11-18T10:00:48+00:00\",\"dateModified\":\"2024-11-15T11:53:18+00:00\",\"author\":{\"@id\":\"https:\/\/www.aguarda.es\/en\/#\/schema\/person\/c463ca3006858ffb349d11179d044f21\"},\"description\":\"Conciliaguarda no Nadal \u00e9 a proposta de campamentos de conciliaci\u00f3n para as pr\u00f3ximas vacaci\u00f3ns de Nadal. O Concello da Guarda organiza este\",\"breadcrumb\":{\"@id\":\"https:\/\/www.aguarda.es\/en\/a-guarda-organiza-un-campamento-de-nadal-para-facilitar-a-conciliacion-en-festas\/#breadcrumb\"},\"inLanguage\":\"en-US\",\"potentialAction\":[{\"@type\":\"ReadAction\",\"target\":[\"https:\/\/www.aguarda.es\/en\/a-guarda-organiza-un-campamento-de-nadal-para-facilitar-a-conciliacion-en-festas\/\"]}]},{\"@type\":\"BreadcrumbList\",\"@id\":\"https:\/\/www.aguarda.es\/en\/a-guarda-organiza-un-campamento-de-nadal-para-facilitar-a-conciliacion-en-festas\/#breadcrumb\",\"itemListElement\":[{\"@type\":\"ListItem\",\"position\":1,\"name\":\"Portada\",\"item\":\"https:\/\/www.aguarda.es\/en\/\"},{\"@type\":\"ListItem\",\"position\":2,\"name\":\"A Guarda organiza un campamento de Nadal para facilitar a conciliaci\u00f3n en festas\"}]},{\"@type\":\"WebSite\",\"@id\":\"https:\/\/www.aguarda.es\/en\/#website\",\"url\":\"https:\/\/www.aguarda.es\/en\/\",\"name\":\"Concello da Guarda\",\"description\":\"P\u00e1xina web do concello da Guarda\",\"potentialAction\":[{\"@type\":\"SearchAction\",\"target\":{\"@type\":\"EntryPoint\",\"urlTemplate\":\"https:\/\/www.aguarda.es\/en\/?s={search_term_string}\"},\"query-input\":\"required name=search_term_string\"}],\"inLanguage\":\"en-US\"},{\"@type\":\"Person\",\"@id\":\"https:\/\/www.aguarda.es\/en\/#\/schema\/person\/c463ca3006858ffb349d11179d044f21\",\"name\":\"prensa\",\"image\":{\"@type\":\"ImageObject\",\"inLanguage\":\"en-US\",\"@id\":\"https:\/\/www.aguarda.es\/en\/#\/schema\/person\/image\/\",\"url\":\"https:\/\/secure.gravatar.com\/avatar\/5f90ef536b0f98306edf5c7a1135ffa1?s=96&d=mm&r=g\",\"contentUrl\":\"https:\/\/secure.gravatar.com\/avatar\/5f90ef536b0f98306edf5c7a1135ffa1?s=96&d=mm&r=g\",\"caption\":\"prensa\"},\"url\":\"https:\/\/www.aguarda.es\/en\/author\/prensa\/\"}]}<\/script>\n<!-- \/ Yoast SEO plugin. -->","yoast_head_json":{"title":"A Guarda organiza un campamento de Nadal para facilitar a conciliaci\u00f3n en festas - Concello da Guarda","description":"Conciliaguarda no Nadal \u00e9 a proposta de campamentos de conciliaci\u00f3n para as pr\u00f3ximas vacaci\u00f3ns de Nadal. O Concello da Guarda organiza este","robots":{"index":"index","follow":"follow","max-snippet":"max-snippet:-1","max-image-preview":"max-image-preview:large","max-video-preview":"max-video-preview:-1"},"canonical":"https:\/\/www.aguarda.es\/en\/a-guarda-organiza-un-campamento-de-nadal-para-facilitar-a-conciliacion-en-festas\/","og_locale":"en_US","og_type":"article","og_title":"A Guarda organiza un campamento de Nadal para facilitar a conciliaci\u00f3n en festas - Concello da Guarda","og_description":"Conciliaguarda no Nadal \u00e9 a proposta de campamentos de conciliaci\u00f3n para as pr\u00f3ximas vacaci\u00f3ns de Nadal. O Concello da Guarda organiza este","og_url":"https:\/\/www.aguarda.es\/en\/a-guarda-organiza-un-campamento-de-nadal-para-facilitar-a-conciliacion-en-festas\/","og_site_name":"Concello da Guarda","article_publisher":"https:\/\/www.facebook.com\/ConcellodaGuarda","article_published_time":"2024-11-18T10:00:48+00:00","article_modified_time":"2024-11-15T11:53:18+00:00","og_image":[{"width":1080,"height":1080,"url":"https:\/\/www.aguarda.es\/wp-content\/uploads\/2024\/11\/cartaz-nadal-campamento.png","type":"image\/png"}],"author":"prensa","twitter_card":"summary_large_image","twitter_creator":"@AGuarda_es","twitter_site":"@AGuarda_es","twitter_misc":{"Written by":"prensa","Est. reading time":"2 minutes"},"schema":{"@context":"https:\/\/schema.org","@graph":[{"@type":"WebPage","@id":"https:\/\/www.aguarda.es\/en\/a-guarda-organiza-un-campamento-de-nadal-para-facilitar-a-conciliacion-en-festas\/","url":"https:\/\/www.aguarda.es\/en\/a-guarda-organiza-un-campamento-de-nadal-para-facilitar-a-conciliacion-en-festas\/","name":"A Guarda organiza un campamento de Nadal para facilitar a conciliaci\u00f3n en festas - Concello da Guarda","isPartOf":{"@id":"https:\/\/www.aguarda.es\/en\/#website"},"datePublished":"2024-11-18T10:00:48+00:00","dateModified":"2024-11-15T11:53:18+00:00","author":{"@id":"https:\/\/www.aguarda.es\/en\/#\/schema\/person\/c463ca3006858ffb349d11179d044f21"},"description":"Conciliaguarda no Nadal \u00e9 a proposta de campamentos de conciliaci\u00f3n para as pr\u00f3ximas vacaci\u00f3ns de Nadal. O Concello da Guarda organiza este","breadcrumb":{"@id":"https:\/\/www.aguarda.es\/en\/a-guarda-organiza-un-campamento-de-nadal-para-facilitar-a-conciliacion-en-festas\/#breadcrumb"},"inLanguage":"en-US","potentialAction":[{"@type":"ReadAction","target":["https:\/\/www.aguarda.es\/en\/a-guarda-organiza-un-campamento-de-nadal-para-facilitar-a-conciliacion-en-festas\/"]}]},{"@type":"BreadcrumbList","@id":"https:\/\/www.aguarda.es\/en\/a-guarda-organiza-un-campamento-de-nadal-para-facilitar-a-conciliacion-en-festas\/#breadcrumb","itemListElement":[{"@type":"ListItem","position":1,"name":"Portada","item":"https:\/\/www.aguarda.es\/en\/"},{"@type":"ListItem","position":2,"name":"A Guarda organiza un campamento de Nadal para facilitar a conciliaci\u00f3n en festas"}]},{"@type":"WebSite","@id":"https:\/\/www.aguarda.es\/en\/#website","url":"https:\/\/www.aguarda.es\/en\/","name":"Concello da Guarda","description":"P\u00e1xina web do concello da Guarda","potentialAction":[{"@type":"SearchAction","target":{"@type":"EntryPoint","urlTemplate":"https:\/\/www.aguarda.es\/en\/?s={search_term_string}"},"query-input":"required name=search_term_string"}],"inLanguage":"en-US"},{"@type":"Person","@id":"https:\/\/www.aguarda.es\/en\/#\/schema\/person\/c463ca3006858ffb349d11179d044f21","name":"prensa","image":{"@type":"ImageObject","inLanguage":"en-US","@id":"https:\/\/www.aguarda.es\/en\/#\/schema\/person\/image\/","url":"https:\/\/secure.gravatar.com\/avatar\/5f90ef536b0f98306edf5c7a1135ffa1?s=96&d=mm&r=g","contentUrl":"https:\/\/secure.gravatar.com\/avatar\/5f90ef536b0f98306edf5c7a1135ffa1?s=96&d=mm&r=g","caption":"prensa"},"url":"https:\/\/www.aguarda.es\/en\/author\/prensa\/"}]}},"_links":{"self":[{"href":"https:\/\/www.aguarda.es\/en\/wp-json\/wp\/v2\/posts\/31336"}],"collection":[{"href":"https:\/\/www.aguarda.es\/en\/wp-json\/wp\/v2\/posts"}],"about":[{"href":"https:\/\/www.aguarda.es\/en\/wp-json\/wp\/v2\/types\/post"}],"author":[{"embeddable":true,"href":"https:\/\/www.aguarda.es\/en\/wp-json\/wp\/v2\/users\/2"}],"replies":[{"embeddable":true,"href":"https:\/\/www.aguarda.es\/en\/wp-json\/wp\/v2\/comments?post=31336"}],"version-history":[{"count":1,"href":"https:\/\/www.aguarda.es\/en\/wp-json\/wp\/v2\/posts\/31336\/revisions"}],"predecessor-version":[{"id":31339,"href":"https:\/\/www.aguarda.es\/en\/wp-json\/wp\/v2\/posts\/31336\/revisions\/31339"}],"wp:featuredmedia":[{"embeddable":true,"href":"https:\/\/www.aguarda.es\/en\/wp-json\/wp\/v2\/media\/31334"}],"wp:attachment":[{"href":"https:\/\/www.aguarda.es\/en\/wp-json\/wp\/v2\/media?parent=31336"}],"wp:term":[{"taxonomy":"category","embeddable":true,"href":"https:\/\/www.aguarda.es\/en\/wp-json\/wp\/v2\/categories?post=31336"},{"taxonomy":"post_tag","embeddable":true,"href":"https:\/\/www.aguarda.es\/en\/wp-json\/wp\/v2\/tags?post=31336"}],"curies":[{"name":"wp","href":"https:\/\/api.w.org\/{rel}","templated":true}]}}