{"id":31361,"date":"2024-11-19T10:00:55","date_gmt":"2024-11-19T10:00:55","guid":{"rendered":"https:\/\/www.aguarda.es\/?p=31361"},"modified":"2024-11-16T16:24:29","modified_gmt":"2024-11-16T16:24:29","slug":"musica-e-irmandade-na-2a-gala-da-lusofonia-este-23-de-novembro-na-guarda","status":"publish","type":"post","link":"https:\/\/www.aguarda.es\/en\/musica-e-irmandade-na-2a-gala-da-lusofonia-este-23-de-novembro-na-guarda\/","title":{"rendered":"M\u00fasica e irmandade na 2\u00aa Gala da Lusofon\u00eda este  23 de novembro na Guarda"},"content":{"rendered":"<p class=\"western\" align=\"left\"><span style=\"font-family: Arial, serif\"><span lang=\"gl-ES\">O Centro Cultural acolle este s\u00e1bado 23 de novembro \u00e1s 21:00 horas a 2\u00aa Gala da Lusofon\u00eda, onde se celebrar\u00e1 a riqueza da lusofon\u00eda en colaboraci\u00f3n co Instituto Galego de An\u00e1lise e Documentaci\u00f3n Internacional (IGADI) e a Deputaci\u00f3n de Pontevedra.<\/span><\/span><\/p>\n<p class=\"western\" align=\"left\"><span style=\"font-family: Arial, serif\"><span lang=\"gl-ES\">A gala, titulada \u201cA Rep\u00fablica dos Sonhos\u201d e presentada pola xornalista Esther Est\u00e9vez, promete unha experiencia \u00fanica de irmandade cultural entre Galicia e o universo lus\u00f3fono,<\/span><\/span><\/p>\n<p class=\"western\" align=\"left\"><span style=\"font-family: Arial, serif\"><span lang=\"gl-ES\">que incl\u00fae a m\u00fasica, entrevistas e conexi\u00f3ns internacionais, nunha noite inspirada pola obra da escritora brasileira N\u00e9lida Pi\u00f1\u00f3n.<\/span><\/span><\/p>\n<p class=\"western\" align=\"left\"><span style=\"font-family: Arial, serif\"><span lang=\"gl-ES\">No marco do proxecto \u201cTecer pontes co mundo, constru\u00edr pontes coa lusofon\u00eda\u201d, a gala servir\u00e1 para explorar a fondo os so\u00f1os, lendas e historias que unen Galicia e o mundo lus\u00f3fono, abordando temas como a emigraci\u00f3n, a cultura e o comercio. O evento ser\u00e1 retransmitido en directo pola IGADI TV, a trav\u00e9s do seu canal de YouTube, xa que se espera unha participaci\u00f3n ampla e aberta.<\/span><\/span><\/p>\n<p class=\"western\" align=\"left\"><span style=\"font-family: Arial, serif\"><span lang=\"gl-ES\">As persoas interesadas en acudir de xeito presencial poden apuntarse no seguinte formulario: <a href=\"https:\/\/docs.google.com\/forms\/d\/e\/1FAIpQLScmSKitjEty8n1V05yw0Cq1Nn8eLxTVZSmwA6HVuCM5i7AArA\/viewform\">https:\/\/docs.google.com\/forms\/d\/e\/1FAIpQLScmSKitjEty8n1V05yw0Cq1Nn8eLxTVZSmwA6HVuCM5i7AArA\/viewform<\/a> . De non encherse o aforo, abrirase ao p\u00fablico sen necesidade de inscribirse.<\/span><\/span><\/p>\n","protected":false},"excerpt":{"rendered":"<p>O Centro Cultural acolle este s\u00e1bado 23 de novembro \u00e1s 21:00 horas a 2\u00aa Gala da Lusofon\u00eda, onde se celebrar\u00e1 a riqueza da lusofon\u00eda en colaboraci\u00f3n co Instituto Galego de An\u00e1lise e Documentaci\u00f3n Internacional (IGADI) e a Deputaci\u00f3n de Pontevedra. &hellip; <\/p>\n","protected":false},"author":2,"featured_media":31326,"comment_status":"closed","ping_status":"closed","sticky":false,"template":"","format":"standard","meta":[],"categories":[34,36,363],"tags":[],"yoast_head":"<!-- This site is optimized with the Yoast SEO plugin v21.1 - https:\/\/yoast.com\/wordpress\/plugins\/seo\/ -->\n<title>M\u00fasica e irmandade na 2\u00aa Gala da Lusofon\u00eda este 23 de novembro na Guarda - Concello da Guarda<\/title>\n<meta name=\"description\" content=\"O Centro Cultural acolle este s\u00e1bado 23 de novembro \u00e1s 21:00 horas a 2\u00aa Gala da Lusofon\u00eda, onde se celebrar\u00e1 a riqueza da lusofon\u00eda\" \/>\n<meta name=\"robots\" content=\"index, follow, max-snippet:-1, max-image-preview:large, max-video-preview:-1\" \/>\n<link rel=\"canonical\" href=\"https:\/\/www.aguarda.es\/en\/musica-e-irmandade-na-2a-gala-da-lusofonia-este-23-de-novembro-na-guarda\/\" \/>\n<meta property=\"og:locale\" content=\"en_US\" \/>\n<meta property=\"og:type\" content=\"article\" \/>\n<meta property=\"og:title\" content=\"M\u00fasica e irmandade na 2\u00aa Gala da Lusofon\u00eda este 23 de novembro na Guarda - Concello da Guarda\" \/>\n<meta property=\"og:description\" content=\"O Centro Cultural acolle este s\u00e1bado 23 de novembro \u00e1s 21:00 horas a 2\u00aa Gala da Lusofon\u00eda, onde se celebrar\u00e1 a riqueza da lusofon\u00eda\" \/>\n<meta property=\"og:url\" content=\"https:\/\/www.aguarda.es\/en\/musica-e-irmandade-na-2a-gala-da-lusofonia-este-23-de-novembro-na-guarda\/\" \/>\n<meta property=\"og:site_name\" content=\"Concello da Guarda\" \/>\n<meta property=\"article:publisher\" content=\"https:\/\/www.facebook.com\/ConcellodaGuarda\" \/>\n<meta property=\"article:published_time\" content=\"2024-11-19T10:00:55+00:00\" \/>\n<meta property=\"article:modified_time\" content=\"2024-11-16T16:24:29+00:00\" \/>\n<meta property=\"og:image\" content=\"https:\/\/www.aguarda.es\/wp-content\/uploads\/2024\/11\/cartel-lusofonia.jpg\" \/>\n\t<meta property=\"og:image:width\" content=\"1600\" \/>\n\t<meta property=\"og:image:height\" content=\"2264\" \/>\n\t<meta property=\"og:image:type\" content=\"image\/jpeg\" \/>\n<meta name=\"author\" content=\"prensa\" \/>\n<meta name=\"twitter:card\" content=\"summary_large_image\" \/>\n<meta name=\"twitter:creator\" content=\"@AGuarda_es\" \/>\n<meta name=\"twitter:site\" content=\"@AGuarda_es\" \/>\n<meta name=\"twitter:label1\" content=\"Written by\" \/>\n\t<meta name=\"twitter:data1\" content=\"prensa\" \/>\n\t<meta name=\"twitter:label2\" content=\"Est. reading time\" \/>\n\t<meta name=\"twitter:data2\" content=\"1 minute\" \/>\n<script type=\"application\/ld+json\" class=\"yoast-schema-graph\">{\"@context\":\"https:\/\/schema.org\",\"@graph\":[{\"@type\":\"WebPage\",\"@id\":\"https:\/\/www.aguarda.es\/en\/musica-e-irmandade-na-2a-gala-da-lusofonia-este-23-de-novembro-na-guarda\/\",\"url\":\"https:\/\/www.aguarda.es\/en\/musica-e-irmandade-na-2a-gala-da-lusofonia-este-23-de-novembro-na-guarda\/\",\"name\":\"M\u00fasica e irmandade na 2\u00aa Gala da Lusofon\u00eda este 23 de novembro na Guarda - Concello da Guarda\",\"isPartOf\":{\"@id\":\"https:\/\/www.aguarda.es\/en\/#website\"},\"datePublished\":\"2024-11-19T10:00:55+00:00\",\"dateModified\":\"2024-11-16T16:24:29+00:00\",\"author\":{\"@id\":\"https:\/\/www.aguarda.es\/en\/#\/schema\/person\/c463ca3006858ffb349d11179d044f21\"},\"description\":\"O Centro Cultural acolle este s\u00e1bado 23 de novembro \u00e1s 21:00 horas a 2\u00aa Gala da Lusofon\u00eda, onde se celebrar\u00e1 a riqueza da lusofon\u00eda\",\"breadcrumb\":{\"@id\":\"https:\/\/www.aguarda.es\/en\/musica-e-irmandade-na-2a-gala-da-lusofonia-este-23-de-novembro-na-guarda\/#breadcrumb\"},\"inLanguage\":\"en-US\",\"potentialAction\":[{\"@type\":\"ReadAction\",\"target\":[\"https:\/\/www.aguarda.es\/en\/musica-e-irmandade-na-2a-gala-da-lusofonia-este-23-de-novembro-na-guarda\/\"]}]},{\"@type\":\"BreadcrumbList\",\"@id\":\"https:\/\/www.aguarda.es\/en\/musica-e-irmandade-na-2a-gala-da-lusofonia-este-23-de-novembro-na-guarda\/#breadcrumb\",\"itemListElement\":[{\"@type\":\"ListItem\",\"position\":1,\"name\":\"Portada\",\"item\":\"https:\/\/www.aguarda.es\/en\/\"},{\"@type\":\"ListItem\",\"position\":2,\"name\":\"M\u00fasica e irmandade na 2\u00aa Gala da Lusofon\u00eda este 23 de novembro na Guarda\"}]},{\"@type\":\"WebSite\",\"@id\":\"https:\/\/www.aguarda.es\/en\/#website\",\"url\":\"https:\/\/www.aguarda.es\/en\/\",\"name\":\"Concello da Guarda\",\"description\":\"P\u00e1xina web do concello da Guarda\",\"potentialAction\":[{\"@type\":\"SearchAction\",\"target\":{\"@type\":\"EntryPoint\",\"urlTemplate\":\"https:\/\/www.aguarda.es\/en\/?s={search_term_string}\"},\"query-input\":\"required name=search_term_string\"}],\"inLanguage\":\"en-US\"},{\"@type\":\"Person\",\"@id\":\"https:\/\/www.aguarda.es\/en\/#\/schema\/person\/c463ca3006858ffb349d11179d044f21\",\"name\":\"prensa\",\"image\":{\"@type\":\"ImageObject\",\"inLanguage\":\"en-US\",\"@id\":\"https:\/\/www.aguarda.es\/en\/#\/schema\/person\/image\/\",\"url\":\"https:\/\/secure.gravatar.com\/avatar\/5f90ef536b0f98306edf5c7a1135ffa1?s=96&d=mm&r=g\",\"contentUrl\":\"https:\/\/secure.gravatar.com\/avatar\/5f90ef536b0f98306edf5c7a1135ffa1?s=96&d=mm&r=g\",\"caption\":\"prensa\"},\"url\":\"https:\/\/www.aguarda.es\/en\/author\/prensa\/\"}]}<\/script>\n<!-- \/ Yoast SEO plugin. -->","yoast_head_json":{"title":"M\u00fasica e irmandade na 2\u00aa Gala da Lusofon\u00eda este 23 de novembro na Guarda - Concello da Guarda","description":"O Centro Cultural acolle este s\u00e1bado 23 de novembro \u00e1s 21:00 horas a 2\u00aa Gala da Lusofon\u00eda, onde se celebrar\u00e1 a riqueza da lusofon\u00eda","robots":{"index":"index","follow":"follow","max-snippet":"max-snippet:-1","max-image-preview":"max-image-preview:large","max-video-preview":"max-video-preview:-1"},"canonical":"https:\/\/www.aguarda.es\/en\/musica-e-irmandade-na-2a-gala-da-lusofonia-este-23-de-novembro-na-guarda\/","og_locale":"en_US","og_type":"article","og_title":"M\u00fasica e irmandade na 2\u00aa Gala da Lusofon\u00eda este 23 de novembro na Guarda - Concello da Guarda","og_description":"O Centro Cultural acolle este s\u00e1bado 23 de novembro \u00e1s 21:00 horas a 2\u00aa Gala da Lusofon\u00eda, onde se celebrar\u00e1 a riqueza da lusofon\u00eda","og_url":"https:\/\/www.aguarda.es\/en\/musica-e-irmandade-na-2a-gala-da-lusofonia-este-23-de-novembro-na-guarda\/","og_site_name":"Concello da Guarda","article_publisher":"https:\/\/www.facebook.com\/ConcellodaGuarda","article_published_time":"2024-11-19T10:00:55+00:00","article_modified_time":"2024-11-16T16:24:29+00:00","og_image":[{"width":1600,"height":2264,"url":"https:\/\/www.aguarda.es\/wp-content\/uploads\/2024\/11\/cartel-lusofonia.jpg","type":"image\/jpeg"}],"author":"prensa","twitter_card":"summary_large_image","twitter_creator":"@AGuarda_es","twitter_site":"@AGuarda_es","twitter_misc":{"Written by":"prensa","Est. reading time":"1 minute"},"schema":{"@context":"https:\/\/schema.org","@graph":[{"@type":"WebPage","@id":"https:\/\/www.aguarda.es\/en\/musica-e-irmandade-na-2a-gala-da-lusofonia-este-23-de-novembro-na-guarda\/","url":"https:\/\/www.aguarda.es\/en\/musica-e-irmandade-na-2a-gala-da-lusofonia-este-23-de-novembro-na-guarda\/","name":"M\u00fasica e irmandade na 2\u00aa Gala da Lusofon\u00eda este 23 de novembro na Guarda - Concello da Guarda","isPartOf":{"@id":"https:\/\/www.aguarda.es\/en\/#website"},"datePublished":"2024-11-19T10:00:55+00:00","dateModified":"2024-11-16T16:24:29+00:00","author":{"@id":"https:\/\/www.aguarda.es\/en\/#\/schema\/person\/c463ca3006858ffb349d11179d044f21"},"description":"O Centro Cultural acolle este s\u00e1bado 23 de novembro \u00e1s 21:00 horas a 2\u00aa Gala da Lusofon\u00eda, onde se celebrar\u00e1 a riqueza da lusofon\u00eda","breadcrumb":{"@id":"https:\/\/www.aguarda.es\/en\/musica-e-irmandade-na-2a-gala-da-lusofonia-este-23-de-novembro-na-guarda\/#breadcrumb"},"inLanguage":"en-US","potentialAction":[{"@type":"ReadAction","target":["https:\/\/www.aguarda.es\/en\/musica-e-irmandade-na-2a-gala-da-lusofonia-este-23-de-novembro-na-guarda\/"]}]},{"@type":"BreadcrumbList","@id":"https:\/\/www.aguarda.es\/en\/musica-e-irmandade-na-2a-gala-da-lusofonia-este-23-de-novembro-na-guarda\/#breadcrumb","itemListElement":[{"@type":"ListItem","position":1,"name":"Portada","item":"https:\/\/www.aguarda.es\/en\/"},{"@type":"ListItem","position":2,"name":"M\u00fasica e irmandade na 2\u00aa Gala da Lusofon\u00eda este 23 de novembro na Guarda"}]},{"@type":"WebSite","@id":"https:\/\/www.aguarda.es\/en\/#website","url":"https:\/\/www.aguarda.es\/en\/","name":"Concello da Guarda","description":"P\u00e1xina web do concello da Guarda","potentialAction":[{"@type":"SearchAction","target":{"@type":"EntryPoint","urlTemplate":"https:\/\/www.aguarda.es\/en\/?s={search_term_string}"},"query-input":"required name=search_term_string"}],"inLanguage":"en-US"},{"@type":"Person","@id":"https:\/\/www.aguarda.es\/en\/#\/schema\/person\/c463ca3006858ffb349d11179d044f21","name":"prensa","image":{"@type":"ImageObject","inLanguage":"en-US","@id":"https:\/\/www.aguarda.es\/en\/#\/schema\/person\/image\/","url":"https:\/\/secure.gravatar.com\/avatar\/5f90ef536b0f98306edf5c7a1135ffa1?s=96&d=mm&r=g","contentUrl":"https:\/\/secure.gravatar.com\/avatar\/5f90ef536b0f98306edf5c7a1135ffa1?s=96&d=mm&r=g","caption":"prensa"},"url":"https:\/\/www.aguarda.es\/en\/author\/prensa\/"}]}},"_links":{"self":[{"href":"https:\/\/www.aguarda.es\/en\/wp-json\/wp\/v2\/posts\/31361"}],"collection":[{"href":"https:\/\/www.aguarda.es\/en\/wp-json\/wp\/v2\/posts"}],"about":[{"href":"https:\/\/www.aguarda.es\/en\/wp-json\/wp\/v2\/types\/post"}],"author":[{"embeddable":true,"href":"https:\/\/www.aguarda.es\/en\/wp-json\/wp\/v2\/users\/2"}],"replies":[{"embeddable":true,"href":"https:\/\/www.aguarda.es\/en\/wp-json\/wp\/v2\/comments?post=31361"}],"version-history":[{"count":1,"href":"https:\/\/www.aguarda.es\/en\/wp-json\/wp\/v2\/posts\/31361\/revisions"}],"predecessor-version":[{"id":31362,"href":"https:\/\/www.aguarda.es\/en\/wp-json\/wp\/v2\/posts\/31361\/revisions\/31362"}],"wp:featuredmedia":[{"embeddable":true,"href":"https:\/\/www.aguarda.es\/en\/wp-json\/wp\/v2\/media\/31326"}],"wp:attachment":[{"href":"https:\/\/www.aguarda.es\/en\/wp-json\/wp\/v2\/media?parent=31361"}],"wp:term":[{"taxonomy":"category","embeddable":true,"href":"https:\/\/www.aguarda.es\/en\/wp-json\/wp\/v2\/categories?post=31361"},{"taxonomy":"post_tag","embeddable":true,"href":"https:\/\/www.aguarda.es\/en\/wp-json\/wp\/v2\/tags?post=31361"}],"curies":[{"name":"wp","href":"https:\/\/api.w.org\/{rel}","templated":true}]}}