{"id":31438,"date":"2024-12-13T09:25:36","date_gmt":"2024-12-13T09:25:36","guid":{"rendered":"https:\/\/www.aguarda.es\/?p=31438"},"modified":"2024-12-13T09:35:04","modified_gmt":"2024-12-13T09:35:04","slug":"a-carreira-san-silvestre-volve-este-domingo-29-de-decembro-ao-porto-da-guarda","status":"publish","type":"post","link":"https:\/\/www.aguarda.es\/en\/a-carreira-san-silvestre-volve-este-domingo-29-de-decembro-ao-porto-da-guarda\/","title":{"rendered":"A Carreira San Silvestre volve este domingo 29 de decembro ao porto da Guarda"},"content":{"rendered":"<p>A Sociedade Atl\u00e9tica do Trega e o Concello da Guarda organizan esta edici\u00f3n desta carreira tradicional do Nadal o pr\u00f3ximo 29 de decembro.<\/p>\n<p>Celebrarase no entorno do porto do Guarda e ser\u00e1 unha carreira apta para maiores e pequenos, sen desnivel. Por iso, convidamos \u00e1s familias a celebrar o Nadal co deporte nunha actividade festiva.<\/p>\n<p>A sa\u00edda ser\u00e1 \u00e1s 11:00h no paseo mar\u00edtimo cun percorrido circular duns 4 km polos paseos e sendas da costa, en direcci\u00f3n norte polo Museo do Mar ata Fedorento e a o sur cruzando o porto continuando un tramo pola senda litoral. Tam\u00e9n haber\u00e1 unha ruta paralela en formato andaina de 3 km.<\/p>\n<p>A inscrici\u00f3n \u00e9 gratu\u00edta e poder\u00e1 realizarase a trav\u00e9s dos formularios correspondentes para <a href=\"https:\/\/docs.google.com\/forms\/d\/e\/1FAIpQLSdaypdT5ikszMuOock1pDJ4A9dQzaQhg_zAxVx6JPNjObUMNg\/viewform\">CARREIRA<\/a> ou <a href=\"https:\/\/docs.google.com\/forms\/d\/e\/1FAIpQLSeakYDOehewJSy-XDCWAhjnMwYT4sE2YBPh-vflVAEfoXYHYw\/viewform\">ANDAINA<\/a> da web (<a href=\"http:\/\/www.aguarda.es\">www.aguarda.es<\/a>) ou no mesmo d\u00eda unha hora antes da sa\u00edda.<\/p>\n<p>Esta edici\u00f3n volver\u00e1 a colaborar con ACAPAN (Asociaci\u00f3n de C\u00e1ncer de p\u00e1ncreas) en homenaxe a Dani con &#8220;Un sorriso que ilumine o mundo&#8221;.<\/p>\n","protected":false},"excerpt":{"rendered":"<p>A Sociedade Atl\u00e9tica do Trega e o Concello da Guarda organizan esta edici\u00f3n desta carreira tradicional do Nadal o pr\u00f3ximo 29 de decembro. Celebrarase no entorno do porto do Guarda e ser\u00e1 unha carreira apta para maiores e pequenos, sen &hellip; <\/p>\n","protected":false},"author":2,"featured_media":31434,"comment_status":"closed","ping_status":"closed","sticky":false,"template":"","format":"standard","meta":[],"categories":[35,363],"tags":[],"yoast_head":"<!-- This site is optimized with the Yoast SEO plugin v21.1 - https:\/\/yoast.com\/wordpress\/plugins\/seo\/ -->\n<title>A Carreira San Silvestre volve este domingo 29 de decembro ao porto da Guarda - Concello da Guarda<\/title>\n<meta name=\"description\" content=\"A Sociedade Atl\u00e9tica do Trega e o Concello da Guarda organizan esta edici\u00f3n desta carreira tradicional do Nadal o pr\u00f3ximo 29 de decembro.\" \/>\n<meta name=\"robots\" content=\"index, follow, max-snippet:-1, max-image-preview:large, max-video-preview:-1\" \/>\n<link rel=\"canonical\" href=\"https:\/\/www.aguarda.es\/en\/a-carreira-san-silvestre-volve-este-domingo-29-de-decembro-ao-porto-da-guarda\/\" \/>\n<meta property=\"og:locale\" content=\"en_US\" \/>\n<meta property=\"og:type\" content=\"article\" \/>\n<meta property=\"og:title\" content=\"A Carreira San Silvestre volve este domingo 29 de decembro ao porto da Guarda - Concello da Guarda\" \/>\n<meta property=\"og:description\" content=\"A Sociedade Atl\u00e9tica do Trega e o Concello da Guarda organizan esta edici\u00f3n desta carreira tradicional do Nadal o pr\u00f3ximo 29 de decembro.\" \/>\n<meta property=\"og:url\" content=\"https:\/\/www.aguarda.es\/en\/a-carreira-san-silvestre-volve-este-domingo-29-de-decembro-ao-porto-da-guarda\/\" \/>\n<meta property=\"og:site_name\" content=\"Concello da Guarda\" \/>\n<meta property=\"article:publisher\" content=\"https:\/\/www.facebook.com\/ConcellodaGuarda\" \/>\n<meta property=\"article:published_time\" content=\"2024-12-13T09:25:36+00:00\" \/>\n<meta property=\"article:modified_time\" content=\"2024-12-13T09:35:04+00:00\" \/>\n<meta property=\"og:image\" content=\"https:\/\/www.aguarda.es\/wp-content\/uploads\/2024\/12\/tn_SAN-SILVESTRE-2024.png?_t=1734082505\" \/>\n\t<meta property=\"og:image:width\" content=\"424\" \/>\n\t<meta property=\"og:image:height\" content=\"600\" \/>\n\t<meta property=\"og:image:type\" content=\"image\/png\" \/>\n<meta name=\"author\" content=\"prensa\" \/>\n<meta name=\"twitter:card\" content=\"summary_large_image\" \/>\n<meta name=\"twitter:creator\" content=\"@AGuarda_es\" \/>\n<meta name=\"twitter:site\" content=\"@AGuarda_es\" \/>\n<meta name=\"twitter:label1\" content=\"Written by\" \/>\n\t<meta name=\"twitter:data1\" content=\"prensa\" \/>\n\t<meta name=\"twitter:label2\" content=\"Est. reading time\" \/>\n\t<meta name=\"twitter:data2\" content=\"1 minute\" \/>\n<script type=\"application\/ld+json\" class=\"yoast-schema-graph\">{\"@context\":\"https:\/\/schema.org\",\"@graph\":[{\"@type\":\"WebPage\",\"@id\":\"https:\/\/www.aguarda.es\/en\/a-carreira-san-silvestre-volve-este-domingo-29-de-decembro-ao-porto-da-guarda\/\",\"url\":\"https:\/\/www.aguarda.es\/en\/a-carreira-san-silvestre-volve-este-domingo-29-de-decembro-ao-porto-da-guarda\/\",\"name\":\"A Carreira San Silvestre volve este domingo 29 de decembro ao porto da Guarda - Concello da Guarda\",\"isPartOf\":{\"@id\":\"https:\/\/www.aguarda.es\/en\/#website\"},\"datePublished\":\"2024-12-13T09:25:36+00:00\",\"dateModified\":\"2024-12-13T09:35:04+00:00\",\"author\":{\"@id\":\"https:\/\/www.aguarda.es\/en\/#\/schema\/person\/c463ca3006858ffb349d11179d044f21\"},\"description\":\"A Sociedade Atl\u00e9tica do Trega e o Concello da Guarda organizan esta edici\u00f3n desta carreira tradicional do Nadal o pr\u00f3ximo 29 de decembro.\",\"breadcrumb\":{\"@id\":\"https:\/\/www.aguarda.es\/en\/a-carreira-san-silvestre-volve-este-domingo-29-de-decembro-ao-porto-da-guarda\/#breadcrumb\"},\"inLanguage\":\"en-US\",\"potentialAction\":[{\"@type\":\"ReadAction\",\"target\":[\"https:\/\/www.aguarda.es\/en\/a-carreira-san-silvestre-volve-este-domingo-29-de-decembro-ao-porto-da-guarda\/\"]}]},{\"@type\":\"BreadcrumbList\",\"@id\":\"https:\/\/www.aguarda.es\/en\/a-carreira-san-silvestre-volve-este-domingo-29-de-decembro-ao-porto-da-guarda\/#breadcrumb\",\"itemListElement\":[{\"@type\":\"ListItem\",\"position\":1,\"name\":\"Portada\",\"item\":\"https:\/\/www.aguarda.es\/en\/\"},{\"@type\":\"ListItem\",\"position\":2,\"name\":\"A Carreira San Silvestre volve este domingo 29 de decembro ao porto da Guarda\"}]},{\"@type\":\"WebSite\",\"@id\":\"https:\/\/www.aguarda.es\/en\/#website\",\"url\":\"https:\/\/www.aguarda.es\/en\/\",\"name\":\"Concello da Guarda\",\"description\":\"P\u00e1xina web do concello da Guarda\",\"potentialAction\":[{\"@type\":\"SearchAction\",\"target\":{\"@type\":\"EntryPoint\",\"urlTemplate\":\"https:\/\/www.aguarda.es\/en\/?s={search_term_string}\"},\"query-input\":\"required name=search_term_string\"}],\"inLanguage\":\"en-US\"},{\"@type\":\"Person\",\"@id\":\"https:\/\/www.aguarda.es\/en\/#\/schema\/person\/c463ca3006858ffb349d11179d044f21\",\"name\":\"prensa\",\"image\":{\"@type\":\"ImageObject\",\"inLanguage\":\"en-US\",\"@id\":\"https:\/\/www.aguarda.es\/en\/#\/schema\/person\/image\/\",\"url\":\"https:\/\/secure.gravatar.com\/avatar\/5f90ef536b0f98306edf5c7a1135ffa1?s=96&d=mm&r=g\",\"contentUrl\":\"https:\/\/secure.gravatar.com\/avatar\/5f90ef536b0f98306edf5c7a1135ffa1?s=96&d=mm&r=g\",\"caption\":\"prensa\"},\"url\":\"https:\/\/www.aguarda.es\/en\/author\/prensa\/\"}]}<\/script>\n<!-- \/ Yoast SEO plugin. -->","yoast_head_json":{"title":"A Carreira San Silvestre volve este domingo 29 de decembro ao porto da Guarda - Concello da Guarda","description":"A Sociedade Atl\u00e9tica do Trega e o Concello da Guarda organizan esta edici\u00f3n desta carreira tradicional do Nadal o pr\u00f3ximo 29 de decembro.","robots":{"index":"index","follow":"follow","max-snippet":"max-snippet:-1","max-image-preview":"max-image-preview:large","max-video-preview":"max-video-preview:-1"},"canonical":"https:\/\/www.aguarda.es\/en\/a-carreira-san-silvestre-volve-este-domingo-29-de-decembro-ao-porto-da-guarda\/","og_locale":"en_US","og_type":"article","og_title":"A Carreira San Silvestre volve este domingo 29 de decembro ao porto da Guarda - Concello da Guarda","og_description":"A Sociedade Atl\u00e9tica do Trega e o Concello da Guarda organizan esta edici\u00f3n desta carreira tradicional do Nadal o pr\u00f3ximo 29 de decembro.","og_url":"https:\/\/www.aguarda.es\/en\/a-carreira-san-silvestre-volve-este-domingo-29-de-decembro-ao-porto-da-guarda\/","og_site_name":"Concello da Guarda","article_publisher":"https:\/\/www.facebook.com\/ConcellodaGuarda","article_published_time":"2024-12-13T09:25:36+00:00","article_modified_time":"2024-12-13T09:35:04+00:00","og_image":[{"width":424,"height":600,"url":"https:\/\/www.aguarda.es\/wp-content\/uploads\/2024\/12\/tn_SAN-SILVESTRE-2024.png?_t=1734082505","type":"image\/png"}],"author":"prensa","twitter_card":"summary_large_image","twitter_creator":"@AGuarda_es","twitter_site":"@AGuarda_es","twitter_misc":{"Written by":"prensa","Est. reading time":"1 minute"},"schema":{"@context":"https:\/\/schema.org","@graph":[{"@type":"WebPage","@id":"https:\/\/www.aguarda.es\/en\/a-carreira-san-silvestre-volve-este-domingo-29-de-decembro-ao-porto-da-guarda\/","url":"https:\/\/www.aguarda.es\/en\/a-carreira-san-silvestre-volve-este-domingo-29-de-decembro-ao-porto-da-guarda\/","name":"A Carreira San Silvestre volve este domingo 29 de decembro ao porto da Guarda - Concello da Guarda","isPartOf":{"@id":"https:\/\/www.aguarda.es\/en\/#website"},"datePublished":"2024-12-13T09:25:36+00:00","dateModified":"2024-12-13T09:35:04+00:00","author":{"@id":"https:\/\/www.aguarda.es\/en\/#\/schema\/person\/c463ca3006858ffb349d11179d044f21"},"description":"A Sociedade Atl\u00e9tica do Trega e o Concello da Guarda organizan esta edici\u00f3n desta carreira tradicional do Nadal o pr\u00f3ximo 29 de decembro.","breadcrumb":{"@id":"https:\/\/www.aguarda.es\/en\/a-carreira-san-silvestre-volve-este-domingo-29-de-decembro-ao-porto-da-guarda\/#breadcrumb"},"inLanguage":"en-US","potentialAction":[{"@type":"ReadAction","target":["https:\/\/www.aguarda.es\/en\/a-carreira-san-silvestre-volve-este-domingo-29-de-decembro-ao-porto-da-guarda\/"]}]},{"@type":"BreadcrumbList","@id":"https:\/\/www.aguarda.es\/en\/a-carreira-san-silvestre-volve-este-domingo-29-de-decembro-ao-porto-da-guarda\/#breadcrumb","itemListElement":[{"@type":"ListItem","position":1,"name":"Portada","item":"https:\/\/www.aguarda.es\/en\/"},{"@type":"ListItem","position":2,"name":"A Carreira San Silvestre volve este domingo 29 de decembro ao porto da Guarda"}]},{"@type":"WebSite","@id":"https:\/\/www.aguarda.es\/en\/#website","url":"https:\/\/www.aguarda.es\/en\/","name":"Concello da Guarda","description":"P\u00e1xina web do concello da Guarda","potentialAction":[{"@type":"SearchAction","target":{"@type":"EntryPoint","urlTemplate":"https:\/\/www.aguarda.es\/en\/?s={search_term_string}"},"query-input":"required name=search_term_string"}],"inLanguage":"en-US"},{"@type":"Person","@id":"https:\/\/www.aguarda.es\/en\/#\/schema\/person\/c463ca3006858ffb349d11179d044f21","name":"prensa","image":{"@type":"ImageObject","inLanguage":"en-US","@id":"https:\/\/www.aguarda.es\/en\/#\/schema\/person\/image\/","url":"https:\/\/secure.gravatar.com\/avatar\/5f90ef536b0f98306edf5c7a1135ffa1?s=96&d=mm&r=g","contentUrl":"https:\/\/secure.gravatar.com\/avatar\/5f90ef536b0f98306edf5c7a1135ffa1?s=96&d=mm&r=g","caption":"prensa"},"url":"https:\/\/www.aguarda.es\/en\/author\/prensa\/"}]}},"_links":{"self":[{"href":"https:\/\/www.aguarda.es\/en\/wp-json\/wp\/v2\/posts\/31438"}],"collection":[{"href":"https:\/\/www.aguarda.es\/en\/wp-json\/wp\/v2\/posts"}],"about":[{"href":"https:\/\/www.aguarda.es\/en\/wp-json\/wp\/v2\/types\/post"}],"author":[{"embeddable":true,"href":"https:\/\/www.aguarda.es\/en\/wp-json\/wp\/v2\/users\/2"}],"replies":[{"embeddable":true,"href":"https:\/\/www.aguarda.es\/en\/wp-json\/wp\/v2\/comments?post=31438"}],"version-history":[{"count":1,"href":"https:\/\/www.aguarda.es\/en\/wp-json\/wp\/v2\/posts\/31438\/revisions"}],"predecessor-version":[{"id":31439,"href":"https:\/\/www.aguarda.es\/en\/wp-json\/wp\/v2\/posts\/31438\/revisions\/31439"}],"wp:featuredmedia":[{"embeddable":true,"href":"https:\/\/www.aguarda.es\/en\/wp-json\/wp\/v2\/media\/31434"}],"wp:attachment":[{"href":"https:\/\/www.aguarda.es\/en\/wp-json\/wp\/v2\/media?parent=31438"}],"wp:term":[{"taxonomy":"category","embeddable":true,"href":"https:\/\/www.aguarda.es\/en\/wp-json\/wp\/v2\/categories?post=31438"},{"taxonomy":"post_tag","embeddable":true,"href":"https:\/\/www.aguarda.es\/en\/wp-json\/wp\/v2\/tags?post=31438"}],"curies":[{"name":"wp","href":"https:\/\/api.w.org\/{rel}","templated":true}]}}