{"id":31463,"date":"2024-12-17T10:11:05","date_gmt":"2024-12-17T10:11:05","guid":{"rendered":"https:\/\/www.aguarda.es\/?p=31463"},"modified":"2024-12-17T10:11:05","modified_gmt":"2024-12-17T10:11:05","slug":"papa-noel-fara-unha-parada-na-guarda-este-sabado","status":"publish","type":"post","link":"https:\/\/www.aguarda.es\/en\/papa-noel-fara-unha-parada-na-guarda-este-sabado\/","title":{"rendered":"Pap\u00e1 Noel far\u00e1 unha parada na Guarda este s\u00e1bado"},"content":{"rendered":"<p>A Guarda recibe este s\u00e1bado unha visita moi especial: Pap\u00e1 Noel. O invitado estrela estar\u00e1 na praza de Avelino Vicente dese as 11:00 horas da ma\u00f1\u00e1 ata as 13: 00 horas.<\/p>\n<p>Ademais, non vir\u00e1 s\u00f3, estar\u00e1 acompa\u00f1ado dos elfos e incluso, do Grinch. E para rematar a s\u00faa visita, o grupo guard\u00e9s SonGodin\u2019s amenizar\u00e1 o resto da ma\u00f1\u00e1 coas s\u00faas versi\u00f3ns ac\u00fasticas dos anos 70, 80 e 90.<\/p>\n<p><img decoding=\"async\" loading=\"lazy\" class=\"aligncenter  wp-image-31461\" src=\"https:\/\/www.aguarda.es\/wp-content\/uploads\/2024\/12\/SonGodins.jpg\" alt=\"\" width=\"385\" height=\"385\" srcset=\"https:\/\/www.aguarda.es\/wp-content\/uploads\/2024\/12\/SonGodins.jpg 1080w, https:\/\/www.aguarda.es\/wp-content\/uploads\/2024\/12\/SonGodins-300x300.jpg 300w, https:\/\/www.aguarda.es\/wp-content\/uploads\/2024\/12\/SonGodins-1024x1024.jpg 1024w, https:\/\/www.aguarda.es\/wp-content\/uploads\/2024\/12\/SonGodins-150x150.jpg 150w, https:\/\/www.aguarda.es\/wp-content\/uploads\/2024\/12\/SonGodins-768x768.jpg 768w, https:\/\/www.aguarda.es\/wp-content\/uploads\/2024\/12\/SonGodins-100x100.jpg 100w\" sizes=\"(max-width: 385px) 100vw, 385px\" \/><\/p>\n","protected":false},"excerpt":{"rendered":"<p>A Guarda recibe este s\u00e1bado unha visita moi especial: Pap\u00e1 Noel. O invitado estrela estar\u00e1 na praza de Avelino Vicente dese as 11:00 horas da ma\u00f1\u00e1 ata as 13: 00 horas. Ademais, non vir\u00e1 s\u00f3, estar\u00e1 acompa\u00f1ado dos elfos e &hellip; <\/p>\n","protected":false},"author":2,"featured_media":31459,"comment_status":"closed","ping_status":"closed","sticky":false,"template":"","format":"standard","meta":[],"categories":[34,48,363],"tags":[],"yoast_head":"<!-- This site is optimized with the Yoast SEO plugin v21.1 - https:\/\/yoast.com\/wordpress\/plugins\/seo\/ -->\n<title>Pap\u00e1 Noel far\u00e1 unha parada na Guarda este s\u00e1bado - Concello da Guarda<\/title>\n<meta name=\"description\" content=\"A Guarda recibe este s\u00e1bado unha visita moi especial: Pap\u00e1 Noel. O invitado estrela estar\u00e1 na praza de Avelino Vicente dese as 11:00 horas da\" \/>\n<meta name=\"robots\" content=\"index, follow, max-snippet:-1, max-image-preview:large, max-video-preview:-1\" \/>\n<link rel=\"canonical\" href=\"https:\/\/www.aguarda.es\/en\/papa-noel-fara-unha-parada-na-guarda-este-sabado\/\" \/>\n<meta property=\"og:locale\" content=\"en_US\" \/>\n<meta property=\"og:type\" content=\"article\" \/>\n<meta property=\"og:title\" content=\"Pap\u00e1 Noel far\u00e1 unha parada na Guarda este s\u00e1bado - Concello da Guarda\" \/>\n<meta property=\"og:description\" content=\"A Guarda recibe este s\u00e1bado unha visita moi especial: Pap\u00e1 Noel. O invitado estrela estar\u00e1 na praza de Avelino Vicente dese as 11:00 horas da\" \/>\n<meta property=\"og:url\" content=\"https:\/\/www.aguarda.es\/en\/papa-noel-fara-unha-parada-na-guarda-este-sabado\/\" \/>\n<meta property=\"og:site_name\" content=\"Concello da Guarda\" \/>\n<meta property=\"article:publisher\" content=\"https:\/\/www.facebook.com\/ConcellodaGuarda\" \/>\n<meta property=\"article:published_time\" content=\"2024-12-17T10:11:05+00:00\" \/>\n<meta property=\"og:image\" content=\"https:\/\/www.aguarda.es\/wp-content\/uploads\/2024\/12\/Visita-PAPA-NOEL.jpg?_t=1734430266\" \/>\n\t<meta property=\"og:image:width\" content=\"1080\" \/>\n\t<meta property=\"og:image:height\" content=\"1080\" \/>\n\t<meta property=\"og:image:type\" content=\"image\/jpeg\" \/>\n<meta name=\"author\" content=\"prensa\" \/>\n<meta name=\"twitter:card\" content=\"summary_large_image\" \/>\n<meta name=\"twitter:creator\" content=\"@AGuarda_es\" \/>\n<meta name=\"twitter:site\" content=\"@AGuarda_es\" \/>\n<meta name=\"twitter:label1\" content=\"Written by\" \/>\n\t<meta name=\"twitter:data1\" content=\"prensa\" \/>\n\t<meta name=\"twitter:label2\" content=\"Est. reading time\" \/>\n\t<meta name=\"twitter:data2\" content=\"1 minute\" \/>\n<script type=\"application\/ld+json\" class=\"yoast-schema-graph\">{\"@context\":\"https:\/\/schema.org\",\"@graph\":[{\"@type\":\"WebPage\",\"@id\":\"https:\/\/www.aguarda.es\/en\/papa-noel-fara-unha-parada-na-guarda-este-sabado\/\",\"url\":\"https:\/\/www.aguarda.es\/en\/papa-noel-fara-unha-parada-na-guarda-este-sabado\/\",\"name\":\"Pap\u00e1 Noel far\u00e1 unha parada na Guarda este s\u00e1bado - Concello da Guarda\",\"isPartOf\":{\"@id\":\"https:\/\/www.aguarda.es\/en\/#website\"},\"datePublished\":\"2024-12-17T10:11:05+00:00\",\"dateModified\":\"2024-12-17T10:11:05+00:00\",\"author\":{\"@id\":\"https:\/\/www.aguarda.es\/en\/#\/schema\/person\/c463ca3006858ffb349d11179d044f21\"},\"description\":\"A Guarda recibe este s\u00e1bado unha visita moi especial: Pap\u00e1 Noel. O invitado estrela estar\u00e1 na praza de Avelino Vicente dese as 11:00 horas da\",\"breadcrumb\":{\"@id\":\"https:\/\/www.aguarda.es\/en\/papa-noel-fara-unha-parada-na-guarda-este-sabado\/#breadcrumb\"},\"inLanguage\":\"en-US\",\"potentialAction\":[{\"@type\":\"ReadAction\",\"target\":[\"https:\/\/www.aguarda.es\/en\/papa-noel-fara-unha-parada-na-guarda-este-sabado\/\"]}]},{\"@type\":\"BreadcrumbList\",\"@id\":\"https:\/\/www.aguarda.es\/en\/papa-noel-fara-unha-parada-na-guarda-este-sabado\/#breadcrumb\",\"itemListElement\":[{\"@type\":\"ListItem\",\"position\":1,\"name\":\"Portada\",\"item\":\"https:\/\/www.aguarda.es\/en\/\"},{\"@type\":\"ListItem\",\"position\":2,\"name\":\"Pap\u00e1 Noel far\u00e1 unha parada na Guarda este s\u00e1bado\"}]},{\"@type\":\"WebSite\",\"@id\":\"https:\/\/www.aguarda.es\/en\/#website\",\"url\":\"https:\/\/www.aguarda.es\/en\/\",\"name\":\"Concello da Guarda\",\"description\":\"P\u00e1xina web do concello da Guarda\",\"potentialAction\":[{\"@type\":\"SearchAction\",\"target\":{\"@type\":\"EntryPoint\",\"urlTemplate\":\"https:\/\/www.aguarda.es\/en\/?s={search_term_string}\"},\"query-input\":\"required name=search_term_string\"}],\"inLanguage\":\"en-US\"},{\"@type\":\"Person\",\"@id\":\"https:\/\/www.aguarda.es\/en\/#\/schema\/person\/c463ca3006858ffb349d11179d044f21\",\"name\":\"prensa\",\"image\":{\"@type\":\"ImageObject\",\"inLanguage\":\"en-US\",\"@id\":\"https:\/\/www.aguarda.es\/en\/#\/schema\/person\/image\/\",\"url\":\"https:\/\/secure.gravatar.com\/avatar\/5f90ef536b0f98306edf5c7a1135ffa1?s=96&d=mm&r=g\",\"contentUrl\":\"https:\/\/secure.gravatar.com\/avatar\/5f90ef536b0f98306edf5c7a1135ffa1?s=96&d=mm&r=g\",\"caption\":\"prensa\"},\"url\":\"https:\/\/www.aguarda.es\/en\/author\/prensa\/\"}]}<\/script>\n<!-- \/ Yoast SEO plugin. -->","yoast_head_json":{"title":"Pap\u00e1 Noel far\u00e1 unha parada na Guarda este s\u00e1bado - Concello da Guarda","description":"A Guarda recibe este s\u00e1bado unha visita moi especial: Pap\u00e1 Noel. O invitado estrela estar\u00e1 na praza de Avelino Vicente dese as 11:00 horas da","robots":{"index":"index","follow":"follow","max-snippet":"max-snippet:-1","max-image-preview":"max-image-preview:large","max-video-preview":"max-video-preview:-1"},"canonical":"https:\/\/www.aguarda.es\/en\/papa-noel-fara-unha-parada-na-guarda-este-sabado\/","og_locale":"en_US","og_type":"article","og_title":"Pap\u00e1 Noel far\u00e1 unha parada na Guarda este s\u00e1bado - Concello da Guarda","og_description":"A Guarda recibe este s\u00e1bado unha visita moi especial: Pap\u00e1 Noel. O invitado estrela estar\u00e1 na praza de Avelino Vicente dese as 11:00 horas da","og_url":"https:\/\/www.aguarda.es\/en\/papa-noel-fara-unha-parada-na-guarda-este-sabado\/","og_site_name":"Concello da Guarda","article_publisher":"https:\/\/www.facebook.com\/ConcellodaGuarda","article_published_time":"2024-12-17T10:11:05+00:00","og_image":[{"width":1080,"height":1080,"url":"https:\/\/www.aguarda.es\/wp-content\/uploads\/2024\/12\/Visita-PAPA-NOEL.jpg?_t=1734430266","type":"image\/jpeg"}],"author":"prensa","twitter_card":"summary_large_image","twitter_creator":"@AGuarda_es","twitter_site":"@AGuarda_es","twitter_misc":{"Written by":"prensa","Est. reading time":"1 minute"},"schema":{"@context":"https:\/\/schema.org","@graph":[{"@type":"WebPage","@id":"https:\/\/www.aguarda.es\/en\/papa-noel-fara-unha-parada-na-guarda-este-sabado\/","url":"https:\/\/www.aguarda.es\/en\/papa-noel-fara-unha-parada-na-guarda-este-sabado\/","name":"Pap\u00e1 Noel far\u00e1 unha parada na Guarda este s\u00e1bado - Concello da Guarda","isPartOf":{"@id":"https:\/\/www.aguarda.es\/en\/#website"},"datePublished":"2024-12-17T10:11:05+00:00","dateModified":"2024-12-17T10:11:05+00:00","author":{"@id":"https:\/\/www.aguarda.es\/en\/#\/schema\/person\/c463ca3006858ffb349d11179d044f21"},"description":"A Guarda recibe este s\u00e1bado unha visita moi especial: Pap\u00e1 Noel. O invitado estrela estar\u00e1 na praza de Avelino Vicente dese as 11:00 horas da","breadcrumb":{"@id":"https:\/\/www.aguarda.es\/en\/papa-noel-fara-unha-parada-na-guarda-este-sabado\/#breadcrumb"},"inLanguage":"en-US","potentialAction":[{"@type":"ReadAction","target":["https:\/\/www.aguarda.es\/en\/papa-noel-fara-unha-parada-na-guarda-este-sabado\/"]}]},{"@type":"BreadcrumbList","@id":"https:\/\/www.aguarda.es\/en\/papa-noel-fara-unha-parada-na-guarda-este-sabado\/#breadcrumb","itemListElement":[{"@type":"ListItem","position":1,"name":"Portada","item":"https:\/\/www.aguarda.es\/en\/"},{"@type":"ListItem","position":2,"name":"Pap\u00e1 Noel far\u00e1 unha parada na Guarda este s\u00e1bado"}]},{"@type":"WebSite","@id":"https:\/\/www.aguarda.es\/en\/#website","url":"https:\/\/www.aguarda.es\/en\/","name":"Concello da Guarda","description":"P\u00e1xina web do concello da Guarda","potentialAction":[{"@type":"SearchAction","target":{"@type":"EntryPoint","urlTemplate":"https:\/\/www.aguarda.es\/en\/?s={search_term_string}"},"query-input":"required name=search_term_string"}],"inLanguage":"en-US"},{"@type":"Person","@id":"https:\/\/www.aguarda.es\/en\/#\/schema\/person\/c463ca3006858ffb349d11179d044f21","name":"prensa","image":{"@type":"ImageObject","inLanguage":"en-US","@id":"https:\/\/www.aguarda.es\/en\/#\/schema\/person\/image\/","url":"https:\/\/secure.gravatar.com\/avatar\/5f90ef536b0f98306edf5c7a1135ffa1?s=96&d=mm&r=g","contentUrl":"https:\/\/secure.gravatar.com\/avatar\/5f90ef536b0f98306edf5c7a1135ffa1?s=96&d=mm&r=g","caption":"prensa"},"url":"https:\/\/www.aguarda.es\/en\/author\/prensa\/"}]}},"_links":{"self":[{"href":"https:\/\/www.aguarda.es\/en\/wp-json\/wp\/v2\/posts\/31463"}],"collection":[{"href":"https:\/\/www.aguarda.es\/en\/wp-json\/wp\/v2\/posts"}],"about":[{"href":"https:\/\/www.aguarda.es\/en\/wp-json\/wp\/v2\/types\/post"}],"author":[{"embeddable":true,"href":"https:\/\/www.aguarda.es\/en\/wp-json\/wp\/v2\/users\/2"}],"replies":[{"embeddable":true,"href":"https:\/\/www.aguarda.es\/en\/wp-json\/wp\/v2\/comments?post=31463"}],"version-history":[{"count":1,"href":"https:\/\/www.aguarda.es\/en\/wp-json\/wp\/v2\/posts\/31463\/revisions"}],"predecessor-version":[{"id":31464,"href":"https:\/\/www.aguarda.es\/en\/wp-json\/wp\/v2\/posts\/31463\/revisions\/31464"}],"wp:featuredmedia":[{"embeddable":true,"href":"https:\/\/www.aguarda.es\/en\/wp-json\/wp\/v2\/media\/31459"}],"wp:attachment":[{"href":"https:\/\/www.aguarda.es\/en\/wp-json\/wp\/v2\/media?parent=31463"}],"wp:term":[{"taxonomy":"category","embeddable":true,"href":"https:\/\/www.aguarda.es\/en\/wp-json\/wp\/v2\/categories?post=31463"},{"taxonomy":"post_tag","embeddable":true,"href":"https:\/\/www.aguarda.es\/en\/wp-json\/wp\/v2\/tags?post=31463"}],"curies":[{"name":"wp","href":"https:\/\/api.w.org\/{rel}","templated":true}]}}