{"id":31659,"date":"2025-01-16T11:16:10","date_gmt":"2025-01-16T11:16:10","guid":{"rendered":"https:\/\/www.aguarda.es\/?p=31659"},"modified":"2025-01-16T11:16:10","modified_gmt":"2025-01-16T11:16:10","slug":"fenosa-informa-de-posibles-cortes-por-traballos-de-mellora-do-17-ao-20-de-xaneiro","status":"publish","type":"post","link":"https:\/\/www.aguarda.es\/en\/fenosa-informa-de-posibles-cortes-por-traballos-de-mellora-do-17-ao-20-de-xaneiro\/","title":{"rendered":"Fenosa informa de posibles cortes por traballos de mellora do 17 ao 20 de xaneiro"},"content":{"rendered":"<p>Uni\u00f3n Fenosa Distirbuci\u00f3n- Grupo Energy informa de que, como consecuencia de traballos de mantemento e mellora da rede el\u00e9ctrica, poden producirse interrupci\u00f3ns no servizo.<\/p>\n<p>Os traballos dar\u00e1n comezo este venres 17 \u00e1s 8:00h e prolongaranse ata o luns 20 \u00e1s 20:00h.<\/p>\n<p>As zonas afectadas conc\u00e9ntranse en Salcidos e A G\u00e1ndara: r\u00faa Diego Antonio Gonz\u00e1lez, r\u00faa Cachadas, r\u00faa da G\u00e1ndara, traves\u00eda Xunqueiri\u00f1as, r\u00faa Jos\u00e9 Mar\u00eda Sesto e traves\u00eda Jos\u00e9 Mar\u00eda Sesto.<\/p>\n","protected":false},"excerpt":{"rendered":"<p>Uni\u00f3n Fenosa Distirbuci\u00f3n- Grupo Energy informa de que, como consecuencia de traballos de mantemento e mellora da rede el\u00e9ctrica, poden producirse interrupci\u00f3ns no servizo. Os traballos dar\u00e1n comezo este venres 17 \u00e1s 8:00h e prolongaranse ata o luns 20 \u00e1s &hellip; <\/p>\n","protected":false},"author":2,"featured_media":31657,"comment_status":"closed","ping_status":"closed","sticky":false,"template":"","format":"standard","meta":[],"categories":[1,363],"tags":[],"yoast_head":"<!-- This site is optimized with the Yoast SEO plugin v21.1 - https:\/\/yoast.com\/wordpress\/plugins\/seo\/ -->\n<title>Fenosa informa de posibles cortes por traballos de mellora do 17 ao 20 de xaneiro - Concello da Guarda<\/title>\n<meta name=\"description\" content=\"Uni\u00f3n Fenosa Distirbuci\u00f3n- Grupo Energy informa de que, como consecuencia de traballos de mantemento e mellora da rede el\u00e9ctrica, poden\" \/>\n<meta name=\"robots\" content=\"index, follow, max-snippet:-1, max-image-preview:large, max-video-preview:-1\" \/>\n<link rel=\"canonical\" href=\"https:\/\/www.aguarda.es\/en\/fenosa-informa-de-posibles-cortes-por-traballos-de-mellora-do-17-ao-20-de-xaneiro\/\" \/>\n<meta property=\"og:locale\" content=\"en_US\" \/>\n<meta property=\"og:type\" content=\"article\" \/>\n<meta property=\"og:title\" content=\"Fenosa informa de posibles cortes por traballos de mellora do 17 ao 20 de xaneiro - Concello da Guarda\" \/>\n<meta property=\"og:description\" content=\"Uni\u00f3n Fenosa Distirbuci\u00f3n- Grupo Energy informa de que, como consecuencia de traballos de mantemento e mellora da rede el\u00e9ctrica, poden\" \/>\n<meta property=\"og:url\" content=\"https:\/\/www.aguarda.es\/en\/fenosa-informa-de-posibles-cortes-por-traballos-de-mellora-do-17-ao-20-de-xaneiro\/\" \/>\n<meta property=\"og:site_name\" content=\"Concello da Guarda\" \/>\n<meta property=\"article:publisher\" content=\"https:\/\/www.facebook.com\/ConcellodaGuarda\" \/>\n<meta property=\"article:published_time\" content=\"2025-01-16T11:16:10+00:00\" \/>\n<meta property=\"og:image\" content=\"https:\/\/www.aguarda.es\/wp-content\/uploads\/2025\/01\/red-electrica.jpg?_t=1737026171\" \/>\n\t<meta property=\"og:image:width\" content=\"1080\" \/>\n\t<meta property=\"og:image:height\" content=\"1080\" \/>\n\t<meta property=\"og:image:type\" content=\"image\/jpeg\" \/>\n<meta name=\"author\" content=\"prensa\" \/>\n<meta name=\"twitter:card\" content=\"summary_large_image\" \/>\n<meta name=\"twitter:creator\" content=\"@AGuarda_es\" \/>\n<meta name=\"twitter:site\" content=\"@AGuarda_es\" \/>\n<meta name=\"twitter:label1\" content=\"Written by\" \/>\n\t<meta name=\"twitter:data1\" content=\"prensa\" \/>\n\t<meta name=\"twitter:label2\" content=\"Est. reading time\" \/>\n\t<meta name=\"twitter:data2\" content=\"1 minute\" \/>\n<script type=\"application\/ld+json\" class=\"yoast-schema-graph\">{\"@context\":\"https:\/\/schema.org\",\"@graph\":[{\"@type\":\"WebPage\",\"@id\":\"https:\/\/www.aguarda.es\/en\/fenosa-informa-de-posibles-cortes-por-traballos-de-mellora-do-17-ao-20-de-xaneiro\/\",\"url\":\"https:\/\/www.aguarda.es\/en\/fenosa-informa-de-posibles-cortes-por-traballos-de-mellora-do-17-ao-20-de-xaneiro\/\",\"name\":\"Fenosa informa de posibles cortes por traballos de mellora do 17 ao 20 de xaneiro - Concello da Guarda\",\"isPartOf\":{\"@id\":\"https:\/\/www.aguarda.es\/en\/#website\"},\"datePublished\":\"2025-01-16T11:16:10+00:00\",\"dateModified\":\"2025-01-16T11:16:10+00:00\",\"author\":{\"@id\":\"https:\/\/www.aguarda.es\/en\/#\/schema\/person\/c463ca3006858ffb349d11179d044f21\"},\"description\":\"Uni\u00f3n Fenosa Distirbuci\u00f3n- Grupo Energy informa de que, como consecuencia de traballos de mantemento e mellora da rede el\u00e9ctrica, poden\",\"breadcrumb\":{\"@id\":\"https:\/\/www.aguarda.es\/en\/fenosa-informa-de-posibles-cortes-por-traballos-de-mellora-do-17-ao-20-de-xaneiro\/#breadcrumb\"},\"inLanguage\":\"en-US\",\"potentialAction\":[{\"@type\":\"ReadAction\",\"target\":[\"https:\/\/www.aguarda.es\/en\/fenosa-informa-de-posibles-cortes-por-traballos-de-mellora-do-17-ao-20-de-xaneiro\/\"]}]},{\"@type\":\"BreadcrumbList\",\"@id\":\"https:\/\/www.aguarda.es\/en\/fenosa-informa-de-posibles-cortes-por-traballos-de-mellora-do-17-ao-20-de-xaneiro\/#breadcrumb\",\"itemListElement\":[{\"@type\":\"ListItem\",\"position\":1,\"name\":\"Portada\",\"item\":\"https:\/\/www.aguarda.es\/en\/\"},{\"@type\":\"ListItem\",\"position\":2,\"name\":\"Fenosa informa de posibles cortes por traballos de mellora do 17 ao 20 de xaneiro\"}]},{\"@type\":\"WebSite\",\"@id\":\"https:\/\/www.aguarda.es\/en\/#website\",\"url\":\"https:\/\/www.aguarda.es\/en\/\",\"name\":\"Concello da Guarda\",\"description\":\"P\u00e1xina web do concello da Guarda\",\"potentialAction\":[{\"@type\":\"SearchAction\",\"target\":{\"@type\":\"EntryPoint\",\"urlTemplate\":\"https:\/\/www.aguarda.es\/en\/?s={search_term_string}\"},\"query-input\":\"required name=search_term_string\"}],\"inLanguage\":\"en-US\"},{\"@type\":\"Person\",\"@id\":\"https:\/\/www.aguarda.es\/en\/#\/schema\/person\/c463ca3006858ffb349d11179d044f21\",\"name\":\"prensa\",\"image\":{\"@type\":\"ImageObject\",\"inLanguage\":\"en-US\",\"@id\":\"https:\/\/www.aguarda.es\/en\/#\/schema\/person\/image\/\",\"url\":\"https:\/\/secure.gravatar.com\/avatar\/5f90ef536b0f98306edf5c7a1135ffa1?s=96&d=mm&r=g\",\"contentUrl\":\"https:\/\/secure.gravatar.com\/avatar\/5f90ef536b0f98306edf5c7a1135ffa1?s=96&d=mm&r=g\",\"caption\":\"prensa\"},\"url\":\"https:\/\/www.aguarda.es\/en\/author\/prensa\/\"}]}<\/script>\n<!-- \/ Yoast SEO plugin. -->","yoast_head_json":{"title":"Fenosa informa de posibles cortes por traballos de mellora do 17 ao 20 de xaneiro - Concello da Guarda","description":"Uni\u00f3n Fenosa Distirbuci\u00f3n- Grupo Energy informa de que, como consecuencia de traballos de mantemento e mellora da rede el\u00e9ctrica, poden","robots":{"index":"index","follow":"follow","max-snippet":"max-snippet:-1","max-image-preview":"max-image-preview:large","max-video-preview":"max-video-preview:-1"},"canonical":"https:\/\/www.aguarda.es\/en\/fenosa-informa-de-posibles-cortes-por-traballos-de-mellora-do-17-ao-20-de-xaneiro\/","og_locale":"en_US","og_type":"article","og_title":"Fenosa informa de posibles cortes por traballos de mellora do 17 ao 20 de xaneiro - Concello da Guarda","og_description":"Uni\u00f3n Fenosa Distirbuci\u00f3n- Grupo Energy informa de que, como consecuencia de traballos de mantemento e mellora da rede el\u00e9ctrica, poden","og_url":"https:\/\/www.aguarda.es\/en\/fenosa-informa-de-posibles-cortes-por-traballos-de-mellora-do-17-ao-20-de-xaneiro\/","og_site_name":"Concello da Guarda","article_publisher":"https:\/\/www.facebook.com\/ConcellodaGuarda","article_published_time":"2025-01-16T11:16:10+00:00","og_image":[{"width":1080,"height":1080,"url":"https:\/\/www.aguarda.es\/wp-content\/uploads\/2025\/01\/red-electrica.jpg?_t=1737026171","type":"image\/jpeg"}],"author":"prensa","twitter_card":"summary_large_image","twitter_creator":"@AGuarda_es","twitter_site":"@AGuarda_es","twitter_misc":{"Written by":"prensa","Est. reading time":"1 minute"},"schema":{"@context":"https:\/\/schema.org","@graph":[{"@type":"WebPage","@id":"https:\/\/www.aguarda.es\/en\/fenosa-informa-de-posibles-cortes-por-traballos-de-mellora-do-17-ao-20-de-xaneiro\/","url":"https:\/\/www.aguarda.es\/en\/fenosa-informa-de-posibles-cortes-por-traballos-de-mellora-do-17-ao-20-de-xaneiro\/","name":"Fenosa informa de posibles cortes por traballos de mellora do 17 ao 20 de xaneiro - Concello da Guarda","isPartOf":{"@id":"https:\/\/www.aguarda.es\/en\/#website"},"datePublished":"2025-01-16T11:16:10+00:00","dateModified":"2025-01-16T11:16:10+00:00","author":{"@id":"https:\/\/www.aguarda.es\/en\/#\/schema\/person\/c463ca3006858ffb349d11179d044f21"},"description":"Uni\u00f3n Fenosa Distirbuci\u00f3n- Grupo Energy informa de que, como consecuencia de traballos de mantemento e mellora da rede el\u00e9ctrica, poden","breadcrumb":{"@id":"https:\/\/www.aguarda.es\/en\/fenosa-informa-de-posibles-cortes-por-traballos-de-mellora-do-17-ao-20-de-xaneiro\/#breadcrumb"},"inLanguage":"en-US","potentialAction":[{"@type":"ReadAction","target":["https:\/\/www.aguarda.es\/en\/fenosa-informa-de-posibles-cortes-por-traballos-de-mellora-do-17-ao-20-de-xaneiro\/"]}]},{"@type":"BreadcrumbList","@id":"https:\/\/www.aguarda.es\/en\/fenosa-informa-de-posibles-cortes-por-traballos-de-mellora-do-17-ao-20-de-xaneiro\/#breadcrumb","itemListElement":[{"@type":"ListItem","position":1,"name":"Portada","item":"https:\/\/www.aguarda.es\/en\/"},{"@type":"ListItem","position":2,"name":"Fenosa informa de posibles cortes por traballos de mellora do 17 ao 20 de xaneiro"}]},{"@type":"WebSite","@id":"https:\/\/www.aguarda.es\/en\/#website","url":"https:\/\/www.aguarda.es\/en\/","name":"Concello da Guarda","description":"P\u00e1xina web do concello da Guarda","potentialAction":[{"@type":"SearchAction","target":{"@type":"EntryPoint","urlTemplate":"https:\/\/www.aguarda.es\/en\/?s={search_term_string}"},"query-input":"required name=search_term_string"}],"inLanguage":"en-US"},{"@type":"Person","@id":"https:\/\/www.aguarda.es\/en\/#\/schema\/person\/c463ca3006858ffb349d11179d044f21","name":"prensa","image":{"@type":"ImageObject","inLanguage":"en-US","@id":"https:\/\/www.aguarda.es\/en\/#\/schema\/person\/image\/","url":"https:\/\/secure.gravatar.com\/avatar\/5f90ef536b0f98306edf5c7a1135ffa1?s=96&d=mm&r=g","contentUrl":"https:\/\/secure.gravatar.com\/avatar\/5f90ef536b0f98306edf5c7a1135ffa1?s=96&d=mm&r=g","caption":"prensa"},"url":"https:\/\/www.aguarda.es\/en\/author\/prensa\/"}]}},"_links":{"self":[{"href":"https:\/\/www.aguarda.es\/en\/wp-json\/wp\/v2\/posts\/31659"}],"collection":[{"href":"https:\/\/www.aguarda.es\/en\/wp-json\/wp\/v2\/posts"}],"about":[{"href":"https:\/\/www.aguarda.es\/en\/wp-json\/wp\/v2\/types\/post"}],"author":[{"embeddable":true,"href":"https:\/\/www.aguarda.es\/en\/wp-json\/wp\/v2\/users\/2"}],"replies":[{"embeddable":true,"href":"https:\/\/www.aguarda.es\/en\/wp-json\/wp\/v2\/comments?post=31659"}],"version-history":[{"count":1,"href":"https:\/\/www.aguarda.es\/en\/wp-json\/wp\/v2\/posts\/31659\/revisions"}],"predecessor-version":[{"id":31660,"href":"https:\/\/www.aguarda.es\/en\/wp-json\/wp\/v2\/posts\/31659\/revisions\/31660"}],"wp:featuredmedia":[{"embeddable":true,"href":"https:\/\/www.aguarda.es\/en\/wp-json\/wp\/v2\/media\/31657"}],"wp:attachment":[{"href":"https:\/\/www.aguarda.es\/en\/wp-json\/wp\/v2\/media?parent=31659"}],"wp:term":[{"taxonomy":"category","embeddable":true,"href":"https:\/\/www.aguarda.es\/en\/wp-json\/wp\/v2\/categories?post=31659"},{"taxonomy":"post_tag","embeddable":true,"href":"https:\/\/www.aguarda.es\/en\/wp-json\/wp\/v2\/tags?post=31659"}],"curies":[{"name":"wp","href":"https:\/\/api.w.org\/{rel}","templated":true}]}}