{"id":31804,"date":"2025-02-06T12:31:43","date_gmt":"2025-02-06T12:31:43","guid":{"rendered":"https:\/\/www.aguarda.es\/?p=31804"},"modified":"2025-02-06T12:31:43","modified_gmt":"2025-02-06T12:31:43","slug":"encontro-do-concello-da-guarda-coa-conselleira-de-politica-social-fabiola-garcia","status":"publish","type":"post","link":"https:\/\/www.aguarda.es\/en\/encontro-do-concello-da-guarda-coa-conselleira-de-politica-social-fabiola-garcia\/","title":{"rendered":"Encontro do Concello da Guarda coa Conselleira de Pol\u00edtica Social, Fabiola Garc\u00eda"},"content":{"rendered":"<p>O pasado martes o alcalde da Guarda, Roberto Carrero, o tenente alcalde, \u00d3scar Alonso e a concelleira de Pol\u00edtica Social, Isabel Guisande, reun\u00edronse coa Conselleira de Pol\u00edtica Social e Igualdade, Fabiola Garc\u00eda.<\/p>\n<p>Neste encontro avanz\u00e1ronse sobre diversas cuesti\u00f3ns no eido social, propostas e proxectos que beneficiar\u00e1n a todos os guardeses e guardesas.<\/p>\n<p>Ademais, explic\u00e1ronse as necesidades dos veci\u00f1os e veci\u00f1as para buscar a forma de resolver estas demandas.<\/p>\n","protected":false},"excerpt":{"rendered":"<p>O pasado martes o alcalde da Guarda, Roberto Carrero, o tenente alcalde, \u00d3scar Alonso e a concelleira de Pol\u00edtica Social, Isabel Guisande, reun\u00edronse coa Conselleira de Pol\u00edtica Social e Igualdade, Fabiola Garc\u00eda. Neste encontro avanz\u00e1ronse sobre diversas cuesti\u00f3ns no eido &hellip; <\/p>\n","protected":false},"author":2,"featured_media":31802,"comment_status":"closed","ping_status":"closed","sticky":false,"template":"","format":"standard","meta":[],"categories":[45,363],"tags":[],"yoast_head":"<!-- This site is optimized with the Yoast SEO plugin v21.1 - https:\/\/yoast.com\/wordpress\/plugins\/seo\/ -->\n<title>Encontro do Concello da Guarda coa Conselleira de Pol\u00edtica Social, Fabiola Garc\u00eda - Concello da Guarda<\/title>\n<meta name=\"description\" content=\"O pasado martes o alcalde da Guarda, Roberto Carrero, o tenente alcalde, \u00d3scar Alonso e a concelleira de Pol\u00edtica Social, Isabel Guisande,\" \/>\n<meta name=\"robots\" content=\"index, follow, max-snippet:-1, max-image-preview:large, max-video-preview:-1\" \/>\n<link rel=\"canonical\" href=\"https:\/\/www.aguarda.es\/en\/encontro-do-concello-da-guarda-coa-conselleira-de-politica-social-fabiola-garcia\/\" \/>\n<meta property=\"og:locale\" content=\"en_US\" \/>\n<meta property=\"og:type\" content=\"article\" \/>\n<meta property=\"og:title\" content=\"Encontro do Concello da Guarda coa Conselleira de Pol\u00edtica Social, Fabiola Garc\u00eda - Concello da Guarda\" \/>\n<meta property=\"og:description\" content=\"O pasado martes o alcalde da Guarda, Roberto Carrero, o tenente alcalde, \u00d3scar Alonso e a concelleira de Pol\u00edtica Social, Isabel Guisande,\" \/>\n<meta property=\"og:url\" content=\"https:\/\/www.aguarda.es\/en\/encontro-do-concello-da-guarda-coa-conselleira-de-politica-social-fabiola-garcia\/\" \/>\n<meta property=\"og:site_name\" content=\"Concello da Guarda\" \/>\n<meta property=\"article:publisher\" content=\"https:\/\/www.facebook.com\/ConcellodaGuarda\" \/>\n<meta property=\"article:published_time\" content=\"2025-02-06T12:31:43+00:00\" \/>\n<meta property=\"og:image\" content=\"https:\/\/www.aguarda.es\/wp-content\/uploads\/2025\/02\/reunion-fabiola-scaled.jpeg?_t=1738845103\" \/>\n\t<meta property=\"og:image:width\" content=\"2560\" \/>\n\t<meta property=\"og:image:height\" content=\"1440\" \/>\n\t<meta property=\"og:image:type\" content=\"image\/jpeg\" \/>\n<meta name=\"author\" content=\"prensa\" \/>\n<meta name=\"twitter:card\" content=\"summary_large_image\" \/>\n<meta name=\"twitter:creator\" content=\"@AGuarda_es\" \/>\n<meta name=\"twitter:site\" content=\"@AGuarda_es\" \/>\n<meta name=\"twitter:label1\" content=\"Written by\" \/>\n\t<meta name=\"twitter:data1\" content=\"prensa\" \/>\n\t<meta name=\"twitter:label2\" content=\"Est. reading time\" \/>\n\t<meta name=\"twitter:data2\" content=\"1 minute\" \/>\n<script type=\"application\/ld+json\" class=\"yoast-schema-graph\">{\"@context\":\"https:\/\/schema.org\",\"@graph\":[{\"@type\":\"WebPage\",\"@id\":\"https:\/\/www.aguarda.es\/en\/encontro-do-concello-da-guarda-coa-conselleira-de-politica-social-fabiola-garcia\/\",\"url\":\"https:\/\/www.aguarda.es\/en\/encontro-do-concello-da-guarda-coa-conselleira-de-politica-social-fabiola-garcia\/\",\"name\":\"Encontro do Concello da Guarda coa Conselleira de Pol\u00edtica Social, Fabiola Garc\u00eda - Concello da Guarda\",\"isPartOf\":{\"@id\":\"https:\/\/www.aguarda.es\/en\/#website\"},\"datePublished\":\"2025-02-06T12:31:43+00:00\",\"dateModified\":\"2025-02-06T12:31:43+00:00\",\"author\":{\"@id\":\"https:\/\/www.aguarda.es\/en\/#\/schema\/person\/c463ca3006858ffb349d11179d044f21\"},\"description\":\"O pasado martes o alcalde da Guarda, Roberto Carrero, o tenente alcalde, \u00d3scar Alonso e a concelleira de Pol\u00edtica Social, Isabel Guisande,\",\"breadcrumb\":{\"@id\":\"https:\/\/www.aguarda.es\/en\/encontro-do-concello-da-guarda-coa-conselleira-de-politica-social-fabiola-garcia\/#breadcrumb\"},\"inLanguage\":\"en-US\",\"potentialAction\":[{\"@type\":\"ReadAction\",\"target\":[\"https:\/\/www.aguarda.es\/en\/encontro-do-concello-da-guarda-coa-conselleira-de-politica-social-fabiola-garcia\/\"]}]},{\"@type\":\"BreadcrumbList\",\"@id\":\"https:\/\/www.aguarda.es\/en\/encontro-do-concello-da-guarda-coa-conselleira-de-politica-social-fabiola-garcia\/#breadcrumb\",\"itemListElement\":[{\"@type\":\"ListItem\",\"position\":1,\"name\":\"Portada\",\"item\":\"https:\/\/www.aguarda.es\/en\/\"},{\"@type\":\"ListItem\",\"position\":2,\"name\":\"Encontro do Concello da Guarda coa Conselleira de Pol\u00edtica Social, Fabiola Garc\u00eda\"}]},{\"@type\":\"WebSite\",\"@id\":\"https:\/\/www.aguarda.es\/en\/#website\",\"url\":\"https:\/\/www.aguarda.es\/en\/\",\"name\":\"Concello da Guarda\",\"description\":\"P\u00e1xina web do concello da Guarda\",\"potentialAction\":[{\"@type\":\"SearchAction\",\"target\":{\"@type\":\"EntryPoint\",\"urlTemplate\":\"https:\/\/www.aguarda.es\/en\/?s={search_term_string}\"},\"query-input\":\"required name=search_term_string\"}],\"inLanguage\":\"en-US\"},{\"@type\":\"Person\",\"@id\":\"https:\/\/www.aguarda.es\/en\/#\/schema\/person\/c463ca3006858ffb349d11179d044f21\",\"name\":\"prensa\",\"image\":{\"@type\":\"ImageObject\",\"inLanguage\":\"en-US\",\"@id\":\"https:\/\/www.aguarda.es\/en\/#\/schema\/person\/image\/\",\"url\":\"https:\/\/secure.gravatar.com\/avatar\/5f90ef536b0f98306edf5c7a1135ffa1?s=96&d=mm&r=g\",\"contentUrl\":\"https:\/\/secure.gravatar.com\/avatar\/5f90ef536b0f98306edf5c7a1135ffa1?s=96&d=mm&r=g\",\"caption\":\"prensa\"},\"url\":\"https:\/\/www.aguarda.es\/en\/author\/prensa\/\"}]}<\/script>\n<!-- \/ Yoast SEO plugin. -->","yoast_head_json":{"title":"Encontro do Concello da Guarda coa Conselleira de Pol\u00edtica Social, Fabiola Garc\u00eda - Concello da Guarda","description":"O pasado martes o alcalde da Guarda, Roberto Carrero, o tenente alcalde, \u00d3scar Alonso e a concelleira de Pol\u00edtica Social, Isabel Guisande,","robots":{"index":"index","follow":"follow","max-snippet":"max-snippet:-1","max-image-preview":"max-image-preview:large","max-video-preview":"max-video-preview:-1"},"canonical":"https:\/\/www.aguarda.es\/en\/encontro-do-concello-da-guarda-coa-conselleira-de-politica-social-fabiola-garcia\/","og_locale":"en_US","og_type":"article","og_title":"Encontro do Concello da Guarda coa Conselleira de Pol\u00edtica Social, Fabiola Garc\u00eda - Concello da Guarda","og_description":"O pasado martes o alcalde da Guarda, Roberto Carrero, o tenente alcalde, \u00d3scar Alonso e a concelleira de Pol\u00edtica Social, Isabel Guisande,","og_url":"https:\/\/www.aguarda.es\/en\/encontro-do-concello-da-guarda-coa-conselleira-de-politica-social-fabiola-garcia\/","og_site_name":"Concello da Guarda","article_publisher":"https:\/\/www.facebook.com\/ConcellodaGuarda","article_published_time":"2025-02-06T12:31:43+00:00","og_image":[{"width":2560,"height":1440,"url":"https:\/\/www.aguarda.es\/wp-content\/uploads\/2025\/02\/reunion-fabiola-scaled.jpeg?_t=1738845103","type":"image\/jpeg"}],"author":"prensa","twitter_card":"summary_large_image","twitter_creator":"@AGuarda_es","twitter_site":"@AGuarda_es","twitter_misc":{"Written by":"prensa","Est. reading time":"1 minute"},"schema":{"@context":"https:\/\/schema.org","@graph":[{"@type":"WebPage","@id":"https:\/\/www.aguarda.es\/en\/encontro-do-concello-da-guarda-coa-conselleira-de-politica-social-fabiola-garcia\/","url":"https:\/\/www.aguarda.es\/en\/encontro-do-concello-da-guarda-coa-conselleira-de-politica-social-fabiola-garcia\/","name":"Encontro do Concello da Guarda coa Conselleira de Pol\u00edtica Social, Fabiola Garc\u00eda - Concello da Guarda","isPartOf":{"@id":"https:\/\/www.aguarda.es\/en\/#website"},"datePublished":"2025-02-06T12:31:43+00:00","dateModified":"2025-02-06T12:31:43+00:00","author":{"@id":"https:\/\/www.aguarda.es\/en\/#\/schema\/person\/c463ca3006858ffb349d11179d044f21"},"description":"O pasado martes o alcalde da Guarda, Roberto Carrero, o tenente alcalde, \u00d3scar Alonso e a concelleira de Pol\u00edtica Social, Isabel Guisande,","breadcrumb":{"@id":"https:\/\/www.aguarda.es\/en\/encontro-do-concello-da-guarda-coa-conselleira-de-politica-social-fabiola-garcia\/#breadcrumb"},"inLanguage":"en-US","potentialAction":[{"@type":"ReadAction","target":["https:\/\/www.aguarda.es\/en\/encontro-do-concello-da-guarda-coa-conselleira-de-politica-social-fabiola-garcia\/"]}]},{"@type":"BreadcrumbList","@id":"https:\/\/www.aguarda.es\/en\/encontro-do-concello-da-guarda-coa-conselleira-de-politica-social-fabiola-garcia\/#breadcrumb","itemListElement":[{"@type":"ListItem","position":1,"name":"Portada","item":"https:\/\/www.aguarda.es\/en\/"},{"@type":"ListItem","position":2,"name":"Encontro do Concello da Guarda coa Conselleira de Pol\u00edtica Social, Fabiola Garc\u00eda"}]},{"@type":"WebSite","@id":"https:\/\/www.aguarda.es\/en\/#website","url":"https:\/\/www.aguarda.es\/en\/","name":"Concello da Guarda","description":"P\u00e1xina web do concello da Guarda","potentialAction":[{"@type":"SearchAction","target":{"@type":"EntryPoint","urlTemplate":"https:\/\/www.aguarda.es\/en\/?s={search_term_string}"},"query-input":"required name=search_term_string"}],"inLanguage":"en-US"},{"@type":"Person","@id":"https:\/\/www.aguarda.es\/en\/#\/schema\/person\/c463ca3006858ffb349d11179d044f21","name":"prensa","image":{"@type":"ImageObject","inLanguage":"en-US","@id":"https:\/\/www.aguarda.es\/en\/#\/schema\/person\/image\/","url":"https:\/\/secure.gravatar.com\/avatar\/5f90ef536b0f98306edf5c7a1135ffa1?s=96&d=mm&r=g","contentUrl":"https:\/\/secure.gravatar.com\/avatar\/5f90ef536b0f98306edf5c7a1135ffa1?s=96&d=mm&r=g","caption":"prensa"},"url":"https:\/\/www.aguarda.es\/en\/author\/prensa\/"}]}},"_links":{"self":[{"href":"https:\/\/www.aguarda.es\/en\/wp-json\/wp\/v2\/posts\/31804"}],"collection":[{"href":"https:\/\/www.aguarda.es\/en\/wp-json\/wp\/v2\/posts"}],"about":[{"href":"https:\/\/www.aguarda.es\/en\/wp-json\/wp\/v2\/types\/post"}],"author":[{"embeddable":true,"href":"https:\/\/www.aguarda.es\/en\/wp-json\/wp\/v2\/users\/2"}],"replies":[{"embeddable":true,"href":"https:\/\/www.aguarda.es\/en\/wp-json\/wp\/v2\/comments?post=31804"}],"version-history":[{"count":1,"href":"https:\/\/www.aguarda.es\/en\/wp-json\/wp\/v2\/posts\/31804\/revisions"}],"predecessor-version":[{"id":31805,"href":"https:\/\/www.aguarda.es\/en\/wp-json\/wp\/v2\/posts\/31804\/revisions\/31805"}],"wp:featuredmedia":[{"embeddable":true,"href":"https:\/\/www.aguarda.es\/en\/wp-json\/wp\/v2\/media\/31802"}],"wp:attachment":[{"href":"https:\/\/www.aguarda.es\/en\/wp-json\/wp\/v2\/media?parent=31804"}],"wp:term":[{"taxonomy":"category","embeddable":true,"href":"https:\/\/www.aguarda.es\/en\/wp-json\/wp\/v2\/categories?post=31804"},{"taxonomy":"post_tag","embeddable":true,"href":"https:\/\/www.aguarda.es\/en\/wp-json\/wp\/v2\/tags?post=31804"}],"curies":[{"name":"wp","href":"https:\/\/api.w.org\/{rel}","templated":true}]}}