{"id":31977,"date":"2025-03-06T09:56:05","date_gmt":"2025-03-06T09:56:05","guid":{"rendered":"https:\/\/www.aguarda.es\/?p=31977"},"modified":"2025-03-06T09:56:05","modified_gmt":"2025-03-06T09:56:05","slug":"o-celta-organiza-un-clinic-durante-a-semana-santa-na-guarda","status":"publish","type":"post","link":"https:\/\/www.aguarda.es\/en\/o-celta-organiza-un-clinic-durante-a-semana-santa-na-guarda\/","title":{"rendered":"O Celta organiza un Clinic durante  a Semana Santa na Guarda"},"content":{"rendered":"<p class=\"western\" align=\"left\"><span style=\"color: #000000;\"><span style=\"font-family: Arial, serif;\"><span lang=\"gl-ES\">A Guarda <\/span><\/span><span style=\"font-family: Arial, serif;\"><span style=\"font-size: medium;\"><span lang=\"gl-ES\">acolle<\/span><\/span><\/span><span style=\"font-family: Arial, serif;\"><span lang=\"gl-ES\"> un dos catro Clinics que o <strong>RC Celta<\/strong> organiza f\u00f3ra da Madroa (Vigo), o \u00fanico no Baixo Mi\u00f1o e Val Mi\u00f1or.<\/span><\/span><\/span><\/p>\n<p class=\"western\" align=\"left\"><span style=\"font-family: Arial, serif; color: #000000;\"><span lang=\"gl-ES\">Grazas \u00e1 colaboraci\u00f3n co <strong>Concello da Guarda e o Sporting Guard\u00e9s<\/strong>, o campo de f\u00fatbol da <strong>Sangri\u00f1a<\/strong> desfrutar\u00e1 desta actividade do <strong>luns 14 ao m\u00e9rcores 16 de abril desde as 9:30h \u00e1s 14:00h<\/strong>.<\/span><\/span><\/p>\n<p class=\"western\" align=\"left\"><span style=\"color: #000000;\"><span style=\"font-family: Arial, serif;\"><span lang=\"gl-ES\">A actividade vai dirixida a nenos\/as desde a categor\u00eda de <strong>pre-banxam\u00edn ata infantil<\/strong> e xa se poden apuntar na seguinte direcci\u00f3n: <\/span><\/span><span lang=\"zxx\"><u><a style=\"color: #000000;\" href=\"https:\/\/rccelta.es\/gl\/fundacion\/formacion\/clinics\/\"><span style=\"font-family: Arial, serif;\"><span lang=\"gl-ES\">https:\/\/rccelta.es\/gl\/fundacion\/formacion\/clinics\/<\/span><\/span><\/a><\/u><\/span><span style=\"font-family: Arial, serif;\"><span lang=\"gl-ES\"> .<\/span><\/span><\/span><\/p>\n<p class=\"western\" align=\"left\"><span style=\"color: #000000;\"><span style=\"font-family: Arial, serif;\"><span lang=\"gl-ES\">O prezo da actividade sit\u00faase nos<strong> 82,50\u20ac,<\/strong> mais aquela rapazada federada do <strong>Sporting Guard\u00e9s<\/strong> ou que conta co <strong>Carn\u00e9 Celtista<\/strong> ter\u00e1 un <strong>desconto do 10%<\/strong>. Nesta cota, incl\u00faese merenda e <\/span><\/span><span style=\"font-family: Arial, serif;\"><span style=\"font-size: medium;\"><span lang=\"gl-ES\">a bolsa celtista como<\/span><\/span><\/span><span style=\"font-family: Arial, serif;\"><span lang=\"gl-ES\"> agasallo final.<\/span><\/span><\/span><\/p>\n<p class=\"western\" align=\"left\"><span style=\"color: #000000;\"><span style=\"font-family: Arial, serif;\"><span lang=\"gl-ES\">Estes campamentos queren <\/span><\/span><span style=\"font-family: Arial, serif;\">seguir fortalecendo as habilidades futbol\u00edsticas da rapazada, pero ao mesmo tempo <\/span><span style=\"font-family: Arial, serif;\"><span style=\"font-size: medium;\"><span lang=\"es-ES\">con<\/span><\/span><\/span><span style=\"font-family: Arial, serif;\"> moita diversi\u00f3n e entretemento como debe corresponder \u00e1s \u00e9pocas vacacionais.<\/span><\/span><\/p>\n","protected":false},"excerpt":{"rendered":"<p>A Guarda acolle un dos catro Clinics que o RC Celta organiza f\u00f3ra da Madroa (Vigo), o \u00fanico no Baixo Mi\u00f1o e Val Mi\u00f1or. Grazas \u00e1 colaboraci\u00f3n co Concello da Guarda e o Sporting Guard\u00e9s, o campo de f\u00fatbol da &hellip; <\/p>\n","protected":false},"author":2,"featured_media":31967,"comment_status":"closed","ping_status":"closed","sticky":false,"template":"","format":"standard","meta":[],"categories":[35,363],"tags":[],"yoast_head":"<!-- This site is optimized with the Yoast SEO plugin v21.1 - https:\/\/yoast.com\/wordpress\/plugins\/seo\/ -->\n<title>O Celta organiza un Clinic durante a Semana Santa na Guarda - Concello da Guarda<\/title>\n<meta name=\"description\" content=\"A Guarda acolle un dos catro Clinics que o RC Celta organiza f\u00f3ra da Madroa (Vigo), o \u00fanico no Baixo Mi\u00f1o e Val Mi\u00f1or.Grazas \u00e1 colaboraci\u00f3n co\" \/>\n<meta name=\"robots\" content=\"index, follow, max-snippet:-1, max-image-preview:large, max-video-preview:-1\" \/>\n<link rel=\"canonical\" href=\"https:\/\/www.aguarda.es\/en\/o-celta-organiza-un-clinic-durante-a-semana-santa-na-guarda\/\" \/>\n<meta property=\"og:locale\" content=\"en_US\" \/>\n<meta property=\"og:type\" content=\"article\" \/>\n<meta property=\"og:title\" content=\"O Celta organiza un Clinic durante a Semana Santa na Guarda - Concello da Guarda\" \/>\n<meta property=\"og:description\" content=\"A Guarda acolle un dos catro Clinics que o RC Celta organiza f\u00f3ra da Madroa (Vigo), o \u00fanico no Baixo Mi\u00f1o e Val Mi\u00f1or.Grazas \u00e1 colaboraci\u00f3n co\" \/>\n<meta property=\"og:url\" content=\"https:\/\/www.aguarda.es\/en\/o-celta-organiza-un-clinic-durante-a-semana-santa-na-guarda\/\" \/>\n<meta property=\"og:site_name\" content=\"Concello da Guarda\" \/>\n<meta property=\"article:publisher\" content=\"https:\/\/www.facebook.com\/ConcellodaGuarda\" \/>\n<meta property=\"article:published_time\" content=\"2025-03-06T09:56:05+00:00\" \/>\n<meta property=\"og:image\" content=\"https:\/\/www.aguarda.es\/wp-content\/uploads\/2025\/03\/clinic-semana-santa-Celta-2.jpeg?_t=1741254966\" \/>\n\t<meta property=\"og:image:width\" content=\"800\" \/>\n\t<meta property=\"og:image:height\" content=\"801\" \/>\n\t<meta property=\"og:image:type\" content=\"image\/jpeg\" \/>\n<meta name=\"author\" content=\"prensa\" \/>\n<meta name=\"twitter:card\" content=\"summary_large_image\" \/>\n<meta name=\"twitter:creator\" content=\"@AGuarda_es\" \/>\n<meta name=\"twitter:site\" content=\"@AGuarda_es\" \/>\n<meta name=\"twitter:label1\" content=\"Written by\" \/>\n\t<meta name=\"twitter:data1\" content=\"prensa\" \/>\n\t<meta name=\"twitter:label2\" content=\"Est. reading time\" \/>\n\t<meta name=\"twitter:data2\" content=\"1 minute\" \/>\n<script type=\"application\/ld+json\" class=\"yoast-schema-graph\">{\"@context\":\"https:\/\/schema.org\",\"@graph\":[{\"@type\":\"WebPage\",\"@id\":\"https:\/\/www.aguarda.es\/en\/o-celta-organiza-un-clinic-durante-a-semana-santa-na-guarda\/\",\"url\":\"https:\/\/www.aguarda.es\/en\/o-celta-organiza-un-clinic-durante-a-semana-santa-na-guarda\/\",\"name\":\"O Celta organiza un Clinic durante a Semana Santa na Guarda - Concello da Guarda\",\"isPartOf\":{\"@id\":\"https:\/\/www.aguarda.es\/en\/#website\"},\"datePublished\":\"2025-03-06T09:56:05+00:00\",\"dateModified\":\"2025-03-06T09:56:05+00:00\",\"author\":{\"@id\":\"https:\/\/www.aguarda.es\/en\/#\/schema\/person\/c463ca3006858ffb349d11179d044f21\"},\"description\":\"A Guarda acolle un dos catro Clinics que o RC Celta organiza f\u00f3ra da Madroa (Vigo), o \u00fanico no Baixo Mi\u00f1o e Val Mi\u00f1or.Grazas \u00e1 colaboraci\u00f3n co\",\"breadcrumb\":{\"@id\":\"https:\/\/www.aguarda.es\/en\/o-celta-organiza-un-clinic-durante-a-semana-santa-na-guarda\/#breadcrumb\"},\"inLanguage\":\"en-US\",\"potentialAction\":[{\"@type\":\"ReadAction\",\"target\":[\"https:\/\/www.aguarda.es\/en\/o-celta-organiza-un-clinic-durante-a-semana-santa-na-guarda\/\"]}]},{\"@type\":\"BreadcrumbList\",\"@id\":\"https:\/\/www.aguarda.es\/en\/o-celta-organiza-un-clinic-durante-a-semana-santa-na-guarda\/#breadcrumb\",\"itemListElement\":[{\"@type\":\"ListItem\",\"position\":1,\"name\":\"Portada\",\"item\":\"https:\/\/www.aguarda.es\/en\/\"},{\"@type\":\"ListItem\",\"position\":2,\"name\":\"O Celta organiza un Clinic durante a Semana Santa na Guarda\"}]},{\"@type\":\"WebSite\",\"@id\":\"https:\/\/www.aguarda.es\/en\/#website\",\"url\":\"https:\/\/www.aguarda.es\/en\/\",\"name\":\"Concello da Guarda\",\"description\":\"P\u00e1xina web do concello da Guarda\",\"potentialAction\":[{\"@type\":\"SearchAction\",\"target\":{\"@type\":\"EntryPoint\",\"urlTemplate\":\"https:\/\/www.aguarda.es\/en\/?s={search_term_string}\"},\"query-input\":\"required name=search_term_string\"}],\"inLanguage\":\"en-US\"},{\"@type\":\"Person\",\"@id\":\"https:\/\/www.aguarda.es\/en\/#\/schema\/person\/c463ca3006858ffb349d11179d044f21\",\"name\":\"prensa\",\"image\":{\"@type\":\"ImageObject\",\"inLanguage\":\"en-US\",\"@id\":\"https:\/\/www.aguarda.es\/en\/#\/schema\/person\/image\/\",\"url\":\"https:\/\/secure.gravatar.com\/avatar\/5f90ef536b0f98306edf5c7a1135ffa1?s=96&d=mm&r=g\",\"contentUrl\":\"https:\/\/secure.gravatar.com\/avatar\/5f90ef536b0f98306edf5c7a1135ffa1?s=96&d=mm&r=g\",\"caption\":\"prensa\"},\"url\":\"https:\/\/www.aguarda.es\/en\/author\/prensa\/\"}]}<\/script>\n<!-- \/ Yoast SEO plugin. -->","yoast_head_json":{"title":"O Celta organiza un Clinic durante a Semana Santa na Guarda - Concello da Guarda","description":"A Guarda acolle un dos catro Clinics que o RC Celta organiza f\u00f3ra da Madroa (Vigo), o \u00fanico no Baixo Mi\u00f1o e Val Mi\u00f1or.Grazas \u00e1 colaboraci\u00f3n co","robots":{"index":"index","follow":"follow","max-snippet":"max-snippet:-1","max-image-preview":"max-image-preview:large","max-video-preview":"max-video-preview:-1"},"canonical":"https:\/\/www.aguarda.es\/en\/o-celta-organiza-un-clinic-durante-a-semana-santa-na-guarda\/","og_locale":"en_US","og_type":"article","og_title":"O Celta organiza un Clinic durante a Semana Santa na Guarda - Concello da Guarda","og_description":"A Guarda acolle un dos catro Clinics que o RC Celta organiza f\u00f3ra da Madroa (Vigo), o \u00fanico no Baixo Mi\u00f1o e Val Mi\u00f1or.Grazas \u00e1 colaboraci\u00f3n co","og_url":"https:\/\/www.aguarda.es\/en\/o-celta-organiza-un-clinic-durante-a-semana-santa-na-guarda\/","og_site_name":"Concello da Guarda","article_publisher":"https:\/\/www.facebook.com\/ConcellodaGuarda","article_published_time":"2025-03-06T09:56:05+00:00","og_image":[{"width":800,"height":801,"url":"https:\/\/www.aguarda.es\/wp-content\/uploads\/2025\/03\/clinic-semana-santa-Celta-2.jpeg?_t=1741254966","type":"image\/jpeg"}],"author":"prensa","twitter_card":"summary_large_image","twitter_creator":"@AGuarda_es","twitter_site":"@AGuarda_es","twitter_misc":{"Written by":"prensa","Est. reading time":"1 minute"},"schema":{"@context":"https:\/\/schema.org","@graph":[{"@type":"WebPage","@id":"https:\/\/www.aguarda.es\/en\/o-celta-organiza-un-clinic-durante-a-semana-santa-na-guarda\/","url":"https:\/\/www.aguarda.es\/en\/o-celta-organiza-un-clinic-durante-a-semana-santa-na-guarda\/","name":"O Celta organiza un Clinic durante a Semana Santa na Guarda - Concello da Guarda","isPartOf":{"@id":"https:\/\/www.aguarda.es\/en\/#website"},"datePublished":"2025-03-06T09:56:05+00:00","dateModified":"2025-03-06T09:56:05+00:00","author":{"@id":"https:\/\/www.aguarda.es\/en\/#\/schema\/person\/c463ca3006858ffb349d11179d044f21"},"description":"A Guarda acolle un dos catro Clinics que o RC Celta organiza f\u00f3ra da Madroa (Vigo), o \u00fanico no Baixo Mi\u00f1o e Val Mi\u00f1or.Grazas \u00e1 colaboraci\u00f3n co","breadcrumb":{"@id":"https:\/\/www.aguarda.es\/en\/o-celta-organiza-un-clinic-durante-a-semana-santa-na-guarda\/#breadcrumb"},"inLanguage":"en-US","potentialAction":[{"@type":"ReadAction","target":["https:\/\/www.aguarda.es\/en\/o-celta-organiza-un-clinic-durante-a-semana-santa-na-guarda\/"]}]},{"@type":"BreadcrumbList","@id":"https:\/\/www.aguarda.es\/en\/o-celta-organiza-un-clinic-durante-a-semana-santa-na-guarda\/#breadcrumb","itemListElement":[{"@type":"ListItem","position":1,"name":"Portada","item":"https:\/\/www.aguarda.es\/en\/"},{"@type":"ListItem","position":2,"name":"O Celta organiza un Clinic durante a Semana Santa na Guarda"}]},{"@type":"WebSite","@id":"https:\/\/www.aguarda.es\/en\/#website","url":"https:\/\/www.aguarda.es\/en\/","name":"Concello da Guarda","description":"P\u00e1xina web do concello da Guarda","potentialAction":[{"@type":"SearchAction","target":{"@type":"EntryPoint","urlTemplate":"https:\/\/www.aguarda.es\/en\/?s={search_term_string}"},"query-input":"required name=search_term_string"}],"inLanguage":"en-US"},{"@type":"Person","@id":"https:\/\/www.aguarda.es\/en\/#\/schema\/person\/c463ca3006858ffb349d11179d044f21","name":"prensa","image":{"@type":"ImageObject","inLanguage":"en-US","@id":"https:\/\/www.aguarda.es\/en\/#\/schema\/person\/image\/","url":"https:\/\/secure.gravatar.com\/avatar\/5f90ef536b0f98306edf5c7a1135ffa1?s=96&d=mm&r=g","contentUrl":"https:\/\/secure.gravatar.com\/avatar\/5f90ef536b0f98306edf5c7a1135ffa1?s=96&d=mm&r=g","caption":"prensa"},"url":"https:\/\/www.aguarda.es\/en\/author\/prensa\/"}]}},"_links":{"self":[{"href":"https:\/\/www.aguarda.es\/en\/wp-json\/wp\/v2\/posts\/31977"}],"collection":[{"href":"https:\/\/www.aguarda.es\/en\/wp-json\/wp\/v2\/posts"}],"about":[{"href":"https:\/\/www.aguarda.es\/en\/wp-json\/wp\/v2\/types\/post"}],"author":[{"embeddable":true,"href":"https:\/\/www.aguarda.es\/en\/wp-json\/wp\/v2\/users\/2"}],"replies":[{"embeddable":true,"href":"https:\/\/www.aguarda.es\/en\/wp-json\/wp\/v2\/comments?post=31977"}],"version-history":[{"count":1,"href":"https:\/\/www.aguarda.es\/en\/wp-json\/wp\/v2\/posts\/31977\/revisions"}],"predecessor-version":[{"id":31978,"href":"https:\/\/www.aguarda.es\/en\/wp-json\/wp\/v2\/posts\/31977\/revisions\/31978"}],"wp:featuredmedia":[{"embeddable":true,"href":"https:\/\/www.aguarda.es\/en\/wp-json\/wp\/v2\/media\/31967"}],"wp:attachment":[{"href":"https:\/\/www.aguarda.es\/en\/wp-json\/wp\/v2\/media?parent=31977"}],"wp:term":[{"taxonomy":"category","embeddable":true,"href":"https:\/\/www.aguarda.es\/en\/wp-json\/wp\/v2\/categories?post=31977"},{"taxonomy":"post_tag","embeddable":true,"href":"https:\/\/www.aguarda.es\/en\/wp-json\/wp\/v2\/tags?post=31977"}],"curies":[{"name":"wp","href":"https:\/\/api.w.org\/{rel}","templated":true}]}}