{"id":32053,"date":"2025-03-12T10:46:27","date_gmt":"2025-03-12T10:46:27","guid":{"rendered":"https:\/\/www.aguarda.es\/?p=32053"},"modified":"2025-03-12T10:46:27","modified_gmt":"2025-03-12T10:46:27","slug":"o-concello-da-guarda-e-o-grupo-de-gaitas-da-3a-idade-participaran-no-desfile-de-san-patricio-de-madrid","status":"publish","type":"post","link":"https:\/\/www.aguarda.es\/en\/o-concello-da-guarda-e-o-grupo-de-gaitas-da-3a-idade-participaran-no-desfile-de-san-patricio-de-madrid\/","title":{"rendered":"O Concello da Guarda e o grupo de gaitas da 3\u00aa idade participar\u00e1n no Desfile de San Patricio de Madrid"},"content":{"rendered":"<p class=\"western\" align=\"left\"><span style=\"font-family: Arial, serif; color: #000000;\"><span lang=\"gl-ES\">A Guarda contar\u00e1 con representaci\u00f3n no <strong>gran Desfile de San Patricio de Madrid 2025<\/strong>. O <strong>Grupo de Gaitas de Pensionistas e da 3\u00aa idade da Guarda<\/strong> participar\u00e1 nesta terceira edici\u00f3n do desfile que percorre a Gran V\u00eda madrile\u00f1a.<\/span><\/span><\/p>\n<p class=\"western\" align=\"left\"><span style=\"font-family: Arial, serif; color: #000000;\"><span lang=\"gl-ES\">Un total de <strong>37 membros do grupo<\/strong>, con idades comprendidas entre os 59 e os 86 anos, desprazaranse a Madrid a pr\u00f3xima fin de semana. Mar\u00eda \u00c1ngela, unha das pandereteiras, describe este evento como<strong> &#8220;un orgullo<\/strong>, xa que A Guarda non queda s\u00f3 en pasarr\u00faas locais, sen\u00f3n que imos a un evento estupendo\u201d.<\/span><\/span><\/p>\n<p class=\"western\" align=\"left\"><span style=\"color: #000000;\"><span style=\"font-family: Arial, serif;\"><span lang=\"gl-ES\">O Concello da Guarda colabora co grupo de gaitas para poder aproveitar esta oportunidade. <\/span><\/span><span style=\"font-family: Arial, serif;\"><span style=\"font-size: medium;\"><span lang=\"gl-ES\">Ademais<\/span><\/span><\/span><span style=\"font-family: Arial, serif;\"><span lang=\"gl-ES\">, o alcalde, Roberto Carrero, e os concelleiros, \u00d3scar Alonso e Isabel Guisande, acudiron a un dos seus \u00faltimos ensaios para transmitirlle o seu apoio e co\u00f1ecer m\u00e1is detalles sobre esta importante actuaci\u00f3n.<\/span><\/span><\/span><\/p>\n<p class=\"western\" align=\"left\"><span style=\"color: #000000;\"><span style=\"font-family: Arial, serif;\"><span lang=\"gl-ES\">O seu profesor, Edu Rodr\u00edguez, reco\u00f1ece o <\/span><\/span><span style=\"font-family: Arial, serif;\"><span style=\"font-size: medium;\"><span lang=\"gl-ES\">traballo<\/span><\/span><\/span><span style=\"font-family: Arial, serif;\"><span lang=\"gl-ES\"> destes m\u00fasicos: \u201cxa lles levo dicindo hai moito tempo que \u00e9 <strong>un m\u00e9rito enorme<\/strong> o que fan, o traballo que fan; \u00e1 s\u00faa idade \u00e9 moito m\u00e1is complicado, pero como te\u00f1en moitas ganas, <\/span><\/span><span style=\"font-family: Arial, serif;\"><span style=\"font-size: medium;\"><span lang=\"gl-ES\">g\u00fastalles<\/span><\/span><\/span><span style=\"font-family: Arial, serif;\"><span lang=\"gl-ES\"> moito e imos a desfrutar, por iso imos al\u00e1\u201d.<\/span><\/span><\/span><\/p>\n<p class=\"western\" align=\"left\"><span style=\"font-family: Arial, serif; color: #000000;\"><span lang=\"gl-ES\">Como indicaba Margarita, outra das pandereterias, \u201cn\u00f3s vimos a ensaiar, cada un cando pode, pero vimos con ilusi\u00f3n e estamos moi agradecidos de poder ir a Madrid\u201d.<\/span><\/span><\/p>\n<p class=\"western\" align=\"left\"><span style=\"font-family: Arial, serif; color: #000000;\"><span lang=\"gl-ES\">O desfile dar\u00e1 <strong>comezo \u00e1s 17:00h o pr\u00f3ximo s\u00e1bado 15 de marzo na Gran V\u00eda de Madrid<\/strong>, e ser\u00e1 o m\u00e1is multitudinario dos celebrados anteriormente, con 40 bandas conformadas por m\u00e1is de <strong>1000 persoas e uns 600 gaiteiros<\/strong>.<\/span><\/span><\/p>\n<p align=\"left\"><img decoding=\"async\" loading=\"lazy\" class=\"aligncenter  wp-image-32051\" src=\"https:\/\/www.aguarda.es\/wp-content\/uploads\/2025\/03\/grupo-gaitas-3a-idade-A-Guarda-2.jpeg\" alt=\"\" width=\"689\" height=\"517\" srcset=\"https:\/\/www.aguarda.es\/wp-content\/uploads\/2025\/03\/grupo-gaitas-3a-idade-A-Guarda-2.jpeg 1438w, https:\/\/www.aguarda.es\/wp-content\/uploads\/2025\/03\/grupo-gaitas-3a-idade-A-Guarda-2-300x225.jpeg 300w, https:\/\/www.aguarda.es\/wp-content\/uploads\/2025\/03\/grupo-gaitas-3a-idade-A-Guarda-2-1024x768.jpeg 1024w, https:\/\/www.aguarda.es\/wp-content\/uploads\/2025\/03\/grupo-gaitas-3a-idade-A-Guarda-2-768x576.jpeg 768w\" sizes=\"(max-width: 689px) 100vw, 689px\" \/><\/p>\n","protected":false},"excerpt":{"rendered":"<p>A Guarda contar\u00e1 con representaci\u00f3n no gran Desfile de San Patricio de Madrid 2025. O Grupo de Gaitas de Pensionistas e da 3\u00aa idade da Guarda participar\u00e1 nesta terceira edici\u00f3n do desfile que percorre a Gran V\u00eda madrile\u00f1a. Un total &hellip; <\/p>\n","protected":false},"author":2,"featured_media":32051,"comment_status":"closed","ping_status":"closed","sticky":false,"template":"","format":"standard","meta":[],"categories":[34,363],"tags":[],"yoast_head":"<!-- This site is optimized with the Yoast SEO plugin v21.1 - https:\/\/yoast.com\/wordpress\/plugins\/seo\/ -->\n<title>O Concello da Guarda e o grupo de gaitas da 3\u00aa idade participar\u00e1n no Desfile de San Patricio de Madrid - Concello da Guarda<\/title>\n<meta name=\"description\" content=\"A Guarda contar\u00e1 con representaci\u00f3n no gran Desfile de San Patricio de Madrid 2025. O Grupo de Gaitas de Pensionistas e da 3\u00aa idade da Guarda\" \/>\n<meta name=\"robots\" content=\"index, follow, max-snippet:-1, max-image-preview:large, max-video-preview:-1\" \/>\n<link rel=\"canonical\" href=\"https:\/\/www.aguarda.es\/en\/o-concello-da-guarda-e-o-grupo-de-gaitas-da-3a-idade-participaran-no-desfile-de-san-patricio-de-madrid\/\" \/>\n<meta property=\"og:locale\" content=\"en_US\" \/>\n<meta property=\"og:type\" content=\"article\" \/>\n<meta property=\"og:title\" content=\"O Concello da Guarda e o grupo de gaitas da 3\u00aa idade participar\u00e1n no Desfile de San Patricio de Madrid - Concello da Guarda\" \/>\n<meta property=\"og:description\" content=\"A Guarda contar\u00e1 con representaci\u00f3n no gran Desfile de San Patricio de Madrid 2025. O Grupo de Gaitas de Pensionistas e da 3\u00aa idade da Guarda\" \/>\n<meta property=\"og:url\" content=\"https:\/\/www.aguarda.es\/en\/o-concello-da-guarda-e-o-grupo-de-gaitas-da-3a-idade-participaran-no-desfile-de-san-patricio-de-madrid\/\" \/>\n<meta property=\"og:site_name\" content=\"Concello da Guarda\" \/>\n<meta property=\"article:publisher\" content=\"https:\/\/www.facebook.com\/ConcellodaGuarda\" \/>\n<meta property=\"article:published_time\" content=\"2025-03-12T10:46:27+00:00\" \/>\n<meta property=\"og:image\" content=\"https:\/\/www.aguarda.es\/wp-content\/uploads\/2025\/03\/grupo-gaitas-3a-idade-A-Guarda-2.jpeg?_t=1741776387\" \/>\n\t<meta property=\"og:image:width\" content=\"1438\" \/>\n\t<meta property=\"og:image:height\" content=\"1079\" \/>\n\t<meta property=\"og:image:type\" content=\"image\/jpeg\" \/>\n<meta name=\"author\" content=\"prensa\" \/>\n<meta name=\"twitter:card\" content=\"summary_large_image\" \/>\n<meta name=\"twitter:creator\" content=\"@AGuarda_es\" \/>\n<meta name=\"twitter:site\" content=\"@AGuarda_es\" \/>\n<meta name=\"twitter:label1\" content=\"Written by\" \/>\n\t<meta name=\"twitter:data1\" content=\"prensa\" \/>\n\t<meta name=\"twitter:label2\" content=\"Est. reading time\" \/>\n\t<meta name=\"twitter:data2\" content=\"2 minutes\" \/>\n<script type=\"application\/ld+json\" class=\"yoast-schema-graph\">{\"@context\":\"https:\/\/schema.org\",\"@graph\":[{\"@type\":\"WebPage\",\"@id\":\"https:\/\/www.aguarda.es\/en\/o-concello-da-guarda-e-o-grupo-de-gaitas-da-3a-idade-participaran-no-desfile-de-san-patricio-de-madrid\/\",\"url\":\"https:\/\/www.aguarda.es\/en\/o-concello-da-guarda-e-o-grupo-de-gaitas-da-3a-idade-participaran-no-desfile-de-san-patricio-de-madrid\/\",\"name\":\"O Concello da Guarda e o grupo de gaitas da 3\u00aa idade participar\u00e1n no Desfile de San Patricio de Madrid - Concello da Guarda\",\"isPartOf\":{\"@id\":\"https:\/\/www.aguarda.es\/en\/#website\"},\"datePublished\":\"2025-03-12T10:46:27+00:00\",\"dateModified\":\"2025-03-12T10:46:27+00:00\",\"author\":{\"@id\":\"https:\/\/www.aguarda.es\/en\/#\/schema\/person\/c463ca3006858ffb349d11179d044f21\"},\"description\":\"A Guarda contar\u00e1 con representaci\u00f3n no gran Desfile de San Patricio de Madrid 2025. O Grupo de Gaitas de Pensionistas e da 3\u00aa idade da Guarda\",\"breadcrumb\":{\"@id\":\"https:\/\/www.aguarda.es\/en\/o-concello-da-guarda-e-o-grupo-de-gaitas-da-3a-idade-participaran-no-desfile-de-san-patricio-de-madrid\/#breadcrumb\"},\"inLanguage\":\"en-US\",\"potentialAction\":[{\"@type\":\"ReadAction\",\"target\":[\"https:\/\/www.aguarda.es\/en\/o-concello-da-guarda-e-o-grupo-de-gaitas-da-3a-idade-participaran-no-desfile-de-san-patricio-de-madrid\/\"]}]},{\"@type\":\"BreadcrumbList\",\"@id\":\"https:\/\/www.aguarda.es\/en\/o-concello-da-guarda-e-o-grupo-de-gaitas-da-3a-idade-participaran-no-desfile-de-san-patricio-de-madrid\/#breadcrumb\",\"itemListElement\":[{\"@type\":\"ListItem\",\"position\":1,\"name\":\"Portada\",\"item\":\"https:\/\/www.aguarda.es\/en\/\"},{\"@type\":\"ListItem\",\"position\":2,\"name\":\"O Concello da Guarda e o grupo de gaitas da 3\u00aa idade participar\u00e1n no Desfile de San Patricio de Madrid\"}]},{\"@type\":\"WebSite\",\"@id\":\"https:\/\/www.aguarda.es\/en\/#website\",\"url\":\"https:\/\/www.aguarda.es\/en\/\",\"name\":\"Concello da Guarda\",\"description\":\"P\u00e1xina web do concello da Guarda\",\"potentialAction\":[{\"@type\":\"SearchAction\",\"target\":{\"@type\":\"EntryPoint\",\"urlTemplate\":\"https:\/\/www.aguarda.es\/en\/?s={search_term_string}\"},\"query-input\":\"required name=search_term_string\"}],\"inLanguage\":\"en-US\"},{\"@type\":\"Person\",\"@id\":\"https:\/\/www.aguarda.es\/en\/#\/schema\/person\/c463ca3006858ffb349d11179d044f21\",\"name\":\"prensa\",\"image\":{\"@type\":\"ImageObject\",\"inLanguage\":\"en-US\",\"@id\":\"https:\/\/www.aguarda.es\/en\/#\/schema\/person\/image\/\",\"url\":\"https:\/\/secure.gravatar.com\/avatar\/5f90ef536b0f98306edf5c7a1135ffa1?s=96&d=mm&r=g\",\"contentUrl\":\"https:\/\/secure.gravatar.com\/avatar\/5f90ef536b0f98306edf5c7a1135ffa1?s=96&d=mm&r=g\",\"caption\":\"prensa\"},\"url\":\"https:\/\/www.aguarda.es\/en\/author\/prensa\/\"}]}<\/script>\n<!-- \/ Yoast SEO plugin. -->","yoast_head_json":{"title":"O Concello da Guarda e o grupo de gaitas da 3\u00aa idade participar\u00e1n no Desfile de San Patricio de Madrid - Concello da Guarda","description":"A Guarda contar\u00e1 con representaci\u00f3n no gran Desfile de San Patricio de Madrid 2025. O Grupo de Gaitas de Pensionistas e da 3\u00aa idade da Guarda","robots":{"index":"index","follow":"follow","max-snippet":"max-snippet:-1","max-image-preview":"max-image-preview:large","max-video-preview":"max-video-preview:-1"},"canonical":"https:\/\/www.aguarda.es\/en\/o-concello-da-guarda-e-o-grupo-de-gaitas-da-3a-idade-participaran-no-desfile-de-san-patricio-de-madrid\/","og_locale":"en_US","og_type":"article","og_title":"O Concello da Guarda e o grupo de gaitas da 3\u00aa idade participar\u00e1n no Desfile de San Patricio de Madrid - Concello da Guarda","og_description":"A Guarda contar\u00e1 con representaci\u00f3n no gran Desfile de San Patricio de Madrid 2025. O Grupo de Gaitas de Pensionistas e da 3\u00aa idade da Guarda","og_url":"https:\/\/www.aguarda.es\/en\/o-concello-da-guarda-e-o-grupo-de-gaitas-da-3a-idade-participaran-no-desfile-de-san-patricio-de-madrid\/","og_site_name":"Concello da Guarda","article_publisher":"https:\/\/www.facebook.com\/ConcellodaGuarda","article_published_time":"2025-03-12T10:46:27+00:00","og_image":[{"width":1438,"height":1079,"url":"https:\/\/www.aguarda.es\/wp-content\/uploads\/2025\/03\/grupo-gaitas-3a-idade-A-Guarda-2.jpeg?_t=1741776387","type":"image\/jpeg"}],"author":"prensa","twitter_card":"summary_large_image","twitter_creator":"@AGuarda_es","twitter_site":"@AGuarda_es","twitter_misc":{"Written by":"prensa","Est. reading time":"2 minutes"},"schema":{"@context":"https:\/\/schema.org","@graph":[{"@type":"WebPage","@id":"https:\/\/www.aguarda.es\/en\/o-concello-da-guarda-e-o-grupo-de-gaitas-da-3a-idade-participaran-no-desfile-de-san-patricio-de-madrid\/","url":"https:\/\/www.aguarda.es\/en\/o-concello-da-guarda-e-o-grupo-de-gaitas-da-3a-idade-participaran-no-desfile-de-san-patricio-de-madrid\/","name":"O Concello da Guarda e o grupo de gaitas da 3\u00aa idade participar\u00e1n no Desfile de San Patricio de Madrid - Concello da Guarda","isPartOf":{"@id":"https:\/\/www.aguarda.es\/en\/#website"},"datePublished":"2025-03-12T10:46:27+00:00","dateModified":"2025-03-12T10:46:27+00:00","author":{"@id":"https:\/\/www.aguarda.es\/en\/#\/schema\/person\/c463ca3006858ffb349d11179d044f21"},"description":"A Guarda contar\u00e1 con representaci\u00f3n no gran Desfile de San Patricio de Madrid 2025. O Grupo de Gaitas de Pensionistas e da 3\u00aa idade da Guarda","breadcrumb":{"@id":"https:\/\/www.aguarda.es\/en\/o-concello-da-guarda-e-o-grupo-de-gaitas-da-3a-idade-participaran-no-desfile-de-san-patricio-de-madrid\/#breadcrumb"},"inLanguage":"en-US","potentialAction":[{"@type":"ReadAction","target":["https:\/\/www.aguarda.es\/en\/o-concello-da-guarda-e-o-grupo-de-gaitas-da-3a-idade-participaran-no-desfile-de-san-patricio-de-madrid\/"]}]},{"@type":"BreadcrumbList","@id":"https:\/\/www.aguarda.es\/en\/o-concello-da-guarda-e-o-grupo-de-gaitas-da-3a-idade-participaran-no-desfile-de-san-patricio-de-madrid\/#breadcrumb","itemListElement":[{"@type":"ListItem","position":1,"name":"Portada","item":"https:\/\/www.aguarda.es\/en\/"},{"@type":"ListItem","position":2,"name":"O Concello da Guarda e o grupo de gaitas da 3\u00aa idade participar\u00e1n no Desfile de San Patricio de Madrid"}]},{"@type":"WebSite","@id":"https:\/\/www.aguarda.es\/en\/#website","url":"https:\/\/www.aguarda.es\/en\/","name":"Concello da Guarda","description":"P\u00e1xina web do concello da Guarda","potentialAction":[{"@type":"SearchAction","target":{"@type":"EntryPoint","urlTemplate":"https:\/\/www.aguarda.es\/en\/?s={search_term_string}"},"query-input":"required name=search_term_string"}],"inLanguage":"en-US"},{"@type":"Person","@id":"https:\/\/www.aguarda.es\/en\/#\/schema\/person\/c463ca3006858ffb349d11179d044f21","name":"prensa","image":{"@type":"ImageObject","inLanguage":"en-US","@id":"https:\/\/www.aguarda.es\/en\/#\/schema\/person\/image\/","url":"https:\/\/secure.gravatar.com\/avatar\/5f90ef536b0f98306edf5c7a1135ffa1?s=96&d=mm&r=g","contentUrl":"https:\/\/secure.gravatar.com\/avatar\/5f90ef536b0f98306edf5c7a1135ffa1?s=96&d=mm&r=g","caption":"prensa"},"url":"https:\/\/www.aguarda.es\/en\/author\/prensa\/"}]}},"_links":{"self":[{"href":"https:\/\/www.aguarda.es\/en\/wp-json\/wp\/v2\/posts\/32053"}],"collection":[{"href":"https:\/\/www.aguarda.es\/en\/wp-json\/wp\/v2\/posts"}],"about":[{"href":"https:\/\/www.aguarda.es\/en\/wp-json\/wp\/v2\/types\/post"}],"author":[{"embeddable":true,"href":"https:\/\/www.aguarda.es\/en\/wp-json\/wp\/v2\/users\/2"}],"replies":[{"embeddable":true,"href":"https:\/\/www.aguarda.es\/en\/wp-json\/wp\/v2\/comments?post=32053"}],"version-history":[{"count":1,"href":"https:\/\/www.aguarda.es\/en\/wp-json\/wp\/v2\/posts\/32053\/revisions"}],"predecessor-version":[{"id":32054,"href":"https:\/\/www.aguarda.es\/en\/wp-json\/wp\/v2\/posts\/32053\/revisions\/32054"}],"wp:featuredmedia":[{"embeddable":true,"href":"https:\/\/www.aguarda.es\/en\/wp-json\/wp\/v2\/media\/32051"}],"wp:attachment":[{"href":"https:\/\/www.aguarda.es\/en\/wp-json\/wp\/v2\/media?parent=32053"}],"wp:term":[{"taxonomy":"category","embeddable":true,"href":"https:\/\/www.aguarda.es\/en\/wp-json\/wp\/v2\/categories?post=32053"},{"taxonomy":"post_tag","embeddable":true,"href":"https:\/\/www.aguarda.es\/en\/wp-json\/wp\/v2\/tags?post=32053"}],"curies":[{"name":"wp","href":"https:\/\/api.w.org\/{rel}","templated":true}]}}