{"id":32057,"date":"2025-03-12T12:30:56","date_gmt":"2025-03-12T12:30:56","guid":{"rendered":"https:\/\/www.aguarda.es\/?p=32057"},"modified":"2025-03-12T12:30:56","modified_gmt":"2025-03-12T12:30:56","slug":"a-guarda-celebra-o-seu-desfile-de-entroido-este-venres","status":"publish","type":"post","link":"https:\/\/www.aguarda.es\/en\/a-guarda-celebra-o-seu-desfile-de-entroido-este-venres\/","title":{"rendered":"A Guarda celebra o seu desfile de Entroido este venres"},"content":{"rendered":"<p class=\"western\" align=\"left\"><span style=\"font-family: Arial, serif; color: #000000;\"><span lang=\"gl-ES\">Este venres 14 de marzo, o <strong>Desfile de Entroido<\/strong> percorrer\u00e1 as r\u00faas da Guarda.<\/span><\/span><\/p>\n<p class=\"western\" align=\"left\"><span style=\"color: #000000;\"><span style=\"font-family: Arial, serif;\"><span style=\"font-size: medium;\"><span lang=\"gl-ES\">Unha semana despois do previsto <\/span><\/span><\/span><span style=\"font-family: Arial, serif;\"><span style=\"font-size: medium;\"><span lang=\"gl-ES\">(debido \u00e1 chuvia)<\/span><\/span><\/span><span style=\"font-family: Arial, serif;\"><span style=\"font-size: medium;\"><span lang=\"gl-ES\">, A Guarda desfrutar\u00e1 do Desfile de Entroido, que partir\u00e1 da <strong>Esquina Famosa \u00e1s 20:30h ata chegar \u00e1 Alameda.<\/strong><\/span><\/span><\/span><\/span><\/p>\n<p class=\"western\" align=\"left\"><span style=\"color: #000000;\"><span style=\"font-family: Arial, serif;\"><span style=\"font-size: medium;\"><span lang=\"gl-ES\">M\u00e1is de<strong> 650 persoas<\/strong> participar\u00e1n no desfile a Asociaci\u00f3n Cultural Xida, a Asociaci\u00f3n Pol\u00edticamente Incorrectos, o Centro Social Fuscalho <\/span><\/span><\/span><span style=\"font-family: Arial, serif;\"><span style=\"font-size: medium;\"><span lang=\"gl-ES\">e <\/span><\/span><\/span><span style=\"font-family: Arial, serif;\"><span style=\"font-size: medium;\"><span lang=\"gl-ES\">dous grupos: un co tema \u201cCircus show\u201d <\/span><\/span><\/span><span style=\"font-family: Arial, serif;\"><span style=\"font-size: medium;\"><span lang=\"gl-ES\">e outro coa tem\u00e1tica \u201cCastelao visita as escolas de Fornelos\u201d.<\/span><\/span><\/span><\/span><\/p>\n<p class=\"western\" align=\"left\"><span style=\"color: #000000;\"><span style=\"font-family: Arial, serif;\"><span style=\"font-size: medium;\"><span lang=\"gl-ES\">Tam\u00e9n traer\u00e1n carrozas e disfraces o<\/span><\/span><\/span><span style=\"font-family: Arial, serif;\"><span style=\"font-size: medium;\"><span lang=\"gl-ES\"> Centro Veci\u00f1al e Cultural de Valladares, a Asociaci\u00f3n de Veci\u00f1os de Beade, a Asociaci\u00f3n Cultrual Pontellas, <\/span><\/span><\/span><span style=\"font-family: Arial, serif;\"><span style=\"font-size: medium;\"><span lang=\"gl-ES\">a escola de danza<\/span><\/span><\/span><span style=\"font-family: Arial, serif;\"><span style=\"font-size: medium;\"><span lang=\"gl-ES\"> Ldanzia de Gondomar, a Asociaci\u00f3n Carnavales de Ma\u00f1ufe, a comparsa Cikl\u00f3n e a comparsa Talism\u00e1n.<\/span><\/span><\/span><\/span><\/p>\n<p class=\"western\" align=\"left\"><span style=\"color: #000000;\"><span style=\"font-family: Arial, serif;\"><span style=\"font-size: medium;\"><span lang=\"gl-ES\">Ao remat<\/span><\/span><\/span><span style=\"font-family: Arial, serif;\"><span style=\"font-size: medium;\"><span lang=\"gl-ES\">e<\/span><\/span><\/span><span style=\"font-family: Arial, serif;\"><span style=\"font-size: medium;\"><span lang=\"gl-ES\"> do desfile, na Alameda comezar\u00e1 a festa con Dj Charlie, Dar\u00edo GZ, Adri\u00e1n Mesu e Christian Pereira.<\/span><\/span><\/span><\/span><\/p>\n","protected":false},"excerpt":{"rendered":"<p>Este venres 14 de marzo, o Desfile de Entroido percorrer\u00e1 as r\u00faas da Guarda. Unha semana despois do previsto (debido \u00e1 chuvia), A Guarda desfrutar\u00e1 do Desfile de Entroido, que partir\u00e1 da Esquina Famosa \u00e1s 20:30h ata chegar \u00e1 Alameda. &hellip; <\/p>\n","protected":false},"author":2,"featured_media":32055,"comment_status":"closed","ping_status":"closed","sticky":false,"template":"","format":"standard","meta":[],"categories":[34,363],"tags":[],"yoast_head":"<!-- This site is optimized with the Yoast SEO plugin v21.1 - https:\/\/yoast.com\/wordpress\/plugins\/seo\/ -->\n<title>A Guarda celebra o seu desfile de Entroido este venres - Concello da Guarda<\/title>\n<meta name=\"description\" content=\"Este venres 14 de marzo, o Desfile de Entroido percorrer\u00e1 as r\u00faas da Guarda.Unha semana despois do previsto (debido \u00e1 chuvia), A Guarda\" \/>\n<meta name=\"robots\" content=\"index, follow, max-snippet:-1, max-image-preview:large, max-video-preview:-1\" \/>\n<link rel=\"canonical\" href=\"https:\/\/www.aguarda.es\/en\/a-guarda-celebra-o-seu-desfile-de-entroido-este-venres\/\" \/>\n<meta property=\"og:locale\" content=\"en_US\" \/>\n<meta property=\"og:type\" content=\"article\" \/>\n<meta property=\"og:title\" content=\"A Guarda celebra o seu desfile de Entroido este venres - Concello da Guarda\" \/>\n<meta property=\"og:description\" content=\"Este venres 14 de marzo, o Desfile de Entroido percorrer\u00e1 as r\u00faas da Guarda.Unha semana despois do previsto (debido \u00e1 chuvia), A Guarda\" \/>\n<meta property=\"og:url\" content=\"https:\/\/www.aguarda.es\/en\/a-guarda-celebra-o-seu-desfile-de-entroido-este-venres\/\" \/>\n<meta property=\"og:site_name\" content=\"Concello da Guarda\" \/>\n<meta property=\"article:publisher\" content=\"https:\/\/www.facebook.com\/ConcellodaGuarda\" \/>\n<meta property=\"article:published_time\" content=\"2025-03-12T12:30:56+00:00\" \/>\n<meta property=\"og:image\" content=\"https:\/\/www.aguarda.es\/wp-content\/uploads\/2025\/03\/entroido-venres-1.jpg?_t=1741782657\" \/>\n\t<meta property=\"og:image:width\" content=\"1080\" \/>\n\t<meta property=\"og:image:height\" content=\"1350\" \/>\n\t<meta property=\"og:image:type\" content=\"image\/jpeg\" \/>\n<meta name=\"author\" content=\"prensa\" \/>\n<meta name=\"twitter:card\" content=\"summary_large_image\" \/>\n<meta name=\"twitter:creator\" content=\"@AGuarda_es\" \/>\n<meta name=\"twitter:site\" content=\"@AGuarda_es\" \/>\n<meta name=\"twitter:label1\" content=\"Written by\" \/>\n\t<meta name=\"twitter:data1\" content=\"prensa\" \/>\n\t<meta name=\"twitter:label2\" content=\"Est. reading time\" \/>\n\t<meta name=\"twitter:data2\" content=\"1 minute\" \/>\n<script type=\"application\/ld+json\" class=\"yoast-schema-graph\">{\"@context\":\"https:\/\/schema.org\",\"@graph\":[{\"@type\":\"WebPage\",\"@id\":\"https:\/\/www.aguarda.es\/en\/a-guarda-celebra-o-seu-desfile-de-entroido-este-venres\/\",\"url\":\"https:\/\/www.aguarda.es\/en\/a-guarda-celebra-o-seu-desfile-de-entroido-este-venres\/\",\"name\":\"A Guarda celebra o seu desfile de Entroido este venres - Concello da Guarda\",\"isPartOf\":{\"@id\":\"https:\/\/www.aguarda.es\/en\/#website\"},\"datePublished\":\"2025-03-12T12:30:56+00:00\",\"dateModified\":\"2025-03-12T12:30:56+00:00\",\"author\":{\"@id\":\"https:\/\/www.aguarda.es\/en\/#\/schema\/person\/c463ca3006858ffb349d11179d044f21\"},\"description\":\"Este venres 14 de marzo, o Desfile de Entroido percorrer\u00e1 as r\u00faas da Guarda.Unha semana despois do previsto (debido \u00e1 chuvia), A Guarda\",\"breadcrumb\":{\"@id\":\"https:\/\/www.aguarda.es\/en\/a-guarda-celebra-o-seu-desfile-de-entroido-este-venres\/#breadcrumb\"},\"inLanguage\":\"en-US\",\"potentialAction\":[{\"@type\":\"ReadAction\",\"target\":[\"https:\/\/www.aguarda.es\/en\/a-guarda-celebra-o-seu-desfile-de-entroido-este-venres\/\"]}]},{\"@type\":\"BreadcrumbList\",\"@id\":\"https:\/\/www.aguarda.es\/en\/a-guarda-celebra-o-seu-desfile-de-entroido-este-venres\/#breadcrumb\",\"itemListElement\":[{\"@type\":\"ListItem\",\"position\":1,\"name\":\"Portada\",\"item\":\"https:\/\/www.aguarda.es\/en\/\"},{\"@type\":\"ListItem\",\"position\":2,\"name\":\"A Guarda celebra o seu desfile de Entroido este venres\"}]},{\"@type\":\"WebSite\",\"@id\":\"https:\/\/www.aguarda.es\/en\/#website\",\"url\":\"https:\/\/www.aguarda.es\/en\/\",\"name\":\"Concello da Guarda\",\"description\":\"P\u00e1xina web do concello da Guarda\",\"potentialAction\":[{\"@type\":\"SearchAction\",\"target\":{\"@type\":\"EntryPoint\",\"urlTemplate\":\"https:\/\/www.aguarda.es\/en\/?s={search_term_string}\"},\"query-input\":\"required name=search_term_string\"}],\"inLanguage\":\"en-US\"},{\"@type\":\"Person\",\"@id\":\"https:\/\/www.aguarda.es\/en\/#\/schema\/person\/c463ca3006858ffb349d11179d044f21\",\"name\":\"prensa\",\"image\":{\"@type\":\"ImageObject\",\"inLanguage\":\"en-US\",\"@id\":\"https:\/\/www.aguarda.es\/en\/#\/schema\/person\/image\/\",\"url\":\"https:\/\/secure.gravatar.com\/avatar\/5f90ef536b0f98306edf5c7a1135ffa1?s=96&d=mm&r=g\",\"contentUrl\":\"https:\/\/secure.gravatar.com\/avatar\/5f90ef536b0f98306edf5c7a1135ffa1?s=96&d=mm&r=g\",\"caption\":\"prensa\"},\"url\":\"https:\/\/www.aguarda.es\/en\/author\/prensa\/\"}]}<\/script>\n<!-- \/ Yoast SEO plugin. -->","yoast_head_json":{"title":"A Guarda celebra o seu desfile de Entroido este venres - Concello da Guarda","description":"Este venres 14 de marzo, o Desfile de Entroido percorrer\u00e1 as r\u00faas da Guarda.Unha semana despois do previsto (debido \u00e1 chuvia), A Guarda","robots":{"index":"index","follow":"follow","max-snippet":"max-snippet:-1","max-image-preview":"max-image-preview:large","max-video-preview":"max-video-preview:-1"},"canonical":"https:\/\/www.aguarda.es\/en\/a-guarda-celebra-o-seu-desfile-de-entroido-este-venres\/","og_locale":"en_US","og_type":"article","og_title":"A Guarda celebra o seu desfile de Entroido este venres - Concello da Guarda","og_description":"Este venres 14 de marzo, o Desfile de Entroido percorrer\u00e1 as r\u00faas da Guarda.Unha semana despois do previsto (debido \u00e1 chuvia), A Guarda","og_url":"https:\/\/www.aguarda.es\/en\/a-guarda-celebra-o-seu-desfile-de-entroido-este-venres\/","og_site_name":"Concello da Guarda","article_publisher":"https:\/\/www.facebook.com\/ConcellodaGuarda","article_published_time":"2025-03-12T12:30:56+00:00","og_image":[{"width":1080,"height":1350,"url":"https:\/\/www.aguarda.es\/wp-content\/uploads\/2025\/03\/entroido-venres-1.jpg?_t=1741782657","type":"image\/jpeg"}],"author":"prensa","twitter_card":"summary_large_image","twitter_creator":"@AGuarda_es","twitter_site":"@AGuarda_es","twitter_misc":{"Written by":"prensa","Est. reading time":"1 minute"},"schema":{"@context":"https:\/\/schema.org","@graph":[{"@type":"WebPage","@id":"https:\/\/www.aguarda.es\/en\/a-guarda-celebra-o-seu-desfile-de-entroido-este-venres\/","url":"https:\/\/www.aguarda.es\/en\/a-guarda-celebra-o-seu-desfile-de-entroido-este-venres\/","name":"A Guarda celebra o seu desfile de Entroido este venres - Concello da Guarda","isPartOf":{"@id":"https:\/\/www.aguarda.es\/en\/#website"},"datePublished":"2025-03-12T12:30:56+00:00","dateModified":"2025-03-12T12:30:56+00:00","author":{"@id":"https:\/\/www.aguarda.es\/en\/#\/schema\/person\/c463ca3006858ffb349d11179d044f21"},"description":"Este venres 14 de marzo, o Desfile de Entroido percorrer\u00e1 as r\u00faas da Guarda.Unha semana despois do previsto (debido \u00e1 chuvia), A Guarda","breadcrumb":{"@id":"https:\/\/www.aguarda.es\/en\/a-guarda-celebra-o-seu-desfile-de-entroido-este-venres\/#breadcrumb"},"inLanguage":"en-US","potentialAction":[{"@type":"ReadAction","target":["https:\/\/www.aguarda.es\/en\/a-guarda-celebra-o-seu-desfile-de-entroido-este-venres\/"]}]},{"@type":"BreadcrumbList","@id":"https:\/\/www.aguarda.es\/en\/a-guarda-celebra-o-seu-desfile-de-entroido-este-venres\/#breadcrumb","itemListElement":[{"@type":"ListItem","position":1,"name":"Portada","item":"https:\/\/www.aguarda.es\/en\/"},{"@type":"ListItem","position":2,"name":"A Guarda celebra o seu desfile de Entroido este venres"}]},{"@type":"WebSite","@id":"https:\/\/www.aguarda.es\/en\/#website","url":"https:\/\/www.aguarda.es\/en\/","name":"Concello da Guarda","description":"P\u00e1xina web do concello da Guarda","potentialAction":[{"@type":"SearchAction","target":{"@type":"EntryPoint","urlTemplate":"https:\/\/www.aguarda.es\/en\/?s={search_term_string}"},"query-input":"required name=search_term_string"}],"inLanguage":"en-US"},{"@type":"Person","@id":"https:\/\/www.aguarda.es\/en\/#\/schema\/person\/c463ca3006858ffb349d11179d044f21","name":"prensa","image":{"@type":"ImageObject","inLanguage":"en-US","@id":"https:\/\/www.aguarda.es\/en\/#\/schema\/person\/image\/","url":"https:\/\/secure.gravatar.com\/avatar\/5f90ef536b0f98306edf5c7a1135ffa1?s=96&d=mm&r=g","contentUrl":"https:\/\/secure.gravatar.com\/avatar\/5f90ef536b0f98306edf5c7a1135ffa1?s=96&d=mm&r=g","caption":"prensa"},"url":"https:\/\/www.aguarda.es\/en\/author\/prensa\/"}]}},"_links":{"self":[{"href":"https:\/\/www.aguarda.es\/en\/wp-json\/wp\/v2\/posts\/32057"}],"collection":[{"href":"https:\/\/www.aguarda.es\/en\/wp-json\/wp\/v2\/posts"}],"about":[{"href":"https:\/\/www.aguarda.es\/en\/wp-json\/wp\/v2\/types\/post"}],"author":[{"embeddable":true,"href":"https:\/\/www.aguarda.es\/en\/wp-json\/wp\/v2\/users\/2"}],"replies":[{"embeddable":true,"href":"https:\/\/www.aguarda.es\/en\/wp-json\/wp\/v2\/comments?post=32057"}],"version-history":[{"count":1,"href":"https:\/\/www.aguarda.es\/en\/wp-json\/wp\/v2\/posts\/32057\/revisions"}],"predecessor-version":[{"id":32058,"href":"https:\/\/www.aguarda.es\/en\/wp-json\/wp\/v2\/posts\/32057\/revisions\/32058"}],"wp:featuredmedia":[{"embeddable":true,"href":"https:\/\/www.aguarda.es\/en\/wp-json\/wp\/v2\/media\/32055"}],"wp:attachment":[{"href":"https:\/\/www.aguarda.es\/en\/wp-json\/wp\/v2\/media?parent=32057"}],"wp:term":[{"taxonomy":"category","embeddable":true,"href":"https:\/\/www.aguarda.es\/en\/wp-json\/wp\/v2\/categories?post=32057"},{"taxonomy":"post_tag","embeddable":true,"href":"https:\/\/www.aguarda.es\/en\/wp-json\/wp\/v2\/tags?post=32057"}],"curies":[{"name":"wp","href":"https:\/\/api.w.org\/{rel}","templated":true}]}}