{"id":32073,"date":"2025-03-14T09:40:38","date_gmt":"2025-03-14T09:40:38","guid":{"rendered":"https:\/\/www.aguarda.es\/?p=32073"},"modified":"2025-03-14T10:11:39","modified_gmt":"2025-03-14T10:11:39","slug":"esta-semana-santa-a-guarda-tera-un-campamento-dixital-para-a-rapazada","status":"publish","type":"post","link":"https:\/\/www.aguarda.es\/en\/esta-semana-santa-a-guarda-tera-un-campamento-dixital-para-a-rapazada\/","title":{"rendered":"Esta Semana Santa A Guarda ter\u00e1 un Campamento Dixital para a rapazada"},"content":{"rendered":"<p class=\"western\" align=\"left\"><span style=\"font-family: Arial, serif; color: #000000;\"><span lang=\"gl-ES\">Esta <strong>Semana Santa<\/strong>, A Guarda desfrutar\u00e1 do Campamento Dixital para a rapazada entre os <strong>9 e os 13 anos. <\/strong><\/span><\/span><\/p>\n<p class=\"western\" align=\"left\"><span style=\"font-family: Arial, serif; color: #000000;\"><span lang=\"gl-ES\"><strong>Campamento Dixital<\/strong> \u00e9 un programa de actividades extraescolares de balde en competencias dixitais. A aprendizaxe est\u00e1 planteada coma un xogo a trav\u00e9s dunha aventura interactiva na que deber\u00e1n completar as etapas e cumprir misi\u00f3ns para conseguir logros e metas.<\/span><\/span><\/p>\n<p class=\"western\" align=\"left\"><span style=\"font-family: Arial, serif; color: #000000;\"><span lang=\"gl-ES\">As inscrici\u00f3ns xa est\u00e1n abertas a trav\u00e9s da <strong>OMIX da Guarda,<\/strong> tanto de xeito <strong>presencial (2\u00ba planta)<\/strong> como no correo electr\u00f3nico <\/span><\/span><span style=\"color: #000080;\"><span lang=\"zxx\"><u><a href=\"mailto:informacion@aguarda.es\"><span style=\"font-family: Arial, serif;\"><span lang=\"gl-ES\">informacion@aguarda.es<\/span><\/span><\/a><\/u><\/span><\/span><span style=\"font-family: Arial, serif;\"><span lang=\"gl-ES\"> . <span style=\"color: #000000;\">A actividade desenvolverase os d\u00edas <strong>14, 15 e 16 de abril desde as 9:00h ata as 14:00h na Aula Cemit do Centro Cultural.<\/strong><\/span><\/span><\/span><\/p>\n<p class=\"western\" align=\"left\"><span style=\"font-family: Arial, serif; color: #000000;\"><span lang=\"gl-ES\">Esta \u00e9 unha iniciativa impulsada pola Fundaci\u00f3n Cibervoluntarios, dentro do Programa de Competencias Digitales para la Infancia (CODI), posto en marcha polo Ministerio de Xuventude e Infancia, financiado polos Fondos Next Generation da Uni\u00f3n Europea.<\/span><\/span><\/p>\n","protected":false},"excerpt":{"rendered":"<p>Esta Semana Santa, A Guarda desfrutar\u00e1 do Campamento Dixital para a rapazada entre os 9 e os 13 anos. Campamento Dixital \u00e9 un programa de actividades extraescolares de balde en competencias dixitais. A aprendizaxe est\u00e1 planteada coma un xogo a &hellip; <\/p>\n","protected":false},"author":2,"featured_media":32071,"comment_status":"closed","ping_status":"closed","sticky":false,"template":"","format":"standard","meta":[],"categories":[42,48,363],"tags":[],"yoast_head":"<!-- This site is optimized with the Yoast SEO plugin v21.1 - https:\/\/yoast.com\/wordpress\/plugins\/seo\/ -->\n<title>Esta Semana Santa A Guarda ter\u00e1 un Campamento Dixital para a rapazada - Concello da Guarda<\/title>\n<meta name=\"description\" content=\"Esta Semana Santa, A Guarda desfrutar\u00e1 do Campamento Dixital para a rapazada entre os 9 e os 13 anos. Campamento Dixital \u00e9 un programa de\" \/>\n<meta name=\"robots\" content=\"index, follow, max-snippet:-1, max-image-preview:large, max-video-preview:-1\" \/>\n<link rel=\"canonical\" href=\"https:\/\/www.aguarda.es\/en\/esta-semana-santa-a-guarda-tera-un-campamento-dixital-para-a-rapazada\/\" \/>\n<meta property=\"og:locale\" content=\"en_US\" \/>\n<meta property=\"og:type\" content=\"article\" \/>\n<meta property=\"og:title\" content=\"Esta Semana Santa A Guarda ter\u00e1 un Campamento Dixital para a rapazada - Concello da Guarda\" \/>\n<meta property=\"og:description\" content=\"Esta Semana Santa, A Guarda desfrutar\u00e1 do Campamento Dixital para a rapazada entre os 9 e os 13 anos. Campamento Dixital \u00e9 un programa de\" \/>\n<meta property=\"og:url\" content=\"https:\/\/www.aguarda.es\/en\/esta-semana-santa-a-guarda-tera-un-campamento-dixital-para-a-rapazada\/\" \/>\n<meta property=\"og:site_name\" content=\"Concello da Guarda\" \/>\n<meta property=\"article:publisher\" content=\"https:\/\/www.facebook.com\/ConcellodaGuarda\" \/>\n<meta property=\"article:published_time\" content=\"2025-03-14T09:40:38+00:00\" \/>\n<meta property=\"article:modified_time\" content=\"2025-03-14T10:11:39+00:00\" \/>\n<meta property=\"og:image\" content=\"https:\/\/www.aguarda.es\/wp-content\/uploads\/2025\/03\/cartel-cibervoluntarios-redes.jpg?_t=1741947100\" \/>\n\t<meta property=\"og:image:width\" content=\"1080\" \/>\n\t<meta property=\"og:image:height\" content=\"1350\" \/>\n\t<meta property=\"og:image:type\" content=\"image\/jpeg\" \/>\n<meta name=\"author\" content=\"prensa\" \/>\n<meta name=\"twitter:card\" content=\"summary_large_image\" \/>\n<meta name=\"twitter:creator\" content=\"@AGuarda_es\" \/>\n<meta name=\"twitter:site\" content=\"@AGuarda_es\" \/>\n<meta name=\"twitter:label1\" content=\"Written by\" \/>\n\t<meta name=\"twitter:data1\" content=\"prensa\" \/>\n\t<meta name=\"twitter:label2\" content=\"Est. reading time\" \/>\n\t<meta name=\"twitter:data2\" content=\"1 minute\" \/>\n<script type=\"application\/ld+json\" class=\"yoast-schema-graph\">{\"@context\":\"https:\/\/schema.org\",\"@graph\":[{\"@type\":\"WebPage\",\"@id\":\"https:\/\/www.aguarda.es\/en\/esta-semana-santa-a-guarda-tera-un-campamento-dixital-para-a-rapazada\/\",\"url\":\"https:\/\/www.aguarda.es\/en\/esta-semana-santa-a-guarda-tera-un-campamento-dixital-para-a-rapazada\/\",\"name\":\"Esta Semana Santa A Guarda ter\u00e1 un Campamento Dixital para a rapazada - Concello da Guarda\",\"isPartOf\":{\"@id\":\"https:\/\/www.aguarda.es\/en\/#website\"},\"datePublished\":\"2025-03-14T09:40:38+00:00\",\"dateModified\":\"2025-03-14T10:11:39+00:00\",\"author\":{\"@id\":\"https:\/\/www.aguarda.es\/en\/#\/schema\/person\/c463ca3006858ffb349d11179d044f21\"},\"description\":\"Esta Semana Santa, A Guarda desfrutar\u00e1 do Campamento Dixital para a rapazada entre os 9 e os 13 anos. Campamento Dixital \u00e9 un programa de\",\"breadcrumb\":{\"@id\":\"https:\/\/www.aguarda.es\/en\/esta-semana-santa-a-guarda-tera-un-campamento-dixital-para-a-rapazada\/#breadcrumb\"},\"inLanguage\":\"en-US\",\"potentialAction\":[{\"@type\":\"ReadAction\",\"target\":[\"https:\/\/www.aguarda.es\/en\/esta-semana-santa-a-guarda-tera-un-campamento-dixital-para-a-rapazada\/\"]}]},{\"@type\":\"BreadcrumbList\",\"@id\":\"https:\/\/www.aguarda.es\/en\/esta-semana-santa-a-guarda-tera-un-campamento-dixital-para-a-rapazada\/#breadcrumb\",\"itemListElement\":[{\"@type\":\"ListItem\",\"position\":1,\"name\":\"Portada\",\"item\":\"https:\/\/www.aguarda.es\/en\/\"},{\"@type\":\"ListItem\",\"position\":2,\"name\":\"Esta Semana Santa A Guarda ter\u00e1 un Campamento Dixital para a rapazada\"}]},{\"@type\":\"WebSite\",\"@id\":\"https:\/\/www.aguarda.es\/en\/#website\",\"url\":\"https:\/\/www.aguarda.es\/en\/\",\"name\":\"Concello da Guarda\",\"description\":\"P\u00e1xina web do concello da Guarda\",\"potentialAction\":[{\"@type\":\"SearchAction\",\"target\":{\"@type\":\"EntryPoint\",\"urlTemplate\":\"https:\/\/www.aguarda.es\/en\/?s={search_term_string}\"},\"query-input\":\"required name=search_term_string\"}],\"inLanguage\":\"en-US\"},{\"@type\":\"Person\",\"@id\":\"https:\/\/www.aguarda.es\/en\/#\/schema\/person\/c463ca3006858ffb349d11179d044f21\",\"name\":\"prensa\",\"image\":{\"@type\":\"ImageObject\",\"inLanguage\":\"en-US\",\"@id\":\"https:\/\/www.aguarda.es\/en\/#\/schema\/person\/image\/\",\"url\":\"https:\/\/secure.gravatar.com\/avatar\/5f90ef536b0f98306edf5c7a1135ffa1?s=96&d=mm&r=g\",\"contentUrl\":\"https:\/\/secure.gravatar.com\/avatar\/5f90ef536b0f98306edf5c7a1135ffa1?s=96&d=mm&r=g\",\"caption\":\"prensa\"},\"url\":\"https:\/\/www.aguarda.es\/en\/author\/prensa\/\"}]}<\/script>\n<!-- \/ Yoast SEO plugin. -->","yoast_head_json":{"title":"Esta Semana Santa A Guarda ter\u00e1 un Campamento Dixital para a rapazada - Concello da Guarda","description":"Esta Semana Santa, A Guarda desfrutar\u00e1 do Campamento Dixital para a rapazada entre os 9 e os 13 anos. Campamento Dixital \u00e9 un programa de","robots":{"index":"index","follow":"follow","max-snippet":"max-snippet:-1","max-image-preview":"max-image-preview:large","max-video-preview":"max-video-preview:-1"},"canonical":"https:\/\/www.aguarda.es\/en\/esta-semana-santa-a-guarda-tera-un-campamento-dixital-para-a-rapazada\/","og_locale":"en_US","og_type":"article","og_title":"Esta Semana Santa A Guarda ter\u00e1 un Campamento Dixital para a rapazada - Concello da Guarda","og_description":"Esta Semana Santa, A Guarda desfrutar\u00e1 do Campamento Dixital para a rapazada entre os 9 e os 13 anos. Campamento Dixital \u00e9 un programa de","og_url":"https:\/\/www.aguarda.es\/en\/esta-semana-santa-a-guarda-tera-un-campamento-dixital-para-a-rapazada\/","og_site_name":"Concello da Guarda","article_publisher":"https:\/\/www.facebook.com\/ConcellodaGuarda","article_published_time":"2025-03-14T09:40:38+00:00","article_modified_time":"2025-03-14T10:11:39+00:00","og_image":[{"width":1080,"height":1350,"url":"https:\/\/www.aguarda.es\/wp-content\/uploads\/2025\/03\/cartel-cibervoluntarios-redes.jpg?_t=1741947100","type":"image\/jpeg"}],"author":"prensa","twitter_card":"summary_large_image","twitter_creator":"@AGuarda_es","twitter_site":"@AGuarda_es","twitter_misc":{"Written by":"prensa","Est. reading time":"1 minute"},"schema":{"@context":"https:\/\/schema.org","@graph":[{"@type":"WebPage","@id":"https:\/\/www.aguarda.es\/en\/esta-semana-santa-a-guarda-tera-un-campamento-dixital-para-a-rapazada\/","url":"https:\/\/www.aguarda.es\/en\/esta-semana-santa-a-guarda-tera-un-campamento-dixital-para-a-rapazada\/","name":"Esta Semana Santa A Guarda ter\u00e1 un Campamento Dixital para a rapazada - Concello da Guarda","isPartOf":{"@id":"https:\/\/www.aguarda.es\/en\/#website"},"datePublished":"2025-03-14T09:40:38+00:00","dateModified":"2025-03-14T10:11:39+00:00","author":{"@id":"https:\/\/www.aguarda.es\/en\/#\/schema\/person\/c463ca3006858ffb349d11179d044f21"},"description":"Esta Semana Santa, A Guarda desfrutar\u00e1 do Campamento Dixital para a rapazada entre os 9 e os 13 anos. Campamento Dixital \u00e9 un programa de","breadcrumb":{"@id":"https:\/\/www.aguarda.es\/en\/esta-semana-santa-a-guarda-tera-un-campamento-dixital-para-a-rapazada\/#breadcrumb"},"inLanguage":"en-US","potentialAction":[{"@type":"ReadAction","target":["https:\/\/www.aguarda.es\/en\/esta-semana-santa-a-guarda-tera-un-campamento-dixital-para-a-rapazada\/"]}]},{"@type":"BreadcrumbList","@id":"https:\/\/www.aguarda.es\/en\/esta-semana-santa-a-guarda-tera-un-campamento-dixital-para-a-rapazada\/#breadcrumb","itemListElement":[{"@type":"ListItem","position":1,"name":"Portada","item":"https:\/\/www.aguarda.es\/en\/"},{"@type":"ListItem","position":2,"name":"Esta Semana Santa A Guarda ter\u00e1 un Campamento Dixital para a rapazada"}]},{"@type":"WebSite","@id":"https:\/\/www.aguarda.es\/en\/#website","url":"https:\/\/www.aguarda.es\/en\/","name":"Concello da Guarda","description":"P\u00e1xina web do concello da Guarda","potentialAction":[{"@type":"SearchAction","target":{"@type":"EntryPoint","urlTemplate":"https:\/\/www.aguarda.es\/en\/?s={search_term_string}"},"query-input":"required name=search_term_string"}],"inLanguage":"en-US"},{"@type":"Person","@id":"https:\/\/www.aguarda.es\/en\/#\/schema\/person\/c463ca3006858ffb349d11179d044f21","name":"prensa","image":{"@type":"ImageObject","inLanguage":"en-US","@id":"https:\/\/www.aguarda.es\/en\/#\/schema\/person\/image\/","url":"https:\/\/secure.gravatar.com\/avatar\/5f90ef536b0f98306edf5c7a1135ffa1?s=96&d=mm&r=g","contentUrl":"https:\/\/secure.gravatar.com\/avatar\/5f90ef536b0f98306edf5c7a1135ffa1?s=96&d=mm&r=g","caption":"prensa"},"url":"https:\/\/www.aguarda.es\/en\/author\/prensa\/"}]}},"_links":{"self":[{"href":"https:\/\/www.aguarda.es\/en\/wp-json\/wp\/v2\/posts\/32073"}],"collection":[{"href":"https:\/\/www.aguarda.es\/en\/wp-json\/wp\/v2\/posts"}],"about":[{"href":"https:\/\/www.aguarda.es\/en\/wp-json\/wp\/v2\/types\/post"}],"author":[{"embeddable":true,"href":"https:\/\/www.aguarda.es\/en\/wp-json\/wp\/v2\/users\/2"}],"replies":[{"embeddable":true,"href":"https:\/\/www.aguarda.es\/en\/wp-json\/wp\/v2\/comments?post=32073"}],"version-history":[{"count":3,"href":"https:\/\/www.aguarda.es\/en\/wp-json\/wp\/v2\/posts\/32073\/revisions"}],"predecessor-version":[{"id":32076,"href":"https:\/\/www.aguarda.es\/en\/wp-json\/wp\/v2\/posts\/32073\/revisions\/32076"}],"wp:featuredmedia":[{"embeddable":true,"href":"https:\/\/www.aguarda.es\/en\/wp-json\/wp\/v2\/media\/32071"}],"wp:attachment":[{"href":"https:\/\/www.aguarda.es\/en\/wp-json\/wp\/v2\/media?parent=32073"}],"wp:term":[{"taxonomy":"category","embeddable":true,"href":"https:\/\/www.aguarda.es\/en\/wp-json\/wp\/v2\/categories?post=32073"},{"taxonomy":"post_tag","embeddable":true,"href":"https:\/\/www.aguarda.es\/en\/wp-json\/wp\/v2\/tags?post=32073"}],"curies":[{"name":"wp","href":"https:\/\/api.w.org\/{rel}","templated":true}]}}