{"id":32116,"date":"2025-03-25T08:26:30","date_gmt":"2025-03-25T08:26:30","guid":{"rendered":"https:\/\/www.aguarda.es\/?p=32116"},"modified":"2025-03-24T10:31:42","modified_gmt":"2025-03-24T10:31:42","slug":"a-obra-mentalmorbose-abre-a-axenda-cultural-da-primavera-na-guarda","status":"publish","type":"post","link":"https:\/\/www.aguarda.es\/en\/a-obra-mentalmorbose-abre-a-axenda-cultural-da-primavera-na-guarda\/","title":{"rendered":"A obra \u2018Mentalmorbose\u2019 abre a axenda cultural da primavera na Guarda"},"content":{"rendered":"<p class=\"western\" align=\"left\"><span style=\"color: #000000;\"><span style=\"font-family: Arial, serif;\"><span style=\"font-size: medium;\"><span lang=\"gl-ES\">A Guarda inicia unha primavera con moito teatro e cunha caracter\u00edstica especial: obras de teatro aficionado. .<\/span><\/span><\/span><\/span><\/p>\n<p class=\"western\" align=\"left\"><span style=\"color: #000000;\"><span style=\"font-family: Arial, serif;\"><span style=\"font-size: medium;\"><span lang=\"gl-ES\">Abre o tel\u00f3n, como se dir\u00eda na xerga teatral, a obra <strong>\u201cMentalmorbose\u201d do grupo Noitebras Teatro<\/strong> o s\u00e1bado <strong>29 de marzo. <\/strong><\/span><\/span><\/span><\/span><\/p>\n<p class=\"western\" align=\"left\"><span style=\"color: #000000;\"><span style=\"font-family: Arial, serif;\"><span style=\"font-size: medium;\"><span lang=\"gl-ES\">Tr\u00e1tase dunha traxicomedia meta-teatral na que se nos presenta a un <strong>dramaturgo, Viktor Krikri\u010d<\/strong>, quen est\u00e1 experimentando estra\u00f1os cambios na s\u00faa relaci\u00f3n con todas as mulleres que o rodean.<\/span><\/span><\/span><\/span><\/p>\n<p class=\"western\" align=\"left\"><span style=\"color: #000000;\"><span style=\"font-family: Arial, serif;\"><span style=\"font-size: medium;\"><span lang=\"gl-ES\">Ademais, est\u00e1 tendo dificultades coa s\u00faa nova obra, polo que tenta ter a axuda dunha das s\u00faas exparellas para publicala. <\/span><\/span><\/span><\/span><\/p>\n<p class=\"western\" align=\"left\"><span style=\"color: #000000;\"><span style=\"font-family: Arial, serif;\"><span style=\"font-size: medium;\"><span lang=\"gl-ES\">Con todo isto temos os ingrediente perfectos para desfrutar do teatro no Centro Cultural o s\u00e1bado 29 a partir d<strong>as 20:30h.<\/strong><\/span><\/span><\/span><\/span><\/p>\n","protected":false},"excerpt":{"rendered":"<p>A Guarda inicia unha primavera con moito teatro e cunha caracter\u00edstica especial: obras de teatro aficionado. . Abre o tel\u00f3n, como se dir\u00eda na xerga teatral, a obra \u201cMentalmorbose\u201d do grupo Noitebras Teatro o s\u00e1bado 29 de marzo. Tr\u00e1tase dunha &hellip; <\/p>\n","protected":false},"author":2,"featured_media":32114,"comment_status":"closed","ping_status":"closed","sticky":false,"template":"","format":"standard","meta":[],"categories":[34,363],"tags":[],"yoast_head":"<!-- This site is optimized with the Yoast SEO plugin v21.1 - https:\/\/yoast.com\/wordpress\/plugins\/seo\/ -->\n<title>A obra \u2018Mentalmorbose\u2019 abre a axenda cultural da primavera na Guarda - Concello da Guarda<\/title>\n<meta name=\"description\" content=\"A Guarda inicia unha primavera con moito teatro e cunha caracter\u00edstica especial: obras de teatro aficionado. .Abre o tel\u00f3n, como se dir\u00eda na\" \/>\n<meta name=\"robots\" content=\"index, follow, max-snippet:-1, max-image-preview:large, max-video-preview:-1\" \/>\n<link rel=\"canonical\" href=\"https:\/\/www.aguarda.es\/en\/a-obra-mentalmorbose-abre-a-axenda-cultural-da-primavera-na-guarda\/\" \/>\n<meta property=\"og:locale\" content=\"en_US\" \/>\n<meta property=\"og:type\" content=\"article\" \/>\n<meta property=\"og:title\" content=\"A obra \u2018Mentalmorbose\u2019 abre a axenda cultural da primavera na Guarda - Concello da Guarda\" \/>\n<meta property=\"og:description\" content=\"A Guarda inicia unha primavera con moito teatro e cunha caracter\u00edstica especial: obras de teatro aficionado. .Abre o tel\u00f3n, como se dir\u00eda na\" \/>\n<meta property=\"og:url\" content=\"https:\/\/www.aguarda.es\/en\/a-obra-mentalmorbose-abre-a-axenda-cultural-da-primavera-na-guarda\/\" \/>\n<meta property=\"og:site_name\" content=\"Concello da Guarda\" \/>\n<meta property=\"article:publisher\" content=\"https:\/\/www.facebook.com\/ConcellodaGuarda\" \/>\n<meta property=\"article:published_time\" content=\"2025-03-25T08:26:30+00:00\" \/>\n<meta property=\"article:modified_time\" content=\"2025-03-24T10:31:42+00:00\" \/>\n<meta property=\"og:image\" content=\"https:\/\/www.aguarda.es\/wp-content\/uploads\/2025\/03\/tn_Poster-BN-Mentalmorbose-29-3-A-Guarda.jpg\" \/>\n\t<meta property=\"og:image:width\" content=\"354\" \/>\n\t<meta property=\"og:image:height\" content=\"500\" \/>\n\t<meta property=\"og:image:type\" content=\"image\/jpeg\" \/>\n<meta name=\"author\" content=\"prensa\" \/>\n<meta name=\"twitter:card\" content=\"summary_large_image\" \/>\n<meta name=\"twitter:creator\" content=\"@AGuarda_es\" \/>\n<meta name=\"twitter:site\" content=\"@AGuarda_es\" \/>\n<meta name=\"twitter:label1\" content=\"Written by\" \/>\n\t<meta name=\"twitter:data1\" content=\"prensa\" \/>\n\t<meta name=\"twitter:label2\" content=\"Est. reading time\" \/>\n\t<meta name=\"twitter:data2\" content=\"1 minute\" \/>\n<script type=\"application\/ld+json\" class=\"yoast-schema-graph\">{\"@context\":\"https:\/\/schema.org\",\"@graph\":[{\"@type\":\"WebPage\",\"@id\":\"https:\/\/www.aguarda.es\/en\/a-obra-mentalmorbose-abre-a-axenda-cultural-da-primavera-na-guarda\/\",\"url\":\"https:\/\/www.aguarda.es\/en\/a-obra-mentalmorbose-abre-a-axenda-cultural-da-primavera-na-guarda\/\",\"name\":\"A obra \u2018Mentalmorbose\u2019 abre a axenda cultural da primavera na Guarda - Concello da Guarda\",\"isPartOf\":{\"@id\":\"https:\/\/www.aguarda.es\/en\/#website\"},\"datePublished\":\"2025-03-25T08:26:30+00:00\",\"dateModified\":\"2025-03-24T10:31:42+00:00\",\"author\":{\"@id\":\"https:\/\/www.aguarda.es\/en\/#\/schema\/person\/c463ca3006858ffb349d11179d044f21\"},\"description\":\"A Guarda inicia unha primavera con moito teatro e cunha caracter\u00edstica especial: obras de teatro aficionado. .Abre o tel\u00f3n, como se dir\u00eda na\",\"breadcrumb\":{\"@id\":\"https:\/\/www.aguarda.es\/en\/a-obra-mentalmorbose-abre-a-axenda-cultural-da-primavera-na-guarda\/#breadcrumb\"},\"inLanguage\":\"en-US\",\"potentialAction\":[{\"@type\":\"ReadAction\",\"target\":[\"https:\/\/www.aguarda.es\/en\/a-obra-mentalmorbose-abre-a-axenda-cultural-da-primavera-na-guarda\/\"]}]},{\"@type\":\"BreadcrumbList\",\"@id\":\"https:\/\/www.aguarda.es\/en\/a-obra-mentalmorbose-abre-a-axenda-cultural-da-primavera-na-guarda\/#breadcrumb\",\"itemListElement\":[{\"@type\":\"ListItem\",\"position\":1,\"name\":\"Portada\",\"item\":\"https:\/\/www.aguarda.es\/en\/\"},{\"@type\":\"ListItem\",\"position\":2,\"name\":\"A obra \u2018Mentalmorbose\u2019 abre a axenda cultural da primavera na Guarda\"}]},{\"@type\":\"WebSite\",\"@id\":\"https:\/\/www.aguarda.es\/en\/#website\",\"url\":\"https:\/\/www.aguarda.es\/en\/\",\"name\":\"Concello da Guarda\",\"description\":\"P\u00e1xina web do concello da Guarda\",\"potentialAction\":[{\"@type\":\"SearchAction\",\"target\":{\"@type\":\"EntryPoint\",\"urlTemplate\":\"https:\/\/www.aguarda.es\/en\/?s={search_term_string}\"},\"query-input\":\"required name=search_term_string\"}],\"inLanguage\":\"en-US\"},{\"@type\":\"Person\",\"@id\":\"https:\/\/www.aguarda.es\/en\/#\/schema\/person\/c463ca3006858ffb349d11179d044f21\",\"name\":\"prensa\",\"image\":{\"@type\":\"ImageObject\",\"inLanguage\":\"en-US\",\"@id\":\"https:\/\/www.aguarda.es\/en\/#\/schema\/person\/image\/\",\"url\":\"https:\/\/secure.gravatar.com\/avatar\/5f90ef536b0f98306edf5c7a1135ffa1?s=96&d=mm&r=g\",\"contentUrl\":\"https:\/\/secure.gravatar.com\/avatar\/5f90ef536b0f98306edf5c7a1135ffa1?s=96&d=mm&r=g\",\"caption\":\"prensa\"},\"url\":\"https:\/\/www.aguarda.es\/en\/author\/prensa\/\"}]}<\/script>\n<!-- \/ Yoast SEO plugin. -->","yoast_head_json":{"title":"A obra \u2018Mentalmorbose\u2019 abre a axenda cultural da primavera na Guarda - Concello da Guarda","description":"A Guarda inicia unha primavera con moito teatro e cunha caracter\u00edstica especial: obras de teatro aficionado. .Abre o tel\u00f3n, como se dir\u00eda na","robots":{"index":"index","follow":"follow","max-snippet":"max-snippet:-1","max-image-preview":"max-image-preview:large","max-video-preview":"max-video-preview:-1"},"canonical":"https:\/\/www.aguarda.es\/en\/a-obra-mentalmorbose-abre-a-axenda-cultural-da-primavera-na-guarda\/","og_locale":"en_US","og_type":"article","og_title":"A obra \u2018Mentalmorbose\u2019 abre a axenda cultural da primavera na Guarda - Concello da Guarda","og_description":"A Guarda inicia unha primavera con moito teatro e cunha caracter\u00edstica especial: obras de teatro aficionado. .Abre o tel\u00f3n, como se dir\u00eda na","og_url":"https:\/\/www.aguarda.es\/en\/a-obra-mentalmorbose-abre-a-axenda-cultural-da-primavera-na-guarda\/","og_site_name":"Concello da Guarda","article_publisher":"https:\/\/www.facebook.com\/ConcellodaGuarda","article_published_time":"2025-03-25T08:26:30+00:00","article_modified_time":"2025-03-24T10:31:42+00:00","og_image":[{"width":354,"height":500,"url":"https:\/\/www.aguarda.es\/wp-content\/uploads\/2025\/03\/tn_Poster-BN-Mentalmorbose-29-3-A-Guarda.jpg","type":"image\/jpeg"}],"author":"prensa","twitter_card":"summary_large_image","twitter_creator":"@AGuarda_es","twitter_site":"@AGuarda_es","twitter_misc":{"Written by":"prensa","Est. reading time":"1 minute"},"schema":{"@context":"https:\/\/schema.org","@graph":[{"@type":"WebPage","@id":"https:\/\/www.aguarda.es\/en\/a-obra-mentalmorbose-abre-a-axenda-cultural-da-primavera-na-guarda\/","url":"https:\/\/www.aguarda.es\/en\/a-obra-mentalmorbose-abre-a-axenda-cultural-da-primavera-na-guarda\/","name":"A obra \u2018Mentalmorbose\u2019 abre a axenda cultural da primavera na Guarda - Concello da Guarda","isPartOf":{"@id":"https:\/\/www.aguarda.es\/en\/#website"},"datePublished":"2025-03-25T08:26:30+00:00","dateModified":"2025-03-24T10:31:42+00:00","author":{"@id":"https:\/\/www.aguarda.es\/en\/#\/schema\/person\/c463ca3006858ffb349d11179d044f21"},"description":"A Guarda inicia unha primavera con moito teatro e cunha caracter\u00edstica especial: obras de teatro aficionado. .Abre o tel\u00f3n, como se dir\u00eda na","breadcrumb":{"@id":"https:\/\/www.aguarda.es\/en\/a-obra-mentalmorbose-abre-a-axenda-cultural-da-primavera-na-guarda\/#breadcrumb"},"inLanguage":"en-US","potentialAction":[{"@type":"ReadAction","target":["https:\/\/www.aguarda.es\/en\/a-obra-mentalmorbose-abre-a-axenda-cultural-da-primavera-na-guarda\/"]}]},{"@type":"BreadcrumbList","@id":"https:\/\/www.aguarda.es\/en\/a-obra-mentalmorbose-abre-a-axenda-cultural-da-primavera-na-guarda\/#breadcrumb","itemListElement":[{"@type":"ListItem","position":1,"name":"Portada","item":"https:\/\/www.aguarda.es\/en\/"},{"@type":"ListItem","position":2,"name":"A obra \u2018Mentalmorbose\u2019 abre a axenda cultural da primavera na Guarda"}]},{"@type":"WebSite","@id":"https:\/\/www.aguarda.es\/en\/#website","url":"https:\/\/www.aguarda.es\/en\/","name":"Concello da Guarda","description":"P\u00e1xina web do concello da Guarda","potentialAction":[{"@type":"SearchAction","target":{"@type":"EntryPoint","urlTemplate":"https:\/\/www.aguarda.es\/en\/?s={search_term_string}"},"query-input":"required name=search_term_string"}],"inLanguage":"en-US"},{"@type":"Person","@id":"https:\/\/www.aguarda.es\/en\/#\/schema\/person\/c463ca3006858ffb349d11179d044f21","name":"prensa","image":{"@type":"ImageObject","inLanguage":"en-US","@id":"https:\/\/www.aguarda.es\/en\/#\/schema\/person\/image\/","url":"https:\/\/secure.gravatar.com\/avatar\/5f90ef536b0f98306edf5c7a1135ffa1?s=96&d=mm&r=g","contentUrl":"https:\/\/secure.gravatar.com\/avatar\/5f90ef536b0f98306edf5c7a1135ffa1?s=96&d=mm&r=g","caption":"prensa"},"url":"https:\/\/www.aguarda.es\/en\/author\/prensa\/"}]}},"_links":{"self":[{"href":"https:\/\/www.aguarda.es\/en\/wp-json\/wp\/v2\/posts\/32116"}],"collection":[{"href":"https:\/\/www.aguarda.es\/en\/wp-json\/wp\/v2\/posts"}],"about":[{"href":"https:\/\/www.aguarda.es\/en\/wp-json\/wp\/v2\/types\/post"}],"author":[{"embeddable":true,"href":"https:\/\/www.aguarda.es\/en\/wp-json\/wp\/v2\/users\/2"}],"replies":[{"embeddable":true,"href":"https:\/\/www.aguarda.es\/en\/wp-json\/wp\/v2\/comments?post=32116"}],"version-history":[{"count":2,"href":"https:\/\/www.aguarda.es\/en\/wp-json\/wp\/v2\/posts\/32116\/revisions"}],"predecessor-version":[{"id":32118,"href":"https:\/\/www.aguarda.es\/en\/wp-json\/wp\/v2\/posts\/32116\/revisions\/32118"}],"wp:featuredmedia":[{"embeddable":true,"href":"https:\/\/www.aguarda.es\/en\/wp-json\/wp\/v2\/media\/32114"}],"wp:attachment":[{"href":"https:\/\/www.aguarda.es\/en\/wp-json\/wp\/v2\/media?parent=32116"}],"wp:term":[{"taxonomy":"category","embeddable":true,"href":"https:\/\/www.aguarda.es\/en\/wp-json\/wp\/v2\/categories?post=32116"},{"taxonomy":"post_tag","embeddable":true,"href":"https:\/\/www.aguarda.es\/en\/wp-json\/wp\/v2\/tags?post=32116"}],"curies":[{"name":"wp","href":"https:\/\/api.w.org\/{rel}","templated":true}]}}