{"id":32178,"date":"2025-04-07T09:10:54","date_gmt":"2025-04-07T09:10:54","guid":{"rendered":"https:\/\/www.aguarda.es\/?p=32178"},"modified":"2025-04-09T10:13:03","modified_gmt":"2025-04-09T10:13:03","slug":"o-alcalde-e-o-concello-da-guarda-condena-os-insultos-homofobos-no-partido-da-union-guardesa","status":"publish","type":"post","link":"https:\/\/www.aguarda.es\/en\/o-alcalde-e-o-concello-da-guarda-condena-os-insultos-homofobos-no-partido-da-union-guardesa\/","title":{"rendered":"O alcalde e o Concello da Guarda condena os insultos hom\u00f3fobos no partido da Uni\u00f3n Guardesa"},"content":{"rendered":"<p class=\"western\" align=\"left\"><span style=\"color: #000000;\"><span style=\"font-family: Arial, serif;\"><span style=\"font-size: medium;\"><span lang=\"gl-ES\">O <\/span><\/span><\/span><span style=\"font-family: Arial, serif;\"><span style=\"font-size: medium;\"><span lang=\"gl-ES\">alcalde e o Concello <\/span><\/span><\/span><span style=\"font-family: Arial, serif;\"><span style=\"font-size: medium;\"><span lang=\"gl-ES\">da Guarda quere<\/span><\/span><\/span><span style=\"font-family: Arial, serif;\"><span style=\"font-size: medium;\"><span lang=\"gl-ES\">n<\/span><\/span><\/span><span style=\"font-family: Arial, serif;\"><span style=\"font-size: medium;\"><span lang=\"gl-ES\"> expresar a s\u00faa total<strong> condena aos insultos hom\u00f3fobos<\/strong> que se produciron no partido deste domingo <strong>no campo da Sangri\u00f1a<\/strong> <\/span><\/span><\/span><span style=\"font-family: Arial, serif;\"><span style=\"font-size: medium;\"><span lang=\"gl-ES\">a unha das traballadoras municipais encargada do m<\/span><\/span><\/span><span style=\"font-family: Arial, serif;\"><span style=\"font-size: medium;\"><span lang=\"gl-ES\">a<\/span><\/span><\/span><span style=\"font-family: Arial, serif;\"><span style=\"font-size: medium;\"><span lang=\"gl-ES\">ntemento e c<\/span><\/span><\/span><span style=\"font-family: Arial, serif;\"><span style=\"font-size: medium;\"><span lang=\"gl-ES\">o<\/span><\/span><\/span><span style=\"font-family: Arial, serif;\"><span style=\"font-size: medium;\"><span lang=\"gl-ES\">idado das inst<\/span><\/span><\/span><span style=\"font-family: Arial, serif;\"><span style=\"font-size: medium;\"><span lang=\"gl-ES\">alaci\u00f3ns deportivas. <\/span><\/span><\/span><\/span><\/p>\n<p class=\"western\" align=\"left\"><span style=\"color: #000000;\"><span style=\"font-family: Arial, serif;\"><span style=\"font-size: medium;\"><span lang=\"gl-ES\">A Uni\u00f3n Guardesa enfront\u00e1base ao Tomi\u00f1o F.C. Femenino \u201cB\u201d cando <\/span><\/span><\/span><span style=\"font-family: Arial, serif;\"><span style=\"font-size: medium;\"><span lang=\"gl-ES\">varias afeccionadas tomi\u00f1esas <\/span><\/span><\/span><span style=\"font-family: Arial, serif;\"><span style=\"font-size: medium;\"><span lang=\"gl-ES\">comezaron a dirixir insultos <\/span><\/span><\/span><span style=\"font-family: Arial, serif;\"><span style=\"font-size: medium;\"><span lang=\"gl-ES\">cara esta <\/span><\/span><\/span><span style=\"font-family: Arial, serif;\"><span style=\"font-size: medium;\"><span lang=\"gl-ES\">traballadora<\/span><\/span><\/span><span style=\"font-family: Arial, serif;\"><span style=\"font-size: medium;\"><span lang=\"gl-ES\">. Ante esta actitude, alg\u00fans dos afeccionados guardeses interviron para <\/span><\/span><\/span><span style=\"font-family: Arial, serif;\"><span style=\"font-size: medium;\"><span lang=\"gl-ES\">calmar e mediar<\/span><\/span><\/span> <span style=\"font-family: Arial, serif;\"><span style=\"font-size: medium;\"><span lang=\"gl-ES\">a situaci\u00f3n. <\/span><\/span><\/span><\/span><\/p>\n<p class=\"western\" align=\"left\"><span style=\"color: #000000;\"><span style=\"font-family: Arial, serif;\"><span style=\"font-size: medium;\"><span lang=\"gl-ES\">Os insultos, que se produciron <strong>ante xogadoras, nenos, nenas e afecci\u00f3n<\/strong>, provoc\u00e1ronlle \u00e1 traballadora municipal un ataque de ansiedade. O alcalde, Roberto Carrero, e o concelleiro de Persoal, Isidro Lomba, xa lle ofreceron a esta traballadora<strong> toda a asesor\u00eda xur\u00eddica<\/strong> que precise ante esta situaci\u00f3n.<\/span><\/span><\/span><\/span><\/p>\n<p class=\"western\" align=\"left\"><span style=\"color: #000000;\"><span style=\"font-family: Arial, serif;\"><span style=\"font-size: medium;\"><span lang=\"gl-ES\">O alcalde reafirma a s\u00faa repulsa: \u201cnon imos permitir que se <strong>discrimine ou insulte a ning\u00fan guard\u00e9s ou guardesa pola s\u00faa orientaci\u00f3n sexual,<\/strong> e menos, a traballadores municipais, que est\u00e1n ao servizo d<\/span><\/span><\/span><span style=\"font-family: Arial, serif;\"><span style=\"font-size: medium;\"><span lang=\"gl-ES\">a Guarda<\/span><\/span><\/span><span style=\"font-family: Arial, serif;\"><span style=\"font-size: medium;\"><span lang=\"gl-ES\">\u201d:<\/span><\/span><\/span><\/span><\/p>\n<p class=\"western\" align=\"left\"><span style=\"color: #000000;\"><span style=\"font-family: Arial, serif;\"><span style=\"font-size: medium;\"><span lang=\"gl-ES\">O Concello <\/span><\/span><\/span><span style=\"font-family: Arial, serif;\"><span style=\"font-size: medium;\"><span lang=\"gl-ES\">xa puxo en marcha o<\/span><\/span><\/span><span style=\"font-family: Arial, serif;\"><span style=\"font-size: medium;\"><span lang=\"gl-ES\"> protocolo <\/span><\/span><\/span><span style=\"font-family: Arial, serif;\"><span style=\"font-size: medium;\"><span lang=\"gl-ES\">pertinente e tomar\u00e1 as acci\u00f3n administrativas e xur\u00eddicas establecidas. Para iso, as autoras dos insultos xa est\u00e1n identificadas e <\/span><\/span><\/span><span style=\"font-family: Arial, serif;\"><span style=\"font-size: medium;\"><span lang=\"gl-ES\">o Concello est\u00e1 en contacto co club deportivo.<\/span><\/span><\/span><\/span><\/p>\n<p class=\"western\" align=\"left\"><span style=\"color: #000000;\"><span style=\"font-family: Arial, serif;\"><span style=\"font-size: medium;\"><span lang=\"gl-ES\">Ademais, o Concello da Guarda recorda a s\u00faa <\/span><\/span><\/span><strong><span style=\"font-family: Arial, serif;\"><span style=\"font-size: medium;\"><span lang=\"gl-ES\">rotunda <\/span><\/span><\/span><span style=\"font-family: Arial, serif;\"><span style=\"font-size: medium;\"><span lang=\"gl-ES\">condena a actos <\/span><\/span><\/span><span style=\"font-family: Arial, serif;\"><span style=\"font-size: medium;\"><span lang=\"gl-ES\">hom\u00f3fobos, machistas,<\/span><\/span><\/span><\/strong><span style=\"font-family: Arial, serif;\"><span style=\"font-size: medium;\"><span lang=\"gl-ES\"><strong> racistas ou de calquera tipo de odio ou discriminaci\u00f3n no deporte<\/strong>; un \u00e1mbito no cal se deben enxalzar os valores de respecto, uni\u00f3n e igualdade.<\/span><\/span><\/span><\/span><\/p>\n","protected":false},"excerpt":{"rendered":"<p>O alcalde e o Concello da Guarda queren expresar a s\u00faa total condena aos insultos hom\u00f3fobos que se produciron no partido deste domingo no campo da Sangri\u00f1a a unha das traballadoras municipais encargada do mantemento e coidado das instalaci\u00f3ns deportivas. &hellip; <\/p>\n","protected":false},"author":2,"featured_media":32176,"comment_status":"closed","ping_status":"closed","sticky":false,"template":"","format":"standard","meta":[],"categories":[35,363],"tags":[],"yoast_head":"<!-- This site is optimized with the Yoast SEO plugin v21.1 - https:\/\/yoast.com\/wordpress\/plugins\/seo\/ -->\n<title>O alcalde e o Concello da Guarda condena os insultos hom\u00f3fobos no partido da Uni\u00f3n Guardesa - Concello da Guarda<\/title>\n<meta name=\"description\" content=\"O alcalde e o Concello da Guarda queren expresar a s\u00faa total condena aos insultos hom\u00f3fobos que se produciron no partido deste domingo no\" \/>\n<meta name=\"robots\" content=\"index, follow, max-snippet:-1, max-image-preview:large, max-video-preview:-1\" \/>\n<link rel=\"canonical\" href=\"https:\/\/www.aguarda.es\/en\/o-alcalde-e-o-concello-da-guarda-condena-os-insultos-homofobos-no-partido-da-union-guardesa\/\" \/>\n<meta property=\"og:locale\" content=\"en_US\" \/>\n<meta property=\"og:type\" content=\"article\" \/>\n<meta property=\"og:title\" content=\"O alcalde e o Concello da Guarda condena os insultos hom\u00f3fobos no partido da Uni\u00f3n Guardesa - Concello da Guarda\" \/>\n<meta property=\"og:description\" content=\"O alcalde e o Concello da Guarda queren expresar a s\u00faa total condena aos insultos hom\u00f3fobos que se produciron no partido deste domingo no\" \/>\n<meta property=\"og:url\" content=\"https:\/\/www.aguarda.es\/en\/o-alcalde-e-o-concello-da-guarda-condena-os-insultos-homofobos-no-partido-da-union-guardesa\/\" \/>\n<meta property=\"og:site_name\" content=\"Concello da Guarda\" \/>\n<meta property=\"article:publisher\" content=\"https:\/\/www.facebook.com\/ConcellodaGuarda\" \/>\n<meta property=\"article:published_time\" content=\"2025-04-07T09:10:54+00:00\" \/>\n<meta property=\"article:modified_time\" content=\"2025-04-09T10:13:03+00:00\" \/>\n<meta property=\"og:image\" content=\"https:\/\/www.aguarda.es\/wp-content\/uploads\/2025\/04\/condena-insultos-homofobos.jpeg?_t=1744193584\" \/>\n\t<meta property=\"og:image:width\" content=\"2040\" \/>\n\t<meta property=\"og:image:height\" content=\"1530\" \/>\n\t<meta property=\"og:image:type\" content=\"image\/jpeg\" \/>\n<meta name=\"author\" content=\"prensa\" \/>\n<meta name=\"twitter:card\" content=\"summary_large_image\" \/>\n<meta name=\"twitter:creator\" content=\"@AGuarda_es\" \/>\n<meta name=\"twitter:site\" content=\"@AGuarda_es\" \/>\n<meta name=\"twitter:label1\" content=\"Written by\" \/>\n\t<meta name=\"twitter:data1\" content=\"prensa\" \/>\n\t<meta name=\"twitter:label2\" content=\"Est. reading time\" \/>\n\t<meta name=\"twitter:data2\" content=\"2 minutes\" \/>\n<script type=\"application\/ld+json\" class=\"yoast-schema-graph\">{\"@context\":\"https:\/\/schema.org\",\"@graph\":[{\"@type\":\"WebPage\",\"@id\":\"https:\/\/www.aguarda.es\/en\/o-alcalde-e-o-concello-da-guarda-condena-os-insultos-homofobos-no-partido-da-union-guardesa\/\",\"url\":\"https:\/\/www.aguarda.es\/en\/o-alcalde-e-o-concello-da-guarda-condena-os-insultos-homofobos-no-partido-da-union-guardesa\/\",\"name\":\"O alcalde e o Concello da Guarda condena os insultos hom\u00f3fobos no partido da Uni\u00f3n Guardesa - Concello da Guarda\",\"isPartOf\":{\"@id\":\"https:\/\/www.aguarda.es\/en\/#website\"},\"datePublished\":\"2025-04-07T09:10:54+00:00\",\"dateModified\":\"2025-04-09T10:13:03+00:00\",\"author\":{\"@id\":\"https:\/\/www.aguarda.es\/en\/#\/schema\/person\/c463ca3006858ffb349d11179d044f21\"},\"description\":\"O alcalde e o Concello da Guarda queren expresar a s\u00faa total condena aos insultos hom\u00f3fobos que se produciron no partido deste domingo no\",\"breadcrumb\":{\"@id\":\"https:\/\/www.aguarda.es\/en\/o-alcalde-e-o-concello-da-guarda-condena-os-insultos-homofobos-no-partido-da-union-guardesa\/#breadcrumb\"},\"inLanguage\":\"en-US\",\"potentialAction\":[{\"@type\":\"ReadAction\",\"target\":[\"https:\/\/www.aguarda.es\/en\/o-alcalde-e-o-concello-da-guarda-condena-os-insultos-homofobos-no-partido-da-union-guardesa\/\"]}]},{\"@type\":\"BreadcrumbList\",\"@id\":\"https:\/\/www.aguarda.es\/en\/o-alcalde-e-o-concello-da-guarda-condena-os-insultos-homofobos-no-partido-da-union-guardesa\/#breadcrumb\",\"itemListElement\":[{\"@type\":\"ListItem\",\"position\":1,\"name\":\"Portada\",\"item\":\"https:\/\/www.aguarda.es\/en\/\"},{\"@type\":\"ListItem\",\"position\":2,\"name\":\"O alcalde e o Concello da Guarda condena os insultos hom\u00f3fobos no partido da Uni\u00f3n Guardesa\"}]},{\"@type\":\"WebSite\",\"@id\":\"https:\/\/www.aguarda.es\/en\/#website\",\"url\":\"https:\/\/www.aguarda.es\/en\/\",\"name\":\"Concello da Guarda\",\"description\":\"P\u00e1xina web do concello da Guarda\",\"potentialAction\":[{\"@type\":\"SearchAction\",\"target\":{\"@type\":\"EntryPoint\",\"urlTemplate\":\"https:\/\/www.aguarda.es\/en\/?s={search_term_string}\"},\"query-input\":\"required name=search_term_string\"}],\"inLanguage\":\"en-US\"},{\"@type\":\"Person\",\"@id\":\"https:\/\/www.aguarda.es\/en\/#\/schema\/person\/c463ca3006858ffb349d11179d044f21\",\"name\":\"prensa\",\"image\":{\"@type\":\"ImageObject\",\"inLanguage\":\"en-US\",\"@id\":\"https:\/\/www.aguarda.es\/en\/#\/schema\/person\/image\/\",\"url\":\"https:\/\/secure.gravatar.com\/avatar\/5f90ef536b0f98306edf5c7a1135ffa1?s=96&d=mm&r=g\",\"contentUrl\":\"https:\/\/secure.gravatar.com\/avatar\/5f90ef536b0f98306edf5c7a1135ffa1?s=96&d=mm&r=g\",\"caption\":\"prensa\"},\"url\":\"https:\/\/www.aguarda.es\/en\/author\/prensa\/\"}]}<\/script>\n<!-- \/ Yoast SEO plugin. -->","yoast_head_json":{"title":"O alcalde e o Concello da Guarda condena os insultos hom\u00f3fobos no partido da Uni\u00f3n Guardesa - Concello da Guarda","description":"O alcalde e o Concello da Guarda queren expresar a s\u00faa total condena aos insultos hom\u00f3fobos que se produciron no partido deste domingo no","robots":{"index":"index","follow":"follow","max-snippet":"max-snippet:-1","max-image-preview":"max-image-preview:large","max-video-preview":"max-video-preview:-1"},"canonical":"https:\/\/www.aguarda.es\/en\/o-alcalde-e-o-concello-da-guarda-condena-os-insultos-homofobos-no-partido-da-union-guardesa\/","og_locale":"en_US","og_type":"article","og_title":"O alcalde e o Concello da Guarda condena os insultos hom\u00f3fobos no partido da Uni\u00f3n Guardesa - Concello da Guarda","og_description":"O alcalde e o Concello da Guarda queren expresar a s\u00faa total condena aos insultos hom\u00f3fobos que se produciron no partido deste domingo no","og_url":"https:\/\/www.aguarda.es\/en\/o-alcalde-e-o-concello-da-guarda-condena-os-insultos-homofobos-no-partido-da-union-guardesa\/","og_site_name":"Concello da Guarda","article_publisher":"https:\/\/www.facebook.com\/ConcellodaGuarda","article_published_time":"2025-04-07T09:10:54+00:00","article_modified_time":"2025-04-09T10:13:03+00:00","og_image":[{"width":2040,"height":1530,"url":"https:\/\/www.aguarda.es\/wp-content\/uploads\/2025\/04\/condena-insultos-homofobos.jpeg?_t=1744193584","type":"image\/jpeg"}],"author":"prensa","twitter_card":"summary_large_image","twitter_creator":"@AGuarda_es","twitter_site":"@AGuarda_es","twitter_misc":{"Written by":"prensa","Est. reading time":"2 minutes"},"schema":{"@context":"https:\/\/schema.org","@graph":[{"@type":"WebPage","@id":"https:\/\/www.aguarda.es\/en\/o-alcalde-e-o-concello-da-guarda-condena-os-insultos-homofobos-no-partido-da-union-guardesa\/","url":"https:\/\/www.aguarda.es\/en\/o-alcalde-e-o-concello-da-guarda-condena-os-insultos-homofobos-no-partido-da-union-guardesa\/","name":"O alcalde e o Concello da Guarda condena os insultos hom\u00f3fobos no partido da Uni\u00f3n Guardesa - Concello da Guarda","isPartOf":{"@id":"https:\/\/www.aguarda.es\/en\/#website"},"datePublished":"2025-04-07T09:10:54+00:00","dateModified":"2025-04-09T10:13:03+00:00","author":{"@id":"https:\/\/www.aguarda.es\/en\/#\/schema\/person\/c463ca3006858ffb349d11179d044f21"},"description":"O alcalde e o Concello da Guarda queren expresar a s\u00faa total condena aos insultos hom\u00f3fobos que se produciron no partido deste domingo no","breadcrumb":{"@id":"https:\/\/www.aguarda.es\/en\/o-alcalde-e-o-concello-da-guarda-condena-os-insultos-homofobos-no-partido-da-union-guardesa\/#breadcrumb"},"inLanguage":"en-US","potentialAction":[{"@type":"ReadAction","target":["https:\/\/www.aguarda.es\/en\/o-alcalde-e-o-concello-da-guarda-condena-os-insultos-homofobos-no-partido-da-union-guardesa\/"]}]},{"@type":"BreadcrumbList","@id":"https:\/\/www.aguarda.es\/en\/o-alcalde-e-o-concello-da-guarda-condena-os-insultos-homofobos-no-partido-da-union-guardesa\/#breadcrumb","itemListElement":[{"@type":"ListItem","position":1,"name":"Portada","item":"https:\/\/www.aguarda.es\/en\/"},{"@type":"ListItem","position":2,"name":"O alcalde e o Concello da Guarda condena os insultos hom\u00f3fobos no partido da Uni\u00f3n Guardesa"}]},{"@type":"WebSite","@id":"https:\/\/www.aguarda.es\/en\/#website","url":"https:\/\/www.aguarda.es\/en\/","name":"Concello da Guarda","description":"P\u00e1xina web do concello da Guarda","potentialAction":[{"@type":"SearchAction","target":{"@type":"EntryPoint","urlTemplate":"https:\/\/www.aguarda.es\/en\/?s={search_term_string}"},"query-input":"required name=search_term_string"}],"inLanguage":"en-US"},{"@type":"Person","@id":"https:\/\/www.aguarda.es\/en\/#\/schema\/person\/c463ca3006858ffb349d11179d044f21","name":"prensa","image":{"@type":"ImageObject","inLanguage":"en-US","@id":"https:\/\/www.aguarda.es\/en\/#\/schema\/person\/image\/","url":"https:\/\/secure.gravatar.com\/avatar\/5f90ef536b0f98306edf5c7a1135ffa1?s=96&d=mm&r=g","contentUrl":"https:\/\/secure.gravatar.com\/avatar\/5f90ef536b0f98306edf5c7a1135ffa1?s=96&d=mm&r=g","caption":"prensa"},"url":"https:\/\/www.aguarda.es\/en\/author\/prensa\/"}]}},"_links":{"self":[{"href":"https:\/\/www.aguarda.es\/en\/wp-json\/wp\/v2\/posts\/32178"}],"collection":[{"href":"https:\/\/www.aguarda.es\/en\/wp-json\/wp\/v2\/posts"}],"about":[{"href":"https:\/\/www.aguarda.es\/en\/wp-json\/wp\/v2\/types\/post"}],"author":[{"embeddable":true,"href":"https:\/\/www.aguarda.es\/en\/wp-json\/wp\/v2\/users\/2"}],"replies":[{"embeddable":true,"href":"https:\/\/www.aguarda.es\/en\/wp-json\/wp\/v2\/comments?post=32178"}],"version-history":[{"count":2,"href":"https:\/\/www.aguarda.es\/en\/wp-json\/wp\/v2\/posts\/32178\/revisions"}],"predecessor-version":[{"id":32200,"href":"https:\/\/www.aguarda.es\/en\/wp-json\/wp\/v2\/posts\/32178\/revisions\/32200"}],"wp:featuredmedia":[{"embeddable":true,"href":"https:\/\/www.aguarda.es\/en\/wp-json\/wp\/v2\/media\/32176"}],"wp:attachment":[{"href":"https:\/\/www.aguarda.es\/en\/wp-json\/wp\/v2\/media?parent=32178"}],"wp:term":[{"taxonomy":"category","embeddable":true,"href":"https:\/\/www.aguarda.es\/en\/wp-json\/wp\/v2\/categories?post=32178"},{"taxonomy":"post_tag","embeddable":true,"href":"https:\/\/www.aguarda.es\/en\/wp-json\/wp\/v2\/tags?post=32178"}],"curies":[{"name":"wp","href":"https:\/\/api.w.org\/{rel}","templated":true}]}}