{"id":32184,"date":"2025-04-08T07:34:34","date_gmt":"2025-04-08T07:34:34","guid":{"rendered":"https:\/\/www.aguarda.es\/?p=32184"},"modified":"2025-04-08T07:34:34","modified_gmt":"2025-04-08T07:34:34","slug":"o-coro-gli-appassionati-enche-de-musica-a-igrexa-este-sabado","status":"publish","type":"post","link":"https:\/\/www.aguarda.es\/en\/o-coro-gli-appassionati-enche-de-musica-a-igrexa-este-sabado\/","title":{"rendered":"O Coro Gli Appassionati enche de m\u00fasica a igrexa este s\u00e1bado"},"content":{"rendered":"<p class=\"western\" align=\"left\"><span style=\"color: #000000;\"><span style=\"font-family: Arial, serif;\"><span style=\"font-size: medium;\"><span lang=\"gl-ES\">Este <strong>s\u00e1bado 12 de abril<\/strong>, a Igrexa Parroquial da Guarda acolle un concerto do<strong> coro Gli Appassionati a partir das 21:00h<\/strong>.<\/span><\/span><\/span><\/span><\/p>\n<p class=\"western\" align=\"left\"><span style=\"color: #000000;\"><span style=\"font-family: Arial, serif;\"><span style=\"font-size: medium;\"><span lang=\"gl-ES\">A obra que interpretar\u00e1n ser\u00e1 o <strong>\u2018Stabat Mater\u2019 de Steve Dobrogosz<\/strong>, que combina elementos da m\u00fasica cl\u00e1sica e do jazz. Esta obra conta con 8 movementos para desfrutar das voces e da m\u00fasica desta agrupaci\u00f3n.<\/span><\/span><\/span><\/span><\/p>\n<p class=\"western\" align=\"left\"><span style=\"color: #000000;\"><span style=\"font-family: Arial, serif;\"><span style=\"font-size: medium;\"><span lang=\"gl-ES\">Este coro vigu\u00e9s, con apenas 13 anos de antig\u00fcidade, xa recibiu numerosos premios desde a s\u00faa formaci\u00f3n e compartiu escenario con formaci\u00f3n como a Real Filharm\u00f3nica de Galicia. <\/span><\/span><\/span><\/span><\/p>\n","protected":false},"excerpt":{"rendered":"<p>Este s\u00e1bado 12 de abril, a Igrexa Parroquial da Guarda acolle un concerto do coro Gli Appassionati a partir das 21:00h. A obra que interpretar\u00e1n ser\u00e1 o \u2018Stabat Mater\u2019 de Steve Dobrogosz, que combina elementos da m\u00fasica cl\u00e1sica e do &hellip; <\/p>\n","protected":false},"author":2,"featured_media":32182,"comment_status":"closed","ping_status":"closed","sticky":false,"template":"","format":"standard","meta":[],"categories":[34,363],"tags":[],"yoast_head":"<!-- This site is optimized with the Yoast SEO plugin v21.1 - https:\/\/yoast.com\/wordpress\/plugins\/seo\/ -->\n<title>O Coro Gli Appassionati enche de m\u00fasica a igrexa este s\u00e1bado - Concello da Guarda<\/title>\n<meta name=\"description\" content=\"Este s\u00e1bado 12 de abril, a Igrexa Parroquial da Guarda acolle un concerto do coro Gli Appassionati a partir das 21:00h.\" \/>\n<meta name=\"robots\" content=\"index, follow, max-snippet:-1, max-image-preview:large, max-video-preview:-1\" \/>\n<link rel=\"canonical\" href=\"https:\/\/www.aguarda.es\/en\/o-coro-gli-appassionati-enche-de-musica-a-igrexa-este-sabado\/\" \/>\n<meta property=\"og:locale\" content=\"en_US\" \/>\n<meta property=\"og:type\" content=\"article\" \/>\n<meta property=\"og:title\" content=\"O Coro Gli Appassionati enche de m\u00fasica a igrexa este s\u00e1bado - Concello da Guarda\" \/>\n<meta property=\"og:description\" content=\"Este s\u00e1bado 12 de abril, a Igrexa Parroquial da Guarda acolle un concerto do coro Gli Appassionati a partir das 21:00h.\" \/>\n<meta property=\"og:url\" content=\"https:\/\/www.aguarda.es\/en\/o-coro-gli-appassionati-enche-de-musica-a-igrexa-este-sabado\/\" \/>\n<meta property=\"og:site_name\" content=\"Concello da Guarda\" \/>\n<meta property=\"article:publisher\" content=\"https:\/\/www.facebook.com\/ConcellodaGuarda\" \/>\n<meta property=\"article:published_time\" content=\"2025-04-08T07:34:34+00:00\" \/>\n<meta property=\"og:image\" content=\"https:\/\/www.aguarda.es\/wp-content\/uploads\/2025\/04\/tn_Nuestra-Santa-Maria-da-Guarda-Concierto-Sabado-12-abril.png?_t=1744097675\" \/>\n\t<meta property=\"og:image:width\" content=\"354\" \/>\n\t<meta property=\"og:image:height\" content=\"500\" \/>\n\t<meta property=\"og:image:type\" content=\"image\/png\" \/>\n<meta name=\"author\" content=\"prensa\" \/>\n<meta name=\"twitter:card\" content=\"summary_large_image\" \/>\n<meta name=\"twitter:creator\" content=\"@AGuarda_es\" \/>\n<meta name=\"twitter:site\" content=\"@AGuarda_es\" \/>\n<meta name=\"twitter:label1\" content=\"Written by\" \/>\n\t<meta name=\"twitter:data1\" content=\"prensa\" \/>\n\t<meta name=\"twitter:label2\" content=\"Est. reading time\" \/>\n\t<meta name=\"twitter:data2\" content=\"1 minute\" \/>\n<script type=\"application\/ld+json\" class=\"yoast-schema-graph\">{\"@context\":\"https:\/\/schema.org\",\"@graph\":[{\"@type\":\"WebPage\",\"@id\":\"https:\/\/www.aguarda.es\/en\/o-coro-gli-appassionati-enche-de-musica-a-igrexa-este-sabado\/\",\"url\":\"https:\/\/www.aguarda.es\/en\/o-coro-gli-appassionati-enche-de-musica-a-igrexa-este-sabado\/\",\"name\":\"O Coro Gli Appassionati enche de m\u00fasica a igrexa este s\u00e1bado - Concello da Guarda\",\"isPartOf\":{\"@id\":\"https:\/\/www.aguarda.es\/en\/#website\"},\"datePublished\":\"2025-04-08T07:34:34+00:00\",\"dateModified\":\"2025-04-08T07:34:34+00:00\",\"author\":{\"@id\":\"https:\/\/www.aguarda.es\/en\/#\/schema\/person\/c463ca3006858ffb349d11179d044f21\"},\"description\":\"Este s\u00e1bado 12 de abril, a Igrexa Parroquial da Guarda acolle un concerto do coro Gli Appassionati a partir das 21:00h.\",\"breadcrumb\":{\"@id\":\"https:\/\/www.aguarda.es\/en\/o-coro-gli-appassionati-enche-de-musica-a-igrexa-este-sabado\/#breadcrumb\"},\"inLanguage\":\"en-US\",\"potentialAction\":[{\"@type\":\"ReadAction\",\"target\":[\"https:\/\/www.aguarda.es\/en\/o-coro-gli-appassionati-enche-de-musica-a-igrexa-este-sabado\/\"]}]},{\"@type\":\"BreadcrumbList\",\"@id\":\"https:\/\/www.aguarda.es\/en\/o-coro-gli-appassionati-enche-de-musica-a-igrexa-este-sabado\/#breadcrumb\",\"itemListElement\":[{\"@type\":\"ListItem\",\"position\":1,\"name\":\"Portada\",\"item\":\"https:\/\/www.aguarda.es\/en\/\"},{\"@type\":\"ListItem\",\"position\":2,\"name\":\"O Coro Gli Appassionati enche de m\u00fasica a igrexa este s\u00e1bado\"}]},{\"@type\":\"WebSite\",\"@id\":\"https:\/\/www.aguarda.es\/en\/#website\",\"url\":\"https:\/\/www.aguarda.es\/en\/\",\"name\":\"Concello da Guarda\",\"description\":\"P\u00e1xina web do concello da Guarda\",\"potentialAction\":[{\"@type\":\"SearchAction\",\"target\":{\"@type\":\"EntryPoint\",\"urlTemplate\":\"https:\/\/www.aguarda.es\/en\/?s={search_term_string}\"},\"query-input\":\"required name=search_term_string\"}],\"inLanguage\":\"en-US\"},{\"@type\":\"Person\",\"@id\":\"https:\/\/www.aguarda.es\/en\/#\/schema\/person\/c463ca3006858ffb349d11179d044f21\",\"name\":\"prensa\",\"image\":{\"@type\":\"ImageObject\",\"inLanguage\":\"en-US\",\"@id\":\"https:\/\/www.aguarda.es\/en\/#\/schema\/person\/image\/\",\"url\":\"https:\/\/secure.gravatar.com\/avatar\/5f90ef536b0f98306edf5c7a1135ffa1?s=96&d=mm&r=g\",\"contentUrl\":\"https:\/\/secure.gravatar.com\/avatar\/5f90ef536b0f98306edf5c7a1135ffa1?s=96&d=mm&r=g\",\"caption\":\"prensa\"},\"url\":\"https:\/\/www.aguarda.es\/en\/author\/prensa\/\"}]}<\/script>\n<!-- \/ Yoast SEO plugin. -->","yoast_head_json":{"title":"O Coro Gli Appassionati enche de m\u00fasica a igrexa este s\u00e1bado - Concello da Guarda","description":"Este s\u00e1bado 12 de abril, a Igrexa Parroquial da Guarda acolle un concerto do coro Gli Appassionati a partir das 21:00h.","robots":{"index":"index","follow":"follow","max-snippet":"max-snippet:-1","max-image-preview":"max-image-preview:large","max-video-preview":"max-video-preview:-1"},"canonical":"https:\/\/www.aguarda.es\/en\/o-coro-gli-appassionati-enche-de-musica-a-igrexa-este-sabado\/","og_locale":"en_US","og_type":"article","og_title":"O Coro Gli Appassionati enche de m\u00fasica a igrexa este s\u00e1bado - Concello da Guarda","og_description":"Este s\u00e1bado 12 de abril, a Igrexa Parroquial da Guarda acolle un concerto do coro Gli Appassionati a partir das 21:00h.","og_url":"https:\/\/www.aguarda.es\/en\/o-coro-gli-appassionati-enche-de-musica-a-igrexa-este-sabado\/","og_site_name":"Concello da Guarda","article_publisher":"https:\/\/www.facebook.com\/ConcellodaGuarda","article_published_time":"2025-04-08T07:34:34+00:00","og_image":[{"width":354,"height":500,"url":"https:\/\/www.aguarda.es\/wp-content\/uploads\/2025\/04\/tn_Nuestra-Santa-Maria-da-Guarda-Concierto-Sabado-12-abril.png?_t=1744097675","type":"image\/png"}],"author":"prensa","twitter_card":"summary_large_image","twitter_creator":"@AGuarda_es","twitter_site":"@AGuarda_es","twitter_misc":{"Written by":"prensa","Est. reading time":"1 minute"},"schema":{"@context":"https:\/\/schema.org","@graph":[{"@type":"WebPage","@id":"https:\/\/www.aguarda.es\/en\/o-coro-gli-appassionati-enche-de-musica-a-igrexa-este-sabado\/","url":"https:\/\/www.aguarda.es\/en\/o-coro-gli-appassionati-enche-de-musica-a-igrexa-este-sabado\/","name":"O Coro Gli Appassionati enche de m\u00fasica a igrexa este s\u00e1bado - Concello da Guarda","isPartOf":{"@id":"https:\/\/www.aguarda.es\/en\/#website"},"datePublished":"2025-04-08T07:34:34+00:00","dateModified":"2025-04-08T07:34:34+00:00","author":{"@id":"https:\/\/www.aguarda.es\/en\/#\/schema\/person\/c463ca3006858ffb349d11179d044f21"},"description":"Este s\u00e1bado 12 de abril, a Igrexa Parroquial da Guarda acolle un concerto do coro Gli Appassionati a partir das 21:00h.","breadcrumb":{"@id":"https:\/\/www.aguarda.es\/en\/o-coro-gli-appassionati-enche-de-musica-a-igrexa-este-sabado\/#breadcrumb"},"inLanguage":"en-US","potentialAction":[{"@type":"ReadAction","target":["https:\/\/www.aguarda.es\/en\/o-coro-gli-appassionati-enche-de-musica-a-igrexa-este-sabado\/"]}]},{"@type":"BreadcrumbList","@id":"https:\/\/www.aguarda.es\/en\/o-coro-gli-appassionati-enche-de-musica-a-igrexa-este-sabado\/#breadcrumb","itemListElement":[{"@type":"ListItem","position":1,"name":"Portada","item":"https:\/\/www.aguarda.es\/en\/"},{"@type":"ListItem","position":2,"name":"O Coro Gli Appassionati enche de m\u00fasica a igrexa este s\u00e1bado"}]},{"@type":"WebSite","@id":"https:\/\/www.aguarda.es\/en\/#website","url":"https:\/\/www.aguarda.es\/en\/","name":"Concello da Guarda","description":"P\u00e1xina web do concello da Guarda","potentialAction":[{"@type":"SearchAction","target":{"@type":"EntryPoint","urlTemplate":"https:\/\/www.aguarda.es\/en\/?s={search_term_string}"},"query-input":"required name=search_term_string"}],"inLanguage":"en-US"},{"@type":"Person","@id":"https:\/\/www.aguarda.es\/en\/#\/schema\/person\/c463ca3006858ffb349d11179d044f21","name":"prensa","image":{"@type":"ImageObject","inLanguage":"en-US","@id":"https:\/\/www.aguarda.es\/en\/#\/schema\/person\/image\/","url":"https:\/\/secure.gravatar.com\/avatar\/5f90ef536b0f98306edf5c7a1135ffa1?s=96&d=mm&r=g","contentUrl":"https:\/\/secure.gravatar.com\/avatar\/5f90ef536b0f98306edf5c7a1135ffa1?s=96&d=mm&r=g","caption":"prensa"},"url":"https:\/\/www.aguarda.es\/en\/author\/prensa\/"}]}},"_links":{"self":[{"href":"https:\/\/www.aguarda.es\/en\/wp-json\/wp\/v2\/posts\/32184"}],"collection":[{"href":"https:\/\/www.aguarda.es\/en\/wp-json\/wp\/v2\/posts"}],"about":[{"href":"https:\/\/www.aguarda.es\/en\/wp-json\/wp\/v2\/types\/post"}],"author":[{"embeddable":true,"href":"https:\/\/www.aguarda.es\/en\/wp-json\/wp\/v2\/users\/2"}],"replies":[{"embeddable":true,"href":"https:\/\/www.aguarda.es\/en\/wp-json\/wp\/v2\/comments?post=32184"}],"version-history":[{"count":1,"href":"https:\/\/www.aguarda.es\/en\/wp-json\/wp\/v2\/posts\/32184\/revisions"}],"predecessor-version":[{"id":32185,"href":"https:\/\/www.aguarda.es\/en\/wp-json\/wp\/v2\/posts\/32184\/revisions\/32185"}],"wp:featuredmedia":[{"embeddable":true,"href":"https:\/\/www.aguarda.es\/en\/wp-json\/wp\/v2\/media\/32182"}],"wp:attachment":[{"href":"https:\/\/www.aguarda.es\/en\/wp-json\/wp\/v2\/media?parent=32184"}],"wp:term":[{"taxonomy":"category","embeddable":true,"href":"https:\/\/www.aguarda.es\/en\/wp-json\/wp\/v2\/categories?post=32184"},{"taxonomy":"post_tag","embeddable":true,"href":"https:\/\/www.aguarda.es\/en\/wp-json\/wp\/v2\/tags?post=32184"}],"curies":[{"name":"wp","href":"https:\/\/api.w.org\/{rel}","templated":true}]}}