{"id":32243,"date":"2025-04-16T07:55:24","date_gmt":"2025-04-16T07:55:24","guid":{"rendered":"https:\/\/www.aguarda.es\/?p=32243"},"modified":"2025-04-11T07:57:26","modified_gmt":"2025-04-11T07:57:26","slug":"a-guarda-celebra-o-dia-do-libro-cun-contacontos-na-biblioteca-municipal","status":"publish","type":"post","link":"https:\/\/www.aguarda.es\/en\/a-guarda-celebra-o-dia-do-libro-cun-contacontos-na-biblioteca-municipal\/","title":{"rendered":"A Guarda celebra o D\u00eda do Libro cun contacontos na Biblioteca Municipal"},"content":{"rendered":"<p class=\"western\" align=\"left\"><span style=\"font-family: Arial, serif; color: #000000;\"><span lang=\"gl-ES\">O d\u00eda 23 de abril cel\u00e9brase o <strong>D\u00eda do Libro<\/strong> e para conmemoralo a<strong> Biblioteca Municipal da Guarda<\/strong> trae un contacontos para os m\u00e1is pequenos da casa.<\/span><\/span><\/p>\n<p class=\"western\" align=\"left\"><span style=\"font-family: Arial, serif; color: #000000;\"><span lang=\"gl-ES\">Bandullo Azul presenta o contacontos <strong>\u201cOs contos do gato\u201d o m\u00e9rcores 23 \u00e1s 18:30horas.<\/strong> O gato Fazulas chega cunha chea de contos, xa que lle encanta compartir historias que el mesmo vive como se fose o protagonista. <\/span><\/span><\/p>\n<p class=\"western\" align=\"left\"><span style=\"font-family: Arial, serif; color: #000000;\"><span lang=\"gl-ES\">Este gato dormil\u00f3n, comil\u00f3n e algo vacil\u00f3n trae consigo ao seu amigo o Profesor e ambos ve\u00f1en con moitas ganas de pasalo ben. <\/span><\/span><\/p>\n<p class=\"western\" align=\"left\"><span style=\"color: #000000;\"><span style=\"font-family: Arial, serif;\"><span style=\"font-size: medium;\"><span lang=\"gl-ES\">A entrada<\/span><\/span><\/span><span style=\"font-family: Arial, serif;\"><span lang=\"gl-ES\"> \u00e9 libre ata completar aforo. Deste xeito, os m\u00e1is pequenos aprender\u00e1n a importancia da lectura e o poder das historias e dos contos. <\/span><\/span><\/span><\/p>\n","protected":false},"excerpt":{"rendered":"<p>O d\u00eda 23 de abril cel\u00e9brase o D\u00eda do Libro e para conmemoralo a Biblioteca Municipal da Guarda trae un contacontos para os m\u00e1is pequenos da casa. Bandullo Azul presenta o contacontos \u201cOs contos do gato\u201d o m\u00e9rcores 23 \u00e1s &hellip; <\/p>\n","protected":false},"author":2,"featured_media":32219,"comment_status":"closed","ping_status":"closed","sticky":false,"template":"","format":"standard","meta":[],"categories":[34,363],"tags":[],"yoast_head":"<!-- This site is optimized with the Yoast SEO plugin v21.1 - https:\/\/yoast.com\/wordpress\/plugins\/seo\/ -->\n<title>A Guarda celebra o D\u00eda do Libro cun contacontos na Biblioteca Municipal - Concello da Guarda<\/title>\n<meta name=\"description\" content=\"O d\u00eda 23 de abril cel\u00e9brase o D\u00eda do Libro e para conmemoralo a Biblioteca Municipal da Guarda trae un contacontos para os m\u00e1is pequenos da\" \/>\n<meta name=\"robots\" content=\"index, follow, max-snippet:-1, max-image-preview:large, max-video-preview:-1\" \/>\n<link rel=\"canonical\" href=\"https:\/\/www.aguarda.es\/en\/a-guarda-celebra-o-dia-do-libro-cun-contacontos-na-biblioteca-municipal\/\" \/>\n<meta property=\"og:locale\" content=\"en_US\" \/>\n<meta property=\"og:type\" content=\"article\" \/>\n<meta property=\"og:title\" content=\"A Guarda celebra o D\u00eda do Libro cun contacontos na Biblioteca Municipal - Concello da Guarda\" \/>\n<meta property=\"og:description\" content=\"O d\u00eda 23 de abril cel\u00e9brase o D\u00eda do Libro e para conmemoralo a Biblioteca Municipal da Guarda trae un contacontos para os m\u00e1is pequenos da\" \/>\n<meta property=\"og:url\" content=\"https:\/\/www.aguarda.es\/en\/a-guarda-celebra-o-dia-do-libro-cun-contacontos-na-biblioteca-municipal\/\" \/>\n<meta property=\"og:site_name\" content=\"Concello da Guarda\" \/>\n<meta property=\"article:publisher\" content=\"https:\/\/www.facebook.com\/ConcellodaGuarda\" \/>\n<meta property=\"article:published_time\" content=\"2025-04-16T07:55:24+00:00\" \/>\n<meta property=\"article:modified_time\" content=\"2025-04-11T07:57:26+00:00\" \/>\n<meta property=\"og:image\" content=\"https:\/\/www.aguarda.es\/wp-content\/uploads\/2025\/04\/Contacontos-Dia-do-Libro.jpg\" \/>\n\t<meta property=\"og:image:width\" content=\"1587\" \/>\n\t<meta property=\"og:image:height\" content=\"2245\" \/>\n\t<meta property=\"og:image:type\" content=\"image\/jpeg\" \/>\n<meta name=\"author\" content=\"prensa\" \/>\n<meta name=\"twitter:card\" content=\"summary_large_image\" \/>\n<meta name=\"twitter:creator\" content=\"@AGuarda_es\" \/>\n<meta name=\"twitter:site\" content=\"@AGuarda_es\" \/>\n<meta name=\"twitter:label1\" content=\"Written by\" \/>\n\t<meta name=\"twitter:data1\" content=\"prensa\" \/>\n\t<meta name=\"twitter:label2\" content=\"Est. reading time\" \/>\n\t<meta name=\"twitter:data2\" content=\"1 minute\" \/>\n<script type=\"application\/ld+json\" class=\"yoast-schema-graph\">{\"@context\":\"https:\/\/schema.org\",\"@graph\":[{\"@type\":\"WebPage\",\"@id\":\"https:\/\/www.aguarda.es\/en\/a-guarda-celebra-o-dia-do-libro-cun-contacontos-na-biblioteca-municipal\/\",\"url\":\"https:\/\/www.aguarda.es\/en\/a-guarda-celebra-o-dia-do-libro-cun-contacontos-na-biblioteca-municipal\/\",\"name\":\"A Guarda celebra o D\u00eda do Libro cun contacontos na Biblioteca Municipal - Concello da Guarda\",\"isPartOf\":{\"@id\":\"https:\/\/www.aguarda.es\/en\/#website\"},\"datePublished\":\"2025-04-16T07:55:24+00:00\",\"dateModified\":\"2025-04-11T07:57:26+00:00\",\"author\":{\"@id\":\"https:\/\/www.aguarda.es\/en\/#\/schema\/person\/c463ca3006858ffb349d11179d044f21\"},\"description\":\"O d\u00eda 23 de abril cel\u00e9brase o D\u00eda do Libro e para conmemoralo a Biblioteca Municipal da Guarda trae un contacontos para os m\u00e1is pequenos da\",\"breadcrumb\":{\"@id\":\"https:\/\/www.aguarda.es\/en\/a-guarda-celebra-o-dia-do-libro-cun-contacontos-na-biblioteca-municipal\/#breadcrumb\"},\"inLanguage\":\"en-US\",\"potentialAction\":[{\"@type\":\"ReadAction\",\"target\":[\"https:\/\/www.aguarda.es\/en\/a-guarda-celebra-o-dia-do-libro-cun-contacontos-na-biblioteca-municipal\/\"]}]},{\"@type\":\"BreadcrumbList\",\"@id\":\"https:\/\/www.aguarda.es\/en\/a-guarda-celebra-o-dia-do-libro-cun-contacontos-na-biblioteca-municipal\/#breadcrumb\",\"itemListElement\":[{\"@type\":\"ListItem\",\"position\":1,\"name\":\"Portada\",\"item\":\"https:\/\/www.aguarda.es\/en\/\"},{\"@type\":\"ListItem\",\"position\":2,\"name\":\"A Guarda celebra o D\u00eda do Libro cun contacontos na Biblioteca Municipal\"}]},{\"@type\":\"WebSite\",\"@id\":\"https:\/\/www.aguarda.es\/en\/#website\",\"url\":\"https:\/\/www.aguarda.es\/en\/\",\"name\":\"Concello da Guarda\",\"description\":\"P\u00e1xina web do concello da Guarda\",\"potentialAction\":[{\"@type\":\"SearchAction\",\"target\":{\"@type\":\"EntryPoint\",\"urlTemplate\":\"https:\/\/www.aguarda.es\/en\/?s={search_term_string}\"},\"query-input\":\"required name=search_term_string\"}],\"inLanguage\":\"en-US\"},{\"@type\":\"Person\",\"@id\":\"https:\/\/www.aguarda.es\/en\/#\/schema\/person\/c463ca3006858ffb349d11179d044f21\",\"name\":\"prensa\",\"image\":{\"@type\":\"ImageObject\",\"inLanguage\":\"en-US\",\"@id\":\"https:\/\/www.aguarda.es\/en\/#\/schema\/person\/image\/\",\"url\":\"https:\/\/secure.gravatar.com\/avatar\/5f90ef536b0f98306edf5c7a1135ffa1?s=96&d=mm&r=g\",\"contentUrl\":\"https:\/\/secure.gravatar.com\/avatar\/5f90ef536b0f98306edf5c7a1135ffa1?s=96&d=mm&r=g\",\"caption\":\"prensa\"},\"url\":\"https:\/\/www.aguarda.es\/en\/author\/prensa\/\"}]}<\/script>\n<!-- \/ Yoast SEO plugin. -->","yoast_head_json":{"title":"A Guarda celebra o D\u00eda do Libro cun contacontos na Biblioteca Municipal - Concello da Guarda","description":"O d\u00eda 23 de abril cel\u00e9brase o D\u00eda do Libro e para conmemoralo a Biblioteca Municipal da Guarda trae un contacontos para os m\u00e1is pequenos da","robots":{"index":"index","follow":"follow","max-snippet":"max-snippet:-1","max-image-preview":"max-image-preview:large","max-video-preview":"max-video-preview:-1"},"canonical":"https:\/\/www.aguarda.es\/en\/a-guarda-celebra-o-dia-do-libro-cun-contacontos-na-biblioteca-municipal\/","og_locale":"en_US","og_type":"article","og_title":"A Guarda celebra o D\u00eda do Libro cun contacontos na Biblioteca Municipal - Concello da Guarda","og_description":"O d\u00eda 23 de abril cel\u00e9brase o D\u00eda do Libro e para conmemoralo a Biblioteca Municipal da Guarda trae un contacontos para os m\u00e1is pequenos da","og_url":"https:\/\/www.aguarda.es\/en\/a-guarda-celebra-o-dia-do-libro-cun-contacontos-na-biblioteca-municipal\/","og_site_name":"Concello da Guarda","article_publisher":"https:\/\/www.facebook.com\/ConcellodaGuarda","article_published_time":"2025-04-16T07:55:24+00:00","article_modified_time":"2025-04-11T07:57:26+00:00","og_image":[{"width":1587,"height":2245,"url":"https:\/\/www.aguarda.es\/wp-content\/uploads\/2025\/04\/Contacontos-Dia-do-Libro.jpg","type":"image\/jpeg"}],"author":"prensa","twitter_card":"summary_large_image","twitter_creator":"@AGuarda_es","twitter_site":"@AGuarda_es","twitter_misc":{"Written by":"prensa","Est. reading time":"1 minute"},"schema":{"@context":"https:\/\/schema.org","@graph":[{"@type":"WebPage","@id":"https:\/\/www.aguarda.es\/en\/a-guarda-celebra-o-dia-do-libro-cun-contacontos-na-biblioteca-municipal\/","url":"https:\/\/www.aguarda.es\/en\/a-guarda-celebra-o-dia-do-libro-cun-contacontos-na-biblioteca-municipal\/","name":"A Guarda celebra o D\u00eda do Libro cun contacontos na Biblioteca Municipal - Concello da Guarda","isPartOf":{"@id":"https:\/\/www.aguarda.es\/en\/#website"},"datePublished":"2025-04-16T07:55:24+00:00","dateModified":"2025-04-11T07:57:26+00:00","author":{"@id":"https:\/\/www.aguarda.es\/en\/#\/schema\/person\/c463ca3006858ffb349d11179d044f21"},"description":"O d\u00eda 23 de abril cel\u00e9brase o D\u00eda do Libro e para conmemoralo a Biblioteca Municipal da Guarda trae un contacontos para os m\u00e1is pequenos da","breadcrumb":{"@id":"https:\/\/www.aguarda.es\/en\/a-guarda-celebra-o-dia-do-libro-cun-contacontos-na-biblioteca-municipal\/#breadcrumb"},"inLanguage":"en-US","potentialAction":[{"@type":"ReadAction","target":["https:\/\/www.aguarda.es\/en\/a-guarda-celebra-o-dia-do-libro-cun-contacontos-na-biblioteca-municipal\/"]}]},{"@type":"BreadcrumbList","@id":"https:\/\/www.aguarda.es\/en\/a-guarda-celebra-o-dia-do-libro-cun-contacontos-na-biblioteca-municipal\/#breadcrumb","itemListElement":[{"@type":"ListItem","position":1,"name":"Portada","item":"https:\/\/www.aguarda.es\/en\/"},{"@type":"ListItem","position":2,"name":"A Guarda celebra o D\u00eda do Libro cun contacontos na Biblioteca Municipal"}]},{"@type":"WebSite","@id":"https:\/\/www.aguarda.es\/en\/#website","url":"https:\/\/www.aguarda.es\/en\/","name":"Concello da Guarda","description":"P\u00e1xina web do concello da Guarda","potentialAction":[{"@type":"SearchAction","target":{"@type":"EntryPoint","urlTemplate":"https:\/\/www.aguarda.es\/en\/?s={search_term_string}"},"query-input":"required name=search_term_string"}],"inLanguage":"en-US"},{"@type":"Person","@id":"https:\/\/www.aguarda.es\/en\/#\/schema\/person\/c463ca3006858ffb349d11179d044f21","name":"prensa","image":{"@type":"ImageObject","inLanguage":"en-US","@id":"https:\/\/www.aguarda.es\/en\/#\/schema\/person\/image\/","url":"https:\/\/secure.gravatar.com\/avatar\/5f90ef536b0f98306edf5c7a1135ffa1?s=96&d=mm&r=g","contentUrl":"https:\/\/secure.gravatar.com\/avatar\/5f90ef536b0f98306edf5c7a1135ffa1?s=96&d=mm&r=g","caption":"prensa"},"url":"https:\/\/www.aguarda.es\/en\/author\/prensa\/"}]}},"_links":{"self":[{"href":"https:\/\/www.aguarda.es\/en\/wp-json\/wp\/v2\/posts\/32243"}],"collection":[{"href":"https:\/\/www.aguarda.es\/en\/wp-json\/wp\/v2\/posts"}],"about":[{"href":"https:\/\/www.aguarda.es\/en\/wp-json\/wp\/v2\/types\/post"}],"author":[{"embeddable":true,"href":"https:\/\/www.aguarda.es\/en\/wp-json\/wp\/v2\/users\/2"}],"replies":[{"embeddable":true,"href":"https:\/\/www.aguarda.es\/en\/wp-json\/wp\/v2\/comments?post=32243"}],"version-history":[{"count":1,"href":"https:\/\/www.aguarda.es\/en\/wp-json\/wp\/v2\/posts\/32243\/revisions"}],"predecessor-version":[{"id":32244,"href":"https:\/\/www.aguarda.es\/en\/wp-json\/wp\/v2\/posts\/32243\/revisions\/32244"}],"wp:featuredmedia":[{"embeddable":true,"href":"https:\/\/www.aguarda.es\/en\/wp-json\/wp\/v2\/media\/32219"}],"wp:attachment":[{"href":"https:\/\/www.aguarda.es\/en\/wp-json\/wp\/v2\/media?parent=32243"}],"wp:term":[{"taxonomy":"category","embeddable":true,"href":"https:\/\/www.aguarda.es\/en\/wp-json\/wp\/v2\/categories?post=32243"},{"taxonomy":"post_tag","embeddable":true,"href":"https:\/\/www.aguarda.es\/en\/wp-json\/wp\/v2\/tags?post=32243"}],"curies":[{"name":"wp","href":"https:\/\/api.w.org\/{rel}","templated":true}]}}