{"id":32279,"date":"2025-04-16T16:37:45","date_gmt":"2025-04-16T16:37:45","guid":{"rendered":"https:\/\/www.aguarda.es\/?p=32279"},"modified":"2025-04-16T16:37:45","modified_gmt":"2025-04-16T16:37:45","slug":"o-clinic-do-celta-forma-na-guarda-a-26-rapaces-de-4-a-14-anos","status":"publish","type":"post","link":"https:\/\/www.aguarda.es\/en\/o-clinic-do-celta-forma-na-guarda-a-26-rapaces-de-4-a-14-anos\/","title":{"rendered":"O Clinic do Celta forma na Guarda a 26 rapaces de 4 a 14 anos"},"content":{"rendered":"<p class=\"western\" align=\"left\"><span style=\"font-family: Arial, serif;\"><span lang=\"gl-ES\">Un total de 26 nenos da Guarda desfrutaron estes d\u00edas do<strong> Clinic que o RC Celta de Vigo<\/strong> organizaba no campo de f\u00fatbol da Sangri\u00f1a.<\/span><\/span><\/p>\n<p class=\"western\" align=\"left\"><span style=\"font-family: Arial, serif;\"><span lang=\"gl-ES\">Coa colaboraci\u00f3n do Concello da Guarda e do Sporting Guard\u00e9s, esta actividade <\/span><\/span><span style=\"font-family: Arial, serif;\"><span style=\"font-size: medium;\"><span lang=\"gl-ES\">permite \u00e1 rapazada seguir fortalecendo as habilidades futbol\u00edsticas, sen esquecer os valores do deporte. <\/span><\/span><\/span><\/p>\n<p class=\"western\" align=\"left\"><span style=\"font-family: Arial, serif;\"><span style=\"font-size: medium;\"><span lang=\"gl-ES\">Esta terceira edici\u00f3n volveu a ser unha oportunidade para que os nenos adestraran, a\u00ednda que fose por uns d\u00edas, como os seus <strong>xogadores favoritos<\/strong>. Ademais de aprender e mellorar o seu xogo e habilidade, a diversi\u00f3n tam\u00e9n reinou no campo da Sangri\u00f1a.<\/span><\/span><\/span><\/p>\n<p class=\"western\" align=\"left\">\u201c<span style=\"font-family: Arial, serif;\"><span lang=\"gl-ES\">Foi moi f\u00e1cil traballar con eles; son <strong>supereducados\u201d<\/strong>, destacaba un dos seus adestradores estes d\u00edas, M<\/span><\/span><span style=\"font-family: Arial, serif;\"><span style=\"font-size: medium;\"><span lang=\"gl-ES\">art\u00edn<\/span><\/span><\/span><span style=\"font-family: Arial, serif;\"><span lang=\"gl-ES\"> Varela. Ademais, \u201cagardamos volver o ano que v\u00e9n, a\u00ednda que falaremos co alcalde para que nos mellore o tempo\u201d, engad\u00eda Varela, sobre os d\u00edas de chuvia nos que lle tocou traballar.<\/span><\/span><\/p>\n<p class=\"western\" align=\"left\"><span style=\"font-family: Arial, serif;\"><span lang=\"gl-ES\">A\u00ednda as\u00ed, os nenos guardeses aproveitaron ao m\u00e1ximo esta <strong>oportunidade<\/strong> e como dic\u00eda, V\u00edctor Lomba, presidente do Sporting Guard\u00e9s: \u201cesta \u00e9 a terceira edici\u00f3n, mais agardamos que haxa m\u00e1is\u201d. <\/span><\/span><\/p>\n<p class=\"western\" align=\"left\"><span style=\"font-family: Arial, serif;\"><span lang=\"gl-ES\">Para rematar o alcalde quixo agradecer ao RC Celta por elixir A Guarda para esta actividade, agardando \u201cque de aqu\u00ed <strong>saian moi bos xogadores<\/strong> tanto para o Sporting Guard\u00e9s, como para o Celta de Vigo\u201d. O Celta agasallou ao Sporting e ao Concello cun bander\u00edn de capit\u00e1n co escudo do club vigu\u00e9s.<\/span><\/span><\/p>\n<p align=\"left\"><img decoding=\"async\" loading=\"lazy\" class=\"aligncenter  wp-image-32277\" src=\"https:\/\/www.aguarda.es\/wp-content\/uploads\/2025\/04\/clinic-celta-vigo-A-Guarda-2.jpeg\" alt=\"\" width=\"697\" height=\"392\" srcset=\"https:\/\/www.aguarda.es\/wp-content\/uploads\/2025\/04\/clinic-celta-vigo-A-Guarda-2.jpeg 2040w, https:\/\/www.aguarda.es\/wp-content\/uploads\/2025\/04\/clinic-celta-vigo-A-Guarda-2-300x169.jpeg 300w, https:\/\/www.aguarda.es\/wp-content\/uploads\/2025\/04\/clinic-celta-vigo-A-Guarda-2-1024x576.jpeg 1024w, https:\/\/www.aguarda.es\/wp-content\/uploads\/2025\/04\/clinic-celta-vigo-A-Guarda-2-768x432.jpeg 768w, https:\/\/www.aguarda.es\/wp-content\/uploads\/2025\/04\/clinic-celta-vigo-A-Guarda-2-1536x864.jpeg 1536w\" sizes=\"(max-width: 697px) 100vw, 697px\" \/><\/p>\n","protected":false},"excerpt":{"rendered":"<p>Un total de 26 nenos da Guarda desfrutaron estes d\u00edas do Clinic que o RC Celta de Vigo organizaba no campo de f\u00fatbol da Sangri\u00f1a. Coa colaboraci\u00f3n do Concello da Guarda e do Sporting Guard\u00e9s, esta actividade permite \u00e1 rapazada &hellip; <\/p>\n","protected":false},"author":2,"featured_media":32275,"comment_status":"closed","ping_status":"closed","sticky":false,"template":"","format":"standard","meta":[],"categories":[35,363],"tags":[],"yoast_head":"<!-- This site is optimized with the Yoast SEO plugin v21.1 - https:\/\/yoast.com\/wordpress\/plugins\/seo\/ -->\n<title>O Clinic do Celta forma na Guarda a 26 rapaces de 4 a 14 anos - Concello da Guarda<\/title>\n<meta name=\"description\" content=\"Un total de 26 nenos da Guarda desfrutaron estes d\u00edas do Clinic que o RC Celta de Vigo organizaba no campo de f\u00fatbol da Sangri\u00f1a.Coa\" \/>\n<meta name=\"robots\" content=\"index, follow, max-snippet:-1, max-image-preview:large, max-video-preview:-1\" \/>\n<link rel=\"canonical\" href=\"https:\/\/www.aguarda.es\/en\/o-clinic-do-celta-forma-na-guarda-a-26-rapaces-de-4-a-14-anos\/\" \/>\n<meta property=\"og:locale\" content=\"en_US\" \/>\n<meta property=\"og:type\" content=\"article\" \/>\n<meta property=\"og:title\" content=\"O Clinic do Celta forma na Guarda a 26 rapaces de 4 a 14 anos - Concello da Guarda\" \/>\n<meta property=\"og:description\" content=\"Un total de 26 nenos da Guarda desfrutaron estes d\u00edas do Clinic que o RC Celta de Vigo organizaba no campo de f\u00fatbol da Sangri\u00f1a.Coa\" \/>\n<meta property=\"og:url\" content=\"https:\/\/www.aguarda.es\/en\/o-clinic-do-celta-forma-na-guarda-a-26-rapaces-de-4-a-14-anos\/\" \/>\n<meta property=\"og:site_name\" content=\"Concello da Guarda\" \/>\n<meta property=\"article:publisher\" content=\"https:\/\/www.facebook.com\/ConcellodaGuarda\" \/>\n<meta property=\"article:published_time\" content=\"2025-04-16T16:37:45+00:00\" \/>\n<meta property=\"og:image\" content=\"https:\/\/www.aguarda.es\/wp-content\/uploads\/2025\/04\/clinic-celta-vigo-A-Guarda-3.jpeg?_t=1744821466\" \/>\n\t<meta property=\"og:image:width\" content=\"2040\" \/>\n\t<meta property=\"og:image:height\" content=\"1148\" \/>\n\t<meta property=\"og:image:type\" content=\"image\/jpeg\" \/>\n<meta name=\"author\" content=\"prensa\" \/>\n<meta name=\"twitter:card\" content=\"summary_large_image\" \/>\n<meta name=\"twitter:creator\" content=\"@AGuarda_es\" \/>\n<meta name=\"twitter:site\" content=\"@AGuarda_es\" \/>\n<meta name=\"twitter:label1\" content=\"Written by\" \/>\n\t<meta name=\"twitter:data1\" content=\"prensa\" \/>\n\t<meta name=\"twitter:label2\" content=\"Est. reading time\" \/>\n\t<meta name=\"twitter:data2\" content=\"2 minutes\" \/>\n<script type=\"application\/ld+json\" class=\"yoast-schema-graph\">{\"@context\":\"https:\/\/schema.org\",\"@graph\":[{\"@type\":\"WebPage\",\"@id\":\"https:\/\/www.aguarda.es\/en\/o-clinic-do-celta-forma-na-guarda-a-26-rapaces-de-4-a-14-anos\/\",\"url\":\"https:\/\/www.aguarda.es\/en\/o-clinic-do-celta-forma-na-guarda-a-26-rapaces-de-4-a-14-anos\/\",\"name\":\"O Clinic do Celta forma na Guarda a 26 rapaces de 4 a 14 anos - Concello da Guarda\",\"isPartOf\":{\"@id\":\"https:\/\/www.aguarda.es\/en\/#website\"},\"datePublished\":\"2025-04-16T16:37:45+00:00\",\"dateModified\":\"2025-04-16T16:37:45+00:00\",\"author\":{\"@id\":\"https:\/\/www.aguarda.es\/en\/#\/schema\/person\/c463ca3006858ffb349d11179d044f21\"},\"description\":\"Un total de 26 nenos da Guarda desfrutaron estes d\u00edas do Clinic que o RC Celta de Vigo organizaba no campo de f\u00fatbol da Sangri\u00f1a.Coa\",\"breadcrumb\":{\"@id\":\"https:\/\/www.aguarda.es\/en\/o-clinic-do-celta-forma-na-guarda-a-26-rapaces-de-4-a-14-anos\/#breadcrumb\"},\"inLanguage\":\"en-US\",\"potentialAction\":[{\"@type\":\"ReadAction\",\"target\":[\"https:\/\/www.aguarda.es\/en\/o-clinic-do-celta-forma-na-guarda-a-26-rapaces-de-4-a-14-anos\/\"]}]},{\"@type\":\"BreadcrumbList\",\"@id\":\"https:\/\/www.aguarda.es\/en\/o-clinic-do-celta-forma-na-guarda-a-26-rapaces-de-4-a-14-anos\/#breadcrumb\",\"itemListElement\":[{\"@type\":\"ListItem\",\"position\":1,\"name\":\"Portada\",\"item\":\"https:\/\/www.aguarda.es\/en\/\"},{\"@type\":\"ListItem\",\"position\":2,\"name\":\"O Clinic do Celta forma na Guarda a 26 rapaces de 4 a 14 anos\"}]},{\"@type\":\"WebSite\",\"@id\":\"https:\/\/www.aguarda.es\/en\/#website\",\"url\":\"https:\/\/www.aguarda.es\/en\/\",\"name\":\"Concello da Guarda\",\"description\":\"P\u00e1xina web do concello da Guarda\",\"potentialAction\":[{\"@type\":\"SearchAction\",\"target\":{\"@type\":\"EntryPoint\",\"urlTemplate\":\"https:\/\/www.aguarda.es\/en\/?s={search_term_string}\"},\"query-input\":\"required name=search_term_string\"}],\"inLanguage\":\"en-US\"},{\"@type\":\"Person\",\"@id\":\"https:\/\/www.aguarda.es\/en\/#\/schema\/person\/c463ca3006858ffb349d11179d044f21\",\"name\":\"prensa\",\"image\":{\"@type\":\"ImageObject\",\"inLanguage\":\"en-US\",\"@id\":\"https:\/\/www.aguarda.es\/en\/#\/schema\/person\/image\/\",\"url\":\"https:\/\/secure.gravatar.com\/avatar\/5f90ef536b0f98306edf5c7a1135ffa1?s=96&d=mm&r=g\",\"contentUrl\":\"https:\/\/secure.gravatar.com\/avatar\/5f90ef536b0f98306edf5c7a1135ffa1?s=96&d=mm&r=g\",\"caption\":\"prensa\"},\"url\":\"https:\/\/www.aguarda.es\/en\/author\/prensa\/\"}]}<\/script>\n<!-- \/ Yoast SEO plugin. -->","yoast_head_json":{"title":"O Clinic do Celta forma na Guarda a 26 rapaces de 4 a 14 anos - Concello da Guarda","description":"Un total de 26 nenos da Guarda desfrutaron estes d\u00edas do Clinic que o RC Celta de Vigo organizaba no campo de f\u00fatbol da Sangri\u00f1a.Coa","robots":{"index":"index","follow":"follow","max-snippet":"max-snippet:-1","max-image-preview":"max-image-preview:large","max-video-preview":"max-video-preview:-1"},"canonical":"https:\/\/www.aguarda.es\/en\/o-clinic-do-celta-forma-na-guarda-a-26-rapaces-de-4-a-14-anos\/","og_locale":"en_US","og_type":"article","og_title":"O Clinic do Celta forma na Guarda a 26 rapaces de 4 a 14 anos - Concello da Guarda","og_description":"Un total de 26 nenos da Guarda desfrutaron estes d\u00edas do Clinic que o RC Celta de Vigo organizaba no campo de f\u00fatbol da Sangri\u00f1a.Coa","og_url":"https:\/\/www.aguarda.es\/en\/o-clinic-do-celta-forma-na-guarda-a-26-rapaces-de-4-a-14-anos\/","og_site_name":"Concello da Guarda","article_publisher":"https:\/\/www.facebook.com\/ConcellodaGuarda","article_published_time":"2025-04-16T16:37:45+00:00","og_image":[{"width":2040,"height":1148,"url":"https:\/\/www.aguarda.es\/wp-content\/uploads\/2025\/04\/clinic-celta-vigo-A-Guarda-3.jpeg?_t=1744821466","type":"image\/jpeg"}],"author":"prensa","twitter_card":"summary_large_image","twitter_creator":"@AGuarda_es","twitter_site":"@AGuarda_es","twitter_misc":{"Written by":"prensa","Est. reading time":"2 minutes"},"schema":{"@context":"https:\/\/schema.org","@graph":[{"@type":"WebPage","@id":"https:\/\/www.aguarda.es\/en\/o-clinic-do-celta-forma-na-guarda-a-26-rapaces-de-4-a-14-anos\/","url":"https:\/\/www.aguarda.es\/en\/o-clinic-do-celta-forma-na-guarda-a-26-rapaces-de-4-a-14-anos\/","name":"O Clinic do Celta forma na Guarda a 26 rapaces de 4 a 14 anos - Concello da Guarda","isPartOf":{"@id":"https:\/\/www.aguarda.es\/en\/#website"},"datePublished":"2025-04-16T16:37:45+00:00","dateModified":"2025-04-16T16:37:45+00:00","author":{"@id":"https:\/\/www.aguarda.es\/en\/#\/schema\/person\/c463ca3006858ffb349d11179d044f21"},"description":"Un total de 26 nenos da Guarda desfrutaron estes d\u00edas do Clinic que o RC Celta de Vigo organizaba no campo de f\u00fatbol da Sangri\u00f1a.Coa","breadcrumb":{"@id":"https:\/\/www.aguarda.es\/en\/o-clinic-do-celta-forma-na-guarda-a-26-rapaces-de-4-a-14-anos\/#breadcrumb"},"inLanguage":"en-US","potentialAction":[{"@type":"ReadAction","target":["https:\/\/www.aguarda.es\/en\/o-clinic-do-celta-forma-na-guarda-a-26-rapaces-de-4-a-14-anos\/"]}]},{"@type":"BreadcrumbList","@id":"https:\/\/www.aguarda.es\/en\/o-clinic-do-celta-forma-na-guarda-a-26-rapaces-de-4-a-14-anos\/#breadcrumb","itemListElement":[{"@type":"ListItem","position":1,"name":"Portada","item":"https:\/\/www.aguarda.es\/en\/"},{"@type":"ListItem","position":2,"name":"O Clinic do Celta forma na Guarda a 26 rapaces de 4 a 14 anos"}]},{"@type":"WebSite","@id":"https:\/\/www.aguarda.es\/en\/#website","url":"https:\/\/www.aguarda.es\/en\/","name":"Concello da Guarda","description":"P\u00e1xina web do concello da Guarda","potentialAction":[{"@type":"SearchAction","target":{"@type":"EntryPoint","urlTemplate":"https:\/\/www.aguarda.es\/en\/?s={search_term_string}"},"query-input":"required name=search_term_string"}],"inLanguage":"en-US"},{"@type":"Person","@id":"https:\/\/www.aguarda.es\/en\/#\/schema\/person\/c463ca3006858ffb349d11179d044f21","name":"prensa","image":{"@type":"ImageObject","inLanguage":"en-US","@id":"https:\/\/www.aguarda.es\/en\/#\/schema\/person\/image\/","url":"https:\/\/secure.gravatar.com\/avatar\/5f90ef536b0f98306edf5c7a1135ffa1?s=96&d=mm&r=g","contentUrl":"https:\/\/secure.gravatar.com\/avatar\/5f90ef536b0f98306edf5c7a1135ffa1?s=96&d=mm&r=g","caption":"prensa"},"url":"https:\/\/www.aguarda.es\/en\/author\/prensa\/"}]}},"_links":{"self":[{"href":"https:\/\/www.aguarda.es\/en\/wp-json\/wp\/v2\/posts\/32279"}],"collection":[{"href":"https:\/\/www.aguarda.es\/en\/wp-json\/wp\/v2\/posts"}],"about":[{"href":"https:\/\/www.aguarda.es\/en\/wp-json\/wp\/v2\/types\/post"}],"author":[{"embeddable":true,"href":"https:\/\/www.aguarda.es\/en\/wp-json\/wp\/v2\/users\/2"}],"replies":[{"embeddable":true,"href":"https:\/\/www.aguarda.es\/en\/wp-json\/wp\/v2\/comments?post=32279"}],"version-history":[{"count":1,"href":"https:\/\/www.aguarda.es\/en\/wp-json\/wp\/v2\/posts\/32279\/revisions"}],"predecessor-version":[{"id":32280,"href":"https:\/\/www.aguarda.es\/en\/wp-json\/wp\/v2\/posts\/32279\/revisions\/32280"}],"wp:featuredmedia":[{"embeddable":true,"href":"https:\/\/www.aguarda.es\/en\/wp-json\/wp\/v2\/media\/32275"}],"wp:attachment":[{"href":"https:\/\/www.aguarda.es\/en\/wp-json\/wp\/v2\/media?parent=32279"}],"wp:term":[{"taxonomy":"category","embeddable":true,"href":"https:\/\/www.aguarda.es\/en\/wp-json\/wp\/v2\/categories?post=32279"},{"taxonomy":"post_tag","embeddable":true,"href":"https:\/\/www.aguarda.es\/en\/wp-json\/wp\/v2\/tags?post=32279"}],"curies":[{"name":"wp","href":"https:\/\/api.w.org\/{rel}","templated":true}]}}