{"id":32303,"date":"2025-04-30T07:35:54","date_gmt":"2025-04-30T07:35:54","guid":{"rendered":"https:\/\/www.aguarda.es\/?p=32303"},"modified":"2025-04-30T07:35:54","modified_gmt":"2025-04-30T07:35:54","slug":"a-guarda-recuperou-a-normalidade-tras-mais-de-18-horas-de-apagon","status":"publish","type":"post","link":"https:\/\/www.aguarda.es\/en\/a-guarda-recuperou-a-normalidade-tras-mais-de-18-horas-de-apagon\/","title":{"rendered":"A Guarda recuperou a normalidade tras m\u00e1is de 18 horas de apag\u00f3n"},"content":{"rendered":"<p class=\"western\" align=\"justify\"><span style=\"font-family: Arial, serif; color: #000000;\"><span lang=\"gl-ES\"><strong>A Guarda viviu o apag\u00f3n desde as 12:30h da ma\u00f1\u00e1<\/strong> e desde o momento en que se tuvo co\u00f1ecemento da situaci\u00f3n a nivel nacional, o alcalde e o goberno da Guarda, xunto coas forzas de seguridade e corpos de emerxencias comenzaron a traballar en coordinaci\u00f3n.<\/span><\/span><\/p>\n<p class=\"western\" align=\"justify\"><span style=\"font-family: Arial, serif; color: #000000;\"><span lang=\"gl-ES\">\u00c1s 18:45h da tarde perdeuse a comunicaci\u00f3n telef\u00f3nica no municipio de xeito xeneralizado, complicando a situaci\u00f3n para p\u00f3r en co\u00f1ecemento situaci\u00f3ns de emerxencias ou decisi\u00f3ns que se tomaran a nivel auton\u00f3mico ou nacional. <\/span><\/span><\/p>\n<p class=\"western\" align=\"justify\"><span style=\"font-family: Arial, serif; color: #000000;\"><span lang=\"gl-ES\">Durante a tarde, o alcalde e voluntarios de Protecci\u00f3n Civil<strong> repartiron catro xeneradores<\/strong>, dos cales alg\u00fans foron doados por guardeses. Un dos xeneradores deu servizo ao PAC da Guarda, para garantir a asistencia sanitaria \u00e1 vila. \u201c\u00c9 de salientar a solidariedade dos guardeses e guardesas en situaci\u00f3n de necesidade, pois alg\u00fans nos cederon xeneradores para que otros veci\u00f1os e veci\u00f1as con problemas respiratorios tiveran electricidade\u201d, resaltaba o alcalde, Roberto Carrero. <\/span><\/span><\/p>\n<p class=\"western\" align=\"justify\"><span style=\"font-family: Arial, serif; color: #000000;\"><span lang=\"gl-ES\">Dada a dificultade de conexi\u00f3n do GES e da Guardia Civil coa sede, pediuse \u00e1 cidadan\u00eda que comunicaran as s\u00faas emerxencias de xeito presencial, ademais de que se fixera un uso responsable da auga para sempre ter os dep\u00f3sitos a disposici\u00f3n das emerxencias.<\/span><\/span><\/p>\n<p class=\"western\" align=\"justify\"><span style=\"font-family: Arial, serif; color: #000000;\"><span lang=\"gl-ES\"><strong>Cara \u00e1s 23h<\/strong>, a Polic\u00eda Local, Guardia Civil, voluntarios de Protecci\u00f3n Civil, o GES da Guarda e o alcalde e membros do goberno da Guarda <strong>reun\u00edronse na base do GES p<\/strong>ara facer fronte \u00e1 noite e garantir a seguridade. <\/span><\/span><\/p>\n<p class=\"western\" align=\"justify\"><span style=\"font-family: Arial, serif; color: #000000;\"><span lang=\"gl-ES\">Neste senso, o alcalde salienta \u201co comportamento exemplar da cidadan\u00eda, salvo alg\u00fan caso aillado\u201d, xa que se produciron queimas de contedores na r\u00faa Tranversal Candeira e no Pir\u00fam (r\u00faa A Cal). <\/span><\/span><\/p>\n<p class=\"western\" align=\"justify\"><span style=\"font-family: Arial, serif; color: #000000;\"><span lang=\"gl-ES\">A electricidade recuperouse pola ma\u00f1\u00e1 <strong>arredor das 6:50,<\/strong> as\u00ed como a cobertura telef\u00f3nica, a\u00ednda que con certos problemas de conexi\u00f3n ocasionais. Por iso, os servizos municipais a\u00ednda se atoparon bloqueados coa ca\u00edda do sistema ata as 13horas.<\/span><\/span><\/p>\n<p class=\"western\" align=\"justify\"><span style=\"color: #000000;\">\u201c<span style=\"font-family: Arial, serif;\"><span lang=\"gl-ES\">Agradezo profundamente o esforzo dos corpos de seguridade e emerxencia, que dobraron os seus esforzos, e aos veci\u00f1os que nos ofreceron a s\u00faa axuda e colaboraci\u00f3n\u201d, di o alcalde da Guarda.<\/span><\/span><\/span><\/p>\n","protected":false},"excerpt":{"rendered":"<p>A Guarda viviu o apag\u00f3n desde as 12:30h da ma\u00f1\u00e1 e desde o momento en que se tuvo co\u00f1ecemento da situaci\u00f3n a nivel nacional, o alcalde e o goberno da Guarda, xunto coas forzas de seguridade e corpos de emerxencias &hellip; <\/p>\n","protected":false},"author":2,"featured_media":32301,"comment_status":"closed","ping_status":"closed","sticky":false,"template":"","format":"standard","meta":[],"categories":[33,363],"tags":[],"yoast_head":"<!-- This site is optimized with the Yoast SEO plugin v21.1 - https:\/\/yoast.com\/wordpress\/plugins\/seo\/ -->\n<title>A Guarda recuperou a normalidade tras m\u00e1is de 18 horas de apag\u00f3n - Concello da Guarda<\/title>\n<meta name=\"description\" content=\"A Guarda viviu o apag\u00f3n desde as 12:30h da ma\u00f1\u00e1 e desde o momento en que se tuvo co\u00f1ecemento da situaci\u00f3n a nivel nacional, o alcalde e o\" \/>\n<meta name=\"robots\" content=\"index, follow, max-snippet:-1, max-image-preview:large, max-video-preview:-1\" \/>\n<link rel=\"canonical\" href=\"https:\/\/www.aguarda.es\/en\/a-guarda-recuperou-a-normalidade-tras-mais-de-18-horas-de-apagon\/\" \/>\n<meta property=\"og:locale\" content=\"en_US\" \/>\n<meta property=\"og:type\" content=\"article\" \/>\n<meta property=\"og:title\" content=\"A Guarda recuperou a normalidade tras m\u00e1is de 18 horas de apag\u00f3n - Concello da Guarda\" \/>\n<meta property=\"og:description\" content=\"A Guarda viviu o apag\u00f3n desde as 12:30h da ma\u00f1\u00e1 e desde o momento en que se tuvo co\u00f1ecemento da situaci\u00f3n a nivel nacional, o alcalde e o\" \/>\n<meta property=\"og:url\" content=\"https:\/\/www.aguarda.es\/en\/a-guarda-recuperou-a-normalidade-tras-mais-de-18-horas-de-apagon\/\" \/>\n<meta property=\"og:site_name\" content=\"Concello da Guarda\" \/>\n<meta property=\"article:publisher\" content=\"https:\/\/www.facebook.com\/ConcellodaGuarda\" \/>\n<meta property=\"article:published_time\" content=\"2025-04-30T07:35:54+00:00\" \/>\n<meta property=\"og:image\" content=\"https:\/\/www.aguarda.es\/wp-content\/uploads\/2025\/04\/GES-sede.jpeg?_t=1745998555\" \/>\n\t<meta property=\"og:image:width\" content=\"2048\" \/>\n\t<meta property=\"og:image:height\" content=\"1536\" \/>\n\t<meta property=\"og:image:type\" content=\"image\/jpeg\" \/>\n<meta name=\"author\" content=\"prensa\" \/>\n<meta name=\"twitter:card\" content=\"summary_large_image\" \/>\n<meta name=\"twitter:creator\" content=\"@AGuarda_es\" \/>\n<meta name=\"twitter:site\" content=\"@AGuarda_es\" \/>\n<meta name=\"twitter:label1\" content=\"Written by\" \/>\n\t<meta name=\"twitter:data1\" content=\"prensa\" \/>\n\t<meta name=\"twitter:label2\" content=\"Est. reading time\" \/>\n\t<meta name=\"twitter:data2\" content=\"2 minutes\" \/>\n<script type=\"application\/ld+json\" class=\"yoast-schema-graph\">{\"@context\":\"https:\/\/schema.org\",\"@graph\":[{\"@type\":\"WebPage\",\"@id\":\"https:\/\/www.aguarda.es\/en\/a-guarda-recuperou-a-normalidade-tras-mais-de-18-horas-de-apagon\/\",\"url\":\"https:\/\/www.aguarda.es\/en\/a-guarda-recuperou-a-normalidade-tras-mais-de-18-horas-de-apagon\/\",\"name\":\"A Guarda recuperou a normalidade tras m\u00e1is de 18 horas de apag\u00f3n - Concello da Guarda\",\"isPartOf\":{\"@id\":\"https:\/\/www.aguarda.es\/en\/#website\"},\"datePublished\":\"2025-04-30T07:35:54+00:00\",\"dateModified\":\"2025-04-30T07:35:54+00:00\",\"author\":{\"@id\":\"https:\/\/www.aguarda.es\/en\/#\/schema\/person\/c463ca3006858ffb349d11179d044f21\"},\"description\":\"A Guarda viviu o apag\u00f3n desde as 12:30h da ma\u00f1\u00e1 e desde o momento en que se tuvo co\u00f1ecemento da situaci\u00f3n a nivel nacional, o alcalde e o\",\"breadcrumb\":{\"@id\":\"https:\/\/www.aguarda.es\/en\/a-guarda-recuperou-a-normalidade-tras-mais-de-18-horas-de-apagon\/#breadcrumb\"},\"inLanguage\":\"en-US\",\"potentialAction\":[{\"@type\":\"ReadAction\",\"target\":[\"https:\/\/www.aguarda.es\/en\/a-guarda-recuperou-a-normalidade-tras-mais-de-18-horas-de-apagon\/\"]}]},{\"@type\":\"BreadcrumbList\",\"@id\":\"https:\/\/www.aguarda.es\/en\/a-guarda-recuperou-a-normalidade-tras-mais-de-18-horas-de-apagon\/#breadcrumb\",\"itemListElement\":[{\"@type\":\"ListItem\",\"position\":1,\"name\":\"Portada\",\"item\":\"https:\/\/www.aguarda.es\/en\/\"},{\"@type\":\"ListItem\",\"position\":2,\"name\":\"A Guarda recuperou a normalidade tras m\u00e1is de 18 horas de apag\u00f3n\"}]},{\"@type\":\"WebSite\",\"@id\":\"https:\/\/www.aguarda.es\/en\/#website\",\"url\":\"https:\/\/www.aguarda.es\/en\/\",\"name\":\"Concello da Guarda\",\"description\":\"P\u00e1xina web do concello da Guarda\",\"potentialAction\":[{\"@type\":\"SearchAction\",\"target\":{\"@type\":\"EntryPoint\",\"urlTemplate\":\"https:\/\/www.aguarda.es\/en\/?s={search_term_string}\"},\"query-input\":\"required name=search_term_string\"}],\"inLanguage\":\"en-US\"},{\"@type\":\"Person\",\"@id\":\"https:\/\/www.aguarda.es\/en\/#\/schema\/person\/c463ca3006858ffb349d11179d044f21\",\"name\":\"prensa\",\"image\":{\"@type\":\"ImageObject\",\"inLanguage\":\"en-US\",\"@id\":\"https:\/\/www.aguarda.es\/en\/#\/schema\/person\/image\/\",\"url\":\"https:\/\/secure.gravatar.com\/avatar\/5f90ef536b0f98306edf5c7a1135ffa1?s=96&d=mm&r=g\",\"contentUrl\":\"https:\/\/secure.gravatar.com\/avatar\/5f90ef536b0f98306edf5c7a1135ffa1?s=96&d=mm&r=g\",\"caption\":\"prensa\"},\"url\":\"https:\/\/www.aguarda.es\/en\/author\/prensa\/\"}]}<\/script>\n<!-- \/ Yoast SEO plugin. -->","yoast_head_json":{"title":"A Guarda recuperou a normalidade tras m\u00e1is de 18 horas de apag\u00f3n - Concello da Guarda","description":"A Guarda viviu o apag\u00f3n desde as 12:30h da ma\u00f1\u00e1 e desde o momento en que se tuvo co\u00f1ecemento da situaci\u00f3n a nivel nacional, o alcalde e o","robots":{"index":"index","follow":"follow","max-snippet":"max-snippet:-1","max-image-preview":"max-image-preview:large","max-video-preview":"max-video-preview:-1"},"canonical":"https:\/\/www.aguarda.es\/en\/a-guarda-recuperou-a-normalidade-tras-mais-de-18-horas-de-apagon\/","og_locale":"en_US","og_type":"article","og_title":"A Guarda recuperou a normalidade tras m\u00e1is de 18 horas de apag\u00f3n - Concello da Guarda","og_description":"A Guarda viviu o apag\u00f3n desde as 12:30h da ma\u00f1\u00e1 e desde o momento en que se tuvo co\u00f1ecemento da situaci\u00f3n a nivel nacional, o alcalde e o","og_url":"https:\/\/www.aguarda.es\/en\/a-guarda-recuperou-a-normalidade-tras-mais-de-18-horas-de-apagon\/","og_site_name":"Concello da Guarda","article_publisher":"https:\/\/www.facebook.com\/ConcellodaGuarda","article_published_time":"2025-04-30T07:35:54+00:00","og_image":[{"width":2048,"height":1536,"url":"https:\/\/www.aguarda.es\/wp-content\/uploads\/2025\/04\/GES-sede.jpeg?_t=1745998555","type":"image\/jpeg"}],"author":"prensa","twitter_card":"summary_large_image","twitter_creator":"@AGuarda_es","twitter_site":"@AGuarda_es","twitter_misc":{"Written by":"prensa","Est. reading time":"2 minutes"},"schema":{"@context":"https:\/\/schema.org","@graph":[{"@type":"WebPage","@id":"https:\/\/www.aguarda.es\/en\/a-guarda-recuperou-a-normalidade-tras-mais-de-18-horas-de-apagon\/","url":"https:\/\/www.aguarda.es\/en\/a-guarda-recuperou-a-normalidade-tras-mais-de-18-horas-de-apagon\/","name":"A Guarda recuperou a normalidade tras m\u00e1is de 18 horas de apag\u00f3n - Concello da Guarda","isPartOf":{"@id":"https:\/\/www.aguarda.es\/en\/#website"},"datePublished":"2025-04-30T07:35:54+00:00","dateModified":"2025-04-30T07:35:54+00:00","author":{"@id":"https:\/\/www.aguarda.es\/en\/#\/schema\/person\/c463ca3006858ffb349d11179d044f21"},"description":"A Guarda viviu o apag\u00f3n desde as 12:30h da ma\u00f1\u00e1 e desde o momento en que se tuvo co\u00f1ecemento da situaci\u00f3n a nivel nacional, o alcalde e o","breadcrumb":{"@id":"https:\/\/www.aguarda.es\/en\/a-guarda-recuperou-a-normalidade-tras-mais-de-18-horas-de-apagon\/#breadcrumb"},"inLanguage":"en-US","potentialAction":[{"@type":"ReadAction","target":["https:\/\/www.aguarda.es\/en\/a-guarda-recuperou-a-normalidade-tras-mais-de-18-horas-de-apagon\/"]}]},{"@type":"BreadcrumbList","@id":"https:\/\/www.aguarda.es\/en\/a-guarda-recuperou-a-normalidade-tras-mais-de-18-horas-de-apagon\/#breadcrumb","itemListElement":[{"@type":"ListItem","position":1,"name":"Portada","item":"https:\/\/www.aguarda.es\/en\/"},{"@type":"ListItem","position":2,"name":"A Guarda recuperou a normalidade tras m\u00e1is de 18 horas de apag\u00f3n"}]},{"@type":"WebSite","@id":"https:\/\/www.aguarda.es\/en\/#website","url":"https:\/\/www.aguarda.es\/en\/","name":"Concello da Guarda","description":"P\u00e1xina web do concello da Guarda","potentialAction":[{"@type":"SearchAction","target":{"@type":"EntryPoint","urlTemplate":"https:\/\/www.aguarda.es\/en\/?s={search_term_string}"},"query-input":"required name=search_term_string"}],"inLanguage":"en-US"},{"@type":"Person","@id":"https:\/\/www.aguarda.es\/en\/#\/schema\/person\/c463ca3006858ffb349d11179d044f21","name":"prensa","image":{"@type":"ImageObject","inLanguage":"en-US","@id":"https:\/\/www.aguarda.es\/en\/#\/schema\/person\/image\/","url":"https:\/\/secure.gravatar.com\/avatar\/5f90ef536b0f98306edf5c7a1135ffa1?s=96&d=mm&r=g","contentUrl":"https:\/\/secure.gravatar.com\/avatar\/5f90ef536b0f98306edf5c7a1135ffa1?s=96&d=mm&r=g","caption":"prensa"},"url":"https:\/\/www.aguarda.es\/en\/author\/prensa\/"}]}},"_links":{"self":[{"href":"https:\/\/www.aguarda.es\/en\/wp-json\/wp\/v2\/posts\/32303"}],"collection":[{"href":"https:\/\/www.aguarda.es\/en\/wp-json\/wp\/v2\/posts"}],"about":[{"href":"https:\/\/www.aguarda.es\/en\/wp-json\/wp\/v2\/types\/post"}],"author":[{"embeddable":true,"href":"https:\/\/www.aguarda.es\/en\/wp-json\/wp\/v2\/users\/2"}],"replies":[{"embeddable":true,"href":"https:\/\/www.aguarda.es\/en\/wp-json\/wp\/v2\/comments?post=32303"}],"version-history":[{"count":1,"href":"https:\/\/www.aguarda.es\/en\/wp-json\/wp\/v2\/posts\/32303\/revisions"}],"predecessor-version":[{"id":32304,"href":"https:\/\/www.aguarda.es\/en\/wp-json\/wp\/v2\/posts\/32303\/revisions\/32304"}],"wp:featuredmedia":[{"embeddable":true,"href":"https:\/\/www.aguarda.es\/en\/wp-json\/wp\/v2\/media\/32301"}],"wp:attachment":[{"href":"https:\/\/www.aguarda.es\/en\/wp-json\/wp\/v2\/media?parent=32303"}],"wp:term":[{"taxonomy":"category","embeddable":true,"href":"https:\/\/www.aguarda.es\/en\/wp-json\/wp\/v2\/categories?post=32303"},{"taxonomy":"post_tag","embeddable":true,"href":"https:\/\/www.aguarda.es\/en\/wp-json\/wp\/v2\/tags?post=32303"}],"curies":[{"name":"wp","href":"https:\/\/api.w.org\/{rel}","templated":true}]}}