{"id":32342,"date":"2025-05-06T09:00:04","date_gmt":"2025-05-06T09:00:04","guid":{"rendered":"https:\/\/www.aguarda.es\/?p=32342"},"modified":"2025-05-06T09:00:04","modified_gmt":"2025-05-06T09:00:04","slug":"o-programa-para-a-deteccion-do-cancro-de-mama-dispon-dun-autobus-para-as-usuarias","status":"publish","type":"post","link":"https:\/\/www.aguarda.es\/en\/o-programa-para-a-deteccion-do-cancro-de-mama-dispon-dun-autobus-para-as-usuarias\/","title":{"rendered":"O Programa para a Detecci\u00f3n do Cancro de Mama disp\u00f3n dun autob\u00fas para as usuarias"},"content":{"rendered":"<p class=\"western\" align=\"left\"><span style=\"font-family: Arial, sans-serif; color: #000000;\"><span style=\"font-size: medium;\"><b>&#8211; A campa\u00f1a de Detecci\u00f3n Precoz dir\u00edxese a mulleres entre 5 e 74 anos<\/b><\/span><\/span><\/p>\n<p class=\"western\" align=\"left\"><span style=\"font-family: Arial, sans-serif; color: #000000;\"><span style=\"font-size: medium;\"><b>&#8211; Como novidade as mulleres reciben aviso por SMS e poder\u00e1n modificar a s\u00faa cita na app<\/b><\/span><\/span><\/p>\n<p class=\"western\" align=\"left\"><span style=\"color: #000000;\">\u00a0<span style=\"font-family: Arial, serif;\"><span lang=\"gl-ES\">A partir de ma\u00f1\u00e1 dar\u00e1 comezo a campa\u00f1a do Programa Galego de Detecci\u00f3n Precoz do Cancro de Mama, dirixido a mulleres de entre <strong>50 e 74 anos<\/strong>. <\/span><\/span><\/span><\/p>\n<p class=\"western\" align=\"left\"><span style=\"color: #000000;\"><span style=\"font-family: Arial, serif;\"><span lang=\"gl-ES\">Durante un mes, as mulleres acudir\u00e1n para a realizaci\u00f3n da mamograf\u00eda na Unidade de Exploraci\u00f3n no Hospital de Meixoeiro. <\/span><\/span><span style=\"font-family: Arial, serif;\"><span lang=\"gl-ES\">Esta acci\u00f3n \u00e9 un paso importante para a detecci\u00f3n d<\/span><\/span><span style=\"font-family: Arial, serif;\"><span lang=\"gl-ES\">o cancro m\u00e1is frecuente entre mulleres, <\/span><\/span><span style=\"font-family: Arial, serif;\"><span lang=\"gl-ES\">xa que 1 de cada 13 mulleres desenvolven un cancro de mama antes dos 75 anos.<\/span><\/span><\/span><\/p>\n<p class=\"western\" align=\"left\"><span style=\"color: #000000;\"><span style=\"font-family: Arial, serif;\"><span lang=\"gl-ES\">As usuarias est\u00e1n a ser notificadas a trav\u00e9s dun SMS ao seu tel\u00e9fono, a\u00ednda que aquelas que non te\u00f1an o seu tel\u00e9fono na tarxeta sanitaria, reciben a notificaci\u00f3n por correo postal. Como en anos anteriores, o programa facilita o transporte con d<\/span><\/span><span style=\"font-family: Arial, serif;\"><span style=\"font-size: medium;\"><span lang=\"gl-ES\">ous horarios<\/span><\/span><\/span><span style=\"font-family: Arial, serif;\"><span lang=\"gl-ES\"> de autob\u00fas desde A Guarda ata o hospital.<\/span><\/span><\/span><\/p>\n<p class=\"western\" align=\"left\"><span style=\"color: #000000;\"><span style=\"font-family: Arial, serif;\"><span lang=\"gl-ES\">As mulleres que reciban o SMS deber\u00e1n pinchar na ligaz\u00f3n que aparece para ter acceso \u00e1s rutas e aos horarios de transporte gratu\u00edto que facilita o Programa de Detecci\u00f3n Precoz do Cancro de Mama. <\/span><\/span><span style=\"font-family: Arial, serif;\"><span lang=\"gl-ES\">Ademais, as usuarias da app do Sergas M\u00f3bil poder\u00e1n modificar a s\u00faa cita a trav\u00e9s dese medio.<\/span><\/span><\/span><\/p>\n<p class=\"western\" align=\"left\"><span style=\"font-family: Arial, serif; color: #000000;\"><span lang=\"gl-ES\">Os <strong>buses<\/strong> sair\u00e1n da Guarda, da parada do Centro Cultural, e realizar\u00e1n outra parada en Salcidos, na parada da igrexa de San Roque. O primeiro bus sair\u00e1 \u00e1s 8:00h e pasar\u00e1 por Salcidos \u00e1s 8:10h, mentres que o segundo sair\u00e1 \u00e1s 11:30h e pasar\u00e1 por Salcidos \u00e1s 11:40h.<\/span><\/span><\/p>\n<p class=\"western\" align=\"left\"><span style=\"font-family: Arial, serif; color: #000000;\"><span lang=\"gl-ES\">Desde o Concello animamos \u00e1s mulleres a aproveitar este programa de detecci\u00f3n precoz que permite detectar cancros nos estadios m\u00e1is iniciais. Para m\u00e1is informaci\u00f3n ou d\u00fabidas, p\u00f3dese chamar ao tel\u00e9fono: 981 14 14 14.<\/span><\/span><\/p>\n","protected":false},"excerpt":{"rendered":"<p>&#8211; A campa\u00f1a de Detecci\u00f3n Precoz dir\u00edxese a mulleres entre 5 e 74 anos &#8211; Como novidade as mulleres reciben aviso por SMS e poder\u00e1n modificar a s\u00faa cita na app \u00a0A partir de ma\u00f1\u00e1 dar\u00e1 comezo a campa\u00f1a do &hellip; <\/p>\n","protected":false},"author":2,"featured_media":32340,"comment_status":"closed","ping_status":"closed","sticky":false,"template":"","format":"standard","meta":[],"categories":[41,45],"tags":[],"yoast_head":"<!-- This site is optimized with the Yoast SEO plugin v21.1 - https:\/\/yoast.com\/wordpress\/plugins\/seo\/ -->\n<title>O Programa para a Detecci\u00f3n do Cancro de Mama disp\u00f3n dun autob\u00fas para as usuarias - Concello da Guarda<\/title>\n<meta name=\"description\" content=\"- A campa\u00f1a de Detecci\u00f3n Precoz dir\u00edxese a mulleres entre 5 e 74 anos- Como novidade as mulleres reciben aviso por SMS e poder\u00e1n modificar a\" \/>\n<meta name=\"robots\" content=\"index, follow, max-snippet:-1, max-image-preview:large, max-video-preview:-1\" \/>\n<link rel=\"canonical\" href=\"https:\/\/www.aguarda.es\/en\/o-programa-para-a-deteccion-do-cancro-de-mama-dispon-dun-autobus-para-as-usuarias\/\" \/>\n<meta property=\"og:locale\" content=\"en_US\" \/>\n<meta property=\"og:type\" content=\"article\" \/>\n<meta property=\"og:title\" content=\"O Programa para a Detecci\u00f3n do Cancro de Mama disp\u00f3n dun autob\u00fas para as usuarias - Concello da Guarda\" \/>\n<meta property=\"og:description\" content=\"- A campa\u00f1a de Detecci\u00f3n Precoz dir\u00edxese a mulleres entre 5 e 74 anos- Como novidade as mulleres reciben aviso por SMS e poder\u00e1n modificar a\" \/>\n<meta property=\"og:url\" content=\"https:\/\/www.aguarda.es\/en\/o-programa-para-a-deteccion-do-cancro-de-mama-dispon-dun-autobus-para-as-usuarias\/\" \/>\n<meta property=\"og:site_name\" content=\"Concello da Guarda\" \/>\n<meta property=\"article:publisher\" content=\"https:\/\/www.facebook.com\/ConcellodaGuarda\" \/>\n<meta property=\"article:published_time\" content=\"2025-05-06T09:00:04+00:00\" \/>\n<meta property=\"og:image\" content=\"https:\/\/www.aguarda.es\/wp-content\/uploads\/2025\/05\/cancro-mama.jpg?_t=1746522005\" \/>\n\t<meta property=\"og:image:width\" content=\"1080\" \/>\n\t<meta property=\"og:image:height\" content=\"1080\" \/>\n\t<meta property=\"og:image:type\" content=\"image\/jpeg\" \/>\n<meta name=\"author\" content=\"prensa\" \/>\n<meta name=\"twitter:card\" content=\"summary_large_image\" \/>\n<meta name=\"twitter:creator\" content=\"@AGuarda_es\" \/>\n<meta name=\"twitter:site\" content=\"@AGuarda_es\" \/>\n<meta name=\"twitter:label1\" content=\"Written by\" \/>\n\t<meta name=\"twitter:data1\" content=\"prensa\" \/>\n\t<meta name=\"twitter:label2\" content=\"Est. reading time\" \/>\n\t<meta name=\"twitter:data2\" content=\"2 minutes\" \/>\n<script type=\"application\/ld+json\" class=\"yoast-schema-graph\">{\"@context\":\"https:\/\/schema.org\",\"@graph\":[{\"@type\":\"WebPage\",\"@id\":\"https:\/\/www.aguarda.es\/en\/o-programa-para-a-deteccion-do-cancro-de-mama-dispon-dun-autobus-para-as-usuarias\/\",\"url\":\"https:\/\/www.aguarda.es\/en\/o-programa-para-a-deteccion-do-cancro-de-mama-dispon-dun-autobus-para-as-usuarias\/\",\"name\":\"O Programa para a Detecci\u00f3n do Cancro de Mama disp\u00f3n dun autob\u00fas para as usuarias - Concello da Guarda\",\"isPartOf\":{\"@id\":\"https:\/\/www.aguarda.es\/en\/#website\"},\"datePublished\":\"2025-05-06T09:00:04+00:00\",\"dateModified\":\"2025-05-06T09:00:04+00:00\",\"author\":{\"@id\":\"https:\/\/www.aguarda.es\/en\/#\/schema\/person\/c463ca3006858ffb349d11179d044f21\"},\"description\":\"- A campa\u00f1a de Detecci\u00f3n Precoz dir\u00edxese a mulleres entre 5 e 74 anos- Como novidade as mulleres reciben aviso por SMS e poder\u00e1n modificar a\",\"breadcrumb\":{\"@id\":\"https:\/\/www.aguarda.es\/en\/o-programa-para-a-deteccion-do-cancro-de-mama-dispon-dun-autobus-para-as-usuarias\/#breadcrumb\"},\"inLanguage\":\"en-US\",\"potentialAction\":[{\"@type\":\"ReadAction\",\"target\":[\"https:\/\/www.aguarda.es\/en\/o-programa-para-a-deteccion-do-cancro-de-mama-dispon-dun-autobus-para-as-usuarias\/\"]}]},{\"@type\":\"BreadcrumbList\",\"@id\":\"https:\/\/www.aguarda.es\/en\/o-programa-para-a-deteccion-do-cancro-de-mama-dispon-dun-autobus-para-as-usuarias\/#breadcrumb\",\"itemListElement\":[{\"@type\":\"ListItem\",\"position\":1,\"name\":\"Portada\",\"item\":\"https:\/\/www.aguarda.es\/en\/\"},{\"@type\":\"ListItem\",\"position\":2,\"name\":\"O Programa para a Detecci\u00f3n do Cancro de Mama disp\u00f3n dun autob\u00fas para as usuarias\"}]},{\"@type\":\"WebSite\",\"@id\":\"https:\/\/www.aguarda.es\/en\/#website\",\"url\":\"https:\/\/www.aguarda.es\/en\/\",\"name\":\"Concello da Guarda\",\"description\":\"P\u00e1xina web do concello da Guarda\",\"potentialAction\":[{\"@type\":\"SearchAction\",\"target\":{\"@type\":\"EntryPoint\",\"urlTemplate\":\"https:\/\/www.aguarda.es\/en\/?s={search_term_string}\"},\"query-input\":\"required name=search_term_string\"}],\"inLanguage\":\"en-US\"},{\"@type\":\"Person\",\"@id\":\"https:\/\/www.aguarda.es\/en\/#\/schema\/person\/c463ca3006858ffb349d11179d044f21\",\"name\":\"prensa\",\"image\":{\"@type\":\"ImageObject\",\"inLanguage\":\"en-US\",\"@id\":\"https:\/\/www.aguarda.es\/en\/#\/schema\/person\/image\/\",\"url\":\"https:\/\/secure.gravatar.com\/avatar\/5f90ef536b0f98306edf5c7a1135ffa1?s=96&d=mm&r=g\",\"contentUrl\":\"https:\/\/secure.gravatar.com\/avatar\/5f90ef536b0f98306edf5c7a1135ffa1?s=96&d=mm&r=g\",\"caption\":\"prensa\"},\"url\":\"https:\/\/www.aguarda.es\/en\/author\/prensa\/\"}]}<\/script>\n<!-- \/ Yoast SEO plugin. -->","yoast_head_json":{"title":"O Programa para a Detecci\u00f3n do Cancro de Mama disp\u00f3n dun autob\u00fas para as usuarias - Concello da Guarda","description":"- A campa\u00f1a de Detecci\u00f3n Precoz dir\u00edxese a mulleres entre 5 e 74 anos- Como novidade as mulleres reciben aviso por SMS e poder\u00e1n modificar a","robots":{"index":"index","follow":"follow","max-snippet":"max-snippet:-1","max-image-preview":"max-image-preview:large","max-video-preview":"max-video-preview:-1"},"canonical":"https:\/\/www.aguarda.es\/en\/o-programa-para-a-deteccion-do-cancro-de-mama-dispon-dun-autobus-para-as-usuarias\/","og_locale":"en_US","og_type":"article","og_title":"O Programa para a Detecci\u00f3n do Cancro de Mama disp\u00f3n dun autob\u00fas para as usuarias - Concello da Guarda","og_description":"- A campa\u00f1a de Detecci\u00f3n Precoz dir\u00edxese a mulleres entre 5 e 74 anos- Como novidade as mulleres reciben aviso por SMS e poder\u00e1n modificar a","og_url":"https:\/\/www.aguarda.es\/en\/o-programa-para-a-deteccion-do-cancro-de-mama-dispon-dun-autobus-para-as-usuarias\/","og_site_name":"Concello da Guarda","article_publisher":"https:\/\/www.facebook.com\/ConcellodaGuarda","article_published_time":"2025-05-06T09:00:04+00:00","og_image":[{"width":1080,"height":1080,"url":"https:\/\/www.aguarda.es\/wp-content\/uploads\/2025\/05\/cancro-mama.jpg?_t=1746522005","type":"image\/jpeg"}],"author":"prensa","twitter_card":"summary_large_image","twitter_creator":"@AGuarda_es","twitter_site":"@AGuarda_es","twitter_misc":{"Written by":"prensa","Est. reading time":"2 minutes"},"schema":{"@context":"https:\/\/schema.org","@graph":[{"@type":"WebPage","@id":"https:\/\/www.aguarda.es\/en\/o-programa-para-a-deteccion-do-cancro-de-mama-dispon-dun-autobus-para-as-usuarias\/","url":"https:\/\/www.aguarda.es\/en\/o-programa-para-a-deteccion-do-cancro-de-mama-dispon-dun-autobus-para-as-usuarias\/","name":"O Programa para a Detecci\u00f3n do Cancro de Mama disp\u00f3n dun autob\u00fas para as usuarias - Concello da Guarda","isPartOf":{"@id":"https:\/\/www.aguarda.es\/en\/#website"},"datePublished":"2025-05-06T09:00:04+00:00","dateModified":"2025-05-06T09:00:04+00:00","author":{"@id":"https:\/\/www.aguarda.es\/en\/#\/schema\/person\/c463ca3006858ffb349d11179d044f21"},"description":"- A campa\u00f1a de Detecci\u00f3n Precoz dir\u00edxese a mulleres entre 5 e 74 anos- Como novidade as mulleres reciben aviso por SMS e poder\u00e1n modificar a","breadcrumb":{"@id":"https:\/\/www.aguarda.es\/en\/o-programa-para-a-deteccion-do-cancro-de-mama-dispon-dun-autobus-para-as-usuarias\/#breadcrumb"},"inLanguage":"en-US","potentialAction":[{"@type":"ReadAction","target":["https:\/\/www.aguarda.es\/en\/o-programa-para-a-deteccion-do-cancro-de-mama-dispon-dun-autobus-para-as-usuarias\/"]}]},{"@type":"BreadcrumbList","@id":"https:\/\/www.aguarda.es\/en\/o-programa-para-a-deteccion-do-cancro-de-mama-dispon-dun-autobus-para-as-usuarias\/#breadcrumb","itemListElement":[{"@type":"ListItem","position":1,"name":"Portada","item":"https:\/\/www.aguarda.es\/en\/"},{"@type":"ListItem","position":2,"name":"O Programa para a Detecci\u00f3n do Cancro de Mama disp\u00f3n dun autob\u00fas para as usuarias"}]},{"@type":"WebSite","@id":"https:\/\/www.aguarda.es\/en\/#website","url":"https:\/\/www.aguarda.es\/en\/","name":"Concello da Guarda","description":"P\u00e1xina web do concello da Guarda","potentialAction":[{"@type":"SearchAction","target":{"@type":"EntryPoint","urlTemplate":"https:\/\/www.aguarda.es\/en\/?s={search_term_string}"},"query-input":"required name=search_term_string"}],"inLanguage":"en-US"},{"@type":"Person","@id":"https:\/\/www.aguarda.es\/en\/#\/schema\/person\/c463ca3006858ffb349d11179d044f21","name":"prensa","image":{"@type":"ImageObject","inLanguage":"en-US","@id":"https:\/\/www.aguarda.es\/en\/#\/schema\/person\/image\/","url":"https:\/\/secure.gravatar.com\/avatar\/5f90ef536b0f98306edf5c7a1135ffa1?s=96&d=mm&r=g","contentUrl":"https:\/\/secure.gravatar.com\/avatar\/5f90ef536b0f98306edf5c7a1135ffa1?s=96&d=mm&r=g","caption":"prensa"},"url":"https:\/\/www.aguarda.es\/en\/author\/prensa\/"}]}},"_links":{"self":[{"href":"https:\/\/www.aguarda.es\/en\/wp-json\/wp\/v2\/posts\/32342"}],"collection":[{"href":"https:\/\/www.aguarda.es\/en\/wp-json\/wp\/v2\/posts"}],"about":[{"href":"https:\/\/www.aguarda.es\/en\/wp-json\/wp\/v2\/types\/post"}],"author":[{"embeddable":true,"href":"https:\/\/www.aguarda.es\/en\/wp-json\/wp\/v2\/users\/2"}],"replies":[{"embeddable":true,"href":"https:\/\/www.aguarda.es\/en\/wp-json\/wp\/v2\/comments?post=32342"}],"version-history":[{"count":1,"href":"https:\/\/www.aguarda.es\/en\/wp-json\/wp\/v2\/posts\/32342\/revisions"}],"predecessor-version":[{"id":32343,"href":"https:\/\/www.aguarda.es\/en\/wp-json\/wp\/v2\/posts\/32342\/revisions\/32343"}],"wp:featuredmedia":[{"embeddable":true,"href":"https:\/\/www.aguarda.es\/en\/wp-json\/wp\/v2\/media\/32340"}],"wp:attachment":[{"href":"https:\/\/www.aguarda.es\/en\/wp-json\/wp\/v2\/media?parent=32342"}],"wp:term":[{"taxonomy":"category","embeddable":true,"href":"https:\/\/www.aguarda.es\/en\/wp-json\/wp\/v2\/categories?post=32342"},{"taxonomy":"post_tag","embeddable":true,"href":"https:\/\/www.aguarda.es\/en\/wp-json\/wp\/v2\/tags?post=32342"}],"curies":[{"name":"wp","href":"https:\/\/api.w.org\/{rel}","templated":true}]}}