{"id":32431,"date":"2025-05-15T09:38:37","date_gmt":"2025-05-15T09:38:37","guid":{"rendered":"https:\/\/www.aguarda.es\/?p=32431"},"modified":"2025-05-15T09:38:37","modified_gmt":"2025-05-15T09:38:37","slug":"a-guarda-proxecta-de-balde-peliculas-finalistas-dos-mestre-mateo","status":"publish","type":"post","link":"https:\/\/www.aguarda.es\/en\/a-guarda-proxecta-de-balde-peliculas-finalistas-dos-mestre-mateo\/","title":{"rendered":"A Guarda proxecta de balde pel\u00edculas finalistas dos Mestre Mateo"},"content":{"rendered":"<ul>\n<li>\n<p class=\"western\" align=\"left\"><span style=\"font-family: Arial, serif;\"><span lang=\"gl-ES\"><b>O ciclo arranca o xoves 22 coa pel\u00edcula \u201cHoneymoon\u201d e contar\u00e1 co coloquio do seu director, Enrique Otero<\/b><\/span><\/span><\/p>\n<\/li>\n<\/ul>\n<p class=\"western\" align=\"left\"><span style=\"color: #000000;\"><span style=\"font-family: Arial, serif;\"><span lang=\"gl-ES\">Durante tres semanas desfrutaremos de cine <strong>\u201cfeito en Galicia\u201d<\/strong> no Centro Cultural da Guarda, cunha escolma de gran calidade, pois <\/span><\/span><span style=\"font-family: Arial, serif;\"><span style=\"font-size: medium;\"><span lang=\"gl-ES\">estas obras contan con varios nomeamentos<\/span><\/span><\/span><span style=\"font-family: Arial, serif;\"><span lang=\"gl-ES\"> nos <strong>Premios Mestre Mateo<\/strong>.<\/span><\/span><\/span><\/p>\n<p class=\"western\" align=\"left\"><span style=\"color: #000000;\">\u201c<span style=\"font-family: Arial, serif;\"><span lang=\"gl-ES\">\u00c9 unha oportunidade para desfrutar de cine de calidade, pois conta co respaldo dos Mestre Mateo, e sen recorrer a plataformas de pago ou a longos traxectos ata as salas de cine\u201d, sinala o alcalde da Guarda. <\/span><\/span><\/span><\/p>\n<p class=\"western\" align=\"left\"><span style=\"font-family: Arial, serif; color: #000000;\"><span lang=\"gl-ES\">A idea do presente ciclo \u00e9 amosar unha escolma dos t\u00edtulos mais recentes no audiovisual galego, un sector en auxe, que cada vez defende maiores propostas de calidade e abrindo as s\u00faas produci\u00f3ns a tem\u00e1ticas do mais diversas. <\/span><\/span><\/p>\n<p class=\"western\" align=\"left\"><span style=\"font-family: Arial, serif; color: #000000;\"><span lang=\"gl-ES\">O ciclo comezar\u00e1 o<strong> xoves 22 de maio \u00e1s 20:30h<\/strong>., coa pel\u00edcula <strong>\u201cHoneymoon\u201d<\/strong>, un thriller protagonizado por Nathalie Poza e Javier Guti\u00e9rrez, matrimonio en destruci\u00f3n, a quen xa non lles une nada, ata que unha circunstancia inesperada lles leva a emprender unha viaxe, tanto a nivel xeogr\u00e1fica e emocional, co fin de conseguir os cartos para remediar unha situaci\u00f3n que lles cambiou a vida. <\/span><\/span><\/p>\n<p class=\"western\" align=\"left\"><span style=\"color: #000000;\"><span style=\"font-family: Arial, serif;\"><span lang=\"gl-ES\">A segunda entrega do ciclo ser\u00e1 o venres <\/span><\/span><span style=\"font-family: Arial, serif;\"><span style=\"font-size: medium;\"><span lang=\"gl-ES\">30 <\/span><\/span><\/span><span style=\"font-family: Arial, serif;\"><span lang=\"gl-ES\">de maio, co documental \u201cFilmei paxaros voando\u201d, que ademais do premio Mestre Mateo a Mellor documental, recibiu no 2024 a menci\u00f3n especial do xurado en L\u2019Alternativa Festival 2024 de Barcelona, onde foi estreado. O documental conta unha historia de regreso ao fogar (Galicia), tras vinte anos de vida na cidade (Barcelona). \u00c9 unha historia de reconexi\u00f3n familiar, de reconciliaci\u00f3n coa figura materna, pero tam\u00e9n de descubrimento, onde se mestura a recuperaci\u00f3n da memoria familiar coa da memoria hist\u00f3rica dos anos 70-80. <\/span><\/span><\/span><\/p>\n<p class=\"western\" align=\"left\"><span style=\"font-family: Arial, serif; color: #000000;\"><span lang=\"gl-ES\">Por \u00faltimo, o ciclo pecharase coa longametraxe \u201cAs Neves\u201d o venres 6 de xu\u00f1o. Un filme revelaci\u00f3n o pasado 2024 pola tem\u00e1tica xuvenil abordada: a noite de Entroido un grupo de adolescentes celebran unha festa e se drogan con cogomelos por primeira vez. Ao d\u00eda seguinte espertan cun temporal de neve e a nova de que Paula, unha das rapazas da festa, desapareceu. Mentres, a vila queda incomunicada e cae Internet. Cada vez \u00e9 mais urxente atopala. In\u00edciase unha investigaci\u00f3n que causar\u00e1 un profundo cambio nas s\u00faas vidas e na s\u00faa relaci\u00f3n co mundo. <\/span><\/span><\/p>\n<p class=\"western\" align=\"left\"><span style=\"font-family: Arial, serif; color: #000000;\"><span lang=\"gl-ES\">Todas as pel\u00edculas proxectaranse no Sal\u00f3n de Actos do Centro Cultural en horario de 20:30h., en versi\u00f3n orixinal. <\/span><\/span><\/p>\n<p class=\"western\" align=\"left\"><span style=\"font-family: Arial, serif; color: #000000;\"><span lang=\"gl-ES\">Esta programaci\u00f3n conta co financiamento do Plan +Provincia da Deputaci\u00f3n de Pontevedra<\/span><\/span><\/p>\n","protected":false},"excerpt":{"rendered":"<p>O ciclo arranca o xoves 22 coa pel\u00edcula \u201cHoneymoon\u201d e contar\u00e1 co coloquio do seu director, Enrique Otero Durante tres semanas desfrutaremos de cine \u201cfeito en Galicia\u201d no Centro Cultural da Guarda, cunha escolma de gran calidade, pois estas obras &hellip; <\/p>\n","protected":false},"author":2,"featured_media":32429,"comment_status":"closed","ping_status":"closed","sticky":false,"template":"","format":"standard","meta":[],"categories":[34,363],"tags":[],"yoast_head":"<!-- This site is optimized with the Yoast SEO plugin v21.1 - https:\/\/yoast.com\/wordpress\/plugins\/seo\/ -->\n<title>A Guarda proxecta de balde pel\u00edculas finalistas dos Mestre Mateo - Concello da Guarda<\/title>\n<meta name=\"description\" content=\"Durante tres semanas desfrutaremos de cine \u201cfeito en Galicia\u201d no Centro Cultural da Guarda, cunha escolma de gran calidade, pois estas obras\" \/>\n<meta name=\"robots\" content=\"index, follow, max-snippet:-1, max-image-preview:large, max-video-preview:-1\" \/>\n<link rel=\"canonical\" href=\"https:\/\/www.aguarda.es\/en\/a-guarda-proxecta-de-balde-peliculas-finalistas-dos-mestre-mateo\/\" \/>\n<meta property=\"og:locale\" content=\"en_US\" \/>\n<meta property=\"og:type\" content=\"article\" \/>\n<meta property=\"og:title\" content=\"A Guarda proxecta de balde pel\u00edculas finalistas dos Mestre Mateo - Concello da Guarda\" \/>\n<meta property=\"og:description\" content=\"Durante tres semanas desfrutaremos de cine \u201cfeito en Galicia\u201d no Centro Cultural da Guarda, cunha escolma de gran calidade, pois estas obras\" \/>\n<meta property=\"og:url\" content=\"https:\/\/www.aguarda.es\/en\/a-guarda-proxecta-de-balde-peliculas-finalistas-dos-mestre-mateo\/\" \/>\n<meta property=\"og:site_name\" content=\"Concello da Guarda\" \/>\n<meta property=\"article:publisher\" content=\"https:\/\/www.facebook.com\/ConcellodaGuarda\" \/>\n<meta property=\"article:published_time\" content=\"2025-05-15T09:38:37+00:00\" \/>\n<meta property=\"og:image\" content=\"https:\/\/www.aguarda.es\/wp-content\/uploads\/2025\/05\/cine-galego-A-Guarda.jpg?_t=1747301918\" \/>\n\t<meta property=\"og:image:width\" content=\"1080\" \/>\n\t<meta property=\"og:image:height\" content=\"1350\" \/>\n\t<meta property=\"og:image:type\" content=\"image\/jpeg\" \/>\n<meta name=\"author\" content=\"prensa\" \/>\n<meta name=\"twitter:card\" content=\"summary_large_image\" \/>\n<meta name=\"twitter:creator\" content=\"@AGuarda_es\" \/>\n<meta name=\"twitter:site\" content=\"@AGuarda_es\" \/>\n<meta name=\"twitter:label1\" content=\"Written by\" \/>\n\t<meta name=\"twitter:data1\" content=\"prensa\" \/>\n\t<meta name=\"twitter:label2\" content=\"Est. reading time\" \/>\n\t<meta name=\"twitter:data2\" content=\"3 minutes\" \/>\n<script type=\"application\/ld+json\" class=\"yoast-schema-graph\">{\"@context\":\"https:\/\/schema.org\",\"@graph\":[{\"@type\":\"WebPage\",\"@id\":\"https:\/\/www.aguarda.es\/en\/a-guarda-proxecta-de-balde-peliculas-finalistas-dos-mestre-mateo\/\",\"url\":\"https:\/\/www.aguarda.es\/en\/a-guarda-proxecta-de-balde-peliculas-finalistas-dos-mestre-mateo\/\",\"name\":\"A Guarda proxecta de balde pel\u00edculas finalistas dos Mestre Mateo - Concello da Guarda\",\"isPartOf\":{\"@id\":\"https:\/\/www.aguarda.es\/en\/#website\"},\"datePublished\":\"2025-05-15T09:38:37+00:00\",\"dateModified\":\"2025-05-15T09:38:37+00:00\",\"author\":{\"@id\":\"https:\/\/www.aguarda.es\/en\/#\/schema\/person\/c463ca3006858ffb349d11179d044f21\"},\"description\":\"Durante tres semanas desfrutaremos de cine \u201cfeito en Galicia\u201d no Centro Cultural da Guarda, cunha escolma de gran calidade, pois estas obras\",\"breadcrumb\":{\"@id\":\"https:\/\/www.aguarda.es\/en\/a-guarda-proxecta-de-balde-peliculas-finalistas-dos-mestre-mateo\/#breadcrumb\"},\"inLanguage\":\"en-US\",\"potentialAction\":[{\"@type\":\"ReadAction\",\"target\":[\"https:\/\/www.aguarda.es\/en\/a-guarda-proxecta-de-balde-peliculas-finalistas-dos-mestre-mateo\/\"]}]},{\"@type\":\"BreadcrumbList\",\"@id\":\"https:\/\/www.aguarda.es\/en\/a-guarda-proxecta-de-balde-peliculas-finalistas-dos-mestre-mateo\/#breadcrumb\",\"itemListElement\":[{\"@type\":\"ListItem\",\"position\":1,\"name\":\"Portada\",\"item\":\"https:\/\/www.aguarda.es\/en\/\"},{\"@type\":\"ListItem\",\"position\":2,\"name\":\"A Guarda proxecta de balde pel\u00edculas finalistas dos Mestre Mateo\"}]},{\"@type\":\"WebSite\",\"@id\":\"https:\/\/www.aguarda.es\/en\/#website\",\"url\":\"https:\/\/www.aguarda.es\/en\/\",\"name\":\"Concello da Guarda\",\"description\":\"P\u00e1xina web do concello da Guarda\",\"potentialAction\":[{\"@type\":\"SearchAction\",\"target\":{\"@type\":\"EntryPoint\",\"urlTemplate\":\"https:\/\/www.aguarda.es\/en\/?s={search_term_string}\"},\"query-input\":\"required name=search_term_string\"}],\"inLanguage\":\"en-US\"},{\"@type\":\"Person\",\"@id\":\"https:\/\/www.aguarda.es\/en\/#\/schema\/person\/c463ca3006858ffb349d11179d044f21\",\"name\":\"prensa\",\"image\":{\"@type\":\"ImageObject\",\"inLanguage\":\"en-US\",\"@id\":\"https:\/\/www.aguarda.es\/en\/#\/schema\/person\/image\/\",\"url\":\"https:\/\/secure.gravatar.com\/avatar\/5f90ef536b0f98306edf5c7a1135ffa1?s=96&d=mm&r=g\",\"contentUrl\":\"https:\/\/secure.gravatar.com\/avatar\/5f90ef536b0f98306edf5c7a1135ffa1?s=96&d=mm&r=g\",\"caption\":\"prensa\"},\"url\":\"https:\/\/www.aguarda.es\/en\/author\/prensa\/\"}]}<\/script>\n<!-- \/ Yoast SEO plugin. -->","yoast_head_json":{"title":"A Guarda proxecta de balde pel\u00edculas finalistas dos Mestre Mateo - Concello da Guarda","description":"Durante tres semanas desfrutaremos de cine \u201cfeito en Galicia\u201d no Centro Cultural da Guarda, cunha escolma de gran calidade, pois estas obras","robots":{"index":"index","follow":"follow","max-snippet":"max-snippet:-1","max-image-preview":"max-image-preview:large","max-video-preview":"max-video-preview:-1"},"canonical":"https:\/\/www.aguarda.es\/en\/a-guarda-proxecta-de-balde-peliculas-finalistas-dos-mestre-mateo\/","og_locale":"en_US","og_type":"article","og_title":"A Guarda proxecta de balde pel\u00edculas finalistas dos Mestre Mateo - Concello da Guarda","og_description":"Durante tres semanas desfrutaremos de cine \u201cfeito en Galicia\u201d no Centro Cultural da Guarda, cunha escolma de gran calidade, pois estas obras","og_url":"https:\/\/www.aguarda.es\/en\/a-guarda-proxecta-de-balde-peliculas-finalistas-dos-mestre-mateo\/","og_site_name":"Concello da Guarda","article_publisher":"https:\/\/www.facebook.com\/ConcellodaGuarda","article_published_time":"2025-05-15T09:38:37+00:00","og_image":[{"width":1080,"height":1350,"url":"https:\/\/www.aguarda.es\/wp-content\/uploads\/2025\/05\/cine-galego-A-Guarda.jpg?_t=1747301918","type":"image\/jpeg"}],"author":"prensa","twitter_card":"summary_large_image","twitter_creator":"@AGuarda_es","twitter_site":"@AGuarda_es","twitter_misc":{"Written by":"prensa","Est. reading time":"3 minutes"},"schema":{"@context":"https:\/\/schema.org","@graph":[{"@type":"WebPage","@id":"https:\/\/www.aguarda.es\/en\/a-guarda-proxecta-de-balde-peliculas-finalistas-dos-mestre-mateo\/","url":"https:\/\/www.aguarda.es\/en\/a-guarda-proxecta-de-balde-peliculas-finalistas-dos-mestre-mateo\/","name":"A Guarda proxecta de balde pel\u00edculas finalistas dos Mestre Mateo - Concello da Guarda","isPartOf":{"@id":"https:\/\/www.aguarda.es\/en\/#website"},"datePublished":"2025-05-15T09:38:37+00:00","dateModified":"2025-05-15T09:38:37+00:00","author":{"@id":"https:\/\/www.aguarda.es\/en\/#\/schema\/person\/c463ca3006858ffb349d11179d044f21"},"description":"Durante tres semanas desfrutaremos de cine \u201cfeito en Galicia\u201d no Centro Cultural da Guarda, cunha escolma de gran calidade, pois estas obras","breadcrumb":{"@id":"https:\/\/www.aguarda.es\/en\/a-guarda-proxecta-de-balde-peliculas-finalistas-dos-mestre-mateo\/#breadcrumb"},"inLanguage":"en-US","potentialAction":[{"@type":"ReadAction","target":["https:\/\/www.aguarda.es\/en\/a-guarda-proxecta-de-balde-peliculas-finalistas-dos-mestre-mateo\/"]}]},{"@type":"BreadcrumbList","@id":"https:\/\/www.aguarda.es\/en\/a-guarda-proxecta-de-balde-peliculas-finalistas-dos-mestre-mateo\/#breadcrumb","itemListElement":[{"@type":"ListItem","position":1,"name":"Portada","item":"https:\/\/www.aguarda.es\/en\/"},{"@type":"ListItem","position":2,"name":"A Guarda proxecta de balde pel\u00edculas finalistas dos Mestre Mateo"}]},{"@type":"WebSite","@id":"https:\/\/www.aguarda.es\/en\/#website","url":"https:\/\/www.aguarda.es\/en\/","name":"Concello da Guarda","description":"P\u00e1xina web do concello da Guarda","potentialAction":[{"@type":"SearchAction","target":{"@type":"EntryPoint","urlTemplate":"https:\/\/www.aguarda.es\/en\/?s={search_term_string}"},"query-input":"required name=search_term_string"}],"inLanguage":"en-US"},{"@type":"Person","@id":"https:\/\/www.aguarda.es\/en\/#\/schema\/person\/c463ca3006858ffb349d11179d044f21","name":"prensa","image":{"@type":"ImageObject","inLanguage":"en-US","@id":"https:\/\/www.aguarda.es\/en\/#\/schema\/person\/image\/","url":"https:\/\/secure.gravatar.com\/avatar\/5f90ef536b0f98306edf5c7a1135ffa1?s=96&d=mm&r=g","contentUrl":"https:\/\/secure.gravatar.com\/avatar\/5f90ef536b0f98306edf5c7a1135ffa1?s=96&d=mm&r=g","caption":"prensa"},"url":"https:\/\/www.aguarda.es\/en\/author\/prensa\/"}]}},"_links":{"self":[{"href":"https:\/\/www.aguarda.es\/en\/wp-json\/wp\/v2\/posts\/32431"}],"collection":[{"href":"https:\/\/www.aguarda.es\/en\/wp-json\/wp\/v2\/posts"}],"about":[{"href":"https:\/\/www.aguarda.es\/en\/wp-json\/wp\/v2\/types\/post"}],"author":[{"embeddable":true,"href":"https:\/\/www.aguarda.es\/en\/wp-json\/wp\/v2\/users\/2"}],"replies":[{"embeddable":true,"href":"https:\/\/www.aguarda.es\/en\/wp-json\/wp\/v2\/comments?post=32431"}],"version-history":[{"count":1,"href":"https:\/\/www.aguarda.es\/en\/wp-json\/wp\/v2\/posts\/32431\/revisions"}],"predecessor-version":[{"id":32432,"href":"https:\/\/www.aguarda.es\/en\/wp-json\/wp\/v2\/posts\/32431\/revisions\/32432"}],"wp:featuredmedia":[{"embeddable":true,"href":"https:\/\/www.aguarda.es\/en\/wp-json\/wp\/v2\/media\/32429"}],"wp:attachment":[{"href":"https:\/\/www.aguarda.es\/en\/wp-json\/wp\/v2\/media?parent=32431"}],"wp:term":[{"taxonomy":"category","embeddable":true,"href":"https:\/\/www.aguarda.es\/en\/wp-json\/wp\/v2\/categories?post=32431"},{"taxonomy":"post_tag","embeddable":true,"href":"https:\/\/www.aguarda.es\/en\/wp-json\/wp\/v2\/tags?post=32431"}],"curies":[{"name":"wp","href":"https:\/\/api.w.org\/{rel}","templated":true}]}}