{"id":32438,"date":"2025-05-19T11:52:32","date_gmt":"2025-05-19T11:52:32","guid":{"rendered":"https:\/\/www.aguarda.es\/?p=32438"},"modified":"2026-03-25T08:21:51","modified_gmt":"2026-03-25T08:21:51","slug":"a-pelicula-honeymoon-chega-a-guarda-para-iniciar-o-ciclo-de-cinema-made-in-galicia","status":"publish","type":"post","link":"https:\/\/www.aguarda.es\/en\/a-pelicula-honeymoon-chega-a-guarda-para-iniciar-o-ciclo-de-cinema-made-in-galicia\/","title":{"rendered":"A pel\u00edcula \u201cHoneymoon\u201d chega \u00e1 Guarda para iniciar o ciclo de cinema \u201cmade in Galicia\u201d"},"content":{"rendered":"<p class=\"western\" align=\"left\"><span style=\"font-family: Arial, serif; color: #000000;\"><span lang=\"gl-ES\">Este xoves comeza o ciclo de cine galego, con pel\u00edculas \u201cmade in Galicia\u201d que acadaron ser finalistas en diferentes categor\u00edas dos Premios Mestre Mateo. <\/span><\/span><\/p>\n<p class=\"western\" align=\"left\"><span style=\"font-family: Arial, serif; color: #000000;\"><span lang=\"gl-ES\">A idea do presente ciclo \u00e9 amosar unha escolma dos t\u00edtulos mais recentes no audiovisual galego, un sector en auxe, que cada vez defende maiores propostas de calidade e abrindo as s\u00faas produci\u00f3ns a tem\u00e1ticas do mais diversas.<\/span><\/span><\/p>\n<p class=\"western\" align=\"left\"><span style=\"color: #000000;\"><span style=\"font-family: Arial, serif;\"><span lang=\"gl-ES\">A primeira das proxecci\u00f3ns l\u00e9vanos a un thriller gravado <\/span><\/span><span style=\"font-family: Arial, serif;\"><span style=\"font-size: medium;\"><span lang=\"gl-ES\">por diferentes puntos da xeograf\u00eda galega, como Santiago ou Arteixo. Nathalie Poza e Javier Guti\u00e9rrez representan en <strong>\u201cHoneymoon\u201d<\/strong> un matrimonio en destruci\u00f3n, a quen xa non lles une nada.<\/span><\/span><\/span><\/span><\/p>\n<p class=\"western\" align=\"left\"><span style=\"color: #000000;\"><span style=\"font-family: Arial, serif;\"><span style=\"font-size: medium;\"><span lang=\"gl-ES\">Unha circunstancia inesperada lles leva a emprender unha viaxe, tanto a nivel xeogr\u00e1fica como emocional, co fin de conseguir os cartos para remediar unha situaci\u00f3n que lles cambiou a vida. <\/span><\/span><\/span><\/span><\/p>\n<p class=\"western\" align=\"left\"><span style=\"color: #000000;\">\u201c<span style=\"font-family: Arial, serif;\"><span style=\"font-size: medium;\"><span lang=\"gl-ES\">Honeymoon\u201d obtivo ata <strong>10 nomeamentos nos Premios Mestre Mateo 2025<\/strong>: actor protagonista, actor de reparto, longametraxe, direcci\u00f3n, gui\u00f3n, direcci\u00f3n de fotograf\u00eda, montaxe, vestiario e son. <\/span><\/span><\/span><\/span><\/p>\n<p class=\"western\" align=\"left\"><span style=\"color: #000000;\"><span style=\"font-family: Arial, serif;\"><span style=\"font-size: medium;\"><span lang=\"gl-ES\">A aclamada pel\u00edcula que mestura drama, thriller e comedia negra, proxectarase de balde no Centro Cultural da Guarda este xoves 22 \u00e1s 20:30h. <\/span><\/span><\/span><\/span><\/p>\n<p class=\"western\" align=\"left\"><span style=\"color: #000000;\"><span style=\"font-family: Arial, serif;\"><span style=\"font-size: medium;\"><span lang=\"gl-ES\">Esta programaci\u00f3n est\u00e1 financiada con cargo a la subvenci\u00f3n del programa + Provincia de la Diputaci\u00f3n de Pontevedra<\/span><\/span><\/span><\/span><\/p>\n","protected":false},"excerpt":{"rendered":"<p>Este xoves comeza o ciclo de cine galego, con pel\u00edculas \u201cmade in Galicia\u201d que acadaron ser finalistas en diferentes categor\u00edas dos Premios Mestre Mateo. A idea do presente ciclo \u00e9 amosar unha escolma dos t\u00edtulos mais recentes no audiovisual galego, &hellip; <\/p>\n","protected":false},"author":2,"featured_media":32439,"comment_status":"closed","ping_status":"closed","sticky":false,"template":"","format":"standard","meta":[],"categories":[34,363],"tags":[],"yoast_head":"<!-- This site is optimized with the Yoast SEO plugin v21.1 - https:\/\/yoast.com\/wordpress\/plugins\/seo\/ -->\n<title>A pel\u00edcula \u201cHoneymoon\u201d chega \u00e1 Guarda para iniciar o ciclo de cinema \u201cmade in Galicia\u201d - Concello da Guarda<\/title>\n<meta name=\"description\" content=\"Este xoves comeza o ciclo de cine galego, con pel\u00edculas \u201cmade in Galicia\u201d que acadaron ser finalistas en diferentes categor\u00edas dos Premios\" \/>\n<meta name=\"robots\" content=\"index, follow, max-snippet:-1, max-image-preview:large, max-video-preview:-1\" \/>\n<link rel=\"canonical\" href=\"https:\/\/www.aguarda.es\/en\/a-pelicula-honeymoon-chega-a-guarda-para-iniciar-o-ciclo-de-cinema-made-in-galicia\/\" \/>\n<meta property=\"og:locale\" content=\"en_US\" \/>\n<meta property=\"og:type\" content=\"article\" \/>\n<meta property=\"og:title\" content=\"A pel\u00edcula \u201cHoneymoon\u201d chega \u00e1 Guarda para iniciar o ciclo de cinema \u201cmade in Galicia\u201d - Concello da Guarda\" \/>\n<meta property=\"og:description\" content=\"Este xoves comeza o ciclo de cine galego, con pel\u00edculas \u201cmade in Galicia\u201d que acadaron ser finalistas en diferentes categor\u00edas dos Premios\" \/>\n<meta property=\"og:url\" content=\"https:\/\/www.aguarda.es\/en\/a-pelicula-honeymoon-chega-a-guarda-para-iniciar-o-ciclo-de-cinema-made-in-galicia\/\" \/>\n<meta property=\"og:site_name\" content=\"Concello da Guarda\" \/>\n<meta property=\"article:publisher\" content=\"https:\/\/www.facebook.com\/ConcellodaGuarda\" \/>\n<meta property=\"article:published_time\" content=\"2025-05-19T11:52:32+00:00\" \/>\n<meta property=\"article:modified_time\" content=\"2026-03-25T08:21:51+00:00\" \/>\n<meta property=\"og:image\" content=\"https:\/\/www.aguarda.es\/wp-content\/uploads\/2025\/05\/Honeymoon.jpg?_t=1774426912\" \/>\n\t<meta property=\"og:image:width\" content=\"1080\" \/>\n\t<meta property=\"og:image:height\" content=\"1350\" \/>\n\t<meta property=\"og:image:type\" content=\"image\/jpeg\" \/>\n<meta name=\"author\" content=\"prensa\" \/>\n<meta name=\"twitter:card\" content=\"summary_large_image\" \/>\n<meta name=\"twitter:creator\" content=\"@AGuarda_es\" \/>\n<meta name=\"twitter:site\" content=\"@AGuarda_es\" \/>\n<meta name=\"twitter:label1\" content=\"Written by\" \/>\n\t<meta name=\"twitter:data1\" content=\"prensa\" \/>\n\t<meta name=\"twitter:label2\" content=\"Est. reading time\" \/>\n\t<meta name=\"twitter:data2\" content=\"2 minutes\" \/>\n<script type=\"application\/ld+json\" class=\"yoast-schema-graph\">{\"@context\":\"https:\/\/schema.org\",\"@graph\":[{\"@type\":\"WebPage\",\"@id\":\"https:\/\/www.aguarda.es\/en\/a-pelicula-honeymoon-chega-a-guarda-para-iniciar-o-ciclo-de-cinema-made-in-galicia\/\",\"url\":\"https:\/\/www.aguarda.es\/en\/a-pelicula-honeymoon-chega-a-guarda-para-iniciar-o-ciclo-de-cinema-made-in-galicia\/\",\"name\":\"A pel\u00edcula \u201cHoneymoon\u201d chega \u00e1 Guarda para iniciar o ciclo de cinema \u201cmade in Galicia\u201d - Concello da Guarda\",\"isPartOf\":{\"@id\":\"https:\/\/www.aguarda.es\/en\/#website\"},\"datePublished\":\"2025-05-19T11:52:32+00:00\",\"dateModified\":\"2026-03-25T08:21:51+00:00\",\"author\":{\"@id\":\"https:\/\/www.aguarda.es\/en\/#\/schema\/person\/c463ca3006858ffb349d11179d044f21\"},\"description\":\"Este xoves comeza o ciclo de cine galego, con pel\u00edculas \u201cmade in Galicia\u201d que acadaron ser finalistas en diferentes categor\u00edas dos Premios\",\"breadcrumb\":{\"@id\":\"https:\/\/www.aguarda.es\/en\/a-pelicula-honeymoon-chega-a-guarda-para-iniciar-o-ciclo-de-cinema-made-in-galicia\/#breadcrumb\"},\"inLanguage\":\"en-US\",\"potentialAction\":[{\"@type\":\"ReadAction\",\"target\":[\"https:\/\/www.aguarda.es\/en\/a-pelicula-honeymoon-chega-a-guarda-para-iniciar-o-ciclo-de-cinema-made-in-galicia\/\"]}]},{\"@type\":\"BreadcrumbList\",\"@id\":\"https:\/\/www.aguarda.es\/en\/a-pelicula-honeymoon-chega-a-guarda-para-iniciar-o-ciclo-de-cinema-made-in-galicia\/#breadcrumb\",\"itemListElement\":[{\"@type\":\"ListItem\",\"position\":1,\"name\":\"Portada\",\"item\":\"https:\/\/www.aguarda.es\/en\/\"},{\"@type\":\"ListItem\",\"position\":2,\"name\":\"A pel\u00edcula \u201cHoneymoon\u201d chega \u00e1 Guarda para iniciar o ciclo de cinema \u201cmade in Galicia\u201d\"}]},{\"@type\":\"WebSite\",\"@id\":\"https:\/\/www.aguarda.es\/en\/#website\",\"url\":\"https:\/\/www.aguarda.es\/en\/\",\"name\":\"Concello da Guarda\",\"description\":\"P\u00e1xina web do concello da Guarda\",\"potentialAction\":[{\"@type\":\"SearchAction\",\"target\":{\"@type\":\"EntryPoint\",\"urlTemplate\":\"https:\/\/www.aguarda.es\/en\/?s={search_term_string}\"},\"query-input\":\"required name=search_term_string\"}],\"inLanguage\":\"en-US\"},{\"@type\":\"Person\",\"@id\":\"https:\/\/www.aguarda.es\/en\/#\/schema\/person\/c463ca3006858ffb349d11179d044f21\",\"name\":\"prensa\",\"image\":{\"@type\":\"ImageObject\",\"inLanguage\":\"en-US\",\"@id\":\"https:\/\/www.aguarda.es\/en\/#\/schema\/person\/image\/\",\"url\":\"https:\/\/secure.gravatar.com\/avatar\/5f90ef536b0f98306edf5c7a1135ffa1?s=96&d=mm&r=g\",\"contentUrl\":\"https:\/\/secure.gravatar.com\/avatar\/5f90ef536b0f98306edf5c7a1135ffa1?s=96&d=mm&r=g\",\"caption\":\"prensa\"},\"url\":\"https:\/\/www.aguarda.es\/en\/author\/prensa\/\"}]}<\/script>\n<!-- \/ Yoast SEO plugin. -->","yoast_head_json":{"title":"A pel\u00edcula \u201cHoneymoon\u201d chega \u00e1 Guarda para iniciar o ciclo de cinema \u201cmade in Galicia\u201d - Concello da Guarda","description":"Este xoves comeza o ciclo de cine galego, con pel\u00edculas \u201cmade in Galicia\u201d que acadaron ser finalistas en diferentes categor\u00edas dos Premios","robots":{"index":"index","follow":"follow","max-snippet":"max-snippet:-1","max-image-preview":"max-image-preview:large","max-video-preview":"max-video-preview:-1"},"canonical":"https:\/\/www.aguarda.es\/en\/a-pelicula-honeymoon-chega-a-guarda-para-iniciar-o-ciclo-de-cinema-made-in-galicia\/","og_locale":"en_US","og_type":"article","og_title":"A pel\u00edcula \u201cHoneymoon\u201d chega \u00e1 Guarda para iniciar o ciclo de cinema \u201cmade in Galicia\u201d - Concello da Guarda","og_description":"Este xoves comeza o ciclo de cine galego, con pel\u00edculas \u201cmade in Galicia\u201d que acadaron ser finalistas en diferentes categor\u00edas dos Premios","og_url":"https:\/\/www.aguarda.es\/en\/a-pelicula-honeymoon-chega-a-guarda-para-iniciar-o-ciclo-de-cinema-made-in-galicia\/","og_site_name":"Concello da Guarda","article_publisher":"https:\/\/www.facebook.com\/ConcellodaGuarda","article_published_time":"2025-05-19T11:52:32+00:00","article_modified_time":"2026-03-25T08:21:51+00:00","og_image":[{"width":1080,"height":1350,"url":"https:\/\/www.aguarda.es\/wp-content\/uploads\/2025\/05\/Honeymoon.jpg?_t=1774426912","type":"image\/jpeg"}],"author":"prensa","twitter_card":"summary_large_image","twitter_creator":"@AGuarda_es","twitter_site":"@AGuarda_es","twitter_misc":{"Written by":"prensa","Est. reading time":"2 minutes"},"schema":{"@context":"https:\/\/schema.org","@graph":[{"@type":"WebPage","@id":"https:\/\/www.aguarda.es\/en\/a-pelicula-honeymoon-chega-a-guarda-para-iniciar-o-ciclo-de-cinema-made-in-galicia\/","url":"https:\/\/www.aguarda.es\/en\/a-pelicula-honeymoon-chega-a-guarda-para-iniciar-o-ciclo-de-cinema-made-in-galicia\/","name":"A pel\u00edcula \u201cHoneymoon\u201d chega \u00e1 Guarda para iniciar o ciclo de cinema \u201cmade in Galicia\u201d - Concello da Guarda","isPartOf":{"@id":"https:\/\/www.aguarda.es\/en\/#website"},"datePublished":"2025-05-19T11:52:32+00:00","dateModified":"2026-03-25T08:21:51+00:00","author":{"@id":"https:\/\/www.aguarda.es\/en\/#\/schema\/person\/c463ca3006858ffb349d11179d044f21"},"description":"Este xoves comeza o ciclo de cine galego, con pel\u00edculas \u201cmade in Galicia\u201d que acadaron ser finalistas en diferentes categor\u00edas dos Premios","breadcrumb":{"@id":"https:\/\/www.aguarda.es\/en\/a-pelicula-honeymoon-chega-a-guarda-para-iniciar-o-ciclo-de-cinema-made-in-galicia\/#breadcrumb"},"inLanguage":"en-US","potentialAction":[{"@type":"ReadAction","target":["https:\/\/www.aguarda.es\/en\/a-pelicula-honeymoon-chega-a-guarda-para-iniciar-o-ciclo-de-cinema-made-in-galicia\/"]}]},{"@type":"BreadcrumbList","@id":"https:\/\/www.aguarda.es\/en\/a-pelicula-honeymoon-chega-a-guarda-para-iniciar-o-ciclo-de-cinema-made-in-galicia\/#breadcrumb","itemListElement":[{"@type":"ListItem","position":1,"name":"Portada","item":"https:\/\/www.aguarda.es\/en\/"},{"@type":"ListItem","position":2,"name":"A pel\u00edcula \u201cHoneymoon\u201d chega \u00e1 Guarda para iniciar o ciclo de cinema \u201cmade in Galicia\u201d"}]},{"@type":"WebSite","@id":"https:\/\/www.aguarda.es\/en\/#website","url":"https:\/\/www.aguarda.es\/en\/","name":"Concello da Guarda","description":"P\u00e1xina web do concello da Guarda","potentialAction":[{"@type":"SearchAction","target":{"@type":"EntryPoint","urlTemplate":"https:\/\/www.aguarda.es\/en\/?s={search_term_string}"},"query-input":"required name=search_term_string"}],"inLanguage":"en-US"},{"@type":"Person","@id":"https:\/\/www.aguarda.es\/en\/#\/schema\/person\/c463ca3006858ffb349d11179d044f21","name":"prensa","image":{"@type":"ImageObject","inLanguage":"en-US","@id":"https:\/\/www.aguarda.es\/en\/#\/schema\/person\/image\/","url":"https:\/\/secure.gravatar.com\/avatar\/5f90ef536b0f98306edf5c7a1135ffa1?s=96&d=mm&r=g","contentUrl":"https:\/\/secure.gravatar.com\/avatar\/5f90ef536b0f98306edf5c7a1135ffa1?s=96&d=mm&r=g","caption":"prensa"},"url":"https:\/\/www.aguarda.es\/en\/author\/prensa\/"}]}},"_links":{"self":[{"href":"https:\/\/www.aguarda.es\/en\/wp-json\/wp\/v2\/posts\/32438"}],"collection":[{"href":"https:\/\/www.aguarda.es\/en\/wp-json\/wp\/v2\/posts"}],"about":[{"href":"https:\/\/www.aguarda.es\/en\/wp-json\/wp\/v2\/types\/post"}],"author":[{"embeddable":true,"href":"https:\/\/www.aguarda.es\/en\/wp-json\/wp\/v2\/users\/2"}],"replies":[{"embeddable":true,"href":"https:\/\/www.aguarda.es\/en\/wp-json\/wp\/v2\/comments?post=32438"}],"version-history":[{"count":2,"href":"https:\/\/www.aguarda.es\/en\/wp-json\/wp\/v2\/posts\/32438\/revisions"}],"predecessor-version":[{"id":34643,"href":"https:\/\/www.aguarda.es\/en\/wp-json\/wp\/v2\/posts\/32438\/revisions\/34643"}],"wp:featuredmedia":[{"embeddable":true,"href":"https:\/\/www.aguarda.es\/en\/wp-json\/wp\/v2\/media\/32439"}],"wp:attachment":[{"href":"https:\/\/www.aguarda.es\/en\/wp-json\/wp\/v2\/media?parent=32438"}],"wp:term":[{"taxonomy":"category","embeddable":true,"href":"https:\/\/www.aguarda.es\/en\/wp-json\/wp\/v2\/categories?post=32438"},{"taxonomy":"post_tag","embeddable":true,"href":"https:\/\/www.aguarda.es\/en\/wp-json\/wp\/v2\/tags?post=32438"}],"curies":[{"name":"wp","href":"https:\/\/api.w.org\/{rel}","templated":true}]}}