{"id":32542,"date":"2025-06-02T10:58:25","date_gmt":"2025-06-02T10:58:25","guid":{"rendered":"https:\/\/www.aguarda.es\/?p=32542"},"modified":"2026-03-17T08:31:14","modified_gmt":"2026-03-17T08:31:14","slug":"marina-leston-estrea-a-sua-nova-obra-de-teatro-na-guarda","status":"publish","type":"post","link":"https:\/\/www.aguarda.es\/en\/marina-leston-estrea-a-sua-nova-obra-de-teatro-na-guarda\/","title":{"rendered":"Mari\u00f1a Lest\u00f3n estrea a s\u00faa nova obra de teatro na Guarda"},"content":{"rendered":"<p class=\"western\" align=\"left\"><span style=\"color: #000000;\"><span style=\"font-family: Arial, serif;\"><span lang=\"gl-ES\">Nova<\/span><\/span><span style=\"font-family: Arial, serif;\"><span lang=\"gl-ES\"> cita co teatro este xoves no Centro Cultural. Tr\u00e1tase d<\/span><\/span><span style=\"font-family: Arial, serif;\"><span style=\"font-size: medium;\"><span lang=\"gl-ES\">a obra<strong> \u201c<\/strong><\/span><\/span><\/span><span style=\"font-family: Arial, serif;\"><span style=\"font-size: medium;\"><span lang=\"gl-ES\"><strong>Costa da morte: cartograf\u00eda dun naufraxio\u201d<\/strong>, un proxecto de Mari\u00f1a Lest\u00f3n <\/span><\/span><\/span><span style=\"font-family: Arial, serif;\"><span style=\"font-size: medium;\"><span lang=\"gl-ES\">en coproducci\u00f3n co Centro Dram\u00e1tico Galego<\/span><\/span><\/span><span style=\"font-family: Arial, serif;\"><span style=\"font-size: medium;\"><span lang=\"gl-ES\">.<\/span><\/span><\/span><\/span><\/p>\n<p class=\"western\" align=\"left\"><span style=\"color: #000000;\"><span style=\"font-family: Arial, serif;\"><span style=\"font-size: medium;\"><span lang=\"gl-ES\">N<\/span><\/span><\/span><span style=\"font-family: Arial, serif;\"><span style=\"font-size: medium;\"><span lang=\"gl-ES\">on se trata dunha representaci\u00f3n ao uso, pois A Guarda ten o privilexio de ser a localidade da <strong>estrea desta obra de teatro<\/strong>. A partir das <strong>20:30h do xoves 5 de xu\u00f1o<\/strong> a obra comezar\u00e1 a s\u00faa xira por diferentes localidades galegas, comezando pola Guarda.<\/span><\/span><\/span><\/span><\/p>\n<p class=\"western\" align=\"left\"><span style=\"color: #000000;\"><span style=\"font-family: Arial, serif;\"><span style=\"font-size: medium;\"><span lang=\"gl-ES\">Este drama desenv\u00f3lvese como unha viaxe sobre a historia do noso mar, a trav\u00e9s de relatos reais e cantigas populares interpretadas en <\/span><\/span><\/span><span style=\"font-family: Arial, serif;\"><span style=\"font-size: medium;\"><span lang=\"gl-ES\">directo. Historias sobre naufraxios na Costa da Morte coas que poder viaxar lembrando os que hoxe xa non nos poden acompa\u00f1ar e po\u00f1endo en valor tam\u00e9n, os que quedaron en terra: as vi\u00favas, os orfos, as persoas que socorren\u2026 Para que as s\u00faas historias non caian no esquecemento.<\/span><\/span><\/span><\/span><\/p>\n<p class=\"western\" align=\"left\"><span style=\"color: #000000;\"><span style=\"font-family: Arial, serif;\"><span style=\"font-size: medium;\"><span lang=\"gl-ES\">A obra busca preservar a memoria <\/span><\/span><\/span><span style=\"font-family: Arial, serif;\"><span style=\"font-size: medium;\"><span lang=\"gl-ES\">e tam\u00e9n p\u00f3r en valor a riqueza da nosa lingua, pois a representaci\u00f3n conta cun uso da fon\u00e9tica propia da \u00e1rea fisterr\u00e1 e berganti\u00f1\u00e1.<\/span><\/span><\/span><\/span><\/p>\n<p class=\"western\" align=\"left\"><span style=\"color: #000000;\"><span style=\"font-family: Arial, serif;\"><span style=\"font-size: medium;\"><span lang=\"gl-ES\">Tr\u00e1tase da segunda obra de teatro que acolle o Centro Cultural da Guarda en menos dunha semana, pois o s\u00e1bado interpretouse a obra \u201cEncrucillados\u201d da compa\u00f1\u00eda Teatro da Apocalipse. <\/span><\/span><\/span><\/span><\/p>\n<p class=\"western\" align=\"left\"><span style=\"color: #000000;\"><span style=\"font-family: Arial, serif;\"><span style=\"font-size: medium;\"><span lang=\"gl-ES\">Esta actividade de teatro est\u00e1 financiada con cargo ao Plan +Provincia da Deputaci\u00f3n de Pontevedra.<\/span><\/span><\/span><\/span><\/p>\n","protected":false},"excerpt":{"rendered":"<p>Nova cita co teatro este xoves no Centro Cultural. Tr\u00e1tase da obra \u201cCosta da morte: cartograf\u00eda dun naufraxio\u201d, un proxecto de Mari\u00f1a Lest\u00f3n en coproducci\u00f3n co Centro Dram\u00e1tico Galego. Non se trata dunha representaci\u00f3n ao uso, pois A Guarda ten &hellip; <\/p>\n","protected":false},"author":2,"featured_media":32543,"comment_status":"closed","ping_status":"closed","sticky":false,"template":"","format":"standard","meta":[],"categories":[34,363],"tags":[],"yoast_head":"<!-- This site is optimized with the Yoast SEO plugin v21.1 - https:\/\/yoast.com\/wordpress\/plugins\/seo\/ -->\n<title>Mari\u00f1a Lest\u00f3n estrea a s\u00faa nova obra de teatro na Guarda - Concello da Guarda<\/title>\n<meta name=\"description\" content=\"Nova cita co teatro este xoves no Centro Cultural. Tr\u00e1tase da obra \u201cCosta da morte: cartograf\u00eda dun naufraxio\u201d, un proxecto de Mari\u00f1a Lest\u00f3n\" \/>\n<meta name=\"robots\" content=\"index, follow, max-snippet:-1, max-image-preview:large, max-video-preview:-1\" \/>\n<link rel=\"canonical\" href=\"https:\/\/www.aguarda.es\/en\/marina-leston-estrea-a-sua-nova-obra-de-teatro-na-guarda\/\" \/>\n<meta property=\"og:locale\" content=\"en_US\" \/>\n<meta property=\"og:type\" content=\"article\" \/>\n<meta property=\"og:title\" content=\"Mari\u00f1a Lest\u00f3n estrea a s\u00faa nova obra de teatro na Guarda - Concello da Guarda\" \/>\n<meta property=\"og:description\" content=\"Nova cita co teatro este xoves no Centro Cultural. Tr\u00e1tase da obra \u201cCosta da morte: cartograf\u00eda dun naufraxio\u201d, un proxecto de Mari\u00f1a Lest\u00f3n\" \/>\n<meta property=\"og:url\" content=\"https:\/\/www.aguarda.es\/en\/marina-leston-estrea-a-sua-nova-obra-de-teatro-na-guarda\/\" \/>\n<meta property=\"og:site_name\" content=\"Concello da Guarda\" \/>\n<meta property=\"article:publisher\" content=\"https:\/\/www.facebook.com\/ConcellodaGuarda\" \/>\n<meta property=\"article:published_time\" content=\"2025-06-02T10:58:25+00:00\" \/>\n<meta property=\"article:modified_time\" content=\"2026-03-17T08:31:14+00:00\" \/>\n<meta property=\"og:image\" content=\"https:\/\/www.aguarda.es\/wp-content\/uploads\/2025\/06\/estrea-teatral.jpg?_t=1773736274\" \/>\n\t<meta property=\"og:image:width\" content=\"1080\" \/>\n\t<meta property=\"og:image:height\" content=\"1350\" \/>\n\t<meta property=\"og:image:type\" content=\"image\/jpeg\" \/>\n<meta name=\"author\" content=\"prensa\" \/>\n<meta name=\"twitter:card\" content=\"summary_large_image\" \/>\n<meta name=\"twitter:creator\" content=\"@AGuarda_es\" \/>\n<meta name=\"twitter:site\" content=\"@AGuarda_es\" \/>\n<meta name=\"twitter:label1\" content=\"Written by\" \/>\n\t<meta name=\"twitter:data1\" content=\"prensa\" \/>\n\t<meta name=\"twitter:label2\" content=\"Est. reading time\" \/>\n\t<meta name=\"twitter:data2\" content=\"2 minutes\" \/>\n<script type=\"application\/ld+json\" class=\"yoast-schema-graph\">{\"@context\":\"https:\/\/schema.org\",\"@graph\":[{\"@type\":\"WebPage\",\"@id\":\"https:\/\/www.aguarda.es\/en\/marina-leston-estrea-a-sua-nova-obra-de-teatro-na-guarda\/\",\"url\":\"https:\/\/www.aguarda.es\/en\/marina-leston-estrea-a-sua-nova-obra-de-teatro-na-guarda\/\",\"name\":\"Mari\u00f1a Lest\u00f3n estrea a s\u00faa nova obra de teatro na Guarda - Concello da Guarda\",\"isPartOf\":{\"@id\":\"https:\/\/www.aguarda.es\/en\/#website\"},\"datePublished\":\"2025-06-02T10:58:25+00:00\",\"dateModified\":\"2026-03-17T08:31:14+00:00\",\"author\":{\"@id\":\"https:\/\/www.aguarda.es\/en\/#\/schema\/person\/c463ca3006858ffb349d11179d044f21\"},\"description\":\"Nova cita co teatro este xoves no Centro Cultural. Tr\u00e1tase da obra \u201cCosta da morte: cartograf\u00eda dun naufraxio\u201d, un proxecto de Mari\u00f1a Lest\u00f3n\",\"breadcrumb\":{\"@id\":\"https:\/\/www.aguarda.es\/en\/marina-leston-estrea-a-sua-nova-obra-de-teatro-na-guarda\/#breadcrumb\"},\"inLanguage\":\"en-US\",\"potentialAction\":[{\"@type\":\"ReadAction\",\"target\":[\"https:\/\/www.aguarda.es\/en\/marina-leston-estrea-a-sua-nova-obra-de-teatro-na-guarda\/\"]}]},{\"@type\":\"BreadcrumbList\",\"@id\":\"https:\/\/www.aguarda.es\/en\/marina-leston-estrea-a-sua-nova-obra-de-teatro-na-guarda\/#breadcrumb\",\"itemListElement\":[{\"@type\":\"ListItem\",\"position\":1,\"name\":\"Portada\",\"item\":\"https:\/\/www.aguarda.es\/en\/\"},{\"@type\":\"ListItem\",\"position\":2,\"name\":\"Mari\u00f1a Lest\u00f3n estrea a s\u00faa nova obra de teatro na Guarda\"}]},{\"@type\":\"WebSite\",\"@id\":\"https:\/\/www.aguarda.es\/en\/#website\",\"url\":\"https:\/\/www.aguarda.es\/en\/\",\"name\":\"Concello da Guarda\",\"description\":\"P\u00e1xina web do concello da Guarda\",\"potentialAction\":[{\"@type\":\"SearchAction\",\"target\":{\"@type\":\"EntryPoint\",\"urlTemplate\":\"https:\/\/www.aguarda.es\/en\/?s={search_term_string}\"},\"query-input\":\"required name=search_term_string\"}],\"inLanguage\":\"en-US\"},{\"@type\":\"Person\",\"@id\":\"https:\/\/www.aguarda.es\/en\/#\/schema\/person\/c463ca3006858ffb349d11179d044f21\",\"name\":\"prensa\",\"image\":{\"@type\":\"ImageObject\",\"inLanguage\":\"en-US\",\"@id\":\"https:\/\/www.aguarda.es\/en\/#\/schema\/person\/image\/\",\"url\":\"https:\/\/secure.gravatar.com\/avatar\/5f90ef536b0f98306edf5c7a1135ffa1?s=96&d=mm&r=g\",\"contentUrl\":\"https:\/\/secure.gravatar.com\/avatar\/5f90ef536b0f98306edf5c7a1135ffa1?s=96&d=mm&r=g\",\"caption\":\"prensa\"},\"url\":\"https:\/\/www.aguarda.es\/en\/author\/prensa\/\"}]}<\/script>\n<!-- \/ Yoast SEO plugin. -->","yoast_head_json":{"title":"Mari\u00f1a Lest\u00f3n estrea a s\u00faa nova obra de teatro na Guarda - Concello da Guarda","description":"Nova cita co teatro este xoves no Centro Cultural. Tr\u00e1tase da obra \u201cCosta da morte: cartograf\u00eda dun naufraxio\u201d, un proxecto de Mari\u00f1a Lest\u00f3n","robots":{"index":"index","follow":"follow","max-snippet":"max-snippet:-1","max-image-preview":"max-image-preview:large","max-video-preview":"max-video-preview:-1"},"canonical":"https:\/\/www.aguarda.es\/en\/marina-leston-estrea-a-sua-nova-obra-de-teatro-na-guarda\/","og_locale":"en_US","og_type":"article","og_title":"Mari\u00f1a Lest\u00f3n estrea a s\u00faa nova obra de teatro na Guarda - Concello da Guarda","og_description":"Nova cita co teatro este xoves no Centro Cultural. Tr\u00e1tase da obra \u201cCosta da morte: cartograf\u00eda dun naufraxio\u201d, un proxecto de Mari\u00f1a Lest\u00f3n","og_url":"https:\/\/www.aguarda.es\/en\/marina-leston-estrea-a-sua-nova-obra-de-teatro-na-guarda\/","og_site_name":"Concello da Guarda","article_publisher":"https:\/\/www.facebook.com\/ConcellodaGuarda","article_published_time":"2025-06-02T10:58:25+00:00","article_modified_time":"2026-03-17T08:31:14+00:00","og_image":[{"width":1080,"height":1350,"url":"https:\/\/www.aguarda.es\/wp-content\/uploads\/2025\/06\/estrea-teatral.jpg?_t=1773736274","type":"image\/jpeg"}],"author":"prensa","twitter_card":"summary_large_image","twitter_creator":"@AGuarda_es","twitter_site":"@AGuarda_es","twitter_misc":{"Written by":"prensa","Est. reading time":"2 minutes"},"schema":{"@context":"https:\/\/schema.org","@graph":[{"@type":"WebPage","@id":"https:\/\/www.aguarda.es\/en\/marina-leston-estrea-a-sua-nova-obra-de-teatro-na-guarda\/","url":"https:\/\/www.aguarda.es\/en\/marina-leston-estrea-a-sua-nova-obra-de-teatro-na-guarda\/","name":"Mari\u00f1a Lest\u00f3n estrea a s\u00faa nova obra de teatro na Guarda - Concello da Guarda","isPartOf":{"@id":"https:\/\/www.aguarda.es\/en\/#website"},"datePublished":"2025-06-02T10:58:25+00:00","dateModified":"2026-03-17T08:31:14+00:00","author":{"@id":"https:\/\/www.aguarda.es\/en\/#\/schema\/person\/c463ca3006858ffb349d11179d044f21"},"description":"Nova cita co teatro este xoves no Centro Cultural. Tr\u00e1tase da obra \u201cCosta da morte: cartograf\u00eda dun naufraxio\u201d, un proxecto de Mari\u00f1a Lest\u00f3n","breadcrumb":{"@id":"https:\/\/www.aguarda.es\/en\/marina-leston-estrea-a-sua-nova-obra-de-teatro-na-guarda\/#breadcrumb"},"inLanguage":"en-US","potentialAction":[{"@type":"ReadAction","target":["https:\/\/www.aguarda.es\/en\/marina-leston-estrea-a-sua-nova-obra-de-teatro-na-guarda\/"]}]},{"@type":"BreadcrumbList","@id":"https:\/\/www.aguarda.es\/en\/marina-leston-estrea-a-sua-nova-obra-de-teatro-na-guarda\/#breadcrumb","itemListElement":[{"@type":"ListItem","position":1,"name":"Portada","item":"https:\/\/www.aguarda.es\/en\/"},{"@type":"ListItem","position":2,"name":"Mari\u00f1a Lest\u00f3n estrea a s\u00faa nova obra de teatro na Guarda"}]},{"@type":"WebSite","@id":"https:\/\/www.aguarda.es\/en\/#website","url":"https:\/\/www.aguarda.es\/en\/","name":"Concello da Guarda","description":"P\u00e1xina web do concello da Guarda","potentialAction":[{"@type":"SearchAction","target":{"@type":"EntryPoint","urlTemplate":"https:\/\/www.aguarda.es\/en\/?s={search_term_string}"},"query-input":"required name=search_term_string"}],"inLanguage":"en-US"},{"@type":"Person","@id":"https:\/\/www.aguarda.es\/en\/#\/schema\/person\/c463ca3006858ffb349d11179d044f21","name":"prensa","image":{"@type":"ImageObject","inLanguage":"en-US","@id":"https:\/\/www.aguarda.es\/en\/#\/schema\/person\/image\/","url":"https:\/\/secure.gravatar.com\/avatar\/5f90ef536b0f98306edf5c7a1135ffa1?s=96&d=mm&r=g","contentUrl":"https:\/\/secure.gravatar.com\/avatar\/5f90ef536b0f98306edf5c7a1135ffa1?s=96&d=mm&r=g","caption":"prensa"},"url":"https:\/\/www.aguarda.es\/en\/author\/prensa\/"}]}},"_links":{"self":[{"href":"https:\/\/www.aguarda.es\/en\/wp-json\/wp\/v2\/posts\/32542"}],"collection":[{"href":"https:\/\/www.aguarda.es\/en\/wp-json\/wp\/v2\/posts"}],"about":[{"href":"https:\/\/www.aguarda.es\/en\/wp-json\/wp\/v2\/types\/post"}],"author":[{"embeddable":true,"href":"https:\/\/www.aguarda.es\/en\/wp-json\/wp\/v2\/users\/2"}],"replies":[{"embeddable":true,"href":"https:\/\/www.aguarda.es\/en\/wp-json\/wp\/v2\/comments?post=32542"}],"version-history":[{"count":4,"href":"https:\/\/www.aguarda.es\/en\/wp-json\/wp\/v2\/posts\/32542\/revisions"}],"predecessor-version":[{"id":34587,"href":"https:\/\/www.aguarda.es\/en\/wp-json\/wp\/v2\/posts\/32542\/revisions\/34587"}],"wp:featuredmedia":[{"embeddable":true,"href":"https:\/\/www.aguarda.es\/en\/wp-json\/wp\/v2\/media\/32543"}],"wp:attachment":[{"href":"https:\/\/www.aguarda.es\/en\/wp-json\/wp\/v2\/media?parent=32542"}],"wp:term":[{"taxonomy":"category","embeddable":true,"href":"https:\/\/www.aguarda.es\/en\/wp-json\/wp\/v2\/categories?post=32542"},{"taxonomy":"post_tag","embeddable":true,"href":"https:\/\/www.aguarda.es\/en\/wp-json\/wp\/v2\/tags?post=32542"}],"curies":[{"name":"wp","href":"https:\/\/api.w.org\/{rel}","templated":true}]}}